{"id":37778,"date":"2019-04-18T19:10:26","date_gmt":"2019-04-18T10:10:26","guid":{"rendered":"https:\/\/watv.org\/passover-2019\/"},"modified":"2021-11-25T15:22:55","modified_gmt":"2021-11-25T06:22:55","slug":"passover-2019","status":"publish","type":"post","link":"https:\/\/watv.org\/de\/passover-2019\/","title":{"rendered":"Heilige Versammlung zu Passa,   zum Fest der Unges\u00e4uerten Brote   und am Auferstehungstag 2019"},"content":{"rendered":"<figure class=\"limit\">\n <picture class=\"copyright\"><source media=\"(max-width:450px)\" srcset=\"\/wp-content\/themes\/watv\/images\/posts\/news_190418_01.jpg\"><img decoding=\"async\" src=\"\/wp-content\/themes\/watv\/images\/posts\/news_190418_01.jpg\"\n    srcset=\"\/wp-content\/themes\/watv\/images\/posts\/news_190418_01.jpg,\n            \/wp-content\/themes\/watv\/images\/posts\/news_190418_01@2x.jpg 2x\">\n <\/picture>\n<\/figure>\n<blockquote class=\"bible\"><p>\n&#8230; Darum gehet hin und machet zu J\u00fcngern alle V\u00f6lker: &#8230; und lehret sie halten alles, was ich euch befohlen habe. Und siehe, ich bin bei euch alle Tage bis an der Welt Ende.\n<small>Mt 28,18-20<\/small>\n<\/p><\/blockquote>\n<p>Am 18. April (14. Tag des 1. Monats nach dem Bibelkalender) abends haben die sieben Feste in drei Zeitabschnitten 2019 mit der Versammlung zu Passa angefangen. Am n\u00e4chsten Tag, dem 19. April (15. Tag des 1. Monats nach dem biblischen Kalender) fand eine Versammlung zum Fest der Unges\u00e4uerte Brote statt und am 21. April (dem ersten Sabbat folgenden Tag nach dem Fest der Unges\u00e4uerten Brote) ein Zusammentreffen am Auferstehungstag. Alle Familienangeh\u00f6rigen der Gemeinde Gottes in 175 L\u00e4ndern beteiligten sich in der Befolgung der Gebote Jesu Christi zur gleichen Zeit an den neub\u00fcndischen Festen teil.<\/p>\n<h3>Tag der Verleihung des Rechts, Kinder Gottes zu werden_Passaversammlung<\/h3>\n<p>Das Passafest besteht aus Fu\u00dfwaschung und Gottesdienst mit Abendmahl. Beim Ritual der Fu\u00dfwaschung werden wortgetreu die F\u00fc\u00dfe gewaschen, in Anlehnung an die von Jesus selbst beispielhaft vollzogene Fu\u00dfwaschung der J\u00fcnger vor der Eucharistiefeier. Die Gemeindemitglieder erniedrigten sich vor den Glaubensgeschwistern nach der Anweisung Jesu \u00bbWenn nun ich, euer Herr und Meister, euch die F\u00fc\u00dfe gewaschen habe, so sollt auch ihr euch untereinander die F\u00fc\u00dfe waschen (Joh 13,14-15)\u00ab und begingen unmittelbar vor dem Sakramentsgottesdienst die Zeremonie der Fu\u00dfwaschung.<\/p>\n<div class=\"my-gallery divide limit\">\n<figure>\n  <a href=\"\/wp-content\/themes\/watv\/images\/posts\/news_190418_02@2x.jpg\" data-size=\"1400x989\" \n   data-med=\"\/wp-content\/themes\/watv\/images\/posts\/news_190418_02.jpg\" data-med-size=\"960x679\">\n   <img decoding=\"async\" src=\"\/wp-content\/themes\/watv\/images\/posts\/news_190418_02.jpg\" itemprop=\"thumbnail\" alt=\"Image description\" \/>\n  <\/a>\n <\/figure>\n<figure>\n  <a href=\"\/wp-content\/themes\/watv\/images\/posts\/news_190418_05@2x.jpg\" data-size=\"1400x989\" \n   data-med=\"\/wp-content\/themes\/watv\/images\/posts\/news_190418_05.jpg\" data-med-size=\"960x679\">\n   <img decoding=\"async\" src=\"\/wp-content\/themes\/watv\/images\/posts\/news_190418_05.jpg\" itemprop=\"thumbnail\" alt=\"Image description\" \/>\n  <\/a>\n <\/figure>\n<figure>\n  <a href=\"\/wp-content\/themes\/watv\/images\/posts\/news_190418_03@2x.jpg\" data-size=\"1400x989\" \n   data-med=\"\/wp-content\/themes\/watv\/images\/posts\/news_190418_03.jpg\" data-med-size=\"960x679\">\n   <img decoding=\"async\" src=\"\/wp-content\/themes\/watv\/images\/posts\/news_190418_03.jpg\" itemprop=\"thumbnail\" alt=\"Image description\" \/>\n  <\/a>\n <\/figure>\n<figure>\n  <a href=\"\/wp-content\/themes\/watv\/images\/posts\/news_190418_04@2x.jpg\" data-size=\"1400x989\" \n   data-med=\"\/wp-content\/themes\/watv\/images\/posts\/news_190418_04.jpg\" data-med-size=\"960x679\">\n   <img decoding=\"async\" src=\"\/wp-content\/themes\/watv\/images\/posts\/news_190418_04.jpg\" itemprop=\"thumbnail\" alt=\"Image description\" \/>\n  <\/a>\n <\/figure>\n<\/div>\n<p>Himmelsmutter dankte beim Abendmahlsgottesdienst im Tempel Neu-Jerusalem Pangyo Gottvater, der zur Rettung seiner wegen ihrer im Himmelreich begangenen S\u00fcnden dem ewigen Tod verfallenen Kinder sein eigenes Fleisch und Blut geopfert hatte, f\u00fcr die Gew\u00e4hrung der S\u00fcndenvergebung und hoffte aufs Innigste, dass die Kinder die erhabene Liebe Gottes, die dem Brot und Wein zu Passa zugrunde liegt, mitten ins Herz schreiben und die gro\u00dfe Liebe, mit den Wor-ten des Lebens viele Menschenseelen zum ewigen Leben zu erwecken, in die Tat umsetzen m\u00f6gen.<\/p>\n<p>Hauptpfarrer Kim Joo-cheol, Vorsitzender der WMC, erinnerte die Anwesenden nochmals an die Bedeutung und Tragweite der Passfeier mit folgenden Worten: \u00bbJesus hat die ganze Menschheit wissen lassen, dass diejenigen, die sein Fleisch essen und sein Blut trinken, als Gottes Kinder das ewige Leben erlangen, wobei er Passabrot und -wein mit diesem Segen versehen hat\u00ab, und unterstrich: \u00bbNachdem die Apostel wie Petrus, Paulus usw. und die Heiligen der Urkirche zur Erkenntnis der Tragweite des Passasegens gelangt waren, verk\u00fcndeten sie die Heilswahrheit \u00fcber die Grenzen Israels hinaus bis nach Europa. Erkennen wir auch den Willen Jesu, der in sehnlicher Erwartung unserer Rettung den neuen Bund eingesetzt hat, und feiern wir voller Dankbarkeit dieses Passafest (Lk 22,7-15.19-20; 1. Kor 11,22-26; Joh 6,63-56; 2. Kor 6,17-18; 1. Kor 15,45-48)!\u00ab Die Gemeindemitglieder nahmen Passabrot und -wein zu sich und pr\u00e4gten sich den Willen des heiligen Gottes ins Ged\u00e4chtnis ein.<\/p>\n<p>Nach dem Gottesdienst machte uns Mutter wiederholte Male die Wichtigkeit der Liebe bewusst: \u00bbDie gr\u00f6\u00dfte Liebe besteht darin, ein Menschenleben vom unvermeidbaren Tod zum ewigen Leben zu f\u00fchren\u00ab, und forderte uns dazu auf, mit der Liebe Gottes und einem hohen Pflichtbewusstsein, Seelen zu erretten, allen V\u00f6lkern und Nationen die Heilsbotschaft zu vermitteln. <\/p>\n<h3>Durch reuige Teilnahme am Leiden Jesu Spuren <br>\nseines Opfers tief in unser Herz fest einpr\u00e4gen_ <br>\nVersammlung zum Fest der Unges\u00e4uerten Brote<\/h3>\n<p>Die S\u00fcndenvergebung und Rettung der Menschheit durch Passa setzen das Opfer Christi voraus. Jesus litt am Kreuz und gab sogar sein eigenes Leben hin, um die Menschen von ihren S\u00fcnden zu befreien, worauf sich dieses Fest der Unges\u00e4uerten Brote bezieht. <\/p>\n<figure class=\"limit\">\n <picture class=\"copyright\"><source media=\"(max-width:450px)\" srcset=\"\/wp-content\/themes\/watv\/images\/posts\/news_190418_06.jpg\"><img decoding=\"async\" src=\"\/wp-content\/themes\/watv\/images\/posts\/news_190418_06.jpg\"\n    srcset=\"\/wp-content\/themes\/watv\/images\/posts\/news_190418_06.jpg,\n            \/wp-content\/themes\/watv\/images\/posts\/news_190418_06@2x.jpg 2x\">\n <\/picture>\n<\/figure>\n<p>Gottmutter verrichtete ein Dankesgebet an Gottvater, der im dornigen Leibekleid Schmerz und Schmach ertragen und den Kindern des Himmels, die in Gefahr des ewigen Todes waren, den sicheren Weg zum Heil geebnet hat, um sie ins Reich des Lebens f\u00fcr alle Ewigkeit zu f\u00fchren. Ferner bat sie ihn aufs Innigste, dass die S\u00f6hne und T\u00f6chter zur Erkenntnis gelangen, weshalb und f\u00fcr wen Himmelsvater sich bis auf diese Erde begeben und allerlei Not und Qual \u00fcber sich ergehen lassen musste, und dass sie mit dem aufrichtig b\u00fc\u00dfenden Herzen und Entschlossenheit, sich nie wieder zu vers\u00fcndigen, ein Leben in steter Dankbarkeit f\u00fcr die von Gott erwiesene Gnade f\u00fchren m\u00f6gen.<\/p>\n<p>Hauptpfarrer Kim legte der gro\u00dfen Zuh\u00f6rerschaft ans Herz: \u00bbDie Passion Jesu ist auf die Schuld und S\u00fcnde der Menschheit zur\u00fcckzuf\u00fchren. Erinnern wir uns an die Tatsache, dass Christus aus einem einzigen Wunsch heraus, uns zu retten, wegen unserer Verfehlungen Spott, Verachtung, Peitschenhiebe und Kreuzesleiden ausgehalten hat! Lasst uns niemals die Flamme der Hoffnung auf das Himmelreich ausl\u00f6schen! Pr\u00e4gen wir uns die Spuren des Kreuzes Jesu in unser Herz und tun wir wie der Apostel Paulus, der voller Eifer und Flei\u00df das Evangelium verk\u00fcndet hat, mit Leib und Seele die Pflichten eines Christen, \u203ageistliche Frevler\u2039 zu bekehren (Lk 23,26-46); Jes 53,1-12; 1. Joh 4,7-21; Mt 27,27-50; Gal 6,17)!\u00ab<\/p>\n<p>Die Gl\u00e4ubigen dankten Gott f\u00fcr das Opfer Christi, der sich um der S\u00fcndenvergebung und Rettung der Menschheit willen nicht einmal vor seinen Kreuzigungsleiden scheute, und warteten beim Fasten auf die Leidenszeit Jesu. Das Fasten am Festtag der Unges\u00e4uerten Brote wurzelt in den biblischen Worten, Markus 2,20: \u00bbEs wird aber die Zeit kommen, dass der Br\u00e4utigam von ihnen genommen wird; dann werden sie fasten, an jenem Tage.\u00ab<\/p>\n<h3>Erweckung der Hoffnung auf die Auferstehung und Verwandlung durch den auferstandenen Jesus Christus_Versammlung am Auferstehungstag<\/h3>\n<p>Der Festtag der Auferstehung ist der Tag der Macht, an dem Jesus sich aus der Gewalt des Todes befreit hat, indem er nach seinem Begr\u00e4bnis drei Tage sp\u00e4ter auferstanden ist. Am 21. April nahmen die heiligen Mitglieder der Gemeinde Gottes allenthalben im Weltdorf in Erwartung der Herrlichkeit des vor 2000 Jahren auferstandenen Christus an der Versammlung am Auferstehungstag teil.<\/p>\n<p>Mutter bedankte sich beim Gottvater, der von den Toten wieder auferstanden ist und der ganzen Menschheit Auferstehungshoffnung geschenkt hat, und betete, dass allen Kindern, die die Auferstehungsfeier begangen haben, die geistlichen Augen aufgehen und dass sie den Wert der Wahrheit wahrnehmen und voller Hoffnung in Erwartung der Auferstehungsherrlichkeit ihr Glaubensleben f\u00fchren m\u00f6gen.<\/p>\n<figure class=\"limit\">\n <picture class=\"copyright\"><source media=\"(max-width:450px)\" srcset=\"\/wp-content\/themes\/watv\/images\/posts\/news_190418_07.jpg\"><img decoding=\"async\" src=\"\/wp-content\/themes\/watv\/images\/posts\/news_190418_07.jpg\"\n    srcset=\"\/wp-content\/themes\/watv\/images\/posts\/news_190418_07.jpg,\n            \/wp-content\/themes\/watv\/images\/posts\/news_190418_07@2x.jpg 2x\">\n <\/picture>\n<\/figure>\n<p>Der Vorsitzende der Gemeinde Gottes des Weltmissionsvereins Kim Joo-cheol brachte seine Gewissheit zum Ausdruck: \u00bbDie Auferstehung Jesu ist ein \u00fcberaus au\u00dfergew\u00f6hnliches Ereignis, das nicht nur die Gl\u00e4ubigen der Urkirche, die angesichts der Kreuzespassion in tiefste Trauer verfallen waren, sondern auch alle Menschen, die ihren Tod als das Ende ihres Lebens betrachtet und jede Hoffnung verloren hatten, von der Auferstehung und vom Leben bis in alle Ewigkeit \u00fcberzeugt hat.\u00ab Ferner erkl\u00e4rte er den Begriff Auferstehung sowie Verwandlung am Beispiel von Metamorphose (Umwandlung der Larvenform zum Adultstadium) wie bei Zikaden, Libellen usw. und forderte alle anwesenden Gemeindemitglieder dazu auf: \u00bbAus der menschlichen Sicht gesehen ist es sehr schwierig, den Vorgang der Auferstehung bzw. Verwandlung zu verstehen, die Gott der Herr bereits durch das Wirken Jesu unter Beweis gestellt hat. Genie\u00dfen wir doch zusammen seinen verhei\u00dfenen Segen, indem wir an die Prophezeiung glauben, dass wir uns k\u00fcnftig in einen geistlichen Leib verwandeln und in der Engelswelt auf ewig und immer in den Genuss von Freude und Gl\u00fcck kommen werden, und die frohe Botschaft unter allen V\u00f6lkern und Nationen verk\u00fcnden (Mt 28,1-10; 1. Kor 15,17-24.44-53; Lk 24,13-34; Joh 11,24-27; 1. Thess 4,13-18; Hiob 25,4-6; Joh 20,1-19!\u00ab<\/p>\n<p>Nach der Festsammlung erkl\u00e4rte Gottmutter auf Einzelheiten eingehend den Grund f\u00fcr Feste, n\u00e4mlich dass diejenigen, die durch Passa die Verhei\u00dfung der S\u00fcndenvergebung und des ewigen Lebens erhalten haben, dabei in absehbarer Zeit vor allem an der unverg\u00e4nglichen Herrlichkeit der Auferstehung und Verwandlung (1. Kor 15,44-52) teilhaben werden, und forderte die Mitglieder der Gemeinde Gottes aufs Innigste dazu auf, mit gro\u00dfem Eifer und Flei\u00df den durch die unesch\u00f6pfliche Gnade Gottes empfangenen Segen der Rettung mit allen Mitmenschen im Weltdorf zu teilen. An diesem Tag dankten die Heiligen Gott f\u00fcr das Brot und nahmen es zu sich, unter Anspielung auf das Ereignis, an dem Jesus seinen zwei J\u00fcngern, die damals zum Zeitpunkt seiner Auferstehung unterwegs nach Emmaus waren, erschien, das Fladenbrot nahm, das Segensgebet dar\u00fcber sprach, es in St\u00fccke brach und es ihnen reichte.<\/p>\n<p>In den Herzen der Gemeindemitglieder, die gem\u00e4\u00df der biblischen Aufzeichnung die Feste des neuen Bundes das Passa, das Fest der Unges\u00e4uerten Brot und den Festtag der Auferstehung gefeiert hatten, wuchsen die Dankbarkeit f\u00fcr die Gnade der Rettung, die Hoffnung auf das Himmelreich und der feste Wille, die sieben Milliarden Menschen auf den Heilsweg zu f\u00fchren, ins Unermessliche.<\/p>\n","protected":false},"excerpt":{"rendered":"&#8230; Darum gehet hin und machet zu J\u00fcngern alle V\u00f6lker: &#8230; und lehret sie halten alles, was ich euch befohlen habe. Und siehe, ich bin bei euch alle Tage bis an der Welt Ende. Mt 28,18-20 Am 18. April (14. Tag des 1. Monats nach dem Bibelkalender) abends haben die sieben Feste in drei Zeitabschnitten&#8230;","protected":false},"author":21,"featured_media":37779,"comment_status":"closed","ping_status":"closed","sticky":false,"template":"","format":"standard","meta":{"footnotes":""},"categories":[563,564],"tags":[],"class_list":["post-37778","post","type-post","status-publish","format-standard","has-post-thumbnail","hentry","category-news","category-global-news"],"yoast_head":"<!-- This site is optimized with the Yoast SEO plugin v27.4 - https:\/\/yoast.com\/product\/yoast-seo-wordpress\/ -->\n<title>Heilige Versammlung zu Passa,  zum Fest der Unges\u00e4uerten Brote  und am Auferstehungstag 2019 - GEMEINDE GOTTES DES WELTMISSIONSVEREINS<\/title>\n<meta name=\"robots\" content=\"index, follow, max-snippet:-1, max-image-preview:large, max-video-preview:-1\" \/>\n<link rel=\"canonical\" href=\"https:\/\/watv.org\/de\/passover-2019\/\" \/>\n<meta property=\"og:locale\" content=\"de_DE\" \/>\n<meta property=\"og:type\" content=\"article\" \/>\n<meta property=\"og:title\" content=\"Heilige Versammlung zu Passa,  zum Fest der Unges\u00e4uerten Brote  und am Auferstehungstag 2019 - GEMEINDE GOTTES DES WELTMISSIONSVEREINS\" \/>\n<meta property=\"og:description\" content=\"&#8230; Darum gehet hin und machet zu J\u00fcngern alle V\u00f6lker: &#8230; und lehret sie halten alles, was ich euch befohlen habe. Und siehe, ich bin bei euch alle Tage bis an der Welt Ende. Mt 28,18-20 Am 18. April (14. Tag des 1. Monats nach dem Bibelkalender) abends haben die sieben Feste in drei Zeitabschnitten...\" \/>\n<meta property=\"og:url\" content=\"https:\/\/watv.org\/de\/passover-2019\/\" \/>\n<meta property=\"og:site_name\" content=\"GEMEINDE GOTTES DES WELTMISSIONSVEREINS\" \/>\n<meta property=\"article:published_time\" content=\"2019-04-18T10:10:26+00:00\" \/>\n<meta property=\"article:modified_time\" content=\"2021-11-25T06:22:55+00:00\" \/>\n<meta property=\"og:image\" content=\"https:\/\/watv.org\/wp-content\/uploads\/2019\/06\/news_190418_01@2x.jpg\" \/>\n\t<meta property=\"og:image:width\" content=\"2400\" \/>\n\t<meta property=\"og:image:height\" content=\"1577\" \/>\n\t<meta property=\"og:image:type\" content=\"image\/jpeg\" \/>\n<meta name=\"author\" content=\"ss\" \/>\n<meta name=\"twitter:card\" content=\"summary_large_image\" \/>\n<script type=\"application\/ld+json\" class=\"yoast-schema-graph\">{\"@context\":\"https:\\\/\\\/schema.org\",\"@graph\":[{\"@type\":\"Article\",\"@id\":\"https:\\\/\\\/watv.org\\\/de\\\/passover-2019\\\/#article\",\"isPartOf\":{\"@id\":\"https:\\\/\\\/watv.org\\\/de\\\/passover-2019\\\/\"},\"author\":{\"name\":\"ss\",\"@id\":\"https:\\\/\\\/watv.org\\\/de\\\/#\\\/schema\\\/person\\\/a58a271de4ef926ff9477cac3b74b5d5\"},\"headline\":\"Heilige Versammlung zu Passa, zum Fest der Unges\u00e4uerten Brote und am Auferstehungstag 2019\",\"datePublished\":\"2019-04-18T10:10:26+00:00\",\"dateModified\":\"2021-11-25T06:22:55+00:00\",\"mainEntityOfPage\":{\"@id\":\"https:\\\/\\\/watv.org\\\/de\\\/passover-2019\\\/\"},\"wordCount\":1421,\"publisher\":{\"@id\":\"https:\\\/\\\/watv.org\\\/de\\\/#organization\"},\"image\":{\"@id\":\"https:\\\/\\\/watv.org\\\/de\\\/passover-2019\\\/#primaryimage\"},\"thumbnailUrl\":\"https:\\\/\\\/watv.org\\\/wp-content\\\/uploads\\\/2019\\\/06\\\/news_190418_01@2x.jpg\",\"articleSection\":[\"Welthauptsitz der WMC\",\"Globale Nachrichten\"],\"inLanguage\":\"de\"},{\"@type\":\"WebPage\",\"@id\":\"https:\\\/\\\/watv.org\\\/de\\\/passover-2019\\\/\",\"url\":\"https:\\\/\\\/watv.org\\\/de\\\/passover-2019\\\/\",\"name\":\"Heilige Versammlung zu Passa, zum Fest der Unges\u00e4uerten Brote und am Auferstehungstag 2019 - GEMEINDE GOTTES DES WELTMISSIONSVEREINS\",\"isPartOf\":{\"@id\":\"https:\\\/\\\/watv.org\\\/de\\\/#website\"},\"primaryImageOfPage\":{\"@id\":\"https:\\\/\\\/watv.org\\\/de\\\/passover-2019\\\/#primaryimage\"},\"image\":{\"@id\":\"https:\\\/\\\/watv.org\\\/de\\\/passover-2019\\\/#primaryimage\"},\"thumbnailUrl\":\"https:\\\/\\\/watv.org\\\/wp-content\\\/uploads\\\/2019\\\/06\\\/news_190418_01@2x.jpg\",\"datePublished\":\"2019-04-18T10:10:26+00:00\",\"dateModified\":\"2021-11-25T06:22:55+00:00\",\"breadcrumb\":{\"@id\":\"https:\\\/\\\/watv.org\\\/de\\\/passover-2019\\\/#breadcrumb\"},\"inLanguage\":\"de\",\"potentialAction\":[{\"@type\":\"ReadAction\",\"target\":[\"https:\\\/\\\/watv.org\\\/de\\\/passover-2019\\\/\"]}]},{\"@type\":\"ImageObject\",\"inLanguage\":\"de\",\"@id\":\"https:\\\/\\\/watv.org\\\/de\\\/passover-2019\\\/#primaryimage\",\"url\":\"https:\\\/\\\/watv.org\\\/wp-content\\\/uploads\\\/2019\\\/06\\\/news_190418_01@2x.jpg\",\"contentUrl\":\"https:\\\/\\\/watv.org\\\/wp-content\\\/uploads\\\/2019\\\/06\\\/news_190418_01@2x.jpg\",\"width\":2400,\"height\":1577},{\"@type\":\"BreadcrumbList\",\"@id\":\"https:\\\/\\\/watv.org\\\/de\\\/passover-2019\\\/#breadcrumb\",\"itemListElement\":[{\"@type\":\"ListItem\",\"position\":1,\"name\":\"Home\",\"item\":\"https:\\\/\\\/watv.org\\\/de\\\/\"},{\"@type\":\"ListItem\",\"position\":2,\"name\":\"Heilige Versammlung zu Passa, zum Fest der Unges\u00e4uerten Brote und am Auferstehungstag 2019\"}]},{\"@type\":\"WebSite\",\"@id\":\"https:\\\/\\\/watv.org\\\/de\\\/#website\",\"url\":\"https:\\\/\\\/watv.org\\\/de\\\/\",\"name\":\"GEMEINDE GOTTES DES WELTMISSIONSVEREINS\",\"description\":\"With Mother\u2019s heartwarming love, we deliver eternal happiness to seven billion people in the world.\",\"publisher\":{\"@id\":\"https:\\\/\\\/watv.org\\\/de\\\/#organization\"},\"potentialAction\":[{\"@type\":\"SearchAction\",\"target\":{\"@type\":\"EntryPoint\",\"urlTemplate\":\"https:\\\/\\\/watv.org\\\/de\\\/?s={search_term_string}\"},\"query-input\":{\"@type\":\"PropertyValueSpecification\",\"valueRequired\":true,\"valueName\":\"search_term_string\"}}],\"inLanguage\":\"de\"},{\"@type\":\"Organization\",\"@id\":\"https:\\\/\\\/watv.org\\\/de\\\/#organization\",\"name\":\"World Mission Society Church of God - \ud558\ub098\ub2d8\uc758\uad50\ud68c \uc138\uacc4\ubcf5\uc74c\uc120\uad50\ud611\ud68c\",\"url\":\"https:\\\/\\\/watv.org\\\/de\\\/\",\"logo\":{\"@type\":\"ImageObject\",\"inLanguage\":\"de\",\"@id\":\"https:\\\/\\\/watv.org\\\/de\\\/#\\\/schema\\\/logo\\\/image\\\/\",\"url\":\"https:\\\/\\\/watv.org\\\/wp-content\\\/uploads\\\/2022\\\/06\\\/WorldMissionSociety_ChurchofGod_Symbol_Logo.png\",\"contentUrl\":\"https:\\\/\\\/watv.org\\\/wp-content\\\/uploads\\\/2022\\\/06\\\/WorldMissionSociety_ChurchofGod_Symbol_Logo.png\",\"width\":1001,\"height\":1331,\"caption\":\"World Mission Society Church of God - \ud558\ub098\ub2d8\uc758\uad50\ud68c \uc138\uacc4\ubcf5\uc74c\uc120\uad50\ud611\ud68c\"},\"image\":{\"@id\":\"https:\\\/\\\/watv.org\\\/de\\\/#\\\/schema\\\/logo\\\/image\\\/\"},\"sameAs\":[\"https:\\\/\\\/www.youtube.com\\\/channel\\\/UCioiBk9rS5Dv5j66hUipsuQ\"]},{\"@type\":\"Person\",\"@id\":\"https:\\\/\\\/watv.org\\\/de\\\/#\\\/schema\\\/person\\\/a58a271de4ef926ff9477cac3b74b5d5\",\"name\":\"ss\"}]}<\/script>\n<!-- \/ Yoast SEO plugin. -->","yoast_head_json":{"title":"Heilige Versammlung zu Passa,  zum Fest der Unges\u00e4uerten Brote  und am Auferstehungstag 2019 - GEMEINDE GOTTES DES WELTMISSIONSVEREINS","robots":{"index":"index","follow":"follow","max-snippet":"max-snippet:-1","max-image-preview":"max-image-preview:large","max-video-preview":"max-video-preview:-1"},"canonical":"https:\/\/watv.org\/de\/passover-2019\/","og_locale":"de_DE","og_type":"article","og_title":"Heilige Versammlung zu Passa,  zum Fest der Unges\u00e4uerten Brote  und am Auferstehungstag 2019 - GEMEINDE GOTTES DES WELTMISSIONSVEREINS","og_description":"&#8230; Darum gehet hin und machet zu J\u00fcngern alle V\u00f6lker: &#8230; und lehret sie halten alles, was ich euch befohlen habe. Und siehe, ich bin bei euch alle Tage bis an der Welt Ende. Mt 28,18-20 Am 18. April (14. Tag des 1. Monats nach dem Bibelkalender) abends haben die sieben Feste in drei Zeitabschnitten...","og_url":"https:\/\/watv.org\/de\/passover-2019\/","og_site_name":"GEMEINDE GOTTES DES WELTMISSIONSVEREINS","article_published_time":"2019-04-18T10:10:26+00:00","article_modified_time":"2021-11-25T06:22:55+00:00","og_image":[{"width":2400,"height":1577,"url":"https:\/\/watv.org\/wp-content\/uploads\/2019\/06\/news_190418_01@2x.jpg","type":"image\/jpeg"}],"author":"ss","twitter_card":"summary_large_image","schema":{"@context":"https:\/\/schema.org","@graph":[{"@type":"Article","@id":"https:\/\/watv.org\/de\/passover-2019\/#article","isPartOf":{"@id":"https:\/\/watv.org\/de\/passover-2019\/"},"author":{"name":"ss","@id":"https:\/\/watv.org\/de\/#\/schema\/person\/a58a271de4ef926ff9477cac3b74b5d5"},"headline":"Heilige Versammlung zu Passa, zum Fest der Unges\u00e4uerten Brote und am Auferstehungstag 2019","datePublished":"2019-04-18T10:10:26+00:00","dateModified":"2021-11-25T06:22:55+00:00","mainEntityOfPage":{"@id":"https:\/\/watv.org\/de\/passover-2019\/"},"wordCount":1421,"publisher":{"@id":"https:\/\/watv.org\/de\/#organization"},"image":{"@id":"https:\/\/watv.org\/de\/passover-2019\/#primaryimage"},"thumbnailUrl":"https:\/\/watv.org\/wp-content\/uploads\/2019\/06\/news_190418_01@2x.jpg","articleSection":["Welthauptsitz der WMC","Globale Nachrichten"],"inLanguage":"de"},{"@type":"WebPage","@id":"https:\/\/watv.org\/de\/passover-2019\/","url":"https:\/\/watv.org\/de\/passover-2019\/","name":"Heilige Versammlung zu Passa, zum Fest der Unges\u00e4uerten Brote und am Auferstehungstag 2019 - GEMEINDE GOTTES DES WELTMISSIONSVEREINS","isPartOf":{"@id":"https:\/\/watv.org\/de\/#website"},"primaryImageOfPage":{"@id":"https:\/\/watv.org\/de\/passover-2019\/#primaryimage"},"image":{"@id":"https:\/\/watv.org\/de\/passover-2019\/#primaryimage"},"thumbnailUrl":"https:\/\/watv.org\/wp-content\/uploads\/2019\/06\/news_190418_01@2x.jpg","datePublished":"2019-04-18T10:10:26+00:00","dateModified":"2021-11-25T06:22:55+00:00","breadcrumb":{"@id":"https:\/\/watv.org\/de\/passover-2019\/#breadcrumb"},"inLanguage":"de","potentialAction":[{"@type":"ReadAction","target":["https:\/\/watv.org\/de\/passover-2019\/"]}]},{"@type":"ImageObject","inLanguage":"de","@id":"https:\/\/watv.org\/de\/passover-2019\/#primaryimage","url":"https:\/\/watv.org\/wp-content\/uploads\/2019\/06\/news_190418_01@2x.jpg","contentUrl":"https:\/\/watv.org\/wp-content\/uploads\/2019\/06\/news_190418_01@2x.jpg","width":2400,"height":1577},{"@type":"BreadcrumbList","@id":"https:\/\/watv.org\/de\/passover-2019\/#breadcrumb","itemListElement":[{"@type":"ListItem","position":1,"name":"Home","item":"https:\/\/watv.org\/de\/"},{"@type":"ListItem","position":2,"name":"Heilige Versammlung zu Passa, zum Fest der Unges\u00e4uerten Brote und am Auferstehungstag 2019"}]},{"@type":"WebSite","@id":"https:\/\/watv.org\/de\/#website","url":"https:\/\/watv.org\/de\/","name":"GEMEINDE GOTTES DES WELTMISSIONSVEREINS","description":"With Mother\u2019s heartwarming love, we deliver eternal happiness to seven billion people in the world.","publisher":{"@id":"https:\/\/watv.org\/de\/#organization"},"potentialAction":[{"@type":"SearchAction","target":{"@type":"EntryPoint","urlTemplate":"https:\/\/watv.org\/de\/?s={search_term_string}"},"query-input":{"@type":"PropertyValueSpecification","valueRequired":true,"valueName":"search_term_string"}}],"inLanguage":"de"},{"@type":"Organization","@id":"https:\/\/watv.org\/de\/#organization","name":"World Mission Society Church of God - \ud558\ub098\ub2d8\uc758\uad50\ud68c \uc138\uacc4\ubcf5\uc74c\uc120\uad50\ud611\ud68c","url":"https:\/\/watv.org\/de\/","logo":{"@type":"ImageObject","inLanguage":"de","@id":"https:\/\/watv.org\/de\/#\/schema\/logo\/image\/","url":"https:\/\/watv.org\/wp-content\/uploads\/2022\/06\/WorldMissionSociety_ChurchofGod_Symbol_Logo.png","contentUrl":"https:\/\/watv.org\/wp-content\/uploads\/2022\/06\/WorldMissionSociety_ChurchofGod_Symbol_Logo.png","width":1001,"height":1331,"caption":"World Mission Society Church of God - \ud558\ub098\ub2d8\uc758\uad50\ud68c \uc138\uacc4\ubcf5\uc74c\uc120\uad50\ud611\ud68c"},"image":{"@id":"https:\/\/watv.org\/de\/#\/schema\/logo\/image\/"},"sameAs":["https:\/\/www.youtube.com\/channel\/UCioiBk9rS5Dv5j66hUipsuQ"]},{"@type":"Person","@id":"https:\/\/watv.org\/de\/#\/schema\/person\/a58a271de4ef926ff9477cac3b74b5d5","name":"ss"}]}},"_links":{"self":[{"href":"https:\/\/watv.org\/de\/wp-json\/wp\/v2\/posts\/37778","targetHints":{"allow":["GET"]}}],"collection":[{"href":"https:\/\/watv.org\/de\/wp-json\/wp\/v2\/posts"}],"about":[{"href":"https:\/\/watv.org\/de\/wp-json\/wp\/v2\/types\/post"}],"author":[{"embeddable":true,"href":"https:\/\/watv.org\/de\/wp-json\/wp\/v2\/users\/21"}],"replies":[{"embeddable":true,"href":"https:\/\/watv.org\/de\/wp-json\/wp\/v2\/comments?post=37778"}],"version-history":[{"count":4,"href":"https:\/\/watv.org\/de\/wp-json\/wp\/v2\/posts\/37778\/revisions"}],"predecessor-version":[{"id":39975,"href":"https:\/\/watv.org\/de\/wp-json\/wp\/v2\/posts\/37778\/revisions\/39975"}],"wp:featuredmedia":[{"embeddable":true,"href":"https:\/\/watv.org\/de\/wp-json\/wp\/v2\/media\/37779"}],"wp:attachment":[{"href":"https:\/\/watv.org\/de\/wp-json\/wp\/v2\/media?parent=37778"}],"wp:term":[{"taxonomy":"category","embeddable":true,"href":"https:\/\/watv.org\/de\/wp-json\/wp\/v2\/categories?post=37778"},{"taxonomy":"post_tag","embeddable":true,"href":"https:\/\/watv.org\/de\/wp-json\/wp\/v2\/tags?post=37778"}],"curies":[{"name":"wp","href":"https:\/\/api.w.org\/{rel}","templated":true}]}}