{"id":79953,"date":"2022-09-23T09:00:19","date_gmt":"2022-09-23T00:00:19","guid":{"rendered":"http:\/\/watvdev.org\/asez-wao-using-public-transportation\/"},"modified":"2023-02-21T11:35:45","modified_gmt":"2023-02-21T02:35:45","slug":"asez-wao-using-public-transportation","status":"publish","type":"post","link":"https:\/\/watv.org\/de\/asez-wao-using-public-transportation\/","title":{"rendered":"ASEZ WAOs Aufforderung, \u00f6ffentliche Verkehrsmittel zu nutzen"},"content":{"rendered":"<figure>\n <picture class=\"copyright\"><source media=\"(max-width:450px)\" srcset=\"\/wp-content\/themes\/watv\/images\/posts\/news_220923_02_01.jpg\"><img decoding=\"async\" src=\"\/wp-content\/themes\/watv\/images\/posts\/news_220923_02_01.jpg\"\n    srcset=\"\/wp-content\/themes\/watv\/images\/posts\/news_220923_02_01.jpg,\n            \/wp-content\/themes\/watv\/images\/posts\/news_220923_02_01@2x.jpg 2x\">\n <\/picture>\n<\/figure>\n<p><a href=\"https:\/\/asezwao.org\/\">ASEZ WAO, Freiwilligengruppe junger erwachsener Arbeiter der Gemeinde Gottes des Weltmissionsvereins<\/a>, f\u00fchrte vom 5. bis 23. September drei Wochen lang die \u201e<a href=\"https:\/\/asezwao.org\/notice\/using-public-transportation\/\">Aufforderung zur Nutzung \u00f6ffentlicher Verkehrsmittel<\/a>\u201c durch, um Luftschadstoffe und Kohlenstoffemissionen zu reduzieren, um den \u201einternationalen Tag der sauberen Luft f\u00fcr blauen Himmel\u201c (7. September; im Folgenden Tag der sauberen Luft) und den \u201eAutofreien Tag\u201c (22. September) zu feiern. Der \u201eTag der sauberen Luft\u201c ist der erste offizielle UNO-Tag, der von Korea vorgeschlagen und von der UNO angenommen wurde, um auf die Bedeutung des Schutzes der atmosph\u00e4rischen Umwelt hinzuweisen und das Bewusstsein und Interesse f\u00fcr den Klimawandel zu wecken. Der \u201eAutofreie Tag in der Welt\u201c wurde mit dem Ziel eingef\u00fchrt, Probleme wie Luftverschmutzung und L\u00e4rmbel\u00e4stigung durch die Reduzierung des Autoverkehrs zu verbessern.<\/p>\n<div class=\"divide limit\">\n<figure>\n  <picture class=\"copyright\"><source media=\"(max-width:450px)\" srcset=\"\/wp-content\/themes\/watv\/images\/posts\/news_220923_02_02.jpg\"><img decoding=\"async\" src=\"\/wp-content\/themes\/watv\/images\/posts\/news_220923_02_02.jpg\"\n     srcset=\"\/wp-content\/themes\/watv\/images\/posts\/news_220923_02_02.jpg,\n             \/wp-content\/themes\/watv\/images\/posts\/news_220923_02_02@2x.jpg 2x\">\n  <\/picture>\n <\/figure>\n<figure>\n  <picture class=\"copyright\"><source media=\"(max-width:450px)\" srcset=\"\/wp-content\/themes\/watv\/images\/posts\/news_220923_02_03.jpg\"><img decoding=\"async\" src=\"\/wp-content\/themes\/watv\/images\/posts\/news_220923_02_03.jpg\"\n     srcset=\"\/wp-content\/themes\/watv\/images\/posts\/news_220923_02_03.jpg,\n             \/wp-content\/themes\/watv\/images\/posts\/news_220923_02_03@2x.jpg 2x\">\n  <\/picture>\n <\/figure>\n<figure>\n  <picture class=\"copyright\"><source media=\"(max-width:450px)\" srcset=\"\/wp-content\/themes\/watv\/images\/posts\/news_220923_02_04.jpg\"><img decoding=\"async\" src=\"\/wp-content\/themes\/watv\/images\/posts\/news_220923_02_04.jpg\"\n     srcset=\"\/wp-content\/themes\/watv\/images\/posts\/news_220923_02_04.jpg,\n             \/wp-content\/themes\/watv\/images\/posts\/news_220923_02_04@2x.jpg 2x\">\n  <\/picture>\n <\/figure>\n<figure>\n  <picture class=\"copyright\"><source media=\"(max-width:450px)\" srcset=\"\/wp-content\/themes\/watv\/images\/posts\/news_220923_02_05.jpg\"><img decoding=\"async\" src=\"\/wp-content\/themes\/watv\/images\/posts\/news_220923_02_05.jpg\"\n     srcset=\"\/wp-content\/themes\/watv\/images\/posts\/news_220923_02_05.jpg,\n             \/wp-content\/themes\/watv\/images\/posts\/news_220923_02_05@2x.jpg 2x\">\n  <\/picture>\n <\/figure>\n<\/div>\n<p>Einem Bericht der <a href=\"https:\/\/www.who.int\/\">WHO<\/a>-Datenbank f\u00fcr Luftqualit\u00e4t vom April 2022 zufolge atmen 99 % der Weltbev\u00f6lkerung Luft ein, die die Schadstoffgrenzwerte \u00fcberschreitet. Und die durch Treibhausgase verursachte globale Erw\u00e4rmung ist seit Langem ein globales Thema. Kraftfahrzeuge sind eine der Ursachen f\u00fcr Luftverschmutzung und globale Erw\u00e4rmung; verschiedene sch\u00e4dliche Gase, die aus den Auspuffrohren von Kraftfahrzeugen ausgesto\u00dfen werden, verursachen Luftverschmutzung. Auch die Menge der von Kraftfahrzeugen emittierten Treibhausgase ist betr\u00e4chtlich und macht 12 % (6 Milliarden Tonnen CO\u2082e) der weltweiten Treibhausgasemissionen (50 Milliarden Tonnen CO\u2082e) in einem Jahr aus.<\/p>\n<div class=\"divide limit\">\n<figure>\n  <picture class=\"copyright\"><source media=\"(max-width:450px)\" srcset=\"\/wp-content\/themes\/watv\/images\/posts\/news_220923_02_06.jpg\"><img decoding=\"async\" src=\"\/wp-content\/themes\/watv\/images\/posts\/news_220923_02_06.jpg\"\n     srcset=\"\/wp-content\/themes\/watv\/images\/posts\/news_220923_02_06.jpg,\n             \/wp-content\/themes\/watv\/images\/posts\/news_220923_02_06@2x.jpg 2x\">\n  <\/picture>\n <\/figure>\n<figure>\n  <picture class=\"copyright\"><source media=\"(max-width:450px)\" srcset=\"\/wp-content\/themes\/watv\/images\/posts\/news_220923_02_07.jpg\"><img decoding=\"async\" src=\"\/wp-content\/themes\/watv\/images\/posts\/news_220923_02_07.jpg\"\n     srcset=\"\/wp-content\/themes\/watv\/images\/posts\/news_220923_02_07.jpg,\n             \/wp-content\/themes\/watv\/images\/posts\/news_220923_02_07@2x.jpg 2x\">\n  <\/picture>\n <\/figure>\n<figure>\n  <picture class=\"copyright\"><source media=\"(max-width:450px)\" srcset=\"\/wp-content\/themes\/watv\/images\/posts\/news_220923_02_08.jpg\"><img decoding=\"async\" src=\"\/wp-content\/themes\/watv\/images\/posts\/news_220923_02_08.jpg\"\n     srcset=\"\/wp-content\/themes\/watv\/images\/posts\/news_220923_02_08.jpg,\n             \/wp-content\/themes\/watv\/images\/posts\/news_220923_02_08@2x.jpg 2x\">\n  <\/picture>\n <\/figure>\n<figure>\n  <picture class=\"copyright\"><source media=\"(max-width:450px)\" srcset=\"\/wp-content\/themes\/watv\/images\/posts\/news_220923_02_09.jpg\"><img decoding=\"async\" src=\"\/wp-content\/themes\/watv\/images\/posts\/news_220923_02_09.jpg\"\n     srcset=\"\/wp-content\/themes\/watv\/images\/posts\/news_220923_02_09.jpg,\n             \/wp-content\/themes\/watv\/images\/posts\/news_220923_02_09@2x.jpg 2x\">\n  <\/picture>\n <\/figure>\n<figure>\n  <picture class=\"copyright\"><source media=\"(max-width:450px)\" srcset=\"\/wp-content\/themes\/watv\/images\/posts\/news_220923_02_10.jpg\"><img decoding=\"async\" src=\"\/wp-content\/themes\/watv\/images\/posts\/news_220923_02_10.jpg\"\n     srcset=\"\/wp-content\/themes\/watv\/images\/posts\/news_220923_02_10.jpg,\n             \/wp-content\/themes\/watv\/images\/posts\/news_220923_02_10@2x.jpg 2x\">\n  <\/picture>\n <\/figure>\n<figure>\n  <picture class=\"copyright\"><source media=\"(max-width:450px)\" srcset=\"\/wp-content\/themes\/watv\/images\/posts\/news_220923_02_11.jpg\"><img decoding=\"async\" src=\"\/wp-content\/themes\/watv\/images\/posts\/news_220923_02_11.jpg\"\n     srcset=\"\/wp-content\/themes\/watv\/images\/posts\/news_220923_02_11.jpg,\n             \/wp-content\/themes\/watv\/images\/posts\/news_220923_02_11@2x.jpg 2x\">\n  <\/picture>\n <\/figure>\n<\/div>\n<p><a href=\"https:\/\/www.unep.org\/\">Das Umweltprogramm der Vereinten Nationen [UNEP]<\/a> hat den diesj\u00e4hrigen Tag der sauberen Luft unter das Motto \u201eDie Luft, die wir teilen\u201c gestellt. ASEZ WAO hat zur Feier vom \u201eTag der sauberen Luft\u201c ein Musikvideo mit dem Titel \u201e<a href=\"https:\/\/watvmedia.org\/ko\/media\/blue-skies\">Blauer Himmel<\/a>\u201c produziert und auf YouTube hochgeladen, um die Botschaft zu vermitteln, dass wir den grauen Himmel in einen blauen Himmel verwandeln k\u00f6nnen, wenn wir zusammenarbeiten. Der ansprechende Text und die sanften Rhythmen sch\u00e4rften das Bewusstsein der Zuschauer f\u00fcr die Bedeutung des Umweltschutzes. ASEZ WAO f\u00fchrte auch die \u201eAufforderung, \u00f6ffentliche Verkehrsmittel zu benutzen\u201c durch, indem es sich f\u00fcr die Verbesserung der atmosph\u00e4rischen Umwelt und die Bek\u00e4mpfung der durch die globale Erw\u00e4rmung verursachten Klimaver\u00e4nderungen einsetzte. Indem sie ihrer Familie, ihren Freunden und Kollegen Kartennachrichten und Videos zeigten, kl\u00e4rten sie sie dar\u00fcber auf, wie sehr sie den Aussto\u00df von Kohlendioxid, einem repr\u00e4sentativen Treibhausgas, reduzieren k\u00f6nnten, wenn sie einmal pro Woche \u00f6ffentliche Verkehrsmittel anstelle ihres eigenen Autos benutzen w\u00fcrden.<\/p>\n<div class=\"divide limit\">\n<figure>\n  <picture class=\"copyright\"><source media=\"(max-width:450px)\" srcset=\"\/wp-content\/themes\/watv\/images\/posts\/news_220923_02_12.jpg\"><img decoding=\"async\" src=\"\/wp-content\/themes\/watv\/images\/posts\/news_220923_02_12.jpg\"\n     srcset=\"\/wp-content\/themes\/watv\/images\/posts\/news_220923_02_12.jpg,\n             \/wp-content\/themes\/watv\/images\/posts\/news_220923_02_12@2x.jpg 2x\">\n  <\/picture>\n <\/figure>\n<figure>\n  <picture class=\"copyright\"><source media=\"(max-width:450px)\" srcset=\"\/wp-content\/themes\/watv\/images\/posts\/news_220923_02_13.jpg\"><img decoding=\"async\" src=\"\/wp-content\/themes\/watv\/images\/posts\/news_220923_02_13.jpg\"\n     srcset=\"\/wp-content\/themes\/watv\/images\/posts\/news_220923_02_13.jpg,\n             \/wp-content\/themes\/watv\/images\/posts\/news_220923_02_13@2x.jpg 2x\">\n  <\/picture>\n <\/figure>\n<figure>\n  <picture class=\"copyright\"><source media=\"(max-width:450px)\" srcset=\"\/wp-content\/themes\/watv\/images\/posts\/news_220923_02_14.jpg\"><img decoding=\"async\" src=\"\/wp-content\/themes\/watv\/images\/posts\/news_220923_02_14.jpg\"\n     srcset=\"\/wp-content\/themes\/watv\/images\/posts\/news_220923_02_14.jpg,\n             \/wp-content\/themes\/watv\/images\/posts\/news_220923_02_14@2x.jpg 2x\">\n  <\/picture>\n <\/figure>\n<figure>\n  <picture class=\"copyright\"><source media=\"(max-width:450px)\" srcset=\"\/wp-content\/themes\/watv\/images\/posts\/news_220923_02_15.jpg\"><img decoding=\"async\" src=\"\/wp-content\/themes\/watv\/images\/posts\/news_220923_02_15.jpg\"\n     srcset=\"\/wp-content\/themes\/watv\/images\/posts\/news_220923_02_15.jpg,\n             \/wp-content\/themes\/watv\/images\/posts\/news_220923_02_15@2x.jpg 2x\">\n  <\/picture>\n <\/figure>\n<figure>\n  <picture class=\"copyright\"><source media=\"(max-width:450px)\" srcset=\"\/wp-content\/themes\/watv\/images\/posts\/news_220923_02_16.jpg\"><img decoding=\"async\" src=\"\/wp-content\/themes\/watv\/images\/posts\/news_220923_02_16.jpg\"\n     srcset=\"\/wp-content\/themes\/watv\/images\/posts\/news_220923_02_16.jpg,\n             \/wp-content\/themes\/watv\/images\/posts\/news_220923_02_16@2x.jpg 2x\">\n  <\/picture>\n <\/figure>\n<figure>\n  <picture class=\"copyright\"><source media=\"(max-width:450px)\" srcset=\"\/wp-content\/themes\/watv\/images\/posts\/news_220923_02_17.jpg\"><img decoding=\"async\" src=\"\/wp-content\/themes\/watv\/images\/posts\/news_220923_02_17.jpg\"\n     srcset=\"\/wp-content\/themes\/watv\/images\/posts\/news_220923_02_17.jpg,\n             \/wp-content\/themes\/watv\/images\/posts\/news_220923_02_17@2x.jpg 2x\">\n  <\/picture>\n <\/figure>\n<\/div>\n<p>Wenn eine Person einmal pro Woche \u00f6ffentliche Verkehrsmittel anstelle des Autos benutzt, kann sie die Kohlendioxidemissionen um 469,4 \u338f pro Jahr reduzieren.<sup>1<\/sup> Dies entspricht der Pflanzung von 71,1 drei\u00dfig Jahre alten Kiefern.<sup>2<\/sup> Mitglieder aus 13 L\u00e4ndern wie Korea, den USA, Gro\u00dfbritannien, Ungarn, der Dominikanischen Republik, Kolumbien, Ecuador, Peru, Argentinien, Indien, den Philippinen, S\u00fcdafrika und Neuseeland nahmen an der Aufforderung teil und benutzten 1.635 Mal \u00f6ffentliche Verkehrsmittel. Auf diese Weise reduzierte ASEZ WAO die Kohlendioxidemissionen um 14.758,2 \u338f, was der Wirkung der Pflanzung von 2.236 B\u00e4umen entspricht.<\/p>\n<p class=\"post-cite\">1. Basierend auf 37,4 \u339e, der durchschnittlichen t\u00e4glichen Fahrleistung eines Pkws im Jahr 2013 (Daten der Koreanischen Verkehrssicherheitsbeh\u00f6rde 2015)<\/p>\n<p class=\"post-cite\">2. Eine 30 Jahre alte Kiefer absorbiert 6,6 \u338f Kohlendioxid (Daten vom Nationalen Institut f\u00fcr Forstwissenschaften 2013)<\/p>\n<p>Kim Do-hyeong, der an der Aufforderung teilnahm, teilte seine Eindr\u00fccke mit: \u201eIch habe das Gef\u00fchl, dass ich durch meinen neuen Lebensstil mit den \u00f6ffentlichen Verkehrsmitteln ges\u00fcnder werde. Ich w\u00fcnsche mir, dass sich mehr Menschen daf\u00fcr interessieren, \u00f6ffentliche Verkehrsmittel zu nutzen, anstatt mit dem eigenen Auto zu fahren, vor allem in der heutigen Zeit, in der Klimakatastrophen h\u00e4ufig auftreten.\u201c<\/p>\n<div class=\"divide limit\">\n<figure>\n  <picture class=\"copyright\"><source media=\"(max-width:450px)\" srcset=\"\/wp-content\/themes\/watv\/images\/posts\/news_220923_02_18.jpg\"><img decoding=\"async\" src=\"\/wp-content\/themes\/watv\/images\/posts\/news_220923_02_18.jpg\"\n     srcset=\"\/wp-content\/themes\/watv\/images\/posts\/news_220923_02_18.jpg,\n             \/wp-content\/themes\/watv\/images\/posts\/news_220923_02_18@2x.jpg 2x\">\n  <\/picture>\n <\/figure>\n<figure>\n  <picture class=\"copyright\"><source media=\"(max-width:450px)\" srcset=\"\/wp-content\/themes\/watv\/images\/posts\/news_220923_02_19.jpg\"><img decoding=\"async\" src=\"\/wp-content\/themes\/watv\/images\/posts\/news_220923_02_19.jpg\"\n     srcset=\"\/wp-content\/themes\/watv\/images\/posts\/news_220923_02_19.jpg,\n             \/wp-content\/themes\/watv\/images\/posts\/news_220923_02_19@2x.jpg 2x\">\n  <\/picture>\n <\/figure>\n<figure>\n  <picture class=\"copyright\"><source media=\"(max-width:450px)\" srcset=\"\/wp-content\/themes\/watv\/images\/posts\/news_220923_02_20.jpg\"><img decoding=\"async\" src=\"\/wp-content\/themes\/watv\/images\/posts\/news_220923_02_20.jpg\"\n     srcset=\"\/wp-content\/themes\/watv\/images\/posts\/news_220923_02_20.jpg,\n             \/wp-content\/themes\/watv\/images\/posts\/news_220923_02_20@2x.jpg 2x\">\n  <\/picture>\n <\/figure>\n<figure>\n  <picture class=\"copyright\"><source media=\"(max-width:450px)\" srcset=\"\/wp-content\/themes\/watv\/images\/posts\/news_220923_02_21.jpg\"><img decoding=\"async\" src=\"\/wp-content\/themes\/watv\/images\/posts\/news_220923_02_21.jpg\"\n     srcset=\"\/wp-content\/themes\/watv\/images\/posts\/news_220923_02_21.jpg,\n             \/wp-content\/themes\/watv\/images\/posts\/news_220923_02_21@2x.jpg 2x\">\n  <\/picture>\n <\/figure>\n<\/div>\n<p>ASEZ WAO f\u00fchrt verschiedene Aktivit\u00e4ten durch, um die Kohlendioxidemissionen herabzusetzen, die die Hauptursache f\u00fcr die Klimakrise sind. Im Juni veranstaltete ASEZ WAO anl\u00e4sslich des \u201eWeltfahrradtags\u201c (3. Juni) die \u201e<a href=\"https:\/\/asezwao.org\/notice\/riding-bicycle\/\">Aufforderung zum Fahrradfahren<\/a>\u201c. Der \u201eWeltfahrradtag\u201c wurde von den Vereinten Nationen ins Leben gerufen, um die Umwelt zu sch\u00fctzen und die Nutzung von Fahrr\u00e4dern zu f\u00f6rdern, die der Gesundheit zugutekommen.<\/p>\n<p>ASEZ WAO-Mitglieder aus L\u00e4ndern wie Korea, den Vereinigten Staaten, Mexiko, Peru, Argentinien, den Philippinen und Afghanistan nahmen aktiv an der Aktion teil, indem sie ihre eigenen Fahrr\u00e4der oder die von Beh\u00f6rden oder Unternehmen zur Verf\u00fcgung gestellten Fahrr\u00e4der anstelle von Autos f\u00fcr den Arbeitsweg oder f\u00fcr Reisen nutzten. Wer einmal pro Woche mit dem Fahrrad f\u00e4hrt, kann die Kohlendioxidemissionen um 25,1 \u338f pro Jahr reduzieren.<sup>3<\/sup> Baek Seung-jin, ein ASEA-Mitglied, sagte: \u201eIch habe auch gelernt, dass es viele Vorteile gibt, wie z. B. Einsparungen bei den Transportkosten und den Trainingseffekt. Ich m\u00f6chte dazu beitragen, die Luftverschmutzung zu mindern, indem ich mehr als einmal pro Woche mit dem Fahrrad fahre.\u201c<\/p>\n<p class=\"post-cite\">3. Unter der Annahme, dass man die Strecke von 2 \u339e pro Fahrradbenutzung zur\u00fccklegt<\/p>\n<figure>\n <picture class=\"copyright\"><source media=\"(max-width:450px)\" srcset=\"\/wp-content\/themes\/watv\/images\/posts\/news_220923_02_22.jpg\"><img decoding=\"async\" src=\"\/wp-content\/themes\/watv\/images\/posts\/news_220923_02_22.jpg\"\n    srcset=\"\/wp-content\/themes\/watv\/images\/posts\/news_220923_02_22.jpg,\n            \/wp-content\/themes\/watv\/images\/posts\/news_220923_02_22@2x.jpg 2x\">\n <\/picture>\n<\/figure>\n","protected":false},"excerpt":{"rendered":"ASEZ WAO, Freiwilligengruppe junger erwachsener Arbeiter der Gemeinde Gottes des Weltmissionsvereins, f\u00fchrte vom 5. bis 23. September drei Wochen lang die \u201eAufforderung zur Nutzung \u00f6ffentlicher Verkehrsmittel\u201c durch, um Luftschadstoffe und Kohlenstoffemissionen zu reduzieren, um den \u201einternationalen Tag der sauberen Luft f\u00fcr blauen Himmel\u201c (7. September; im Folgenden Tag der sauberen Luft) und den \u201eAutofreien Tag\u201c&#8230;","protected":false},"author":20,"featured_media":78519,"comment_status":"closed","ping_status":"closed","sticky":false,"template":"","format":"standard","meta":{"footnotes":""},"categories":[563,564],"tags":[],"class_list":["post-79953","post","type-post","status-publish","format-standard","has-post-thumbnail","hentry","category-news","category-global-news"],"yoast_head":"<!-- This site is optimized with the Yoast SEO plugin v27.4 - https:\/\/yoast.com\/product\/yoast-seo-wordpress\/ -->\n<title>ASEZ WAOs Aufforderung, \u00f6ffentliche Verkehrsmittel zu nutzen - GEMEINDE GOTTES DES WELTMISSIONSVEREINS<\/title>\n<meta name=\"robots\" content=\"index, follow, max-snippet:-1, max-image-preview:large, max-video-preview:-1\" \/>\n<link rel=\"canonical\" href=\"https:\/\/watv.org\/de\/asez-wao-using-public-transportation\/\" \/>\n<meta property=\"og:locale\" content=\"de_DE\" \/>\n<meta property=\"og:type\" content=\"article\" \/>\n<meta property=\"og:title\" content=\"ASEZ WAOs Aufforderung, \u00f6ffentliche Verkehrsmittel zu nutzen - GEMEINDE GOTTES DES WELTMISSIONSVEREINS\" \/>\n<meta property=\"og:description\" content=\"ASEZ WAO, Freiwilligengruppe junger erwachsener Arbeiter der Gemeinde Gottes des Weltmissionsvereins, f\u00fchrte vom 5. bis 23. September drei Wochen lang die \u201eAufforderung zur Nutzung \u00f6ffentlicher Verkehrsmittel\u201c durch, um Luftschadstoffe und Kohlenstoffemissionen zu reduzieren, um den \u201einternationalen Tag der sauberen Luft f\u00fcr blauen Himmel\u201c (7. September; im Folgenden Tag der sauberen Luft) und den \u201eAutofreien Tag\u201c...\" \/>\n<meta property=\"og:url\" content=\"https:\/\/watv.org\/de\/asez-wao-using-public-transportation\/\" \/>\n<meta property=\"og:site_name\" content=\"GEMEINDE GOTTES DES WELTMISSIONSVEREINS\" \/>\n<meta property=\"article:published_time\" content=\"2022-09-23T00:00:19+00:00\" \/>\n<meta property=\"article:modified_time\" content=\"2023-02-21T02:35:45+00:00\" \/>\n<meta property=\"og:image\" content=\"https:\/\/watv.org\/wp-content\/uploads\/2022\/09\/asez-wao-using-public-transportation.jpg\" \/>\n\t<meta property=\"og:image:width\" content=\"1500\" \/>\n\t<meta property=\"og:image:height\" content=\"937\" \/>\n\t<meta property=\"og:image:type\" content=\"image\/jpeg\" \/>\n<meta name=\"author\" content=\"jy\" \/>\n<meta name=\"twitter:card\" content=\"summary_large_image\" \/>\n<script type=\"application\/ld+json\" class=\"yoast-schema-graph\">{\"@context\":\"https:\\\/\\\/schema.org\",\"@graph\":[{\"@type\":\"Article\",\"@id\":\"https:\\\/\\\/watv.org\\\/de\\\/asez-wao-using-public-transportation\\\/#article\",\"isPartOf\":{\"@id\":\"https:\\\/\\\/watv.org\\\/de\\\/asez-wao-using-public-transportation\\\/\"},\"author\":{\"name\":\"jy\",\"@id\":\"https:\\\/\\\/watv.org\\\/de\\\/#\\\/schema\\\/person\\\/d42d3bac76f35f5bca3931fe3f0abfd6\"},\"headline\":\"ASEZ WAOs Aufforderung, \u00f6ffentliche Verkehrsmittel zu nutzen\",\"datePublished\":\"2022-09-23T00:00:19+00:00\",\"dateModified\":\"2023-02-21T02:35:45+00:00\",\"mainEntityOfPage\":{\"@id\":\"https:\\\/\\\/watv.org\\\/de\\\/asez-wao-using-public-transportation\\\/\"},\"wordCount\":755,\"publisher\":{\"@id\":\"https:\\\/\\\/watv.org\\\/de\\\/#organization\"},\"image\":{\"@id\":\"https:\\\/\\\/watv.org\\\/de\\\/asez-wao-using-public-transportation\\\/#primaryimage\"},\"thumbnailUrl\":\"https:\\\/\\\/watv.org\\\/wp-content\\\/uploads\\\/2022\\\/09\\\/asez-wao-using-public-transportation.jpg\",\"articleSection\":[\"Welthauptsitz der WMC\",\"Globale Nachrichten\"],\"inLanguage\":\"de\"},{\"@type\":\"WebPage\",\"@id\":\"https:\\\/\\\/watv.org\\\/de\\\/asez-wao-using-public-transportation\\\/\",\"url\":\"https:\\\/\\\/watv.org\\\/de\\\/asez-wao-using-public-transportation\\\/\",\"name\":\"ASEZ WAOs Aufforderung, \u00f6ffentliche Verkehrsmittel zu nutzen - GEMEINDE GOTTES DES WELTMISSIONSVEREINS\",\"isPartOf\":{\"@id\":\"https:\\\/\\\/watv.org\\\/de\\\/#website\"},\"primaryImageOfPage\":{\"@id\":\"https:\\\/\\\/watv.org\\\/de\\\/asez-wao-using-public-transportation\\\/#primaryimage\"},\"image\":{\"@id\":\"https:\\\/\\\/watv.org\\\/de\\\/asez-wao-using-public-transportation\\\/#primaryimage\"},\"thumbnailUrl\":\"https:\\\/\\\/watv.org\\\/wp-content\\\/uploads\\\/2022\\\/09\\\/asez-wao-using-public-transportation.jpg\",\"datePublished\":\"2022-09-23T00:00:19+00:00\",\"dateModified\":\"2023-02-21T02:35:45+00:00\",\"breadcrumb\":{\"@id\":\"https:\\\/\\\/watv.org\\\/de\\\/asez-wao-using-public-transportation\\\/#breadcrumb\"},\"inLanguage\":\"de\",\"potentialAction\":[{\"@type\":\"ReadAction\",\"target\":[\"https:\\\/\\\/watv.org\\\/de\\\/asez-wao-using-public-transportation\\\/\"]}]},{\"@type\":\"ImageObject\",\"inLanguage\":\"de\",\"@id\":\"https:\\\/\\\/watv.org\\\/de\\\/asez-wao-using-public-transportation\\\/#primaryimage\",\"url\":\"https:\\\/\\\/watv.org\\\/wp-content\\\/uploads\\\/2022\\\/09\\\/asez-wao-using-public-transportation.jpg\",\"contentUrl\":\"https:\\\/\\\/watv.org\\\/wp-content\\\/uploads\\\/2022\\\/09\\\/asez-wao-using-public-transportation.jpg\",\"width\":1500,\"height\":937},{\"@type\":\"BreadcrumbList\",\"@id\":\"https:\\\/\\\/watv.org\\\/de\\\/asez-wao-using-public-transportation\\\/#breadcrumb\",\"itemListElement\":[{\"@type\":\"ListItem\",\"position\":1,\"name\":\"Home\",\"item\":\"https:\\\/\\\/watv.org\\\/de\\\/\"},{\"@type\":\"ListItem\",\"position\":2,\"name\":\"ASEZ WAOs Aufforderung, \u00f6ffentliche Verkehrsmittel zu nutzen\"}]},{\"@type\":\"WebSite\",\"@id\":\"https:\\\/\\\/watv.org\\\/de\\\/#website\",\"url\":\"https:\\\/\\\/watv.org\\\/de\\\/\",\"name\":\"GEMEINDE GOTTES DES WELTMISSIONSVEREINS\",\"description\":\"With Mother\u2019s heartwarming love, we deliver eternal happiness to seven billion people in the world.\",\"publisher\":{\"@id\":\"https:\\\/\\\/watv.org\\\/de\\\/#organization\"},\"potentialAction\":[{\"@type\":\"SearchAction\",\"target\":{\"@type\":\"EntryPoint\",\"urlTemplate\":\"https:\\\/\\\/watv.org\\\/de\\\/?s={search_term_string}\"},\"query-input\":{\"@type\":\"PropertyValueSpecification\",\"valueRequired\":true,\"valueName\":\"search_term_string\"}}],\"inLanguage\":\"de\"},{\"@type\":\"Organization\",\"@id\":\"https:\\\/\\\/watv.org\\\/de\\\/#organization\",\"name\":\"World Mission Society Church of God - \ud558\ub098\ub2d8\uc758\uad50\ud68c \uc138\uacc4\ubcf5\uc74c\uc120\uad50\ud611\ud68c\",\"url\":\"https:\\\/\\\/watv.org\\\/de\\\/\",\"logo\":{\"@type\":\"ImageObject\",\"inLanguage\":\"de\",\"@id\":\"https:\\\/\\\/watv.org\\\/de\\\/#\\\/schema\\\/logo\\\/image\\\/\",\"url\":\"https:\\\/\\\/watv.org\\\/wp-content\\\/uploads\\\/2022\\\/06\\\/WorldMissionSociety_ChurchofGod_Symbol_Logo.png\",\"contentUrl\":\"https:\\\/\\\/watv.org\\\/wp-content\\\/uploads\\\/2022\\\/06\\\/WorldMissionSociety_ChurchofGod_Symbol_Logo.png\",\"width\":1001,\"height\":1331,\"caption\":\"World Mission Society Church of God - \ud558\ub098\ub2d8\uc758\uad50\ud68c \uc138\uacc4\ubcf5\uc74c\uc120\uad50\ud611\ud68c\"},\"image\":{\"@id\":\"https:\\\/\\\/watv.org\\\/de\\\/#\\\/schema\\\/logo\\\/image\\\/\"},\"sameAs\":[\"https:\\\/\\\/www.youtube.com\\\/channel\\\/UCioiBk9rS5Dv5j66hUipsuQ\"]},{\"@type\":\"Person\",\"@id\":\"https:\\\/\\\/watv.org\\\/de\\\/#\\\/schema\\\/person\\\/d42d3bac76f35f5bca3931fe3f0abfd6\",\"name\":\"jy\"}]}<\/script>\n<!-- \/ Yoast SEO plugin. -->","yoast_head_json":{"title":"ASEZ WAOs Aufforderung, \u00f6ffentliche Verkehrsmittel zu nutzen - GEMEINDE GOTTES DES WELTMISSIONSVEREINS","robots":{"index":"index","follow":"follow","max-snippet":"max-snippet:-1","max-image-preview":"max-image-preview:large","max-video-preview":"max-video-preview:-1"},"canonical":"https:\/\/watv.org\/de\/asez-wao-using-public-transportation\/","og_locale":"de_DE","og_type":"article","og_title":"ASEZ WAOs Aufforderung, \u00f6ffentliche Verkehrsmittel zu nutzen - GEMEINDE GOTTES DES WELTMISSIONSVEREINS","og_description":"ASEZ WAO, Freiwilligengruppe junger erwachsener Arbeiter der Gemeinde Gottes des Weltmissionsvereins, f\u00fchrte vom 5. bis 23. September drei Wochen lang die \u201eAufforderung zur Nutzung \u00f6ffentlicher Verkehrsmittel\u201c durch, um Luftschadstoffe und Kohlenstoffemissionen zu reduzieren, um den \u201einternationalen Tag der sauberen Luft f\u00fcr blauen Himmel\u201c (7. September; im Folgenden Tag der sauberen Luft) und den \u201eAutofreien Tag\u201c...","og_url":"https:\/\/watv.org\/de\/asez-wao-using-public-transportation\/","og_site_name":"GEMEINDE GOTTES DES WELTMISSIONSVEREINS","article_published_time":"2022-09-23T00:00:19+00:00","article_modified_time":"2023-02-21T02:35:45+00:00","og_image":[{"width":1500,"height":937,"url":"https:\/\/watv.org\/wp-content\/uploads\/2022\/09\/asez-wao-using-public-transportation.jpg","type":"image\/jpeg"}],"author":"jy","twitter_card":"summary_large_image","schema":{"@context":"https:\/\/schema.org","@graph":[{"@type":"Article","@id":"https:\/\/watv.org\/de\/asez-wao-using-public-transportation\/#article","isPartOf":{"@id":"https:\/\/watv.org\/de\/asez-wao-using-public-transportation\/"},"author":{"name":"jy","@id":"https:\/\/watv.org\/de\/#\/schema\/person\/d42d3bac76f35f5bca3931fe3f0abfd6"},"headline":"ASEZ WAOs Aufforderung, \u00f6ffentliche Verkehrsmittel zu nutzen","datePublished":"2022-09-23T00:00:19+00:00","dateModified":"2023-02-21T02:35:45+00:00","mainEntityOfPage":{"@id":"https:\/\/watv.org\/de\/asez-wao-using-public-transportation\/"},"wordCount":755,"publisher":{"@id":"https:\/\/watv.org\/de\/#organization"},"image":{"@id":"https:\/\/watv.org\/de\/asez-wao-using-public-transportation\/#primaryimage"},"thumbnailUrl":"https:\/\/watv.org\/wp-content\/uploads\/2022\/09\/asez-wao-using-public-transportation.jpg","articleSection":["Welthauptsitz der WMC","Globale Nachrichten"],"inLanguage":"de"},{"@type":"WebPage","@id":"https:\/\/watv.org\/de\/asez-wao-using-public-transportation\/","url":"https:\/\/watv.org\/de\/asez-wao-using-public-transportation\/","name":"ASEZ WAOs Aufforderung, \u00f6ffentliche Verkehrsmittel zu nutzen - GEMEINDE GOTTES DES WELTMISSIONSVEREINS","isPartOf":{"@id":"https:\/\/watv.org\/de\/#website"},"primaryImageOfPage":{"@id":"https:\/\/watv.org\/de\/asez-wao-using-public-transportation\/#primaryimage"},"image":{"@id":"https:\/\/watv.org\/de\/asez-wao-using-public-transportation\/#primaryimage"},"thumbnailUrl":"https:\/\/watv.org\/wp-content\/uploads\/2022\/09\/asez-wao-using-public-transportation.jpg","datePublished":"2022-09-23T00:00:19+00:00","dateModified":"2023-02-21T02:35:45+00:00","breadcrumb":{"@id":"https:\/\/watv.org\/de\/asez-wao-using-public-transportation\/#breadcrumb"},"inLanguage":"de","potentialAction":[{"@type":"ReadAction","target":["https:\/\/watv.org\/de\/asez-wao-using-public-transportation\/"]}]},{"@type":"ImageObject","inLanguage":"de","@id":"https:\/\/watv.org\/de\/asez-wao-using-public-transportation\/#primaryimage","url":"https:\/\/watv.org\/wp-content\/uploads\/2022\/09\/asez-wao-using-public-transportation.jpg","contentUrl":"https:\/\/watv.org\/wp-content\/uploads\/2022\/09\/asez-wao-using-public-transportation.jpg","width":1500,"height":937},{"@type":"BreadcrumbList","@id":"https:\/\/watv.org\/de\/asez-wao-using-public-transportation\/#breadcrumb","itemListElement":[{"@type":"ListItem","position":1,"name":"Home","item":"https:\/\/watv.org\/de\/"},{"@type":"ListItem","position":2,"name":"ASEZ WAOs Aufforderung, \u00f6ffentliche Verkehrsmittel zu nutzen"}]},{"@type":"WebSite","@id":"https:\/\/watv.org\/de\/#website","url":"https:\/\/watv.org\/de\/","name":"GEMEINDE GOTTES DES WELTMISSIONSVEREINS","description":"With Mother\u2019s heartwarming love, we deliver eternal happiness to seven billion people in the world.","publisher":{"@id":"https:\/\/watv.org\/de\/#organization"},"potentialAction":[{"@type":"SearchAction","target":{"@type":"EntryPoint","urlTemplate":"https:\/\/watv.org\/de\/?s={search_term_string}"},"query-input":{"@type":"PropertyValueSpecification","valueRequired":true,"valueName":"search_term_string"}}],"inLanguage":"de"},{"@type":"Organization","@id":"https:\/\/watv.org\/de\/#organization","name":"World Mission Society Church of God - \ud558\ub098\ub2d8\uc758\uad50\ud68c \uc138\uacc4\ubcf5\uc74c\uc120\uad50\ud611\ud68c","url":"https:\/\/watv.org\/de\/","logo":{"@type":"ImageObject","inLanguage":"de","@id":"https:\/\/watv.org\/de\/#\/schema\/logo\/image\/","url":"https:\/\/watv.org\/wp-content\/uploads\/2022\/06\/WorldMissionSociety_ChurchofGod_Symbol_Logo.png","contentUrl":"https:\/\/watv.org\/wp-content\/uploads\/2022\/06\/WorldMissionSociety_ChurchofGod_Symbol_Logo.png","width":1001,"height":1331,"caption":"World Mission Society Church of God - \ud558\ub098\ub2d8\uc758\uad50\ud68c \uc138\uacc4\ubcf5\uc74c\uc120\uad50\ud611\ud68c"},"image":{"@id":"https:\/\/watv.org\/de\/#\/schema\/logo\/image\/"},"sameAs":["https:\/\/www.youtube.com\/channel\/UCioiBk9rS5Dv5j66hUipsuQ"]},{"@type":"Person","@id":"https:\/\/watv.org\/de\/#\/schema\/person\/d42d3bac76f35f5bca3931fe3f0abfd6","name":"jy"}]}},"_links":{"self":[{"href":"https:\/\/watv.org\/de\/wp-json\/wp\/v2\/posts\/79953","targetHints":{"allow":["GET"]}}],"collection":[{"href":"https:\/\/watv.org\/de\/wp-json\/wp\/v2\/posts"}],"about":[{"href":"https:\/\/watv.org\/de\/wp-json\/wp\/v2\/types\/post"}],"author":[{"embeddable":true,"href":"https:\/\/watv.org\/de\/wp-json\/wp\/v2\/users\/20"}],"replies":[{"embeddable":true,"href":"https:\/\/watv.org\/de\/wp-json\/wp\/v2\/comments?post=79953"}],"version-history":[{"count":3,"href":"https:\/\/watv.org\/de\/wp-json\/wp\/v2\/posts\/79953\/revisions"}],"predecessor-version":[{"id":85579,"href":"https:\/\/watv.org\/de\/wp-json\/wp\/v2\/posts\/79953\/revisions\/85579"}],"wp:featuredmedia":[{"embeddable":true,"href":"https:\/\/watv.org\/de\/wp-json\/wp\/v2\/media\/78519"}],"wp:attachment":[{"href":"https:\/\/watv.org\/de\/wp-json\/wp\/v2\/media?parent=79953"}],"wp:term":[{"taxonomy":"category","embeddable":true,"href":"https:\/\/watv.org\/de\/wp-json\/wp\/v2\/categories?post=79953"},{"taxonomy":"post_tag","embeddable":true,"href":"https:\/\/watv.org\/de\/wp-json\/wp\/v2\/tags?post=79953"}],"curies":[{"name":"wp","href":"https:\/\/api.w.org\/{rel}","templated":true}]}}