{"id":98253,"date":"2023-07-06T07:00:39","date_gmt":"2023-07-05T22:00:39","guid":{"rendered":"https:\/\/watv.org\/asez-global-summit-2023\/"},"modified":"2025-09-29T11:00:32","modified_gmt":"2025-09-29T02:00:32","slug":"asez-global-summit-2023","status":"publish","type":"post","link":"https:\/\/watv.org\/de\/asez-global-summit-2023\/","title":{"rendered":"Weltweiter ASEZ-Gipfel 2023"},"content":{"rendered":"<p>In der hypervernetzten Welt, in der durch die Entwicklung verschiedener Technologien und Branchen wie Luftfahrt, Telekommunikation und Medien alles eng miteinander verbunden ist, teilen die Menschen zahlreiche Vorteile der Zivilisation. In dem Ma\u00dfe, in dem die Vorteile, die wir teilen, zunehmen, werden jedoch auch die zu l\u00f6senden Probleme gr\u00f6\u00dfer. Zu diesen Problemen geh\u00f6ren die Klimakrise, die durch die enormen Kohlenstoffemissionen verursacht wird, verschiedene Katastrophen, Armut aufgrund von Polarisierung, Kriege und Verbrechen.<\/p>\n<p>Am 6. Juli veranstaltete die <a href=\"https:\/\/asez.org\/\">ASEZ, die Freiwilligengruppe der Studenten der Universit\u00e4t der Gemeinde Gottes<\/a>, den ASEZ-Gipfel 2023. Dies ist der zweite nach 2019. <\/p>\n<figure class=\"limit\">\n <picture class=\"copyright\"><source media=\"(max-width:450px)\" srcset=\"\/wp-content\/themes\/watv\/images\/posts\/news_230706_01.jpg\"><img decoding=\"async\" src=\"\/wp-content\/themes\/watv\/images\/posts\/news_230706_01.jpg\"\n    srcset=\"\/wp-content\/themes\/watv\/images\/posts\/news_230706_01.jpg,\n            \/wp-content\/themes\/watv\/images\/posts\/news_230706_01@2x.jpg 2x\">\n <\/picture>\n<\/figure>\n<p>An der Veranstaltung, die unter dem Motto \u201eTreibende Kraft f\u00fcr eine starke Einheit: Auf dem Weg zur Nachhaltigkeit\u201c im Tempel \u201eNeues Jerusalem\u201c in Pangyo, Korea stattfand, nahmen mehr als 1.500 ASEZ-Mitglieder von 500 Universit\u00e4ten aus 40 L\u00e4ndern teil, darunter die <a href=\"https:\/\/en.snu.ac.kr\/\">Seoul National University (Korea)<\/a>, die <a href=\"https:\/\/www.columbia.edu\/\">Columbia University (USA)<\/a>, die <a href=\"https:\/\/www.uct.ac.za\/\">University of Cape Town (S\u00fcdafrika)<\/a> und die <a href=\"https:\/\/www.sydney.edu.au\/\">University of Sydney (Australien)<\/a>, sowie Pers\u00f6nlichkeiten des \u00f6ffentlichen Lebens und Experten aus verschiedenen Bereichen, wie der ehemalige Vizeminister f\u00fcr Kultur, Sport und Tourismus Park Jong-gil, der au\u00dferordentliche Professor an der Hankuk University of Foreign Studies Jeong Seung-wook, der Professor an der Sakhalin National University in Russland Choi Chang-su usw. <\/p>\n<figure class=\"limit\">\n <picture class=\"copyright\"><source media=\"(max-width:450px)\" srcset=\"\/wp-content\/themes\/watv\/images\/posts\/news_230706_02.jpg\"><img decoding=\"async\" src=\"\/wp-content\/themes\/watv\/images\/posts\/news_230706_02.jpg\"\n    srcset=\"\/wp-content\/themes\/watv\/images\/posts\/news_230706_02.jpg,\n            \/wp-content\/themes\/watv\/images\/posts\/news_230706_02@2x.jpg 2x\">\n <\/picture>\n<\/figure>\n<div class=\"divide limit\">\n<figure>\n  <picture class=\"copyright\"><source media=\"(max-width:450px)\" srcset=\"\/wp-content\/themes\/watv\/images\/posts\/news_230706_03.jpg\"><img decoding=\"async\" src=\"\/wp-content\/themes\/watv\/images\/posts\/news_230706_03.jpg\"\n     srcset=\"\/wp-content\/themes\/watv\/images\/posts\/news_230706_03.jpg,\n             \/wp-content\/themes\/watv\/images\/posts\/news_230706_03@2x.jpg 2x\">\n  <\/picture>\n <\/figure>\n<figure>\n  <picture class=\"copyright\"><source media=\"(max-width:450px)\" srcset=\"\/wp-content\/themes\/watv\/images\/posts\/news_230706_04.jpg\"><img decoding=\"async\" src=\"\/wp-content\/themes\/watv\/images\/posts\/news_230706_04.jpg\"\n     srcset=\"\/wp-content\/themes\/watv\/images\/posts\/news_230706_04.jpg,\n             \/wp-content\/themes\/watv\/images\/posts\/news_230706_04@2x.jpg 2x\">\n  <\/picture>\n <\/figure>\n<\/div>\n<p>Auf dem <a href=\"\/de\/asez-global-summit-2019\/\">ASEZ-Gipfel 2019<\/a> nahm die ASEZ den \u201eEntschluss der Menschen, die \u00c4nderungen herbeif\u00fchren\u201c an, um eine Welt ohne Kriminalit\u00e4t zu schaffen, und f\u00fchrt in jedem Land mit gro\u00dfem Flei\u00df und Eifer Aktivit\u00e4ten zur Verbrechensvorbeugung durch. Hauptpastor Kim Joo-cheol erw\u00e4hnte diese Tatsache in seiner Er\u00f6ffnungsrede und sagte: \u201eSie sind Pioniere, die gro\u00dfe Ver\u00e4nderungen bewerkstelligen. Ich hoffe, dass Ihr guter Einfluss zu praktischen Ver\u00e4nderungen f\u00fchren und dabei eine zentrale Rolle spielen wird, verschiedene Interessengruppen zusammenzubringen.\u201c Der Senator des Staates New York in den USA, Neil D. Breslin, sowie Pers\u00f6nlichkeiten aus den Philippinen und Singapur begl\u00fcckw\u00fcnschten durch Videobotschaft die ASEZ zur Veranstaltung des internationalen Gipfels und unterst\u00fctzten voll und ganz ihre T\u00e4tigkeiten.<\/p>\n<p>Der Gipfel begann mit Vortr\u00e4gen von Jose Daniel Williams Zepata, dem Pr\u00e4sidenten des peruanischen Nationalkongresses, und anderen in- und ausl\u00e4ndischen Pers\u00f6nlichkeiten. In seinem Videovortrag stellte Pr\u00e4sident Zapata die Ma\u00dfnahmen der peruanischen Regierung gegen die unvermeidlich gewordene Klimakrise vor und forderte die jungen Erwachsenen auf, bei Ver\u00e4nderungen und dem Schutz der Umwelt f\u00fcr k\u00fcnftige Generationen eine Vorreiterrolle zu \u00fcbernehmen.<\/p>\n<figure class=\"full-width\">\n <picture class=\"copyright\"><source media=\"(max-width:450px)\" srcset=\"\/wp-content\/themes\/watv\/images\/posts\/news_230706_05.jpg\"><img decoding=\"async\" src=\"\/wp-content\/themes\/watv\/images\/posts\/news_230706_05.jpg\"\n    srcset=\"\/wp-content\/themes\/watv\/images\/posts\/news_230706_05.jpg,\n            \/wp-content\/themes\/watv\/images\/posts\/news_230706_05@2x.jpg 2x\">\n <\/picture>\n<\/figure>\n<p>Die ASEZ-Mitglieder suchten in der Podiumsdiskussion mit den Vertretern der Kontinente nach praktischen Ma\u00dfnahmen f\u00fcr eine nachhaltige Zukunft der Erde und der Menschheit. Sechs Vertreter von Universit\u00e4tsstudenten wiesen auf die \u00f6kologischen und sozialen Probleme hin, denen jeder Kontinent ausgesetzt ist, wie zum Beispiel die Zerst\u00f6rung des \u00d6kosystems Amazonas durch illegalen Goldabbau. Sie pr\u00e4sentierten verschiedene L\u00f6sungsans\u00e4tze, wie z. B. die Erziehung zur Verbrechensverh\u00fctung, bei der projektbasiertes Lernen [PBL] zum Einsatz kommt. <\/p>\n<figure class=\"limit\">\n <picture class=\"copyright\"><source media=\"(max-width:450px)\" srcset=\"\/wp-content\/themes\/watv\/images\/posts\/news_230706_06.jpg\"><img decoding=\"async\" src=\"\/wp-content\/themes\/watv\/images\/posts\/news_230706_06.jpg\"\n    srcset=\"\/wp-content\/themes\/watv\/images\/posts\/news_230706_06.jpg,\n            \/wp-content\/themes\/watv\/images\/posts\/news_230706_06@2x.jpg 2x\">\n <\/picture>\n<\/figure>\n<div class=\"divide limit\">\n<figure>\n  <picture class=\"copyright\"><source media=\"(max-width:450px)\" srcset=\"\/wp-content\/themes\/watv\/images\/posts\/news_230706_07.jpg\"><img decoding=\"async\" src=\"\/wp-content\/themes\/watv\/images\/posts\/news_230706_07.jpg\"\n     srcset=\"\/wp-content\/themes\/watv\/images\/posts\/news_230706_07.jpg,\n             \/wp-content\/themes\/watv\/images\/posts\/news_230706_07@2x.jpg 2x\">\n  <\/picture>\n <\/figure>\n<figure>\n  <picture class=\"copyright\"><source media=\"(max-width:450px)\" srcset=\"\/wp-content\/themes\/watv\/images\/posts\/news_230706_08.jpg\"><img decoding=\"async\" src=\"\/wp-content\/themes\/watv\/images\/posts\/news_230706_08.jpg\"\n     srcset=\"\/wp-content\/themes\/watv\/images\/posts\/news_230706_08.jpg,\n             \/wp-content\/themes\/watv\/images\/posts\/news_230706_08@2x.jpg 2x\">\n  <\/picture>\n <\/figure>\n<figure>\n  <picture class=\"copyright\"><source media=\"(max-width:450px)\" srcset=\"\/wp-content\/themes\/watv\/images\/posts\/news_230706_09.jpg\"><img decoding=\"async\" src=\"\/wp-content\/themes\/watv\/images\/posts\/news_230706_09.jpg\"\n     srcset=\"\/wp-content\/themes\/watv\/images\/posts\/news_230706_09.jpg,\n             \/wp-content\/themes\/watv\/images\/posts\/news_230706_09@2x.jpg 2x\">\n  <\/picture>\n <\/figure>\n<figure>\n  <picture class=\"copyright\"><source media=\"(max-width:450px)\" srcset=\"\/wp-content\/themes\/watv\/images\/posts\/news_230706_10.jpg\"><img decoding=\"async\" src=\"\/wp-content\/themes\/watv\/images\/posts\/news_230706_10.jpg\"\n     srcset=\"\/wp-content\/themes\/watv\/images\/posts\/news_230706_10.jpg,\n             \/wp-content\/themes\/watv\/images\/posts\/news_230706_10@2x.jpg 2x\">\n  <\/picture>\n <\/figure>\n<\/div>\n<p>Mathew Watson von der State University of New York, der Vertreter Nordamerikas, schlug vor, ein Nothilfeteam zu bilden, um mit den h\u00e4ufigen Klimakatastrophen fertig zu werden, und erntete daf\u00fcr viel Beifall. Er sagte: \u201eUm eine nachhaltige Gesellschaft zu schaffen, in der alle gl\u00fccklich sind, sind neben der Eind\u00e4mmung des Klimawandels auch Anstrengungen zur Anpassung an den Klimawandel erforderlich.\u201c Renato Correa De Sampaio von der Goldsmiths University of London (Gro\u00dfbritannien), der Vertreter Europas, sagte: \u201eAlle Mitglieder der Gesellschaft sollten aktiv werden. Die Partnerschaft sollte schrittweise auf Regionen, St\u00e4dte, L\u00e4nder und die ganze Welt ausgeweitet werden.\u201c<\/p>\n<p>Die ASEZ-Mitglieder von 500 Universit\u00e4ten aus der ganzen Welt verabschiedeten auf der Grundlage ihrer Diskussion die \u201eGemeinsame Erkl\u00e4rung von U500\u201c. Die Erkl\u00e4rung, in der Universit\u00e4tsstudenten aus aller Welt ihr Engagement f\u00fcr eine nachhaltige Welt \u00fcber nationale Grenzen und Kulturen hinweg zum Ausdruck brachten, enth\u00e4lt sechs spezifische Aktionspl\u00e4ne in drei Bereichen: Bewusstsein, Praxis und Partnerschaft. Viele prominente Pers\u00f6nlichkeiten unterzeichneten zur Unterst\u00fctzung der gemeinsamen Erkl\u00e4rung. Die ASEZ wird die \u201eGemeinsame Erkl\u00e4rung von U500\u201c an die UNO \u00fcbermitteln.<\/p>\n<figure class=\"limit\">\n <picture class=\"copyright\"><source media=\"(max-width:450px)\" srcset=\"\/wp-content\/themes\/watv\/images\/posts\/news_230706_11.jpg\"><img decoding=\"async\" src=\"\/wp-content\/themes\/watv\/images\/posts\/news_230706_11.jpg\"\n    srcset=\"\/wp-content\/themes\/watv\/images\/posts\/news_230706_11.jpg,\n            \/wp-content\/themes\/watv\/images\/posts\/news_230706_11@2x.jpg 2x\">\n <\/picture>\n<\/figure>\n<div class=\"divide limit\">\n<figure>\n  <picture class=\"copyright\"><source media=\"(max-width:450px)\" srcset=\"\/wp-content\/themes\/watv\/images\/posts\/news_230706_12.jpg\"><img decoding=\"async\" src=\"\/wp-content\/themes\/watv\/images\/posts\/news_230706_12.jpg\"\n     srcset=\"\/wp-content\/themes\/watv\/images\/posts\/news_230706_12.jpg,\n             \/wp-content\/themes\/watv\/images\/posts\/news_230706_12@2x.jpg 2x\">\n  <\/picture>\n <\/figure>\n<figure>\n  <picture class=\"copyright\"><source media=\"(max-width:450px)\" srcset=\"\/wp-content\/themes\/watv\/images\/posts\/news_230706_13.jpg\"><img decoding=\"async\" src=\"\/wp-content\/themes\/watv\/images\/posts\/news_230706_13.jpg\"\n     srcset=\"\/wp-content\/themes\/watv\/images\/posts\/news_230706_13.jpg,\n             \/wp-content\/themes\/watv\/images\/posts\/news_230706_13@2x.jpg 2x\">\n  <\/picture>\n <\/figure>\n<\/div>\n<p>Jasmine Rojas von der University at Albany, USA, sagte: \u201eEs war gut, die Probleme zu erfahren, die nicht nur in meiner Umgebung, sondern \u00fcberall rund um den ganzen Globus auftreten. Ich werde herausfinden, wie ich die von den Vertretern der Kontinente vorgeschlagene Agenda umsetzen und f\u00f6rdern kann.\u201c Cheon Jeong-wook von der Kyonggi-Universit\u00e4t, Korea, sagte: \u201eUnsere kleinen Aktionen werden zu einem Sprungbrett, um in der Welt einen gro\u00dfen Unterschied zu machen.\u201c Die ASEZ-Mitglieder in Korea und \u00dcbersee freuen sich darauf, ihre Aktivit\u00e4ten innerhalb und au\u00dferhalb des Campus auf der Grundlage der gemeinsamen Erkl\u00e4rung f\u00fcr eine nachhaltige Zukunft auszuweiten.<\/p>\n<dl>\n<dt>Gemeinsame Erkl\u00e4rung von U500<\/dt>\n<dd>Nachhaltigkeit anstreben<\/dd>\n<dd>Verwirklichung der Kohlenstoffneutralit\u00e4t durch Aufrechterhaltung der terrestrischen und marinen \u00d6kosysteme<\/dd>\n<dd>Minimierung von Gewalt- und Kriminalit\u00e4tspotenzial durch Bildung, Bewusstseinsf\u00f6rderung und Verbesserung der Umwelt<\/dd>\n<dd>Einrichtung von Nothilfeteams als Ma\u00dfnahmen gegen Katastrophen<\/dd>\n<dd>Verbesserung der Lebensqualit\u00e4t hilfsbed\u00fcrftiger Bev\u00f6lkerungsschichten durch gemeinn\u00fctzige Aktivit\u00e4ten<\/dd>\n<dd>Verst\u00e4rkung der internationalen Zusammenarbeit und Partnerschaft<\/dd>\n<\/dl>\n","protected":false},"excerpt":{"rendered":"In der hypervernetzten Welt, in der durch die Entwicklung verschiedener Technologien und Branchen wie Luftfahrt, Telekommunikation und Medien alles eng miteinander verbunden ist, teilen die Menschen zahlreiche Vorteile der Zivilisation. In dem Ma\u00dfe, in dem die Vorteile, die wir teilen, zunehmen, werden jedoch auch die zu l\u00f6senden Probleme gr\u00f6\u00dfer. Zu diesen Problemen geh\u00f6ren die Klimakrise,&#8230;","protected":false},"author":21,"featured_media":96916,"comment_status":"closed","ping_status":"closed","sticky":false,"template":"post-type\/post-type-header-full-screen.php","format":"standard","meta":{"footnotes":""},"categories":[563,564],"tags":[],"class_list":["post-98253","post","type-post","status-publish","format-standard","has-post-thumbnail","hentry","category-news","category-global-news"],"yoast_head":"<!-- This site is optimized with the Yoast SEO plugin v27.4 - https:\/\/yoast.com\/product\/yoast-seo-wordpress\/ -->\n<title>Weltweiter ASEZ-Gipfel 2023 - GEMEINDE GOTTES DES WELTMISSIONSVEREINS<\/title>\n<meta name=\"robots\" content=\"index, follow, max-snippet:-1, max-image-preview:large, max-video-preview:-1\" \/>\n<link rel=\"canonical\" href=\"https:\/\/watv.org\/de\/asez-global-summit-2023\/\" \/>\n<meta property=\"og:locale\" content=\"de_DE\" \/>\n<meta property=\"og:type\" content=\"article\" \/>\n<meta property=\"og:title\" content=\"Weltweiter ASEZ-Gipfel 2023 - GEMEINDE GOTTES DES WELTMISSIONSVEREINS\" \/>\n<meta property=\"og:description\" content=\"In der hypervernetzten Welt, in der durch die Entwicklung verschiedener Technologien und Branchen wie Luftfahrt, Telekommunikation und Medien alles eng miteinander verbunden ist, teilen die Menschen zahlreiche Vorteile der Zivilisation. In dem Ma\u00dfe, in dem die Vorteile, die wir teilen, zunehmen, werden jedoch auch die zu l\u00f6senden Probleme gr\u00f6\u00dfer. Zu diesen Problemen geh\u00f6ren die Klimakrise,...\" \/>\n<meta property=\"og:url\" content=\"https:\/\/watv.org\/de\/asez-global-summit-2023\/\" \/>\n<meta property=\"og:site_name\" content=\"GEMEINDE GOTTES DES WELTMISSIONSVEREINS\" \/>\n<meta property=\"article:published_time\" content=\"2023-07-05T22:00:39+00:00\" \/>\n<meta property=\"article:modified_time\" content=\"2025-09-29T02:00:32+00:00\" \/>\n<meta property=\"og:image\" content=\"https:\/\/watv.org\/wp-content\/uploads\/2023\/07\/thum_asez_global_summit_2023.jpg\" \/>\n\t<meta property=\"og:image:width\" content=\"3840\" \/>\n\t<meta property=\"og:image:height\" content=\"2600\" \/>\n\t<meta property=\"og:image:type\" content=\"image\/jpeg\" \/>\n<meta name=\"author\" content=\"ss\" \/>\n<meta name=\"twitter:card\" content=\"summary_large_image\" \/>\n<script type=\"application\/ld+json\" class=\"yoast-schema-graph\">{\"@context\":\"https:\\\/\\\/schema.org\",\"@graph\":[{\"@type\":\"Article\",\"@id\":\"https:\\\/\\\/watv.org\\\/de\\\/asez-global-summit-2023\\\/#article\",\"isPartOf\":{\"@id\":\"https:\\\/\\\/watv.org\\\/de\\\/asez-global-summit-2023\\\/\"},\"author\":{\"name\":\"ss\",\"@id\":\"https:\\\/\\\/watv.org\\\/de\\\/#\\\/schema\\\/person\\\/a58a271de4ef926ff9477cac3b74b5d5\"},\"headline\":\"Weltweiter ASEZ-Gipfel 2023\",\"datePublished\":\"2023-07-05T22:00:39+00:00\",\"dateModified\":\"2025-09-29T02:00:32+00:00\",\"mainEntityOfPage\":{\"@id\":\"https:\\\/\\\/watv.org\\\/de\\\/asez-global-summit-2023\\\/\"},\"wordCount\":828,\"publisher\":{\"@id\":\"https:\\\/\\\/watv.org\\\/de\\\/#organization\"},\"image\":{\"@id\":\"https:\\\/\\\/watv.org\\\/de\\\/asez-global-summit-2023\\\/#primaryimage\"},\"thumbnailUrl\":\"https:\\\/\\\/watv.org\\\/wp-content\\\/uploads\\\/2023\\\/07\\\/thum_asez_global_summit_2023.jpg\",\"articleSection\":[\"Welthauptsitz der WMC\",\"Globale Nachrichten\"],\"inLanguage\":\"de\"},{\"@type\":\"WebPage\",\"@id\":\"https:\\\/\\\/watv.org\\\/de\\\/asez-global-summit-2023\\\/\",\"url\":\"https:\\\/\\\/watv.org\\\/de\\\/asez-global-summit-2023\\\/\",\"name\":\"Weltweiter ASEZ-Gipfel 2023 - GEMEINDE GOTTES DES WELTMISSIONSVEREINS\",\"isPartOf\":{\"@id\":\"https:\\\/\\\/watv.org\\\/de\\\/#website\"},\"primaryImageOfPage\":{\"@id\":\"https:\\\/\\\/watv.org\\\/de\\\/asez-global-summit-2023\\\/#primaryimage\"},\"image\":{\"@id\":\"https:\\\/\\\/watv.org\\\/de\\\/asez-global-summit-2023\\\/#primaryimage\"},\"thumbnailUrl\":\"https:\\\/\\\/watv.org\\\/wp-content\\\/uploads\\\/2023\\\/07\\\/thum_asez_global_summit_2023.jpg\",\"datePublished\":\"2023-07-05T22:00:39+00:00\",\"dateModified\":\"2025-09-29T02:00:32+00:00\",\"breadcrumb\":{\"@id\":\"https:\\\/\\\/watv.org\\\/de\\\/asez-global-summit-2023\\\/#breadcrumb\"},\"inLanguage\":\"de\",\"potentialAction\":[{\"@type\":\"ReadAction\",\"target\":[\"https:\\\/\\\/watv.org\\\/de\\\/asez-global-summit-2023\\\/\"]}]},{\"@type\":\"ImageObject\",\"inLanguage\":\"de\",\"@id\":\"https:\\\/\\\/watv.org\\\/de\\\/asez-global-summit-2023\\\/#primaryimage\",\"url\":\"https:\\\/\\\/watv.org\\\/wp-content\\\/uploads\\\/2023\\\/07\\\/thum_asez_global_summit_2023.jpg\",\"contentUrl\":\"https:\\\/\\\/watv.org\\\/wp-content\\\/uploads\\\/2023\\\/07\\\/thum_asez_global_summit_2023.jpg\",\"width\":3840,\"height\":2600},{\"@type\":\"BreadcrumbList\",\"@id\":\"https:\\\/\\\/watv.org\\\/de\\\/asez-global-summit-2023\\\/#breadcrumb\",\"itemListElement\":[{\"@type\":\"ListItem\",\"position\":1,\"name\":\"Home\",\"item\":\"https:\\\/\\\/watv.org\\\/de\\\/\"},{\"@type\":\"ListItem\",\"position\":2,\"name\":\"Weltweiter ASEZ-Gipfel 2023\"}]},{\"@type\":\"WebSite\",\"@id\":\"https:\\\/\\\/watv.org\\\/de\\\/#website\",\"url\":\"https:\\\/\\\/watv.org\\\/de\\\/\",\"name\":\"GEMEINDE GOTTES DES WELTMISSIONSVEREINS\",\"description\":\"With Mother\u2019s heartwarming love, we deliver eternal happiness to seven billion people in the world.\",\"publisher\":{\"@id\":\"https:\\\/\\\/watv.org\\\/de\\\/#organization\"},\"potentialAction\":[{\"@type\":\"SearchAction\",\"target\":{\"@type\":\"EntryPoint\",\"urlTemplate\":\"https:\\\/\\\/watv.org\\\/de\\\/?s={search_term_string}\"},\"query-input\":{\"@type\":\"PropertyValueSpecification\",\"valueRequired\":true,\"valueName\":\"search_term_string\"}}],\"inLanguage\":\"de\"},{\"@type\":\"Organization\",\"@id\":\"https:\\\/\\\/watv.org\\\/de\\\/#organization\",\"name\":\"World Mission Society Church of God - \ud558\ub098\ub2d8\uc758\uad50\ud68c \uc138\uacc4\ubcf5\uc74c\uc120\uad50\ud611\ud68c\",\"url\":\"https:\\\/\\\/watv.org\\\/de\\\/\",\"logo\":{\"@type\":\"ImageObject\",\"inLanguage\":\"de\",\"@id\":\"https:\\\/\\\/watv.org\\\/de\\\/#\\\/schema\\\/logo\\\/image\\\/\",\"url\":\"https:\\\/\\\/watv.org\\\/wp-content\\\/uploads\\\/2022\\\/06\\\/WorldMissionSociety_ChurchofGod_Symbol_Logo.png\",\"contentUrl\":\"https:\\\/\\\/watv.org\\\/wp-content\\\/uploads\\\/2022\\\/06\\\/WorldMissionSociety_ChurchofGod_Symbol_Logo.png\",\"width\":1001,\"height\":1331,\"caption\":\"World Mission Society Church of God - \ud558\ub098\ub2d8\uc758\uad50\ud68c \uc138\uacc4\ubcf5\uc74c\uc120\uad50\ud611\ud68c\"},\"image\":{\"@id\":\"https:\\\/\\\/watv.org\\\/de\\\/#\\\/schema\\\/logo\\\/image\\\/\"},\"sameAs\":[\"https:\\\/\\\/www.youtube.com\\\/channel\\\/UCioiBk9rS5Dv5j66hUipsuQ\"]},{\"@type\":\"Person\",\"@id\":\"https:\\\/\\\/watv.org\\\/de\\\/#\\\/schema\\\/person\\\/a58a271de4ef926ff9477cac3b74b5d5\",\"name\":\"ss\"}]}<\/script>\n<!-- \/ Yoast SEO plugin. -->","yoast_head_json":{"title":"Weltweiter ASEZ-Gipfel 2023 - GEMEINDE GOTTES DES WELTMISSIONSVEREINS","robots":{"index":"index","follow":"follow","max-snippet":"max-snippet:-1","max-image-preview":"max-image-preview:large","max-video-preview":"max-video-preview:-1"},"canonical":"https:\/\/watv.org\/de\/asez-global-summit-2023\/","og_locale":"de_DE","og_type":"article","og_title":"Weltweiter ASEZ-Gipfel 2023 - GEMEINDE GOTTES DES WELTMISSIONSVEREINS","og_description":"In der hypervernetzten Welt, in der durch die Entwicklung verschiedener Technologien und Branchen wie Luftfahrt, Telekommunikation und Medien alles eng miteinander verbunden ist, teilen die Menschen zahlreiche Vorteile der Zivilisation. In dem Ma\u00dfe, in dem die Vorteile, die wir teilen, zunehmen, werden jedoch auch die zu l\u00f6senden Probleme gr\u00f6\u00dfer. Zu diesen Problemen geh\u00f6ren die Klimakrise,...","og_url":"https:\/\/watv.org\/de\/asez-global-summit-2023\/","og_site_name":"GEMEINDE GOTTES DES WELTMISSIONSVEREINS","article_published_time":"2023-07-05T22:00:39+00:00","article_modified_time":"2025-09-29T02:00:32+00:00","og_image":[{"width":3840,"height":2600,"url":"https:\/\/watv.org\/wp-content\/uploads\/2023\/07\/thum_asez_global_summit_2023.jpg","type":"image\/jpeg"}],"author":"ss","twitter_card":"summary_large_image","schema":{"@context":"https:\/\/schema.org","@graph":[{"@type":"Article","@id":"https:\/\/watv.org\/de\/asez-global-summit-2023\/#article","isPartOf":{"@id":"https:\/\/watv.org\/de\/asez-global-summit-2023\/"},"author":{"name":"ss","@id":"https:\/\/watv.org\/de\/#\/schema\/person\/a58a271de4ef926ff9477cac3b74b5d5"},"headline":"Weltweiter ASEZ-Gipfel 2023","datePublished":"2023-07-05T22:00:39+00:00","dateModified":"2025-09-29T02:00:32+00:00","mainEntityOfPage":{"@id":"https:\/\/watv.org\/de\/asez-global-summit-2023\/"},"wordCount":828,"publisher":{"@id":"https:\/\/watv.org\/de\/#organization"},"image":{"@id":"https:\/\/watv.org\/de\/asez-global-summit-2023\/#primaryimage"},"thumbnailUrl":"https:\/\/watv.org\/wp-content\/uploads\/2023\/07\/thum_asez_global_summit_2023.jpg","articleSection":["Welthauptsitz der WMC","Globale Nachrichten"],"inLanguage":"de"},{"@type":"WebPage","@id":"https:\/\/watv.org\/de\/asez-global-summit-2023\/","url":"https:\/\/watv.org\/de\/asez-global-summit-2023\/","name":"Weltweiter ASEZ-Gipfel 2023 - GEMEINDE GOTTES DES WELTMISSIONSVEREINS","isPartOf":{"@id":"https:\/\/watv.org\/de\/#website"},"primaryImageOfPage":{"@id":"https:\/\/watv.org\/de\/asez-global-summit-2023\/#primaryimage"},"image":{"@id":"https:\/\/watv.org\/de\/asez-global-summit-2023\/#primaryimage"},"thumbnailUrl":"https:\/\/watv.org\/wp-content\/uploads\/2023\/07\/thum_asez_global_summit_2023.jpg","datePublished":"2023-07-05T22:00:39+00:00","dateModified":"2025-09-29T02:00:32+00:00","breadcrumb":{"@id":"https:\/\/watv.org\/de\/asez-global-summit-2023\/#breadcrumb"},"inLanguage":"de","potentialAction":[{"@type":"ReadAction","target":["https:\/\/watv.org\/de\/asez-global-summit-2023\/"]}]},{"@type":"ImageObject","inLanguage":"de","@id":"https:\/\/watv.org\/de\/asez-global-summit-2023\/#primaryimage","url":"https:\/\/watv.org\/wp-content\/uploads\/2023\/07\/thum_asez_global_summit_2023.jpg","contentUrl":"https:\/\/watv.org\/wp-content\/uploads\/2023\/07\/thum_asez_global_summit_2023.jpg","width":3840,"height":2600},{"@type":"BreadcrumbList","@id":"https:\/\/watv.org\/de\/asez-global-summit-2023\/#breadcrumb","itemListElement":[{"@type":"ListItem","position":1,"name":"Home","item":"https:\/\/watv.org\/de\/"},{"@type":"ListItem","position":2,"name":"Weltweiter ASEZ-Gipfel 2023"}]},{"@type":"WebSite","@id":"https:\/\/watv.org\/de\/#website","url":"https:\/\/watv.org\/de\/","name":"GEMEINDE GOTTES DES WELTMISSIONSVEREINS","description":"With Mother\u2019s heartwarming love, we deliver eternal happiness to seven billion people in the world.","publisher":{"@id":"https:\/\/watv.org\/de\/#organization"},"potentialAction":[{"@type":"SearchAction","target":{"@type":"EntryPoint","urlTemplate":"https:\/\/watv.org\/de\/?s={search_term_string}"},"query-input":{"@type":"PropertyValueSpecification","valueRequired":true,"valueName":"search_term_string"}}],"inLanguage":"de"},{"@type":"Organization","@id":"https:\/\/watv.org\/de\/#organization","name":"World Mission Society Church of God - \ud558\ub098\ub2d8\uc758\uad50\ud68c \uc138\uacc4\ubcf5\uc74c\uc120\uad50\ud611\ud68c","url":"https:\/\/watv.org\/de\/","logo":{"@type":"ImageObject","inLanguage":"de","@id":"https:\/\/watv.org\/de\/#\/schema\/logo\/image\/","url":"https:\/\/watv.org\/wp-content\/uploads\/2022\/06\/WorldMissionSociety_ChurchofGod_Symbol_Logo.png","contentUrl":"https:\/\/watv.org\/wp-content\/uploads\/2022\/06\/WorldMissionSociety_ChurchofGod_Symbol_Logo.png","width":1001,"height":1331,"caption":"World Mission Society Church of God - \ud558\ub098\ub2d8\uc758\uad50\ud68c \uc138\uacc4\ubcf5\uc74c\uc120\uad50\ud611\ud68c"},"image":{"@id":"https:\/\/watv.org\/de\/#\/schema\/logo\/image\/"},"sameAs":["https:\/\/www.youtube.com\/channel\/UCioiBk9rS5Dv5j66hUipsuQ"]},{"@type":"Person","@id":"https:\/\/watv.org\/de\/#\/schema\/person\/a58a271de4ef926ff9477cac3b74b5d5","name":"ss"}]}},"_links":{"self":[{"href":"https:\/\/watv.org\/de\/wp-json\/wp\/v2\/posts\/98253","targetHints":{"allow":["GET"]}}],"collection":[{"href":"https:\/\/watv.org\/de\/wp-json\/wp\/v2\/posts"}],"about":[{"href":"https:\/\/watv.org\/de\/wp-json\/wp\/v2\/types\/post"}],"author":[{"embeddable":true,"href":"https:\/\/watv.org\/de\/wp-json\/wp\/v2\/users\/21"}],"replies":[{"embeddable":true,"href":"https:\/\/watv.org\/de\/wp-json\/wp\/v2\/comments?post=98253"}],"version-history":[{"count":4,"href":"https:\/\/watv.org\/de\/wp-json\/wp\/v2\/posts\/98253\/revisions"}],"predecessor-version":[{"id":145693,"href":"https:\/\/watv.org\/de\/wp-json\/wp\/v2\/posts\/98253\/revisions\/145693"}],"wp:featuredmedia":[{"embeddable":true,"href":"https:\/\/watv.org\/de\/wp-json\/wp\/v2\/media\/96916"}],"wp:attachment":[{"href":"https:\/\/watv.org\/de\/wp-json\/wp\/v2\/media?parent=98253"}],"wp:term":[{"taxonomy":"category","embeddable":true,"href":"https:\/\/watv.org\/de\/wp-json\/wp\/v2\/categories?post=98253"},{"taxonomy":"post_tag","embeddable":true,"href":"https:\/\/watv.org\/de\/wp-json\/wp\/v2\/tags?post=98253"}],"curies":[{"name":"wp","href":"https:\/\/api.w.org\/{rel}","templated":true}]}}