{"id":106985,"date":"2023-07-19T07:00:04","date_gmt":"2023-07-18T22:00:04","guid":{"rendered":"https:\/\/watv.org\/asez-wao-environment-exhibition-progress\/"},"modified":"2024-01-29T14:34:53","modified_gmt":"2024-01-29T05:34:53","slug":"asez-wao-environment-exhibition-progress","status":"publish","type":"post","link":"https:\/\/watv.org\/es\/asez-wao-environment-exhibition-progress\/","title":{"rendered":"ASEZ WAO realiza una exhibici\u00f3n ambiental en el Foro Pol\u00edtico de Alto Nivel (FPAN) de la ONU de 2023"},"content":{"rendered":"<figure>\n <picture class=\"copyright\"><source media=\"(max-width:450px)\" srcset=\"\/wp-content\/themes\/watv\/images\/posts\/news_230710_01.jpg\"><img decoding=\"async\" src=\"\/wp-content\/themes\/watv\/images\/posts\/news_230710_01.jpg\"\n    srcset=\"\/wp-content\/themes\/watv\/images\/posts\/news_230710_01.jpg,\n            \/wp-content\/themes\/watv\/images\/posts\/news_230710_01@2x.jpg 2x\">\n <\/picture>\n<\/figure>\n<p><a href=\"https:\/\/watvmedia.org\/es\/media\/asezwao-intro\">ASEZ WAO, el Grupo de J\u00f3venes Trabajadores Voluntarios de la Iglesia de Dios Sociedad Misionera Mundial<\/a>, realiz\u00f3 una exhibici\u00f3n sobre los problemas ambientales en el <a href=\"https:\/\/hlpf.un.org\/2023\">Foro Pol\u00edtico de Alto Nivel (FPAN) sobre el Desarrollo Sostenible de la ONU de 2023<\/a>, realizado en la sede de la Organizaci\u00f3n de las Naciones Unidas en Nueva York, EE. UU., del 10 al 19 de julio. El Foro Pol\u00edtico de Alto Nivel, patrocinado por el <a href=\"https:\/\/ecosoc.un.org\/es\">Consejo Econ\u00f3mico y Social (ECOSOC) de las Naciones Unidas<\/a>, es un evento internacional para examinar los acuerdos de implementaci\u00f3n de los <a href=\"https:\/\/sdgs.un.org\/es\/goals\">Objetivos de Desarrollo Sostenible (ODS)<\/a><sup>1<\/sup> de cada pa\u00eds. Este a\u00f1o, 39 pa\u00edses reportaron su avance.<\/p>\n<p class=\"post-cite\">1. Los ODS son una agenda adoptada por las Naciones Unidas en 2015, y son objetivos comunes de la comunidad internacional para el desarrollo sostenible de la humanidad. Contienen 17 principales objetivos, 169 metas detalladas y 230 indicadores que la comunidad internacional acord\u00f3 para el 2030, con el fin de resolver la amplia variedad de problemas que tiene la sociedad, como la pobreza, las enfermedades, la falta de educaci\u00f3n, la destrucci\u00f3n del medio ambiente y los problemas econ\u00f3micos.<\/p>\n<div class=\"divide limit\">\n<figure>\n  <picture class=\"copyright\"><source media=\"(max-width:450px)\" srcset=\"\/wp-content\/themes\/watv\/images\/posts\/news_230710_02.jpg\"><img decoding=\"async\" src=\"\/wp-content\/themes\/watv\/images\/posts\/news_230710_02.jpg\"\n     srcset=\"\/wp-content\/themes\/watv\/images\/posts\/news_230710_02.jpg,\n             \/wp-content\/themes\/watv\/images\/posts\/news_230710_02@2x.jpg 2x\">\n  <\/picture>\n <\/figure>\n<figure>\n  <picture class=\"copyright\"><source media=\"(max-width:450px)\" srcset=\"\/wp-content\/themes\/watv\/images\/posts\/news_230710_03.jpg\"><img decoding=\"async\" src=\"\/wp-content\/themes\/watv\/images\/posts\/news_230710_03.jpg\"\n     srcset=\"\/wp-content\/themes\/watv\/images\/posts\/news_230710_03.jpg,\n             \/wp-content\/themes\/watv\/images\/posts\/news_230710_03@2x.jpg 2x\">\n  <\/picture>\n <\/figure>\n<figure>\n  <picture class=\"copyright\"><source media=\"(max-width:450px)\" srcset=\"\/wp-content\/themes\/watv\/images\/posts\/news_230710_04.jpg\"><img decoding=\"async\" src=\"\/wp-content\/themes\/watv\/images\/posts\/news_230710_04.jpg\"\n     srcset=\"\/wp-content\/themes\/watv\/images\/posts\/news_230710_04.jpg,\n             \/wp-content\/themes\/watv\/images\/posts\/news_230710_04@2x.jpg 2x\">\n  <\/picture>\n <\/figure>\n<figure>\n  <picture class=\"copyright\"><source media=\"(max-width:450px)\" srcset=\"\/wp-content\/themes\/watv\/images\/posts\/news_230710_05.jpg\"><img decoding=\"async\" src=\"\/wp-content\/themes\/watv\/images\/posts\/news_230710_05.jpg\"\n     srcset=\"\/wp-content\/themes\/watv\/images\/posts\/news_230710_05.jpg,\n             \/wp-content\/themes\/watv\/images\/posts\/news_230710_05@2x.jpg 2x\">\n  <\/picture>\n <\/figure>\n<\/div>\n<p>Los miembros de ASEZ WAO de Dallas y Austin, Texas, operaron una cabina de exhibici\u00f3n en el primer piso de la sede de la ONU durante el foro, con el tema \u201cPromoviendo las actividades de los j\u00f3venes para la prosperidad de la Tierra\u201d. La exhibici\u00f3n se llev\u00f3 a cabo con \u00e9xito debido a la relaci\u00f3n entre los miembros de ASEZ WAO de EE. UU., que participaron en el Foro de la Juventud de ECOSOC de la ONU realizado en abril, y el <a href=\"https:\/\/www.unmgcy.org\/\">Grupo Principal para la Infancia y la Juventud de la ONU<\/a> (MGCY, por sus siglas en ingl\u00e9s), el cual hab\u00eda participado en el foro juvenil en ese tiempo. Aparte de ASEZ WAO, 18 organizaciones, como el <a href=\"https:\/\/www.undp.org\/es\">Programa de las Naciones Unidas para el Desarrollo (PNUD)<\/a>, el <a href=\"https:\/\/www.unhcr.org\/es\">Alto Comisionado de las Naciones Unidas para los Refugiados (ACNUR)<\/a>, el <a href=\"https:\/\/www.imf.org\/es\/Home\">Fondo Monetario Internacional (FMI)<\/a> y el Ministerio de Relaciones Exteriores de la ONU de cada pa\u00eds participaron en la exposici\u00f3n.<\/p>\n<p>Los miembros de ASEZ WAO presentaron los proyectos que ASEZ WAO ha estado realizando para lograr los ODS, como <a href=\"https:\/\/asezwao.org\/es\/blue-ocean\">Oc\u00e9ano Azul<\/a>, <a href=\"https:\/\/asezwao.org\/es\/no-more-gpgp\/\">No M\u00e1s Islas de Basura<\/a> y <a href=\"https:\/\/asezwao.org\/es\/green-earth\/\">Tierra Verde<\/a>, para los funcionarios de la ONU, representantes de las ONG y funcionarios que visitaron la cabina de exhibici\u00f3n. Trataron de atraer el inter\u00e9s y la participaci\u00f3n de la comunidad internacional y especialmente de los j\u00f3venes. En ese tiempo, los miembros tambi\u00e9n participaban de la conferencia de los pa\u00edses y escuchaban los asuntos pendientes del medio ambiente y las contramedidas de Pakist\u00e1n, Nigeria y Per\u00fa.<\/p>\n<div class=\"divide limit\">\n<figure>\n  <picture class=\"copyright\"><source media=\"(max-width:450px)\" srcset=\"\/wp-content\/themes\/watv\/images\/posts\/news_230710_06.jpg\"><img decoding=\"async\" src=\"\/wp-content\/themes\/watv\/images\/posts\/news_230710_06.jpg\"\n     srcset=\"\/wp-content\/themes\/watv\/images\/posts\/news_230710_06.jpg,\n             \/wp-content\/themes\/watv\/images\/posts\/news_230710_06@2x.jpg 2x\">\n  <\/picture>\n <\/figure>\n<figure>\n  <picture class=\"copyright\"><source media=\"(max-width:450px)\" srcset=\"\/wp-content\/themes\/watv\/images\/posts\/news_230710_07.jpg\"><img decoding=\"async\" src=\"\/wp-content\/themes\/watv\/images\/posts\/news_230710_07.jpg\"\n     srcset=\"\/wp-content\/themes\/watv\/images\/posts\/news_230710_07.jpg,\n             \/wp-content\/themes\/watv\/images\/posts\/news_230710_07@2x.jpg 2x\">\n  <\/picture>\n <\/figure>\n<figure>\n  <picture class=\"copyright\"><source media=\"(max-width:450px)\" srcset=\"\/wp-content\/themes\/watv\/images\/posts\/news_230710_08.jpg\"><img decoding=\"async\" src=\"\/wp-content\/themes\/watv\/images\/posts\/news_230710_08.jpg\"\n     srcset=\"\/wp-content\/themes\/watv\/images\/posts\/news_230710_08.jpg,\n             \/wp-content\/themes\/watv\/images\/posts\/news_230710_08@2x.jpg 2x\">\n  <\/picture>\n <\/figure>\n<figure>\n  <picture class=\"copyright\"><source media=\"(max-width:450px)\" srcset=\"\/wp-content\/themes\/watv\/images\/posts\/news_230710_09.jpg\"><img decoding=\"async\" src=\"\/wp-content\/themes\/watv\/images\/posts\/news_230710_09.jpg\"\n     srcset=\"\/wp-content\/themes\/watv\/images\/posts\/news_230710_09.jpg,\n             \/wp-content\/themes\/watv\/images\/posts\/news_230710_09@2x.jpg 2x\">\n  <\/picture>\n <\/figure>\n<\/div>\n<p>Las personas y expertos de todos los sectores sociales, que visitaron la exhibici\u00f3n de ASEZ WAO, dijeron que estaban sorprendidos por la unidad y el poder de la actuaci\u00f3n de los miembros de los 175 pa\u00edses. El Dr. Sameh Kamel, miembro del Comit\u00e9 Organizador del MGCY, dijo: \u201cEstaba impresionado y me qued\u00e9 sin palabras por el magn\u00edfico trabajo que ASEZ WAO ha hecho para la comunidad y la sociedad. Espero que contin\u00faen con el buen trabajo, y nos gustar\u00eda apoyarlos\u201d. James Yeates, director ejecutivo de la Federaci\u00f3n Mundial de Animales, expres\u00f3: \u201cEl trabajo que hace ASEZ WAO nos da la esperanza de que el mundo cambiar\u00e1 para mejor\u201d. Jos\u00e9 Lepe, empresario de Guatemala, manifest\u00f3 su deseo de que ASEZ WAO implementara varios proyectos tambi\u00e9n en su pa\u00eds.<\/p>\n<div class=\"divide limit\">\n<figure>\n  <picture class=\"copyright\"><source media=\"(max-width:450px)\" srcset=\"\/wp-content\/themes\/watv\/images\/posts\/news_230710_10.jpg\"><img decoding=\"async\" src=\"\/wp-content\/themes\/watv\/images\/posts\/news_230710_10.jpg\"\n     srcset=\"\/wp-content\/themes\/watv\/images\/posts\/news_230710_10.jpg,\n             \/wp-content\/themes\/watv\/images\/posts\/news_230710_10@2x.jpg 2x\">\n  <\/picture>\n <\/figure>\n<figure>\n  <picture class=\"copyright\"><source media=\"(max-width:450px)\" srcset=\"\/wp-content\/themes\/watv\/images\/posts\/news_230710_11.jpg\"><img decoding=\"async\" src=\"\/wp-content\/themes\/watv\/images\/posts\/news_230710_11.jpg\"\n     srcset=\"\/wp-content\/themes\/watv\/images\/posts\/news_230710_11.jpg,\n             \/wp-content\/themes\/watv\/images\/posts\/news_230710_11@2x.jpg 2x\">\n  <\/picture>\n <\/figure>\n<\/div>\n<p>Bezawit Girma, de Austin, Texas, Estados Unidos, quien operaba la cabina, declar\u00f3: \u201cMientras nos comunic\u00e1bamos con los l\u00edderes del mundo por medio de esa exhibici\u00f3n, sent\u00eda que ASEZ WAO ten\u00eda mucho trabajo por hacer para la Tierra y la humanidad. Algunos dicen que ser\u00e1 dif\u00edcil prevenir que empeore la crisis clim\u00e1tica, pero haremos nuestro mejor esfuerzo por brindar un cambio positivo\u201d.<\/p>\n","protected":false},"excerpt":{"rendered":"ASEZ WAO, el Grupo de J\u00f3venes Trabajadores Voluntarios de la Iglesia de Dios Sociedad Misionera Mundial, realiz\u00f3 una exhibici\u00f3n sobre los problemas ambientales en el Foro Pol\u00edtico de Alto Nivel (FPAN) sobre el Desarrollo Sostenible de la ONU de 2023, realizado en la sede de la Organizaci\u00f3n de las Naciones Unidas en Nueva York, EE&#8230;.","protected":false},"author":27,"featured_media":97446,"comment_status":"closed","ping_status":"closed","sticky":false,"template":"","format":"standard","meta":{"footnotes":""},"categories":[154,152],"tags":[],"class_list":["post-106985","post","type-post","status-publish","format-standard","has-post-thumbnail","hentry","category-news","category-global-news"],"yoast_head":"<!-- This site is optimized with the Yoast SEO plugin v27.4 - https:\/\/yoast.com\/product\/yoast-seo-wordpress\/ -->\n<title>ASEZ WAO realiza una exhibici\u00f3n ambiental en el Foro Pol\u00edtico de Alto Nivel (FPAN) de la ONU de 2023 - Iglesia de Dios Sociedad Misionera Mundial<\/title>\n<meta name=\"robots\" content=\"index, follow, max-snippet:-1, max-image-preview:large, max-video-preview:-1\" \/>\n<link rel=\"canonical\" href=\"https:\/\/watv.org\/es\/asez-wao-environment-exhibition-progress\/\" \/>\n<meta property=\"og:locale\" content=\"es_ES\" \/>\n<meta property=\"og:type\" content=\"article\" \/>\n<meta property=\"og:title\" content=\"ASEZ WAO realiza una exhibici\u00f3n ambiental en el Foro Pol\u00edtico de Alto Nivel (FPAN) de la ONU de 2023 - Iglesia de Dios Sociedad Misionera Mundial\" \/>\n<meta property=\"og:description\" content=\"ASEZ WAO, el Grupo de J\u00f3venes Trabajadores Voluntarios de la Iglesia de Dios Sociedad Misionera Mundial, realiz\u00f3 una exhibici\u00f3n sobre los problemas ambientales en el Foro Pol\u00edtico de Alto Nivel (FPAN) sobre el Desarrollo Sostenible de la ONU de 2023, realizado en la sede de la Organizaci\u00f3n de las Naciones Unidas en Nueva York, EE....\" \/>\n<meta property=\"og:url\" content=\"https:\/\/watv.org\/es\/asez-wao-environment-exhibition-progress\/\" \/>\n<meta property=\"og:site_name\" content=\"Iglesia de Dios Sociedad Misionera Mundial\" \/>\n<meta property=\"article:published_time\" content=\"2023-07-18T22:00:04+00:00\" \/>\n<meta property=\"article:modified_time\" content=\"2024-01-29T05:34:53+00:00\" \/>\n<meta property=\"og:image\" content=\"https:\/\/watv.org\/wp-content\/uploads\/2023\/07\/thum_asez_wao_environment_exhibition_progress.jpg\" \/>\n\t<meta property=\"og:image:width\" content=\"1500\" \/>\n\t<meta property=\"og:image:height\" content=\"1094\" \/>\n\t<meta property=\"og:image:type\" content=\"image\/jpeg\" \/>\n<meta name=\"author\" content=\"jj\" \/>\n<meta name=\"twitter:card\" content=\"summary_large_image\" \/>\n<script type=\"application\/ld+json\" class=\"yoast-schema-graph\">{\"@context\":\"https:\\\/\\\/schema.org\",\"@graph\":[{\"@type\":\"Article\",\"@id\":\"https:\\\/\\\/watv.org\\\/es\\\/asez-wao-environment-exhibition-progress\\\/#article\",\"isPartOf\":{\"@id\":\"https:\\\/\\\/watv.org\\\/es\\\/asez-wao-environment-exhibition-progress\\\/\"},\"author\":{\"name\":\"jj\",\"@id\":\"https:\\\/\\\/watv.org\\\/es\\\/#\\\/schema\\\/person\\\/e96d5e3eb42fcbc188ccce755b07dd72\"},\"headline\":\"ASEZ WAO realiza una exhibici\u00f3n ambiental en el Foro Pol\u00edtico de Alto Nivel (FPAN) de la ONU de 2023\",\"datePublished\":\"2023-07-18T22:00:04+00:00\",\"dateModified\":\"2024-01-29T05:34:53+00:00\",\"mainEntityOfPage\":{\"@id\":\"https:\\\/\\\/watv.org\\\/es\\\/asez-wao-environment-exhibition-progress\\\/\"},\"wordCount\":679,\"publisher\":{\"@id\":\"https:\\\/\\\/watv.org\\\/es\\\/#organization\"},\"image\":{\"@id\":\"https:\\\/\\\/watv.org\\\/es\\\/asez-wao-environment-exhibition-progress\\\/#primaryimage\"},\"thumbnailUrl\":\"https:\\\/\\\/watv.org\\\/wp-content\\\/uploads\\\/2023\\\/07\\\/thum_asez_wao_environment_exhibition_progress.jpg\",\"articleSection\":[\"Gran Asamblea\",\"Noticias globales\"],\"inLanguage\":\"es\"},{\"@type\":\"WebPage\",\"@id\":\"https:\\\/\\\/watv.org\\\/es\\\/asez-wao-environment-exhibition-progress\\\/\",\"url\":\"https:\\\/\\\/watv.org\\\/es\\\/asez-wao-environment-exhibition-progress\\\/\",\"name\":\"ASEZ WAO realiza una exhibici\u00f3n ambiental en el Foro Pol\u00edtico de Alto Nivel (FPAN) de la ONU de 2023 - Iglesia de Dios Sociedad Misionera Mundial\",\"isPartOf\":{\"@id\":\"https:\\\/\\\/watv.org\\\/es\\\/#website\"},\"primaryImageOfPage\":{\"@id\":\"https:\\\/\\\/watv.org\\\/es\\\/asez-wao-environment-exhibition-progress\\\/#primaryimage\"},\"image\":{\"@id\":\"https:\\\/\\\/watv.org\\\/es\\\/asez-wao-environment-exhibition-progress\\\/#primaryimage\"},\"thumbnailUrl\":\"https:\\\/\\\/watv.org\\\/wp-content\\\/uploads\\\/2023\\\/07\\\/thum_asez_wao_environment_exhibition_progress.jpg\",\"datePublished\":\"2023-07-18T22:00:04+00:00\",\"dateModified\":\"2024-01-29T05:34:53+00:00\",\"breadcrumb\":{\"@id\":\"https:\\\/\\\/watv.org\\\/es\\\/asez-wao-environment-exhibition-progress\\\/#breadcrumb\"},\"inLanguage\":\"es\",\"potentialAction\":[{\"@type\":\"ReadAction\",\"target\":[\"https:\\\/\\\/watv.org\\\/es\\\/asez-wao-environment-exhibition-progress\\\/\"]}]},{\"@type\":\"ImageObject\",\"inLanguage\":\"es\",\"@id\":\"https:\\\/\\\/watv.org\\\/es\\\/asez-wao-environment-exhibition-progress\\\/#primaryimage\",\"url\":\"https:\\\/\\\/watv.org\\\/wp-content\\\/uploads\\\/2023\\\/07\\\/thum_asez_wao_environment_exhibition_progress.jpg\",\"contentUrl\":\"https:\\\/\\\/watv.org\\\/wp-content\\\/uploads\\\/2023\\\/07\\\/thum_asez_wao_environment_exhibition_progress.jpg\",\"width\":1500,\"height\":1094},{\"@type\":\"BreadcrumbList\",\"@id\":\"https:\\\/\\\/watv.org\\\/es\\\/asez-wao-environment-exhibition-progress\\\/#breadcrumb\",\"itemListElement\":[{\"@type\":\"ListItem\",\"position\":1,\"name\":\"Home\",\"item\":\"https:\\\/\\\/watv.org\\\/es\\\/\"},{\"@type\":\"ListItem\",\"position\":2,\"name\":\"ASEZ WAO realiza una exhibici\u00f3n ambiental en el Foro Pol\u00edtico de Alto Nivel (FPAN) de la ONU de 2023\"}]},{\"@type\":\"WebSite\",\"@id\":\"https:\\\/\\\/watv.org\\\/es\\\/#website\",\"url\":\"https:\\\/\\\/watv.org\\\/es\\\/\",\"name\":\"Iglesia de Dios Sociedad Misionera Mundial\",\"description\":\"With Mother\u2019s heartwarming love, we deliver eternal happiness to seven billion people in the world.\",\"publisher\":{\"@id\":\"https:\\\/\\\/watv.org\\\/es\\\/#organization\"},\"potentialAction\":[{\"@type\":\"SearchAction\",\"target\":{\"@type\":\"EntryPoint\",\"urlTemplate\":\"https:\\\/\\\/watv.org\\\/es\\\/?s={search_term_string}\"},\"query-input\":{\"@type\":\"PropertyValueSpecification\",\"valueRequired\":true,\"valueName\":\"search_term_string\"}}],\"inLanguage\":\"es\"},{\"@type\":\"Organization\",\"@id\":\"https:\\\/\\\/watv.org\\\/es\\\/#organization\",\"name\":\"World Mission Society Church of God - \ud558\ub098\ub2d8\uc758\uad50\ud68c \uc138\uacc4\ubcf5\uc74c\uc120\uad50\ud611\ud68c\",\"url\":\"https:\\\/\\\/watv.org\\\/es\\\/\",\"logo\":{\"@type\":\"ImageObject\",\"inLanguage\":\"es\",\"@id\":\"https:\\\/\\\/watv.org\\\/es\\\/#\\\/schema\\\/logo\\\/image\\\/\",\"url\":\"https:\\\/\\\/watv.org\\\/wp-content\\\/uploads\\\/2022\\\/06\\\/WorldMissionSociety_ChurchofGod_Symbol_Logo.png\",\"contentUrl\":\"https:\\\/\\\/watv.org\\\/wp-content\\\/uploads\\\/2022\\\/06\\\/WorldMissionSociety_ChurchofGod_Symbol_Logo.png\",\"width\":1001,\"height\":1331,\"caption\":\"World Mission Society Church of God - \ud558\ub098\ub2d8\uc758\uad50\ud68c \uc138\uacc4\ubcf5\uc74c\uc120\uad50\ud611\ud68c\"},\"image\":{\"@id\":\"https:\\\/\\\/watv.org\\\/es\\\/#\\\/schema\\\/logo\\\/image\\\/\"},\"sameAs\":[\"https:\\\/\\\/www.youtube.com\\\/channel\\\/UCioiBk9rS5Dv5j66hUipsuQ\"]},{\"@type\":\"Person\",\"@id\":\"https:\\\/\\\/watv.org\\\/es\\\/#\\\/schema\\\/person\\\/e96d5e3eb42fcbc188ccce755b07dd72\",\"name\":\"jj\"}]}<\/script>\n<!-- \/ Yoast SEO plugin. -->","yoast_head_json":{"title":"ASEZ WAO realiza una exhibici\u00f3n ambiental en el Foro Pol\u00edtico de Alto Nivel (FPAN) de la ONU de 2023 - Iglesia de Dios Sociedad Misionera Mundial","robots":{"index":"index","follow":"follow","max-snippet":"max-snippet:-1","max-image-preview":"max-image-preview:large","max-video-preview":"max-video-preview:-1"},"canonical":"https:\/\/watv.org\/es\/asez-wao-environment-exhibition-progress\/","og_locale":"es_ES","og_type":"article","og_title":"ASEZ WAO realiza una exhibici\u00f3n ambiental en el Foro Pol\u00edtico de Alto Nivel (FPAN) de la ONU de 2023 - Iglesia de Dios Sociedad Misionera Mundial","og_description":"ASEZ WAO, el Grupo de J\u00f3venes Trabajadores Voluntarios de la Iglesia de Dios Sociedad Misionera Mundial, realiz\u00f3 una exhibici\u00f3n sobre los problemas ambientales en el Foro Pol\u00edtico de Alto Nivel (FPAN) sobre el Desarrollo Sostenible de la ONU de 2023, realizado en la sede de la Organizaci\u00f3n de las Naciones Unidas en Nueva York, EE....","og_url":"https:\/\/watv.org\/es\/asez-wao-environment-exhibition-progress\/","og_site_name":"Iglesia de Dios Sociedad Misionera Mundial","article_published_time":"2023-07-18T22:00:04+00:00","article_modified_time":"2024-01-29T05:34:53+00:00","og_image":[{"width":1500,"height":1094,"url":"https:\/\/watv.org\/wp-content\/uploads\/2023\/07\/thum_asez_wao_environment_exhibition_progress.jpg","type":"image\/jpeg"}],"author":"jj","twitter_card":"summary_large_image","schema":{"@context":"https:\/\/schema.org","@graph":[{"@type":"Article","@id":"https:\/\/watv.org\/es\/asez-wao-environment-exhibition-progress\/#article","isPartOf":{"@id":"https:\/\/watv.org\/es\/asez-wao-environment-exhibition-progress\/"},"author":{"name":"jj","@id":"https:\/\/watv.org\/es\/#\/schema\/person\/e96d5e3eb42fcbc188ccce755b07dd72"},"headline":"ASEZ WAO realiza una exhibici\u00f3n ambiental en el Foro Pol\u00edtico de Alto Nivel (FPAN) de la ONU de 2023","datePublished":"2023-07-18T22:00:04+00:00","dateModified":"2024-01-29T05:34:53+00:00","mainEntityOfPage":{"@id":"https:\/\/watv.org\/es\/asez-wao-environment-exhibition-progress\/"},"wordCount":679,"publisher":{"@id":"https:\/\/watv.org\/es\/#organization"},"image":{"@id":"https:\/\/watv.org\/es\/asez-wao-environment-exhibition-progress\/#primaryimage"},"thumbnailUrl":"https:\/\/watv.org\/wp-content\/uploads\/2023\/07\/thum_asez_wao_environment_exhibition_progress.jpg","articleSection":["Gran Asamblea","Noticias globales"],"inLanguage":"es"},{"@type":"WebPage","@id":"https:\/\/watv.org\/es\/asez-wao-environment-exhibition-progress\/","url":"https:\/\/watv.org\/es\/asez-wao-environment-exhibition-progress\/","name":"ASEZ WAO realiza una exhibici\u00f3n ambiental en el Foro Pol\u00edtico de Alto Nivel (FPAN) de la ONU de 2023 - Iglesia de Dios Sociedad Misionera Mundial","isPartOf":{"@id":"https:\/\/watv.org\/es\/#website"},"primaryImageOfPage":{"@id":"https:\/\/watv.org\/es\/asez-wao-environment-exhibition-progress\/#primaryimage"},"image":{"@id":"https:\/\/watv.org\/es\/asez-wao-environment-exhibition-progress\/#primaryimage"},"thumbnailUrl":"https:\/\/watv.org\/wp-content\/uploads\/2023\/07\/thum_asez_wao_environment_exhibition_progress.jpg","datePublished":"2023-07-18T22:00:04+00:00","dateModified":"2024-01-29T05:34:53+00:00","breadcrumb":{"@id":"https:\/\/watv.org\/es\/asez-wao-environment-exhibition-progress\/#breadcrumb"},"inLanguage":"es","potentialAction":[{"@type":"ReadAction","target":["https:\/\/watv.org\/es\/asez-wao-environment-exhibition-progress\/"]}]},{"@type":"ImageObject","inLanguage":"es","@id":"https:\/\/watv.org\/es\/asez-wao-environment-exhibition-progress\/#primaryimage","url":"https:\/\/watv.org\/wp-content\/uploads\/2023\/07\/thum_asez_wao_environment_exhibition_progress.jpg","contentUrl":"https:\/\/watv.org\/wp-content\/uploads\/2023\/07\/thum_asez_wao_environment_exhibition_progress.jpg","width":1500,"height":1094},{"@type":"BreadcrumbList","@id":"https:\/\/watv.org\/es\/asez-wao-environment-exhibition-progress\/#breadcrumb","itemListElement":[{"@type":"ListItem","position":1,"name":"Home","item":"https:\/\/watv.org\/es\/"},{"@type":"ListItem","position":2,"name":"ASEZ WAO realiza una exhibici\u00f3n ambiental en el Foro Pol\u00edtico de Alto Nivel (FPAN) de la ONU de 2023"}]},{"@type":"WebSite","@id":"https:\/\/watv.org\/es\/#website","url":"https:\/\/watv.org\/es\/","name":"Iglesia de Dios Sociedad Misionera Mundial","description":"With Mother\u2019s heartwarming love, we deliver eternal happiness to seven billion people in the world.","publisher":{"@id":"https:\/\/watv.org\/es\/#organization"},"potentialAction":[{"@type":"SearchAction","target":{"@type":"EntryPoint","urlTemplate":"https:\/\/watv.org\/es\/?s={search_term_string}"},"query-input":{"@type":"PropertyValueSpecification","valueRequired":true,"valueName":"search_term_string"}}],"inLanguage":"es"},{"@type":"Organization","@id":"https:\/\/watv.org\/es\/#organization","name":"World Mission Society Church of God - \ud558\ub098\ub2d8\uc758\uad50\ud68c \uc138\uacc4\ubcf5\uc74c\uc120\uad50\ud611\ud68c","url":"https:\/\/watv.org\/es\/","logo":{"@type":"ImageObject","inLanguage":"es","@id":"https:\/\/watv.org\/es\/#\/schema\/logo\/image\/","url":"https:\/\/watv.org\/wp-content\/uploads\/2022\/06\/WorldMissionSociety_ChurchofGod_Symbol_Logo.png","contentUrl":"https:\/\/watv.org\/wp-content\/uploads\/2022\/06\/WorldMissionSociety_ChurchofGod_Symbol_Logo.png","width":1001,"height":1331,"caption":"World Mission Society Church of God - \ud558\ub098\ub2d8\uc758\uad50\ud68c \uc138\uacc4\ubcf5\uc74c\uc120\uad50\ud611\ud68c"},"image":{"@id":"https:\/\/watv.org\/es\/#\/schema\/logo\/image\/"},"sameAs":["https:\/\/www.youtube.com\/channel\/UCioiBk9rS5Dv5j66hUipsuQ"]},{"@type":"Person","@id":"https:\/\/watv.org\/es\/#\/schema\/person\/e96d5e3eb42fcbc188ccce755b07dd72","name":"jj"}]}},"_links":{"self":[{"href":"https:\/\/watv.org\/es\/wp-json\/wp\/v2\/posts\/106985","targetHints":{"allow":["GET"]}}],"collection":[{"href":"https:\/\/watv.org\/es\/wp-json\/wp\/v2\/posts"}],"about":[{"href":"https:\/\/watv.org\/es\/wp-json\/wp\/v2\/types\/post"}],"author":[{"embeddable":true,"href":"https:\/\/watv.org\/es\/wp-json\/wp\/v2\/users\/27"}],"replies":[{"embeddable":true,"href":"https:\/\/watv.org\/es\/wp-json\/wp\/v2\/comments?post=106985"}],"version-history":[{"count":2,"href":"https:\/\/watv.org\/es\/wp-json\/wp\/v2\/posts\/106985\/revisions"}],"predecessor-version":[{"id":106993,"href":"https:\/\/watv.org\/es\/wp-json\/wp\/v2\/posts\/106985\/revisions\/106993"}],"wp:featuredmedia":[{"embeddable":true,"href":"https:\/\/watv.org\/es\/wp-json\/wp\/v2\/media\/97446"}],"wp:attachment":[{"href":"https:\/\/watv.org\/es\/wp-json\/wp\/v2\/media?parent=106985"}],"wp:term":[{"taxonomy":"category","embeddable":true,"href":"https:\/\/watv.org\/es\/wp-json\/wp\/v2\/categories?post=106985"},{"taxonomy":"post_tag","embeddable":true,"href":"https:\/\/watv.org\/es\/wp-json\/wp\/v2\/tags?post=106985"}],"curies":[{"name":"wp","href":"https:\/\/api.w.org\/{rel}","templated":true}]}}