{"id":107283,"date":"2023-07-24T07:00:35","date_gmt":"2023-07-23T22:00:35","guid":{"rendered":"https:\/\/watv.org\/2023-asez-biodiversity-seminar\/"},"modified":"2024-02-05T14:19:36","modified_gmt":"2024-02-05T05:19:36","slug":"2023-asez-biodiversity-seminar","status":"publish","type":"post","link":"https:\/\/watv.org\/es\/2023-asez-biodiversity-seminar\/","title":{"rendered":"Seminario de ASEZ sobre Biodiversidad 2023"},"content":{"rendered":"<p><a href=\"https:\/\/asez.org\/\">ASEZ (Grupo de Universitarios Voluntarios de la Iglesia de Dios Sociedad Misionera Mundial)<\/a> est\u00e1 haciendo esfuerzos dentro y fuera del campus para proteger la tierra de la crisis clim\u00e1tica, incluso durante las vacaciones universitarias. El 24 de julio, ASEZ realiz\u00f3 el Seminario de ASEZ sobre Biodiversidad 2023 en un sal\u00f3n de la Facultad de Educaci\u00f3n de la <a href=\"https:\/\/en.snu.ac.kr\/index.html\">Universidad Nacional de Se\u00fal<\/a>. Dicho seminario fue organizado por los miembros de ASEZ de la Universidad Nacional de Se\u00fal para informar a los universitarios, que se encargar\u00e1n del futuro de la tierra, sobre la importancia de la biodiversidad y compartir el conocimiento necesario para preservarlo. Choi Jae-cheon, profesor titular de la Divisi\u00f3n de Ecociencia de la Escuela de Posgrado de la Universidad de Mujeres Ewha, dio una charla a unas 180 personas, incluyendo los miembros de ASEZ, los estudiantes de la Universidad Nacional de Se\u00fal, estudiantes extranjeros y trabajadores que estaban interesados en los problemas ambientales.<\/p>\n<div class=\"divide limit\">\n<figure>\n  <picture class=\"copyright\"><source media=\"(max-width:450px)\" srcset=\"\/wp-content\/themes\/watv\/images\/posts\/news_230724_01.jpg\"><img decoding=\"async\" src=\"\/wp-content\/themes\/watv\/images\/posts\/news_230724_01.jpg\"\n     srcset=\"\/wp-content\/themes\/watv\/images\/posts\/news_230724_01.jpg,\n             \/wp-content\/themes\/watv\/images\/posts\/news_230724_01@2x.jpg 2x\">\n  <\/picture>\n <\/figure>\n<figure>\n  <picture class=\"copyright\"><source media=\"(max-width:450px)\" srcset=\"\/wp-content\/themes\/watv\/images\/posts\/news_230724_02.jpg\"><img decoding=\"async\" src=\"\/wp-content\/themes\/watv\/images\/posts\/news_230724_02.jpg\"\n     srcset=\"\/wp-content\/themes\/watv\/images\/posts\/news_230724_02.jpg,\n             \/wp-content\/themes\/watv\/images\/posts\/news_230724_02@2x.jpg 2x\">\n  <\/picture>\n <\/figure>\n<figure>\n  <picture class=\"copyright\"><source media=\"(max-width:450px)\" srcset=\"\/wp-content\/themes\/watv\/images\/posts\/news_230724_03.jpg\"><img decoding=\"async\" src=\"\/wp-content\/themes\/watv\/images\/posts\/news_230724_03.jpg\"\n     srcset=\"\/wp-content\/themes\/watv\/images\/posts\/news_230724_03.jpg,\n             \/wp-content\/themes\/watv\/images\/posts\/news_230724_03@2x.jpg 2x\">\n  <\/picture>\n <\/figure>\n<figure>\n  <picture class=\"copyright\"><source media=\"(max-width:450px)\" srcset=\"\/wp-content\/themes\/watv\/images\/posts\/news_230724_04.jpg\"><img decoding=\"async\" src=\"\/wp-content\/themes\/watv\/images\/posts\/news_230724_04.jpg\"\n     srcset=\"\/wp-content\/themes\/watv\/images\/posts\/news_230724_04.jpg,\n             \/wp-content\/themes\/watv\/images\/posts\/news_230724_04@2x.jpg 2x\">\n  <\/picture>\n <\/figure>\n<figure>\n  <picture class=\"copyright\"><source media=\"(max-width:450px)\" srcset=\"\/wp-content\/themes\/watv\/images\/posts\/news_230724_05.jpg\"><img decoding=\"async\" src=\"\/wp-content\/themes\/watv\/images\/posts\/news_230724_05.jpg\"\n     srcset=\"\/wp-content\/themes\/watv\/images\/posts\/news_230724_05.jpg,\n             \/wp-content\/themes\/watv\/images\/posts\/news_230724_05@2x.jpg 2x\">\n  <\/picture>\n <\/figure>\n<figure>\n  <picture class=\"copyright\"><source media=\"(max-width:450px)\" srcset=\"\/wp-content\/themes\/watv\/images\/posts\/news_230724_06.jpg\"><img decoding=\"async\" src=\"\/wp-content\/themes\/watv\/images\/posts\/news_230724_06.jpg\"\n     srcset=\"\/wp-content\/themes\/watv\/images\/posts\/news_230724_06.jpg,\n             \/wp-content\/themes\/watv\/images\/posts\/news_230724_06@2x.jpg 2x\">\n  <\/picture>\n <\/figure>\n<\/div>\n<p>Los miembros de ASEZ presentaron las actividades de ASEZ por medio de las presentaciones y v\u00eddeos, y el profesor Choi Jae-cheon dio una charla sobre el \u201cgiro ecol\u00f3gico\u201d. Enfatiz\u00f3 que, en medio de la escala del cambio clim\u00e1tico y la crisis actual de la biodiversidad, lo que nosotros en verdad necesitamos es un giro ecol\u00f3gico, un cambio de percepci\u00f3n, lo que replantea la relaci\u00f3n entre los humanos y la naturaleza. El profesor Choi enfatiz\u00f3 la necesidad de las acciones panhuman\u00edsticas por encima de todo. Dijo que los universitarios, que ser\u00e1n l\u00edderes en varios campos en el futuro, deber\u00edan esforzarse por liderar un cambio que abarque todas las generaciones. Despu\u00e9s de la charla, los participantes satisficieron su curiosidad y expandieron su conocimiento sobre la biodiversidad teniendo sesiones de preguntas con el profesor Choi.<\/p>\n<figure class=\"limit\">\n <picture class=\"copyright\"><source media=\"(max-width:450px)\" srcset=\"\/wp-content\/themes\/watv\/images\/posts\/news_230724_07.jpg\"><img decoding=\"async\" src=\"\/wp-content\/themes\/watv\/images\/posts\/news_230724_07.jpg\"\n    srcset=\"\/wp-content\/themes\/watv\/images\/posts\/news_230724_07.jpg,\n            \/wp-content\/themes\/watv\/images\/posts\/news_230724_07@2x.jpg 2x\">\n <\/picture>\n<\/figure>\n<div class=\"divide limit\">\n<figure>\n  <picture class=\"copyright\"><source media=\"(max-width:450px)\" srcset=\"\/wp-content\/themes\/watv\/images\/posts\/news_230724_08.jpg\"><img decoding=\"async\" src=\"\/wp-content\/themes\/watv\/images\/posts\/news_230724_08.jpg\"\n     srcset=\"\/wp-content\/themes\/watv\/images\/posts\/news_230724_08.jpg,\n             \/wp-content\/themes\/watv\/images\/posts\/news_230724_08@2x.jpg 2x\">\n  <\/picture>\n <\/figure>\n<figure>\n  <picture class=\"copyright\"><source media=\"(max-width:450px)\" srcset=\"\/wp-content\/themes\/watv\/images\/posts\/news_230724_09.jpg\"><img decoding=\"async\" src=\"\/wp-content\/themes\/watv\/images\/posts\/news_230724_09.jpg\"\n     srcset=\"\/wp-content\/themes\/watv\/images\/posts\/news_230724_09.jpg,\n             \/wp-content\/themes\/watv\/images\/posts\/news_230724_09@2x.jpg 2x\">\n  <\/picture>\n <\/figure>\n<figure>\n  <picture class=\"copyright\"><source media=\"(max-width:450px)\" srcset=\"\/wp-content\/themes\/watv\/images\/posts\/news_230724_10.jpg\"><img decoding=\"async\" src=\"\/wp-content\/themes\/watv\/images\/posts\/news_230724_10.jpg\"\n     srcset=\"\/wp-content\/themes\/watv\/images\/posts\/news_230724_10.jpg,\n             \/wp-content\/themes\/watv\/images\/posts\/news_230724_10@2x.jpg 2x\">\n  <\/picture>\n <\/figure>\n<figure>\n  <picture class=\"copyright\"><source media=\"(max-width:450px)\" srcset=\"\/wp-content\/themes\/watv\/images\/posts\/news_230724_11.jpg\"><img decoding=\"async\" src=\"\/wp-content\/themes\/watv\/images\/posts\/news_230724_11.jpg\"\n     srcset=\"\/wp-content\/themes\/watv\/images\/posts\/news_230724_11.jpg,\n             \/wp-content\/themes\/watv\/images\/posts\/news_230724_11@2x.jpg 2x\">\n  <\/picture>\n <\/figure>\n<\/div>\n<p>Kang Won-muk, del KAIST, dijo: \u201cSomos la generaci\u00f3n que vive en el presente y da forma al futuro. Me siento responsable por abordar la crisis clim\u00e1tica y preservar la biodiversidad Desde que estoy interesado en nuevos materiales, quiero estudiar duro y desarrollar materiales ecoamigables\u201d. Chae Hui-seo (de la Universidad Nacional de Se\u00fal) explic\u00f3: \u201cMientras escuchaba la charla, pude sentir el riesgo del cambio clim\u00e1tico. Teniendo en cuenta que prevenir el cambio clim\u00e1tico es responsabilidad no solo de los gobiernos y los grupos ecologistas sino de uno mismo, empezar\u00e9 con peque\u00f1as cosas\u201d.<\/p>\n<div class=\"divide limit\">\n<figure>\n  <picture class=\"copyright\"><source media=\"(max-width:450px)\" srcset=\"\/wp-content\/themes\/watv\/images\/posts\/news_230724_12.jpg\"><img decoding=\"async\" src=\"\/wp-content\/themes\/watv\/images\/posts\/news_230724_12.jpg\"\n     srcset=\"\/wp-content\/themes\/watv\/images\/posts\/news_230724_12.jpg,\n             \/wp-content\/themes\/watv\/images\/posts\/news_230724_12@2x.jpg 2x\">\n  <\/picture>\n <\/figure>\n<figure>\n  <picture class=\"copyright\"><source media=\"(max-width:450px)\" srcset=\"\/wp-content\/themes\/watv\/images\/posts\/news_230724_13.jpg\"><img decoding=\"async\" src=\"\/wp-content\/themes\/watv\/images\/posts\/news_230724_13.jpg\"\n     srcset=\"\/wp-content\/themes\/watv\/images\/posts\/news_230724_13.jpg,\n             \/wp-content\/themes\/watv\/images\/posts\/news_230724_13@2x.jpg 2x\">\n  <\/picture>\n <\/figure>\n<\/div>\n<p>Los miembros de ASEZ acumular\u00e1n conocimientos y actuar\u00e1n no solo para s\u00ed mismos, sino tambi\u00e9n para la humanidad y la tierra. Las personas del mundo est\u00e1n prestando atenci\u00f3n a sus esfuerzos por crear un mejor ma\u00f1ana.<\/p>\n<figure class=\"full-width\">\n <picture class=\"copyright\"><source media=\"(max-width:450px)\" srcset=\"\/wp-content\/themes\/watv\/images\/posts\/news_230724_14.jpg\"><img decoding=\"async\" src=\"\/wp-content\/themes\/watv\/images\/posts\/news_230724_14.jpg\"\n    srcset=\"\/wp-content\/themes\/watv\/images\/posts\/news_230724_14.jpg,\n            \/wp-content\/themes\/watv\/images\/posts\/news_230724_14@2x.jpg 2x\">\n <\/picture>\n<\/figure>\n","protected":false},"excerpt":{"rendered":"ASEZ (Grupo de Universitarios Voluntarios de la Iglesia de Dios Sociedad Misionera Mundial) est\u00e1 haciendo esfuerzos dentro y fuera del campus para proteger la tierra de la crisis clim\u00e1tica, incluso durante las vacaciones universitarias. El 24 de julio, ASEZ realiz\u00f3 el Seminario de ASEZ sobre Biodiversidad 2023 en un sal\u00f3n de la Facultad de Educaci\u00f3n&#8230;","protected":false},"author":21,"featured_media":96983,"comment_status":"closed","ping_status":"closed","sticky":false,"template":"post-type\/post-type-header-full-screen.php","format":"standard","meta":{"footnotes":""},"categories":[154,152],"tags":[],"class_list":["post-107283","post","type-post","status-publish","format-standard","has-post-thumbnail","hentry","category-news","category-global-news"],"yoast_head":"<!-- This site is optimized with the Yoast SEO plugin v27.4 - https:\/\/yoast.com\/product\/yoast-seo-wordpress\/ -->\n<title>Seminario de ASEZ sobre Biodiversidad 2023 - Iglesia de Dios Sociedad Misionera Mundial<\/title>\n<meta name=\"robots\" content=\"index, follow, max-snippet:-1, max-image-preview:large, max-video-preview:-1\" \/>\n<link rel=\"canonical\" href=\"https:\/\/watv.org\/es\/2023-asez-biodiversity-seminar\/\" \/>\n<meta property=\"og:locale\" content=\"es_ES\" \/>\n<meta property=\"og:type\" content=\"article\" \/>\n<meta property=\"og:title\" content=\"Seminario de ASEZ sobre Biodiversidad 2023 - Iglesia de Dios Sociedad Misionera Mundial\" \/>\n<meta property=\"og:description\" content=\"ASEZ (Grupo de Universitarios Voluntarios de la Iglesia de Dios Sociedad Misionera Mundial) est\u00e1 haciendo esfuerzos dentro y fuera del campus para proteger la tierra de la crisis clim\u00e1tica, incluso durante las vacaciones universitarias. El 24 de julio, ASEZ realiz\u00f3 el Seminario de ASEZ sobre Biodiversidad 2023 en un sal\u00f3n de la Facultad de Educaci\u00f3n...\" \/>\n<meta property=\"og:url\" content=\"https:\/\/watv.org\/es\/2023-asez-biodiversity-seminar\/\" \/>\n<meta property=\"og:site_name\" content=\"Iglesia de Dios Sociedad Misionera Mundial\" \/>\n<meta property=\"article:published_time\" content=\"2023-07-23T22:00:35+00:00\" \/>\n<meta property=\"article:modified_time\" content=\"2024-02-05T05:19:36+00:00\" \/>\n<meta property=\"og:image\" content=\"https:\/\/watv.org\/wp-content\/uploads\/2023\/07\/thum_2023_asez_biodiversity_seminar.jpg\" \/>\n\t<meta property=\"og:image:width\" content=\"3840\" \/>\n\t<meta property=\"og:image:height\" content=\"2000\" \/>\n\t<meta property=\"og:image:type\" content=\"image\/jpeg\" \/>\n<meta name=\"author\" content=\"ss\" \/>\n<meta name=\"twitter:card\" content=\"summary_large_image\" \/>\n<script type=\"application\/ld+json\" class=\"yoast-schema-graph\">{\"@context\":\"https:\\\/\\\/schema.org\",\"@graph\":[{\"@type\":\"Article\",\"@id\":\"https:\\\/\\\/watv.org\\\/es\\\/2023-asez-biodiversity-seminar\\\/#article\",\"isPartOf\":{\"@id\":\"https:\\\/\\\/watv.org\\\/es\\\/2023-asez-biodiversity-seminar\\\/\"},\"author\":{\"name\":\"ss\",\"@id\":\"https:\\\/\\\/watv.org\\\/es\\\/#\\\/schema\\\/person\\\/a58a271de4ef926ff9477cac3b74b5d5\"},\"headline\":\"Seminario de ASEZ sobre Biodiversidad 2023\",\"datePublished\":\"2023-07-23T22:00:35+00:00\",\"dateModified\":\"2024-02-05T05:19:36+00:00\",\"mainEntityOfPage\":{\"@id\":\"https:\\\/\\\/watv.org\\\/es\\\/2023-asez-biodiversity-seminar\\\/\"},\"wordCount\":445,\"publisher\":{\"@id\":\"https:\\\/\\\/watv.org\\\/es\\\/#organization\"},\"image\":{\"@id\":\"https:\\\/\\\/watv.org\\\/es\\\/2023-asez-biodiversity-seminar\\\/#primaryimage\"},\"thumbnailUrl\":\"https:\\\/\\\/watv.org\\\/wp-content\\\/uploads\\\/2023\\\/07\\\/thum_2023_asez_biodiversity_seminar.jpg\",\"articleSection\":[\"Gran Asamblea\",\"Noticias globales\"],\"inLanguage\":\"es\"},{\"@type\":\"WebPage\",\"@id\":\"https:\\\/\\\/watv.org\\\/es\\\/2023-asez-biodiversity-seminar\\\/\",\"url\":\"https:\\\/\\\/watv.org\\\/es\\\/2023-asez-biodiversity-seminar\\\/\",\"name\":\"Seminario de ASEZ sobre Biodiversidad 2023 - Iglesia de Dios Sociedad Misionera Mundial\",\"isPartOf\":{\"@id\":\"https:\\\/\\\/watv.org\\\/es\\\/#website\"},\"primaryImageOfPage\":{\"@id\":\"https:\\\/\\\/watv.org\\\/es\\\/2023-asez-biodiversity-seminar\\\/#primaryimage\"},\"image\":{\"@id\":\"https:\\\/\\\/watv.org\\\/es\\\/2023-asez-biodiversity-seminar\\\/#primaryimage\"},\"thumbnailUrl\":\"https:\\\/\\\/watv.org\\\/wp-content\\\/uploads\\\/2023\\\/07\\\/thum_2023_asez_biodiversity_seminar.jpg\",\"datePublished\":\"2023-07-23T22:00:35+00:00\",\"dateModified\":\"2024-02-05T05:19:36+00:00\",\"breadcrumb\":{\"@id\":\"https:\\\/\\\/watv.org\\\/es\\\/2023-asez-biodiversity-seminar\\\/#breadcrumb\"},\"inLanguage\":\"es\",\"potentialAction\":[{\"@type\":\"ReadAction\",\"target\":[\"https:\\\/\\\/watv.org\\\/es\\\/2023-asez-biodiversity-seminar\\\/\"]}]},{\"@type\":\"ImageObject\",\"inLanguage\":\"es\",\"@id\":\"https:\\\/\\\/watv.org\\\/es\\\/2023-asez-biodiversity-seminar\\\/#primaryimage\",\"url\":\"https:\\\/\\\/watv.org\\\/wp-content\\\/uploads\\\/2023\\\/07\\\/thum_2023_asez_biodiversity_seminar.jpg\",\"contentUrl\":\"https:\\\/\\\/watv.org\\\/wp-content\\\/uploads\\\/2023\\\/07\\\/thum_2023_asez_biodiversity_seminar.jpg\",\"width\":3840,\"height\":2000},{\"@type\":\"BreadcrumbList\",\"@id\":\"https:\\\/\\\/watv.org\\\/es\\\/2023-asez-biodiversity-seminar\\\/#breadcrumb\",\"itemListElement\":[{\"@type\":\"ListItem\",\"position\":1,\"name\":\"Home\",\"item\":\"https:\\\/\\\/watv.org\\\/es\\\/\"},{\"@type\":\"ListItem\",\"position\":2,\"name\":\"Seminario de ASEZ sobre Biodiversidad 2023\"}]},{\"@type\":\"WebSite\",\"@id\":\"https:\\\/\\\/watv.org\\\/es\\\/#website\",\"url\":\"https:\\\/\\\/watv.org\\\/es\\\/\",\"name\":\"Iglesia de Dios Sociedad Misionera Mundial\",\"description\":\"With Mother\u2019s heartwarming love, we deliver eternal happiness to seven billion people in the world.\",\"publisher\":{\"@id\":\"https:\\\/\\\/watv.org\\\/es\\\/#organization\"},\"potentialAction\":[{\"@type\":\"SearchAction\",\"target\":{\"@type\":\"EntryPoint\",\"urlTemplate\":\"https:\\\/\\\/watv.org\\\/es\\\/?s={search_term_string}\"},\"query-input\":{\"@type\":\"PropertyValueSpecification\",\"valueRequired\":true,\"valueName\":\"search_term_string\"}}],\"inLanguage\":\"es\"},{\"@type\":\"Organization\",\"@id\":\"https:\\\/\\\/watv.org\\\/es\\\/#organization\",\"name\":\"World Mission Society Church of God - \ud558\ub098\ub2d8\uc758\uad50\ud68c \uc138\uacc4\ubcf5\uc74c\uc120\uad50\ud611\ud68c\",\"url\":\"https:\\\/\\\/watv.org\\\/es\\\/\",\"logo\":{\"@type\":\"ImageObject\",\"inLanguage\":\"es\",\"@id\":\"https:\\\/\\\/watv.org\\\/es\\\/#\\\/schema\\\/logo\\\/image\\\/\",\"url\":\"https:\\\/\\\/watv.org\\\/wp-content\\\/uploads\\\/2022\\\/06\\\/WorldMissionSociety_ChurchofGod_Symbol_Logo.png\",\"contentUrl\":\"https:\\\/\\\/watv.org\\\/wp-content\\\/uploads\\\/2022\\\/06\\\/WorldMissionSociety_ChurchofGod_Symbol_Logo.png\",\"width\":1001,\"height\":1331,\"caption\":\"World Mission Society Church of God - \ud558\ub098\ub2d8\uc758\uad50\ud68c \uc138\uacc4\ubcf5\uc74c\uc120\uad50\ud611\ud68c\"},\"image\":{\"@id\":\"https:\\\/\\\/watv.org\\\/es\\\/#\\\/schema\\\/logo\\\/image\\\/\"},\"sameAs\":[\"https:\\\/\\\/www.youtube.com\\\/channel\\\/UCioiBk9rS5Dv5j66hUipsuQ\"]},{\"@type\":\"Person\",\"@id\":\"https:\\\/\\\/watv.org\\\/es\\\/#\\\/schema\\\/person\\\/a58a271de4ef926ff9477cac3b74b5d5\",\"name\":\"ss\"}]}<\/script>\n<!-- \/ Yoast SEO plugin. -->","yoast_head_json":{"title":"Seminario de ASEZ sobre Biodiversidad 2023 - Iglesia de Dios Sociedad Misionera Mundial","robots":{"index":"index","follow":"follow","max-snippet":"max-snippet:-1","max-image-preview":"max-image-preview:large","max-video-preview":"max-video-preview:-1"},"canonical":"https:\/\/watv.org\/es\/2023-asez-biodiversity-seminar\/","og_locale":"es_ES","og_type":"article","og_title":"Seminario de ASEZ sobre Biodiversidad 2023 - Iglesia de Dios Sociedad Misionera Mundial","og_description":"ASEZ (Grupo de Universitarios Voluntarios de la Iglesia de Dios Sociedad Misionera Mundial) est\u00e1 haciendo esfuerzos dentro y fuera del campus para proteger la tierra de la crisis clim\u00e1tica, incluso durante las vacaciones universitarias. El 24 de julio, ASEZ realiz\u00f3 el Seminario de ASEZ sobre Biodiversidad 2023 en un sal\u00f3n de la Facultad de Educaci\u00f3n...","og_url":"https:\/\/watv.org\/es\/2023-asez-biodiversity-seminar\/","og_site_name":"Iglesia de Dios Sociedad Misionera Mundial","article_published_time":"2023-07-23T22:00:35+00:00","article_modified_time":"2024-02-05T05:19:36+00:00","og_image":[{"width":3840,"height":2000,"url":"https:\/\/watv.org\/wp-content\/uploads\/2023\/07\/thum_2023_asez_biodiversity_seminar.jpg","type":"image\/jpeg"}],"author":"ss","twitter_card":"summary_large_image","schema":{"@context":"https:\/\/schema.org","@graph":[{"@type":"Article","@id":"https:\/\/watv.org\/es\/2023-asez-biodiversity-seminar\/#article","isPartOf":{"@id":"https:\/\/watv.org\/es\/2023-asez-biodiversity-seminar\/"},"author":{"name":"ss","@id":"https:\/\/watv.org\/es\/#\/schema\/person\/a58a271de4ef926ff9477cac3b74b5d5"},"headline":"Seminario de ASEZ sobre Biodiversidad 2023","datePublished":"2023-07-23T22:00:35+00:00","dateModified":"2024-02-05T05:19:36+00:00","mainEntityOfPage":{"@id":"https:\/\/watv.org\/es\/2023-asez-biodiversity-seminar\/"},"wordCount":445,"publisher":{"@id":"https:\/\/watv.org\/es\/#organization"},"image":{"@id":"https:\/\/watv.org\/es\/2023-asez-biodiversity-seminar\/#primaryimage"},"thumbnailUrl":"https:\/\/watv.org\/wp-content\/uploads\/2023\/07\/thum_2023_asez_biodiversity_seminar.jpg","articleSection":["Gran Asamblea","Noticias globales"],"inLanguage":"es"},{"@type":"WebPage","@id":"https:\/\/watv.org\/es\/2023-asez-biodiversity-seminar\/","url":"https:\/\/watv.org\/es\/2023-asez-biodiversity-seminar\/","name":"Seminario de ASEZ sobre Biodiversidad 2023 - Iglesia de Dios Sociedad Misionera Mundial","isPartOf":{"@id":"https:\/\/watv.org\/es\/#website"},"primaryImageOfPage":{"@id":"https:\/\/watv.org\/es\/2023-asez-biodiversity-seminar\/#primaryimage"},"image":{"@id":"https:\/\/watv.org\/es\/2023-asez-biodiversity-seminar\/#primaryimage"},"thumbnailUrl":"https:\/\/watv.org\/wp-content\/uploads\/2023\/07\/thum_2023_asez_biodiversity_seminar.jpg","datePublished":"2023-07-23T22:00:35+00:00","dateModified":"2024-02-05T05:19:36+00:00","breadcrumb":{"@id":"https:\/\/watv.org\/es\/2023-asez-biodiversity-seminar\/#breadcrumb"},"inLanguage":"es","potentialAction":[{"@type":"ReadAction","target":["https:\/\/watv.org\/es\/2023-asez-biodiversity-seminar\/"]}]},{"@type":"ImageObject","inLanguage":"es","@id":"https:\/\/watv.org\/es\/2023-asez-biodiversity-seminar\/#primaryimage","url":"https:\/\/watv.org\/wp-content\/uploads\/2023\/07\/thum_2023_asez_biodiversity_seminar.jpg","contentUrl":"https:\/\/watv.org\/wp-content\/uploads\/2023\/07\/thum_2023_asez_biodiversity_seminar.jpg","width":3840,"height":2000},{"@type":"BreadcrumbList","@id":"https:\/\/watv.org\/es\/2023-asez-biodiversity-seminar\/#breadcrumb","itemListElement":[{"@type":"ListItem","position":1,"name":"Home","item":"https:\/\/watv.org\/es\/"},{"@type":"ListItem","position":2,"name":"Seminario de ASEZ sobre Biodiversidad 2023"}]},{"@type":"WebSite","@id":"https:\/\/watv.org\/es\/#website","url":"https:\/\/watv.org\/es\/","name":"Iglesia de Dios Sociedad Misionera Mundial","description":"With Mother\u2019s heartwarming love, we deliver eternal happiness to seven billion people in the world.","publisher":{"@id":"https:\/\/watv.org\/es\/#organization"},"potentialAction":[{"@type":"SearchAction","target":{"@type":"EntryPoint","urlTemplate":"https:\/\/watv.org\/es\/?s={search_term_string}"},"query-input":{"@type":"PropertyValueSpecification","valueRequired":true,"valueName":"search_term_string"}}],"inLanguage":"es"},{"@type":"Organization","@id":"https:\/\/watv.org\/es\/#organization","name":"World Mission Society Church of God - \ud558\ub098\ub2d8\uc758\uad50\ud68c \uc138\uacc4\ubcf5\uc74c\uc120\uad50\ud611\ud68c","url":"https:\/\/watv.org\/es\/","logo":{"@type":"ImageObject","inLanguage":"es","@id":"https:\/\/watv.org\/es\/#\/schema\/logo\/image\/","url":"https:\/\/watv.org\/wp-content\/uploads\/2022\/06\/WorldMissionSociety_ChurchofGod_Symbol_Logo.png","contentUrl":"https:\/\/watv.org\/wp-content\/uploads\/2022\/06\/WorldMissionSociety_ChurchofGod_Symbol_Logo.png","width":1001,"height":1331,"caption":"World Mission Society Church of God - \ud558\ub098\ub2d8\uc758\uad50\ud68c \uc138\uacc4\ubcf5\uc74c\uc120\uad50\ud611\ud68c"},"image":{"@id":"https:\/\/watv.org\/es\/#\/schema\/logo\/image\/"},"sameAs":["https:\/\/www.youtube.com\/channel\/UCioiBk9rS5Dv5j66hUipsuQ"]},{"@type":"Person","@id":"https:\/\/watv.org\/es\/#\/schema\/person\/a58a271de4ef926ff9477cac3b74b5d5","name":"ss"}]}},"_links":{"self":[{"href":"https:\/\/watv.org\/es\/wp-json\/wp\/v2\/posts\/107283","targetHints":{"allow":["GET"]}}],"collection":[{"href":"https:\/\/watv.org\/es\/wp-json\/wp\/v2\/posts"}],"about":[{"href":"https:\/\/watv.org\/es\/wp-json\/wp\/v2\/types\/post"}],"author":[{"embeddable":true,"href":"https:\/\/watv.org\/es\/wp-json\/wp\/v2\/users\/21"}],"replies":[{"embeddable":true,"href":"https:\/\/watv.org\/es\/wp-json\/wp\/v2\/comments?post=107283"}],"version-history":[{"count":2,"href":"https:\/\/watv.org\/es\/wp-json\/wp\/v2\/posts\/107283\/revisions"}],"predecessor-version":[{"id":107628,"href":"https:\/\/watv.org\/es\/wp-json\/wp\/v2\/posts\/107283\/revisions\/107628"}],"wp:featuredmedia":[{"embeddable":true,"href":"https:\/\/watv.org\/es\/wp-json\/wp\/v2\/media\/96983"}],"wp:attachment":[{"href":"https:\/\/watv.org\/es\/wp-json\/wp\/v2\/media?parent=107283"}],"wp:term":[{"taxonomy":"category","embeddable":true,"href":"https:\/\/watv.org\/es\/wp-json\/wp\/v2\/categories?post=107283"},{"taxonomy":"post_tag","embeddable":true,"href":"https:\/\/watv.org\/es\/wp-json\/wp\/v2\/tags?post=107283"}],"curies":[{"name":"wp","href":"https:\/\/api.w.org\/{rel}","templated":true}]}}