{"id":144914,"date":"2024-05-19T07:00:53","date_gmt":"2024-05-18T22:00:53","guid":{"rendered":"https:\/\/watv.org\/ascension-day-and-pentecost-2024\/"},"modified":"2025-09-16T10:23:11","modified_gmt":"2025-09-16T01:23:11","slug":"ascension-day-and-pentecost-2024","status":"publish","type":"post","link":"https:\/\/watv.org\/es\/ascension-day-and-pentecost-2024\/","title":{"rendered":"Culto Conmemorativo del D\u00eda de Ascensi\u00f3n y Gran Asamblea del D\u00eda de Pentecost\u00e9s 2024"},"content":{"rendered":"<p>Hace dos mil a\u00f1os, en Jerusal\u00e9n, se reunieron unos ciento veinte santos en el aposento alto de Marcos. Despu\u00e9s de presenciar la ascensi\u00f3n de <a href=\"\/es\/bible_word\/who-is-jesus\/\">Jes\u00fas<\/a>, cuarenta d\u00edas despu\u00e9s de su resurrecci\u00f3n, se dedicaron todos los d\u00edas a la oraci\u00f3n hasta recibir el regalo que Dios hab\u00eda prometido. Despu\u00e9s de diez d\u00edas, en el <a href=\"\/es\/bible_word\/the-pentecost\/\">D\u00eda de Pentecost\u00e9s<\/a>, se llenaron del <a href=\"https:\/\/es.churchofgod.wiki\/El_Esp%C3%ADritu_Santo\">Esp\u00edritu Santo<\/a>. Dejando atr\u00e1s el temor y la timidez, y con el poder del Esp\u00edritu Santo, predicaron valientemente el evangelio y guiaron a tres mil y hasta cinco mil personas a la <a href=\"\/es\/truth-intro\/\">verdad<\/a> en un solo d\u00eda. Llevaron el mensaje de <a href=\"https:\/\/es.churchofgod.wiki\/Cristo\">Cristo<\/a> m\u00e1s all\u00e1 de Jerusal\u00e9n hasta Europa, abriendo as\u00ed un nuevo horizonte para el <a href=\"https:\/\/es.churchofgod.wiki\/El_evangelio\">evangelio<\/a>.<\/p>\n<p>La <a href=\"\/es\/church-intro\/\">Iglesia de Dios<\/a>, que hered\u00f3 la fe y la verdad del <a href=\"https:\/\/es.churchofgod.wiki\/Nuevo_pacto\">nuevo pacto<\/a> de la Iglesia primitiva, conmemora el D\u00eda de Ascensi\u00f3n en el d\u00eda cuarenta despu\u00e9s del <a href=\"\/es\/bible_word\/resurrection\/\">D\u00eda de Resurrecci\u00f3n<\/a>, y guarda la Gran Asamblea del D\u00eda de Pentecost\u00e9s en el d\u00eda cincuenta cada a\u00f1o. Este a\u00f1o, los cultos de las fiestas se llevaron a cabo en la Iglesia de Dios en todo el mundo el 9 y el 19 de mayo, respectivamente, junto con los cultos de la Semana de Oraci\u00f3n del D\u00eda de Pentecost\u00e9s, que se celebr\u00f3 por diez d\u00edas. Los miembros celebraron las fiestas sagradamente, esperando la gran bendici\u00f3n y el poder del Esp\u00edritu Santo aun mayores que en los d\u00edas de la Iglesia primitiva.<\/p>\n<h3>Culto Conmemorativo del D\u00eda de Ascensi\u00f3n: la alegr\u00eda de la ascensi\u00f3n y la confianza de la fe<\/h3>\n<p>En el <a href=\"\/es\/bible_word\/ascension-day\/\">D\u00eda de Ascensi\u00f3n<\/a>, la Madre celestial dio gracias al Padre celestial, quien concedi\u00f3 la esperanza de la ascensi\u00f3n a los hijos. Or\u00f3 para que todos los hijos pidieran el Esp\u00edritu Santo con un solo coraz\u00f3n, creyendo que lo recibir\u00edan, y que guiaran a muchas almas al cielo con la <a href=\"https:\/\/watvmedia.org\/es\/media\/to-whom-is-the-holy-spirit-of-the-latter-rain-given\">bendici\u00f3n del Esp\u00edritu Santo de la lluvia tard\u00eda<\/a>, m\u00e1s fuerte que en la primera venida de Jes\u00fas.<\/p>\n<figure class=\"limit\">\n <picture class=\"copyright\"><source media=\"(max-width:450px)\" srcset=\"\/wp-content\/themes\/watv\/images\/posts\/news_240519_01.jpg\"><img decoding=\"async\" src=\"\/wp-content\/themes\/watv\/images\/posts\/news_240519_01.jpg\"\n    srcset=\"\/wp-content\/themes\/watv\/images\/posts\/news_240519_01.jpg,\n            \/wp-content\/themes\/watv\/images\/posts\/news_240519_01@2x.jpg 2x\">\n <\/picture>\n<\/figure>\n<p>El Primer Pastor Kim Joo-cheol dijo: \u201cHace dos mil a\u00f1os, a pesar de la persecuci\u00f3n de la sociedad jud\u00eda, la alegr\u00eda de los disc\u00edpulos, que fueron testigos de la ascensi\u00f3n de Jes\u00fas, habr\u00eda sido indescriptible. Siendo transformados por la fe firme, proclamaron valientemente la verdad, cumpliendo el mandato de \u2018predicar el evangelio a todas las naciones\u2019, guiando a miles a la salvaci\u00f3n en un solo d\u00eda\u201d. Agreg\u00f3: \u201cNosotros, que participaremos de la futura gloria de la ascensi\u00f3n, debemos cumplir la misi\u00f3n del evangelio que Dios nos ha dado, con una fe firme\u201d, animando a los miembros (Hch 1:6-11, 1 Ts 4:13-18, 2 P 3:11-14, Mt 28:18-20). Asimismo, enfatiz\u00f3: \u201cEl lugar donde Dios mismo reina es Sion, donde se celebran las siete fiestas de tres tiempos. Por lo tanto, estemos orgullosos de ser miembros de Sion y llevemos una vida de fe con alegr\u00eda y gratitud, guiando a muchas almas a Sion, el refugio de la salvaci\u00f3n. Y para eso, roguemos fervientemente el poder del Esp\u00edritu Santo durante la Semana de Oraci\u00f3n del D\u00eda de Pentecost\u00e9s, esperando experimentar el cumplimiento de nuestras oraciones\u201d (Is 52:7-8, 33:20-24, Sal 97, 99).<\/p>\n<p>La Madre dese\u00f3 que, durante las fiestas, todos los miembros se revistieran de toda la armadura del Esp\u00edritu Santo, sin que faltara ninguno. Siguiendo este deseo, los miembros comenzaron con devoci\u00f3n la Semana de Oraci\u00f3n del D\u00eda de Pentecost\u00e9s, reflexionando sobre qu\u00e9 pedir en sus oraciones.<\/p>\n<h3>Gran Asamblea del D\u00eda de Pentecost\u00e9s: las puertas del evangelio se abren a trav\u00e9s de las acciones<\/h3>\n<p>El D\u00eda de Pentecost\u00e9s amaneci\u00f3 con el humo del incienso de las oraciones ofrecidas por los miembros de todo el mundo, durante la semana de oraci\u00f3n de diez d\u00edas que comenz\u00f3 desde la noche del D\u00eda de Ascensi\u00f3n.<\/p>\n<p>La Madre or\u00f3 para que, a trav\u00e9s de la bendici\u00f3n del Esp\u00edritu Santo en el D\u00eda de Pentecost\u00e9s, surgiera un ferviente movimiento del evangelio para que el agua de la vida del <a href=\"https:\/\/watvmedia.org\/es\/media\/holy-spirit-and-the-bride-tube\">Esp\u00edritu y la Esposa<\/a> llegara a todas las personas del mundo.<\/p>\n<figure class=\"limit\">\n <picture class=\"copyright\"><source media=\"(max-width:450px)\" srcset=\"\/wp-content\/themes\/watv\/images\/posts\/news_240519_02.jpg\"><img decoding=\"async\" src=\"\/wp-content\/themes\/watv\/images\/posts\/news_240519_02.jpg\"\n    srcset=\"\/wp-content\/themes\/watv\/images\/posts\/news_240519_02.jpg,\n            \/wp-content\/themes\/watv\/images\/posts\/news_240519_02@2x.jpg 2x\">\n <\/picture>\n<\/figure>\n<div class=\"divide limit\">\n<figure>\n  <picture class=\"copyright\"><source media=\"(max-width:450px)\" srcset=\"\/wp-content\/themes\/watv\/images\/posts\/news_240519_03.jpg\"><img decoding=\"async\" src=\"\/wp-content\/themes\/watv\/images\/posts\/news_240519_03.jpg\"\n     srcset=\"\/wp-content\/themes\/watv\/images\/posts\/news_240519_03.jpg,\n             \/wp-content\/themes\/watv\/images\/posts\/news_240519_03@2x.jpg 2x\">\n  <\/picture>\n <\/figure>\n<figure>\n  <picture class=\"copyright\"><source media=\"(max-width:450px)\" srcset=\"\/wp-content\/themes\/watv\/images\/posts\/news_240519_04.jpg\"><img decoding=\"async\" src=\"\/wp-content\/themes\/watv\/images\/posts\/news_240519_04.jpg\"\n     srcset=\"\/wp-content\/themes\/watv\/images\/posts\/news_240519_04.jpg,\n             \/wp-content\/themes\/watv\/images\/posts\/news_240519_04@2x.jpg 2x\">\n  <\/picture>\n <\/figure>\n<\/div>\n<p>El Primer Pastor Kim Joo-cheol dio una lecci\u00f3n sobre la actitud de los santos que han recibido el Esp\u00edritu Santo, diciendo: \u201cLa base para el crecimiento explosivo de la Iglesia primitiva, incluso en medio de circunstancias adversas, fue la obra de los santos que, al recibir el Esp\u00edritu Santo en el D\u00eda de Pentecost\u00e9s, fueron transformados por completo. Unidos por un profundo sentido de misi\u00f3n, se dedicaron plenamente a escudri\u00f1ar la palabra de Dios y a predicar sin cesar\u201d. Luego enfatiz\u00f3: \u201cLa llave del evangelio est\u00e1 en manos de Dios; si nosotros tambi\u00e9n seguimos sus pasos con una <a href=\"\/es\/bible_word\/faith-with-action\/\">fe que se pone en pr\u00e1ctica<\/a>, Dios se conmover\u00e1 y abrir\u00e1 de par en par la puerta de la <a href=\"\/es\/world\/\">evangelizaci\u00f3n mundial<\/a> (Hch 2:1-12, 40-41)\u201d. A\u00f1adi\u00f3: \u201cAs\u00ed como, a partir del D\u00eda de Pentecost\u00e9s, los ap\u00f3stoles proclamaron con fuerza el nombre de Jes\u00fas, el Salvador de la \u00e9poca del Hijo, proclamemos tambi\u00e9n nosotros, con toda libertad y valent\u00eda, el nombre de <a href=\"https:\/\/ahnsahnghong.com\/es\/\">Cristo Ahnsahnghong<\/a>, el Salvador de la \u00e9poca del Esp\u00edritu Santo\u201d. Entonces, los miembros expresaron un\u00e1nimemente su determinaci\u00f3n con un resonante \u201cam\u00e9n\u201d (Ap 3:12, Is 52:5-6, He 9:27-28).<\/p>\n<p>La Madre anim\u00f3 a los miembros que se hab\u00edan acercado a orar a Dios durante diez d\u00edas en la madrugada y la noche, e inculc\u00f3 valor en ellos, diciendo que si predican con el poder del Esp\u00edritu Santo, lograr\u00e1n mejores resultados que antes. Alent\u00f3 a sus hijos a proclamar el evangelio con pasi\u00f3n, sabidur\u00eda y valor del Esp\u00edritu Santo, y los inst\u00f3 una vez m\u00e1s a alumbrar la gloria de Dios, como <a href=\"https:\/\/watvmedia.org\/es\/media\/the-salt-and-light-of-the-world-the-life-of-a-christian\">la sal y la luz del mundo<\/a>.<\/p>\n<figure class=\"limit\">\n <picture class=\"copyright\"><source media=\"(max-width:450px)\" srcset=\"\/wp-content\/themes\/watv\/images\/posts\/news_240519_05.jpg\"><img decoding=\"async\" src=\"\/wp-content\/themes\/watv\/images\/posts\/news_240519_05.jpg\"\n    srcset=\"\/wp-content\/themes\/watv\/images\/posts\/news_240519_05.jpg,\n            \/wp-content\/themes\/watv\/images\/posts\/news_240519_05@2x.jpg 2x\">\n <\/picture>\n<\/figure>\n<p>Revestidos del Esp\u00edritu Santo gracias a las oraciones y al aliento de la Madre, los miembros sue\u00f1an con la gran obra del evangelio que se cumplir\u00e1 por el poder del Esp\u00edritu Santo. Con la determinaci\u00f3n de anunciar con diligencia las buenas nuevas de salvaci\u00f3n a todas las naciones, como lo hicieron los santos de la Iglesia primitiva, est\u00e1n impulsando con mayor fuerza el movimiento del Esp\u00edritu Santo.<\/p>\n<dl class=\"style-none\">\n<dd>En el d\u00eda cuarenta despu\u00e9s de su resurrecci\u00f3n, Jes\u00fas ascendi\u00f3 al cielo, y al d\u00eda cincuenta derram\u00f3 el Esp\u00edritu Santo, cumpliendo la profec\u00eda seg\u00fan las obras de <a href=\"https:\/\/es.churchofgod.wiki\/Mois%C3%A9s\">Mois\u00e9s<\/a> en la \u00e9poca del Antiguo Testamento.<\/dd>\n<dt>Culto Conmemorativo del D\u00eda de Ascensi\u00f3n<\/dt>\n<dd>En el d\u00eda cuarenta despu\u00e9s de que los israelitas cruzaron el mar Rojo, Mois\u00e9s lleg\u00f3 al desierto de Sina\u00ed, subi\u00f3 al monte Sina\u00ed y se acerc\u00f3 a Dios (Ex 19:1-7). Esta es una profec\u00eda de lo que Jes\u00fas cumplir\u00eda: Jes\u00fas ascendi\u00f3 al cielo cuarenta d\u00edas despu\u00e9s de su resurrecci\u00f3n (Hch 1:3-9).<\/dd>\n<dt>Gran Asamblea del D\u00eda de Pentecost\u00e9s<\/dt>\n<dd>En el d\u00eda cincuenta despu\u00e9s de cruzar el mar Rojo, Mois\u00e9s subi\u00f3 al monte Sina\u00ed para recibir las tablas de piedra con los diez mandamientos que Dios hab\u00eda escrito. Dios estableci\u00f3 el D\u00eda de Pentecost\u00e9s (\u201cFiesta de las Semanas\u201d en el Antiguo Testamento) para conmemorar este d\u00eda (Ex 24:12-18, Lv 23:15-18). Seg\u00fan la profec\u00eda, en el d\u00eda cincuenta despu\u00e9s de su resurrecci\u00f3n, Jes\u00fas entr\u00f3 en el Lugar Sant\u00edsimo del cielo y derram\u00f3 el Esp\u00edritu Santo sobre sus disc\u00edpulos (He 9:11-24, Hch 2:33).<\/dd>\n<\/dl>\n","protected":false},"excerpt":{"rendered":"Hace dos mil a\u00f1os, en Jerusal\u00e9n, se reunieron unos ciento veinte santos en el aposento alto de Marcos. Despu\u00e9s de presenciar la ascensi\u00f3n de Jes\u00fas, cuarenta d\u00edas despu\u00e9s de su resurrecci\u00f3n, se dedicaron todos los d\u00edas a la oraci\u00f3n hasta recibir el regalo que Dios hab\u00eda prometido. Despu\u00e9s de diez d\u00edas, en el D\u00eda de&#8230;","protected":false},"author":23,"featured_media":114767,"comment_status":"closed","ping_status":"closed","sticky":false,"template":"post-type\/post-type-header-full-screen.php","format":"standard","meta":{"footnotes":""},"categories":[154,152],"tags":[],"class_list":["post-144914","post","type-post","status-publish","format-standard","has-post-thumbnail","hentry","category-news","category-global-news"],"yoast_head":"<!-- This site is optimized with the Yoast SEO plugin v27.4 - https:\/\/yoast.com\/product\/yoast-seo-wordpress\/ -->\n<title>Culto Conmemorativo del D\u00eda de Ascensi\u00f3n y Gran Asamblea del D\u00eda de Pentecost\u00e9s 2024 - Iglesia de Dios Sociedad Misionera Mundial<\/title>\n<meta name=\"robots\" content=\"index, follow, max-snippet:-1, max-image-preview:large, max-video-preview:-1\" \/>\n<link rel=\"canonical\" href=\"https:\/\/watv.org\/es\/ascension-day-and-pentecost-2024\/\" \/>\n<meta property=\"og:locale\" content=\"es_ES\" \/>\n<meta property=\"og:type\" content=\"article\" \/>\n<meta property=\"og:title\" content=\"Culto Conmemorativo del D\u00eda de Ascensi\u00f3n y Gran Asamblea del D\u00eda de Pentecost\u00e9s 2024 - Iglesia de Dios Sociedad Misionera Mundial\" \/>\n<meta property=\"og:description\" content=\"Hace dos mil a\u00f1os, en Jerusal\u00e9n, se reunieron unos ciento veinte santos en el aposento alto de Marcos. Despu\u00e9s de presenciar la ascensi\u00f3n de Jes\u00fas, cuarenta d\u00edas despu\u00e9s de su resurrecci\u00f3n, se dedicaron todos los d\u00edas a la oraci\u00f3n hasta recibir el regalo que Dios hab\u00eda prometido. Despu\u00e9s de diez d\u00edas, en el D\u00eda de...\" \/>\n<meta property=\"og:url\" content=\"https:\/\/watv.org\/es\/ascension-day-and-pentecost-2024\/\" \/>\n<meta property=\"og:site_name\" content=\"Iglesia de Dios Sociedad Misionera Mundial\" \/>\n<meta property=\"article:published_time\" content=\"2024-05-18T22:00:53+00:00\" \/>\n<meta property=\"article:modified_time\" content=\"2025-09-16T01:23:11+00:00\" \/>\n<meta property=\"og:image\" content=\"https:\/\/watv.org\/wp-content\/uploads\/2024\/06\/thum_ascension_day_and_pentecost_2024.jpg\" \/>\n\t<meta property=\"og:image:width\" content=\"3840\" \/>\n\t<meta property=\"og:image:height\" content=\"2000\" \/>\n\t<meta property=\"og:image:type\" content=\"image\/jpeg\" \/>\n<meta name=\"author\" content=\"ym\" \/>\n<meta name=\"twitter:card\" content=\"summary_large_image\" \/>\n<script type=\"application\/ld+json\" class=\"yoast-schema-graph\">{\"@context\":\"https:\\\/\\\/schema.org\",\"@graph\":[{\"@type\":\"Article\",\"@id\":\"https:\\\/\\\/watv.org\\\/es\\\/ascension-day-and-pentecost-2024\\\/#article\",\"isPartOf\":{\"@id\":\"https:\\\/\\\/watv.org\\\/es\\\/ascension-day-and-pentecost-2024\\\/\"},\"author\":{\"name\":\"ym\",\"@id\":\"https:\\\/\\\/watv.org\\\/es\\\/#\\\/schema\\\/person\\\/f2dd207c9d18226ac0e0247c7858a349\"},\"headline\":\"Culto Conmemorativo del D\u00eda de Ascensi\u00f3n y Gran Asamblea del D\u00eda de Pentecost\u00e9s 2024\",\"datePublished\":\"2024-05-18T22:00:53+00:00\",\"dateModified\":\"2025-09-16T01:23:11+00:00\",\"mainEntityOfPage\":{\"@id\":\"https:\\\/\\\/watv.org\\\/es\\\/ascension-day-and-pentecost-2024\\\/\"},\"wordCount\":1338,\"publisher\":{\"@id\":\"https:\\\/\\\/watv.org\\\/es\\\/#organization\"},\"image\":{\"@id\":\"https:\\\/\\\/watv.org\\\/es\\\/ascension-day-and-pentecost-2024\\\/#primaryimage\"},\"thumbnailUrl\":\"https:\\\/\\\/watv.org\\\/wp-content\\\/uploads\\\/2024\\\/06\\\/thum_ascension_day_and_pentecost_2024.jpg\",\"articleSection\":[\"Gran Asamblea\",\"Noticias globales\"],\"inLanguage\":\"es\"},{\"@type\":\"WebPage\",\"@id\":\"https:\\\/\\\/watv.org\\\/es\\\/ascension-day-and-pentecost-2024\\\/\",\"url\":\"https:\\\/\\\/watv.org\\\/es\\\/ascension-day-and-pentecost-2024\\\/\",\"name\":\"Culto Conmemorativo del D\u00eda de Ascensi\u00f3n y Gran Asamblea del D\u00eda de Pentecost\u00e9s 2024 - Iglesia de Dios Sociedad Misionera Mundial\",\"isPartOf\":{\"@id\":\"https:\\\/\\\/watv.org\\\/es\\\/#website\"},\"primaryImageOfPage\":{\"@id\":\"https:\\\/\\\/watv.org\\\/es\\\/ascension-day-and-pentecost-2024\\\/#primaryimage\"},\"image\":{\"@id\":\"https:\\\/\\\/watv.org\\\/es\\\/ascension-day-and-pentecost-2024\\\/#primaryimage\"},\"thumbnailUrl\":\"https:\\\/\\\/watv.org\\\/wp-content\\\/uploads\\\/2024\\\/06\\\/thum_ascension_day_and_pentecost_2024.jpg\",\"datePublished\":\"2024-05-18T22:00:53+00:00\",\"dateModified\":\"2025-09-16T01:23:11+00:00\",\"breadcrumb\":{\"@id\":\"https:\\\/\\\/watv.org\\\/es\\\/ascension-day-and-pentecost-2024\\\/#breadcrumb\"},\"inLanguage\":\"es\",\"potentialAction\":[{\"@type\":\"ReadAction\",\"target\":[\"https:\\\/\\\/watv.org\\\/es\\\/ascension-day-and-pentecost-2024\\\/\"]}]},{\"@type\":\"ImageObject\",\"inLanguage\":\"es\",\"@id\":\"https:\\\/\\\/watv.org\\\/es\\\/ascension-day-and-pentecost-2024\\\/#primaryimage\",\"url\":\"https:\\\/\\\/watv.org\\\/wp-content\\\/uploads\\\/2024\\\/06\\\/thum_ascension_day_and_pentecost_2024.jpg\",\"contentUrl\":\"https:\\\/\\\/watv.org\\\/wp-content\\\/uploads\\\/2024\\\/06\\\/thum_ascension_day_and_pentecost_2024.jpg\",\"width\":3840,\"height\":2000},{\"@type\":\"BreadcrumbList\",\"@id\":\"https:\\\/\\\/watv.org\\\/es\\\/ascension-day-and-pentecost-2024\\\/#breadcrumb\",\"itemListElement\":[{\"@type\":\"ListItem\",\"position\":1,\"name\":\"Home\",\"item\":\"https:\\\/\\\/watv.org\\\/es\\\/\"},{\"@type\":\"ListItem\",\"position\":2,\"name\":\"Culto Conmemorativo del D\u00eda de Ascensi\u00f3n y Gran Asamblea del D\u00eda de Pentecost\u00e9s 2024\"}]},{\"@type\":\"WebSite\",\"@id\":\"https:\\\/\\\/watv.org\\\/es\\\/#website\",\"url\":\"https:\\\/\\\/watv.org\\\/es\\\/\",\"name\":\"Iglesia de Dios Sociedad Misionera Mundial\",\"description\":\"With Mother\u2019s heartwarming love, we deliver eternal happiness to seven billion people in the world.\",\"publisher\":{\"@id\":\"https:\\\/\\\/watv.org\\\/es\\\/#organization\"},\"potentialAction\":[{\"@type\":\"SearchAction\",\"target\":{\"@type\":\"EntryPoint\",\"urlTemplate\":\"https:\\\/\\\/watv.org\\\/es\\\/?s={search_term_string}\"},\"query-input\":{\"@type\":\"PropertyValueSpecification\",\"valueRequired\":true,\"valueName\":\"search_term_string\"}}],\"inLanguage\":\"es\"},{\"@type\":\"Organization\",\"@id\":\"https:\\\/\\\/watv.org\\\/es\\\/#organization\",\"name\":\"World Mission Society Church of God - \ud558\ub098\ub2d8\uc758\uad50\ud68c \uc138\uacc4\ubcf5\uc74c\uc120\uad50\ud611\ud68c\",\"url\":\"https:\\\/\\\/watv.org\\\/es\\\/\",\"logo\":{\"@type\":\"ImageObject\",\"inLanguage\":\"es\",\"@id\":\"https:\\\/\\\/watv.org\\\/es\\\/#\\\/schema\\\/logo\\\/image\\\/\",\"url\":\"https:\\\/\\\/watv.org\\\/wp-content\\\/uploads\\\/2022\\\/06\\\/WorldMissionSociety_ChurchofGod_Symbol_Logo.png\",\"contentUrl\":\"https:\\\/\\\/watv.org\\\/wp-content\\\/uploads\\\/2022\\\/06\\\/WorldMissionSociety_ChurchofGod_Symbol_Logo.png\",\"width\":1001,\"height\":1331,\"caption\":\"World Mission Society Church of God - \ud558\ub098\ub2d8\uc758\uad50\ud68c \uc138\uacc4\ubcf5\uc74c\uc120\uad50\ud611\ud68c\"},\"image\":{\"@id\":\"https:\\\/\\\/watv.org\\\/es\\\/#\\\/schema\\\/logo\\\/image\\\/\"},\"sameAs\":[\"https:\\\/\\\/www.youtube.com\\\/channel\\\/UCioiBk9rS5Dv5j66hUipsuQ\"]},{\"@type\":\"Person\",\"@id\":\"https:\\\/\\\/watv.org\\\/es\\\/#\\\/schema\\\/person\\\/f2dd207c9d18226ac0e0247c7858a349\",\"name\":\"ym\"}]}<\/script>\n<!-- \/ Yoast SEO plugin. -->","yoast_head_json":{"title":"Culto Conmemorativo del D\u00eda de Ascensi\u00f3n y Gran Asamblea del D\u00eda de Pentecost\u00e9s 2024 - Iglesia de Dios Sociedad Misionera Mundial","robots":{"index":"index","follow":"follow","max-snippet":"max-snippet:-1","max-image-preview":"max-image-preview:large","max-video-preview":"max-video-preview:-1"},"canonical":"https:\/\/watv.org\/es\/ascension-day-and-pentecost-2024\/","og_locale":"es_ES","og_type":"article","og_title":"Culto Conmemorativo del D\u00eda de Ascensi\u00f3n y Gran Asamblea del D\u00eda de Pentecost\u00e9s 2024 - Iglesia de Dios Sociedad Misionera Mundial","og_description":"Hace dos mil a\u00f1os, en Jerusal\u00e9n, se reunieron unos ciento veinte santos en el aposento alto de Marcos. Despu\u00e9s de presenciar la ascensi\u00f3n de Jes\u00fas, cuarenta d\u00edas despu\u00e9s de su resurrecci\u00f3n, se dedicaron todos los d\u00edas a la oraci\u00f3n hasta recibir el regalo que Dios hab\u00eda prometido. Despu\u00e9s de diez d\u00edas, en el D\u00eda de...","og_url":"https:\/\/watv.org\/es\/ascension-day-and-pentecost-2024\/","og_site_name":"Iglesia de Dios Sociedad Misionera Mundial","article_published_time":"2024-05-18T22:00:53+00:00","article_modified_time":"2025-09-16T01:23:11+00:00","og_image":[{"width":3840,"height":2000,"url":"https:\/\/watv.org\/wp-content\/uploads\/2024\/06\/thum_ascension_day_and_pentecost_2024.jpg","type":"image\/jpeg"}],"author":"ym","twitter_card":"summary_large_image","schema":{"@context":"https:\/\/schema.org","@graph":[{"@type":"Article","@id":"https:\/\/watv.org\/es\/ascension-day-and-pentecost-2024\/#article","isPartOf":{"@id":"https:\/\/watv.org\/es\/ascension-day-and-pentecost-2024\/"},"author":{"name":"ym","@id":"https:\/\/watv.org\/es\/#\/schema\/person\/f2dd207c9d18226ac0e0247c7858a349"},"headline":"Culto Conmemorativo del D\u00eda de Ascensi\u00f3n y Gran Asamblea del D\u00eda de Pentecost\u00e9s 2024","datePublished":"2024-05-18T22:00:53+00:00","dateModified":"2025-09-16T01:23:11+00:00","mainEntityOfPage":{"@id":"https:\/\/watv.org\/es\/ascension-day-and-pentecost-2024\/"},"wordCount":1338,"publisher":{"@id":"https:\/\/watv.org\/es\/#organization"},"image":{"@id":"https:\/\/watv.org\/es\/ascension-day-and-pentecost-2024\/#primaryimage"},"thumbnailUrl":"https:\/\/watv.org\/wp-content\/uploads\/2024\/06\/thum_ascension_day_and_pentecost_2024.jpg","articleSection":["Gran Asamblea","Noticias globales"],"inLanguage":"es"},{"@type":"WebPage","@id":"https:\/\/watv.org\/es\/ascension-day-and-pentecost-2024\/","url":"https:\/\/watv.org\/es\/ascension-day-and-pentecost-2024\/","name":"Culto Conmemorativo del D\u00eda de Ascensi\u00f3n y Gran Asamblea del D\u00eda de Pentecost\u00e9s 2024 - Iglesia de Dios Sociedad Misionera Mundial","isPartOf":{"@id":"https:\/\/watv.org\/es\/#website"},"primaryImageOfPage":{"@id":"https:\/\/watv.org\/es\/ascension-day-and-pentecost-2024\/#primaryimage"},"image":{"@id":"https:\/\/watv.org\/es\/ascension-day-and-pentecost-2024\/#primaryimage"},"thumbnailUrl":"https:\/\/watv.org\/wp-content\/uploads\/2024\/06\/thum_ascension_day_and_pentecost_2024.jpg","datePublished":"2024-05-18T22:00:53+00:00","dateModified":"2025-09-16T01:23:11+00:00","breadcrumb":{"@id":"https:\/\/watv.org\/es\/ascension-day-and-pentecost-2024\/#breadcrumb"},"inLanguage":"es","potentialAction":[{"@type":"ReadAction","target":["https:\/\/watv.org\/es\/ascension-day-and-pentecost-2024\/"]}]},{"@type":"ImageObject","inLanguage":"es","@id":"https:\/\/watv.org\/es\/ascension-day-and-pentecost-2024\/#primaryimage","url":"https:\/\/watv.org\/wp-content\/uploads\/2024\/06\/thum_ascension_day_and_pentecost_2024.jpg","contentUrl":"https:\/\/watv.org\/wp-content\/uploads\/2024\/06\/thum_ascension_day_and_pentecost_2024.jpg","width":3840,"height":2000},{"@type":"BreadcrumbList","@id":"https:\/\/watv.org\/es\/ascension-day-and-pentecost-2024\/#breadcrumb","itemListElement":[{"@type":"ListItem","position":1,"name":"Home","item":"https:\/\/watv.org\/es\/"},{"@type":"ListItem","position":2,"name":"Culto Conmemorativo del D\u00eda de Ascensi\u00f3n y Gran Asamblea del D\u00eda de Pentecost\u00e9s 2024"}]},{"@type":"WebSite","@id":"https:\/\/watv.org\/es\/#website","url":"https:\/\/watv.org\/es\/","name":"Iglesia de Dios Sociedad Misionera Mundial","description":"With Mother\u2019s heartwarming love, we deliver eternal happiness to seven billion people in the world.","publisher":{"@id":"https:\/\/watv.org\/es\/#organization"},"potentialAction":[{"@type":"SearchAction","target":{"@type":"EntryPoint","urlTemplate":"https:\/\/watv.org\/es\/?s={search_term_string}"},"query-input":{"@type":"PropertyValueSpecification","valueRequired":true,"valueName":"search_term_string"}}],"inLanguage":"es"},{"@type":"Organization","@id":"https:\/\/watv.org\/es\/#organization","name":"World Mission Society Church of God - \ud558\ub098\ub2d8\uc758\uad50\ud68c \uc138\uacc4\ubcf5\uc74c\uc120\uad50\ud611\ud68c","url":"https:\/\/watv.org\/es\/","logo":{"@type":"ImageObject","inLanguage":"es","@id":"https:\/\/watv.org\/es\/#\/schema\/logo\/image\/","url":"https:\/\/watv.org\/wp-content\/uploads\/2022\/06\/WorldMissionSociety_ChurchofGod_Symbol_Logo.png","contentUrl":"https:\/\/watv.org\/wp-content\/uploads\/2022\/06\/WorldMissionSociety_ChurchofGod_Symbol_Logo.png","width":1001,"height":1331,"caption":"World Mission Society Church of God - \ud558\ub098\ub2d8\uc758\uad50\ud68c \uc138\uacc4\ubcf5\uc74c\uc120\uad50\ud611\ud68c"},"image":{"@id":"https:\/\/watv.org\/es\/#\/schema\/logo\/image\/"},"sameAs":["https:\/\/www.youtube.com\/channel\/UCioiBk9rS5Dv5j66hUipsuQ"]},{"@type":"Person","@id":"https:\/\/watv.org\/es\/#\/schema\/person\/f2dd207c9d18226ac0e0247c7858a349","name":"ym"}]}},"_links":{"self":[{"href":"https:\/\/watv.org\/es\/wp-json\/wp\/v2\/posts\/144914","targetHints":{"allow":["GET"]}}],"collection":[{"href":"https:\/\/watv.org\/es\/wp-json\/wp\/v2\/posts"}],"about":[{"href":"https:\/\/watv.org\/es\/wp-json\/wp\/v2\/types\/post"}],"author":[{"embeddable":true,"href":"https:\/\/watv.org\/es\/wp-json\/wp\/v2\/users\/23"}],"replies":[{"embeddable":true,"href":"https:\/\/watv.org\/es\/wp-json\/wp\/v2\/comments?post=144914"}],"version-history":[{"count":1,"href":"https:\/\/watv.org\/es\/wp-json\/wp\/v2\/posts\/144914\/revisions"}],"predecessor-version":[{"id":144915,"href":"https:\/\/watv.org\/es\/wp-json\/wp\/v2\/posts\/144914\/revisions\/144915"}],"wp:featuredmedia":[{"embeddable":true,"href":"https:\/\/watv.org\/es\/wp-json\/wp\/v2\/media\/114767"}],"wp:attachment":[{"href":"https:\/\/watv.org\/es\/wp-json\/wp\/v2\/media?parent=144914"}],"wp:term":[{"taxonomy":"category","embeddable":true,"href":"https:\/\/watv.org\/es\/wp-json\/wp\/v2\/categories?post=144914"},{"taxonomy":"post_tag","embeddable":true,"href":"https:\/\/watv.org\/es\/wp-json\/wp\/v2\/tags?post=144914"}],"curies":[{"name":"wp","href":"https:\/\/api.w.org\/{rel}","templated":true}]}}