{"id":167802,"date":"2025-06-04T07:00:56","date_gmt":"2025-06-03T22:00:56","guid":{"rendered":"https:\/\/watv.org\/2nd-asez-wao-global-forum\/"},"modified":"2026-04-22T11:04:56","modified_gmt":"2026-04-22T02:04:56","slug":"2nd-asez-wao-global-forum","status":"publish","type":"post","link":"https:\/\/watv.org\/es\/2nd-asez-wao-global-forum\/","title":{"rendered":"2.\u00ba Foro Internacional de ASEZ WAO"},"content":{"rendered":"<p>El 4 de junio, un d\u00eda antes del <a href=\"https:\/\/www.worldenvironmentday.global\/\">D\u00eda Mundial del Medio Ambiente<\/a>, se llev\u00f3 a cabo el 2.\u00ba Foro Internacional de <a href=\"https:\/\/asezwao.org\/es\/\">ASEZ WAO<\/a> en The Suite Hotel Jeju en Seogwipo. En preparaci\u00f3n para el evento, ASEZ WAO gener\u00f3 conciencia sobre la contaminaci\u00f3n por pl\u00e1sticos a trav\u00e9s de campa\u00f1as en la calle en Jeju, Se\u00fal y Busan a fines de mayo. En este contexto, el foro \u2014celebrado bajo el mismo tema\u2014 sirvi\u00f3 para profundizar la comprensi\u00f3n y fortalecer el compromiso con la acci\u00f3n, reforzando la solidaridad mundial. Asistieron un total de 110 participantes, entre ellos figuras de los \u00e1mbitos pol\u00edtico, acad\u00e9mico y educativo, tanto a nivel nacional como internacional, as\u00ed como activistas de ASEZ WAO y ciudadanos.<\/p>\n<figure class=\"limit\">\n <picture class=\"copyright\"><source media=\"(max-width:450px)\" srcset=\"\/wp-content\/themes\/watv\/images\/posts\/news_250604_01.jpg\"><img decoding=\"async\" src=\"\/wp-content\/themes\/watv\/images\/posts\/news_250604_01.jpg\"\n    srcset=\"\/wp-content\/themes\/watv\/images\/posts\/news_250604_01.jpg,\n            \/wp-content\/themes\/watv\/images\/posts\/news_250604_01@2x.jpg 2x\">\n <\/picture>\n<\/figure>\n<p>En sus palabras de apertura, el presidente de ASEZ WAO, Kim Yong-gap, declar\u00f3: \u201cDurante los \u00faltimos ocho a\u00f1os, ASEZ WAO ha creado conciencia sobre la contaminaci\u00f3n por pl\u00e1sticos y ha llevado a cabo actividades de limpieza en todo el mundo a trav\u00e9s del proyecto \u201c<a href=\"https:\/\/asezwao.org\/es\/no-more-gpgp\/\">No M\u00e1s Islas de Basura<\/a>\u201d. A partir de ahora, trabajaremos con ciudadanos globales, gobiernos y comunidades internacionales bajo la visi\u00f3n m\u00e1s amplia de un mundo sin contaminaci\u00f3n por pl\u00e1sticos\u201d.<\/p>\n<p>Jung Min-gu, miembro del Consejo Provincial de Jeju, pronunci\u00f3 un discurso de felicitaci\u00f3n: \u201cFui testigo de la sinceridad y la energ\u00eda de ASEZ WAO de primera mano en el espect\u00e1culo callejero. Jeju tambi\u00e9n est\u00e1 promoviendo una pol\u00edtica libre de pl\u00e1sticos, y continuaremos apoyando sus esfuerzos\u201d.<\/p>\n<p>Se compartieron mensajes de apoyo en v\u00eddeo de destacadas figuras mundiales, entre ellas: Kim Han-kyu, congresista nacional; Lee Sang-bong, presidente del <a href=\"https:\/\/www.council.jeju.kr\/english\/index.do\">Consejo Provincial de Jeju<\/a>; Charles Moore, fundador del Instituto Moore para la Investigaci\u00f3n de la Contaminaci\u00f3n Pl\u00e1stica; Eduardo Salhuana Cavides, presidente del Congreso del Per\u00fa; Juan Carlos Castro, ministro del Ambiente del Per\u00fa; Alec Brook-Krasny, diputado de la Asamblea Estatal de Nueva York, Estados Unidos. Los participantes del foro reafirmaron su solidaridad y apoyo continuos al firmar la Declaraci\u00f3n Conjunta de <a href=\"https:\/\/asezwao.org\/es\/plastic-free\/\">Cero Pl\u00e1stico 2040<\/a> de ASEZ WAO.<\/p>\n<figure class=\"limit\">\n <picture class=\"copyright\"><source media=\"(max-width:450px)\" srcset=\"\/wp-content\/themes\/watv\/images\/posts\/news_250604_02.jpg\"><img decoding=\"async\" src=\"\/wp-content\/themes\/watv\/images\/posts\/news_250604_02.jpg\"\n    srcset=\"\/wp-content\/themes\/watv\/images\/posts\/news_250604_02.jpg,\n            \/wp-content\/themes\/watv\/images\/posts\/news_250604_02@2x.jpg 2x\">\n <\/picture>\n<\/figure>\n<p>Despu\u00e9s de la ceremonia de apertura, la segunda parte del foro cont\u00f3 con conferencias de expertos que presentaron diversas perspectivas sobre c\u00f3mo poner fin a la contaminaci\u00f3n por pl\u00e1sticos. Michelle Rubido Palumbarit, directora de UP-CIFAL Filipinas y profesora asociada en el Centro Asi\u00e1tico de la <a href=\"https:\/\/up.edu.ph\/\">Universidad de Filipinas<\/a>, destac\u00f3: \u201cPoner fin a la contaminaci\u00f3n por pl\u00e1sticos es esencial no solo para la biodiversidad, sino tambi\u00e9n para la econom\u00eda y la vida humana\u201d, mientras presentaba el papel de los gobiernos locales en Filipinas y sus pol\u00edticas ambientales. Yang Young-soo, miembro del Consejo Provincial de Jeju y vicepresidente del Foro de Respuesta a la Crisis Clim\u00e1tica y Carbono Neutral del Consejo Provincial de Jeju, enfatiz\u00f3 la necesidad de reducir la producci\u00f3n de pl\u00e1stico, desarrollar alternativas y cambiar los estilos de vida, afirmando: \u201cNecesitamos la valent\u00eda para aceptar los inconvenientes\u201d, instando a la acci\u00f3n proactiva. Kim In-hwan, investigador del <a href=\"https:\/\/isd.snu.ac.kr\/en\/\">Instituto de Investigaci\u00f3n para el Desarrollo Sostenible de la Universidad Nacional de Se\u00fal<\/a>, dijo: \u201cLas actividades ambientales lideradas por la comunidad deben extenderse globalmente. Tomar la iniciativa y practicar juntos es la soluci\u00f3n\u201d. Todos los expertos coincidieron en que \u201cla participaci\u00f3n de los j\u00f3venes es la clave para cambiar el futuro\u201d, expresando su apoyo continuo a las iniciativas de ASEZ WAO.<\/p>\n<div class=\"divide limit\">\n<figure>\n  <picture class=\"copyright\"><source media=\"(max-width:450px)\" srcset=\"\/wp-content\/themes\/watv\/images\/posts\/news_250604_03.jpg\"><img decoding=\"async\" src=\"\/wp-content\/themes\/watv\/images\/posts\/news_250604_03.jpg\"\n     srcset=\"\/wp-content\/themes\/watv\/images\/posts\/news_250604_03.jpg,\n             \/wp-content\/themes\/watv\/images\/posts\/news_250604_03@2x.jpg 2x\">\n  <\/picture>\n <\/figure>\n<figure>\n  <picture class=\"copyright\"><source media=\"(max-width:450px)\" srcset=\"\/wp-content\/themes\/watv\/images\/posts\/news_250604_04.jpg\"><img decoding=\"async\" src=\"\/wp-content\/themes\/watv\/images\/posts\/news_250604_04.jpg\"\n     srcset=\"\/wp-content\/themes\/watv\/images\/posts\/news_250604_04.jpg,\n             \/wp-content\/themes\/watv\/images\/posts\/news_250604_04@2x.jpg 2x\">\n  <\/picture>\n <\/figure>\n<\/div>\n<p>El foro de la ASEZ WAO fue particularmente significativo ya que coincidi\u00f3 con el evento del 54.\u00b0 D\u00eda Mundial del Medio Ambiente (del 2 al 5 de junio) organizado por el Ministerio de Medio Ambiente de Corea y el PNUMA en la provincia de Jeju. Se se\u00f1al\u00f3 que las acciones pr\u00e1cticas de los j\u00f3venes contribuyen a aumentar el inter\u00e9s y la participaci\u00f3n del p\u00fablico en la soluci\u00f3n de los problemas de contaminaci\u00f3n por pl\u00e1sticos.<\/p>\n<p>Al d\u00eda siguiente del foro, los miembros de ASEZ WAO asistieron a la ceremonia del D\u00eda Mundial del Medio Ambiente en el <a href=\"https:\/\/www.iccjeju.co.kr\/eng\/main\/main.php\">Centro Internacional de Convenciones de Jeju<\/a>, donde aprendieron sobre las tendencias internacionales para poner fin a la contaminaci\u00f3n por pl\u00e1sticos y exploraron actividades futuras en presencia de delegaciones de 19 pa\u00edses socios. El miembro Lee Ye-seul, quien asisti\u00f3 tanto al foro como a la ceremonia, dijo: \u201cA trav\u00e9s de varias campa\u00f1as, me he dado cuenta de que acabar con la contaminaci\u00f3n por pl\u00e1sticos requiere una participaci\u00f3n masiva. Despu\u00e9s de escuchar el asesoramiento de expertos, ahora siento la responsabilidad de dise\u00f1ar proyectos que sean accesibles e inclusivos independientemente del pa\u00eds o la cultura\u201d. Lee Dong-hyun, un soldado que actualmente sirve en Goseong, provincia de Gangwon, comparti\u00f3: \u201cLlegu\u00e9 a casa de vacaciones y asist\u00ed al foro. Esto me ayud\u00f3 a comprender la gravedad de los problemas relacionados con los pl\u00e1sticos. Comenzar\u00e9 por poner en pr\u00e1ctica la separaci\u00f3n de residuos y reducir el uso de pl\u00e1stico en mi unidad militar y concienciar\u00e9 activamente a mis compa\u00f1eros soldados\u201d.<\/p>\n<p>ASEZ WAO planea continuar sus iniciativas activas para crear un mundo libre de contaminaci\u00f3n por pl\u00e1sticos aprovechando su red global de miembros en 175 pa\u00edses y comprometi\u00e9ndose en una comunicaci\u00f3n activa con gobiernos, organizaciones y expertos de todo el mundo.<\/p>\n<figure class=\"limit\">\n <picture class=\"copyright\"><source media=\"(max-width:450px)\" srcset=\"\/wp-content\/themes\/watv\/images\/posts\/news_250604_05.jpg\"><img decoding=\"async\" src=\"\/wp-content\/themes\/watv\/images\/posts\/news_250604_05.jpg\"\n    srcset=\"\/wp-content\/themes\/watv\/images\/posts\/news_250604_05.jpg,\n            \/wp-content\/themes\/watv\/images\/posts\/news_250604_05@2x.jpg 2x\">\n <\/picture>\n<\/figure>\n","protected":false},"excerpt":{"rendered":"El 4 de junio, un d\u00eda antes del D\u00eda Mundial del Medio Ambiente, se llev\u00f3 a cabo el 2.\u00ba Foro Internacional de ASEZ WAO en The Suite Hotel Jeju en Seogwipo. En preparaci\u00f3n para el evento, ASEZ WAO gener\u00f3 conciencia sobre la contaminaci\u00f3n por pl\u00e1sticos a trav\u00e9s de campa\u00f1as en la calle en Jeju, Se\u00fal&#8230;","protected":false},"author":23,"featured_media":138791,"comment_status":"closed","ping_status":"closed","sticky":false,"template":"post-type\/post-type-header-full-screen.php","format":"standard","meta":{"footnotes":""},"categories":[154,152],"tags":[],"class_list":["post-167802","post","type-post","status-publish","format-standard","has-post-thumbnail","hentry","category-news","category-global-news"],"yoast_head":"<!-- This site is optimized with the Yoast SEO plugin v27.4 - https:\/\/yoast.com\/product\/yoast-seo-wordpress\/ -->\n<title>2.\u00ba Foro Internacional de ASEZ WAO - Iglesia de Dios Sociedad Misionera Mundial<\/title>\n<meta name=\"robots\" content=\"index, follow, max-snippet:-1, max-image-preview:large, max-video-preview:-1\" \/>\n<link rel=\"canonical\" href=\"https:\/\/watv.org\/es\/2nd-asez-wao-global-forum\/\" \/>\n<meta property=\"og:locale\" content=\"es_ES\" \/>\n<meta property=\"og:type\" content=\"article\" \/>\n<meta property=\"og:title\" content=\"2.\u00ba Foro Internacional de ASEZ WAO - Iglesia de Dios Sociedad Misionera Mundial\" \/>\n<meta property=\"og:description\" content=\"El 4 de junio, un d\u00eda antes del D\u00eda Mundial del Medio Ambiente, se llev\u00f3 a cabo el 2.\u00ba Foro Internacional de ASEZ WAO en The Suite Hotel Jeju en Seogwipo. En preparaci\u00f3n para el evento, ASEZ WAO gener\u00f3 conciencia sobre la contaminaci\u00f3n por pl\u00e1sticos a trav\u00e9s de campa\u00f1as en la calle en Jeju, Se\u00fal...\" \/>\n<meta property=\"og:url\" content=\"https:\/\/watv.org\/es\/2nd-asez-wao-global-forum\/\" \/>\n<meta property=\"og:site_name\" content=\"Iglesia de Dios Sociedad Misionera Mundial\" \/>\n<meta property=\"article:published_time\" content=\"2025-06-03T22:00:56+00:00\" \/>\n<meta property=\"article:modified_time\" content=\"2026-04-22T02:04:56+00:00\" \/>\n<meta property=\"og:image\" content=\"https:\/\/watv.org\/wp-content\/uploads\/2025\/06\/thum_2nd_asez_wao_global_forum.jpg\" \/>\n\t<meta property=\"og:image:width\" content=\"3840\" \/>\n\t<meta property=\"og:image:height\" content=\"2000\" \/>\n\t<meta property=\"og:image:type\" content=\"image\/jpeg\" \/>\n<meta name=\"author\" content=\"ym\" \/>\n<meta name=\"twitter:card\" content=\"summary_large_image\" \/>\n<script type=\"application\/ld+json\" class=\"yoast-schema-graph\">{\"@context\":\"https:\\\/\\\/schema.org\",\"@graph\":[{\"@type\":\"Article\",\"@id\":\"https:\\\/\\\/watv.org\\\/es\\\/2nd-asez-wao-global-forum\\\/#article\",\"isPartOf\":{\"@id\":\"https:\\\/\\\/watv.org\\\/es\\\/2nd-asez-wao-global-forum\\\/\"},\"author\":{\"name\":\"ym\",\"@id\":\"https:\\\/\\\/watv.org\\\/es\\\/#\\\/schema\\\/person\\\/f2dd207c9d18226ac0e0247c7858a349\"},\"headline\":\"2.\u00ba Foro Internacional de ASEZ WAO\",\"datePublished\":\"2025-06-03T22:00:56+00:00\",\"dateModified\":\"2026-04-22T02:04:56+00:00\",\"mainEntityOfPage\":{\"@id\":\"https:\\\/\\\/watv.org\\\/es\\\/2nd-asez-wao-global-forum\\\/\"},\"wordCount\":902,\"publisher\":{\"@id\":\"https:\\\/\\\/watv.org\\\/es\\\/#organization\"},\"image\":{\"@id\":\"https:\\\/\\\/watv.org\\\/es\\\/2nd-asez-wao-global-forum\\\/#primaryimage\"},\"thumbnailUrl\":\"https:\\\/\\\/watv.org\\\/wp-content\\\/uploads\\\/2025\\\/06\\\/thum_2nd_asez_wao_global_forum.jpg\",\"articleSection\":[\"Gran Asamblea\",\"Noticias globales\"],\"inLanguage\":\"es\"},{\"@type\":\"WebPage\",\"@id\":\"https:\\\/\\\/watv.org\\\/es\\\/2nd-asez-wao-global-forum\\\/\",\"url\":\"https:\\\/\\\/watv.org\\\/es\\\/2nd-asez-wao-global-forum\\\/\",\"name\":\"2.\u00ba Foro Internacional de ASEZ WAO - Iglesia de Dios Sociedad Misionera Mundial\",\"isPartOf\":{\"@id\":\"https:\\\/\\\/watv.org\\\/es\\\/#website\"},\"primaryImageOfPage\":{\"@id\":\"https:\\\/\\\/watv.org\\\/es\\\/2nd-asez-wao-global-forum\\\/#primaryimage\"},\"image\":{\"@id\":\"https:\\\/\\\/watv.org\\\/es\\\/2nd-asez-wao-global-forum\\\/#primaryimage\"},\"thumbnailUrl\":\"https:\\\/\\\/watv.org\\\/wp-content\\\/uploads\\\/2025\\\/06\\\/thum_2nd_asez_wao_global_forum.jpg\",\"datePublished\":\"2025-06-03T22:00:56+00:00\",\"dateModified\":\"2026-04-22T02:04:56+00:00\",\"breadcrumb\":{\"@id\":\"https:\\\/\\\/watv.org\\\/es\\\/2nd-asez-wao-global-forum\\\/#breadcrumb\"},\"inLanguage\":\"es\",\"potentialAction\":[{\"@type\":\"ReadAction\",\"target\":[\"https:\\\/\\\/watv.org\\\/es\\\/2nd-asez-wao-global-forum\\\/\"]}]},{\"@type\":\"ImageObject\",\"inLanguage\":\"es\",\"@id\":\"https:\\\/\\\/watv.org\\\/es\\\/2nd-asez-wao-global-forum\\\/#primaryimage\",\"url\":\"https:\\\/\\\/watv.org\\\/wp-content\\\/uploads\\\/2025\\\/06\\\/thum_2nd_asez_wao_global_forum.jpg\",\"contentUrl\":\"https:\\\/\\\/watv.org\\\/wp-content\\\/uploads\\\/2025\\\/06\\\/thum_2nd_asez_wao_global_forum.jpg\",\"width\":3840,\"height\":2000},{\"@type\":\"BreadcrumbList\",\"@id\":\"https:\\\/\\\/watv.org\\\/es\\\/2nd-asez-wao-global-forum\\\/#breadcrumb\",\"itemListElement\":[{\"@type\":\"ListItem\",\"position\":1,\"name\":\"Home\",\"item\":\"https:\\\/\\\/watv.org\\\/es\\\/\"},{\"@type\":\"ListItem\",\"position\":2,\"name\":\"2.\u00ba Foro Internacional de ASEZ WAO\"}]},{\"@type\":\"WebSite\",\"@id\":\"https:\\\/\\\/watv.org\\\/es\\\/#website\",\"url\":\"https:\\\/\\\/watv.org\\\/es\\\/\",\"name\":\"Iglesia de Dios Sociedad Misionera Mundial\",\"description\":\"With Mother\u2019s heartwarming love, we deliver eternal happiness to seven billion people in the world.\",\"publisher\":{\"@id\":\"https:\\\/\\\/watv.org\\\/es\\\/#organization\"},\"potentialAction\":[{\"@type\":\"SearchAction\",\"target\":{\"@type\":\"EntryPoint\",\"urlTemplate\":\"https:\\\/\\\/watv.org\\\/es\\\/?s={search_term_string}\"},\"query-input\":{\"@type\":\"PropertyValueSpecification\",\"valueRequired\":true,\"valueName\":\"search_term_string\"}}],\"inLanguage\":\"es\"},{\"@type\":\"Organization\",\"@id\":\"https:\\\/\\\/watv.org\\\/es\\\/#organization\",\"name\":\"World Mission Society Church of God - \ud558\ub098\ub2d8\uc758\uad50\ud68c \uc138\uacc4\ubcf5\uc74c\uc120\uad50\ud611\ud68c\",\"url\":\"https:\\\/\\\/watv.org\\\/es\\\/\",\"logo\":{\"@type\":\"ImageObject\",\"inLanguage\":\"es\",\"@id\":\"https:\\\/\\\/watv.org\\\/es\\\/#\\\/schema\\\/logo\\\/image\\\/\",\"url\":\"https:\\\/\\\/watv.org\\\/wp-content\\\/uploads\\\/2022\\\/06\\\/WorldMissionSociety_ChurchofGod_Symbol_Logo.png\",\"contentUrl\":\"https:\\\/\\\/watv.org\\\/wp-content\\\/uploads\\\/2022\\\/06\\\/WorldMissionSociety_ChurchofGod_Symbol_Logo.png\",\"width\":1001,\"height\":1331,\"caption\":\"World Mission Society Church of God - \ud558\ub098\ub2d8\uc758\uad50\ud68c \uc138\uacc4\ubcf5\uc74c\uc120\uad50\ud611\ud68c\"},\"image\":{\"@id\":\"https:\\\/\\\/watv.org\\\/es\\\/#\\\/schema\\\/logo\\\/image\\\/\"},\"sameAs\":[\"https:\\\/\\\/www.youtube.com\\\/channel\\\/UCioiBk9rS5Dv5j66hUipsuQ\"]},{\"@type\":\"Person\",\"@id\":\"https:\\\/\\\/watv.org\\\/es\\\/#\\\/schema\\\/person\\\/f2dd207c9d18226ac0e0247c7858a349\",\"name\":\"ym\"}]}<\/script>\n<!-- \/ Yoast SEO plugin. -->","yoast_head_json":{"title":"2.\u00ba Foro Internacional de ASEZ WAO - Iglesia de Dios Sociedad Misionera Mundial","robots":{"index":"index","follow":"follow","max-snippet":"max-snippet:-1","max-image-preview":"max-image-preview:large","max-video-preview":"max-video-preview:-1"},"canonical":"https:\/\/watv.org\/es\/2nd-asez-wao-global-forum\/","og_locale":"es_ES","og_type":"article","og_title":"2.\u00ba Foro Internacional de ASEZ WAO - Iglesia de Dios Sociedad Misionera Mundial","og_description":"El 4 de junio, un d\u00eda antes del D\u00eda Mundial del Medio Ambiente, se llev\u00f3 a cabo el 2.\u00ba Foro Internacional de ASEZ WAO en The Suite Hotel Jeju en Seogwipo. En preparaci\u00f3n para el evento, ASEZ WAO gener\u00f3 conciencia sobre la contaminaci\u00f3n por pl\u00e1sticos a trav\u00e9s de campa\u00f1as en la calle en Jeju, Se\u00fal...","og_url":"https:\/\/watv.org\/es\/2nd-asez-wao-global-forum\/","og_site_name":"Iglesia de Dios Sociedad Misionera Mundial","article_published_time":"2025-06-03T22:00:56+00:00","article_modified_time":"2026-04-22T02:04:56+00:00","og_image":[{"width":3840,"height":2000,"url":"https:\/\/watv.org\/wp-content\/uploads\/2025\/06\/thum_2nd_asez_wao_global_forum.jpg","type":"image\/jpeg"}],"author":"ym","twitter_card":"summary_large_image","schema":{"@context":"https:\/\/schema.org","@graph":[{"@type":"Article","@id":"https:\/\/watv.org\/es\/2nd-asez-wao-global-forum\/#article","isPartOf":{"@id":"https:\/\/watv.org\/es\/2nd-asez-wao-global-forum\/"},"author":{"name":"ym","@id":"https:\/\/watv.org\/es\/#\/schema\/person\/f2dd207c9d18226ac0e0247c7858a349"},"headline":"2.\u00ba Foro Internacional de ASEZ WAO","datePublished":"2025-06-03T22:00:56+00:00","dateModified":"2026-04-22T02:04:56+00:00","mainEntityOfPage":{"@id":"https:\/\/watv.org\/es\/2nd-asez-wao-global-forum\/"},"wordCount":902,"publisher":{"@id":"https:\/\/watv.org\/es\/#organization"},"image":{"@id":"https:\/\/watv.org\/es\/2nd-asez-wao-global-forum\/#primaryimage"},"thumbnailUrl":"https:\/\/watv.org\/wp-content\/uploads\/2025\/06\/thum_2nd_asez_wao_global_forum.jpg","articleSection":["Gran Asamblea","Noticias globales"],"inLanguage":"es"},{"@type":"WebPage","@id":"https:\/\/watv.org\/es\/2nd-asez-wao-global-forum\/","url":"https:\/\/watv.org\/es\/2nd-asez-wao-global-forum\/","name":"2.\u00ba Foro Internacional de ASEZ WAO - Iglesia de Dios Sociedad Misionera Mundial","isPartOf":{"@id":"https:\/\/watv.org\/es\/#website"},"primaryImageOfPage":{"@id":"https:\/\/watv.org\/es\/2nd-asez-wao-global-forum\/#primaryimage"},"image":{"@id":"https:\/\/watv.org\/es\/2nd-asez-wao-global-forum\/#primaryimage"},"thumbnailUrl":"https:\/\/watv.org\/wp-content\/uploads\/2025\/06\/thum_2nd_asez_wao_global_forum.jpg","datePublished":"2025-06-03T22:00:56+00:00","dateModified":"2026-04-22T02:04:56+00:00","breadcrumb":{"@id":"https:\/\/watv.org\/es\/2nd-asez-wao-global-forum\/#breadcrumb"},"inLanguage":"es","potentialAction":[{"@type":"ReadAction","target":["https:\/\/watv.org\/es\/2nd-asez-wao-global-forum\/"]}]},{"@type":"ImageObject","inLanguage":"es","@id":"https:\/\/watv.org\/es\/2nd-asez-wao-global-forum\/#primaryimage","url":"https:\/\/watv.org\/wp-content\/uploads\/2025\/06\/thum_2nd_asez_wao_global_forum.jpg","contentUrl":"https:\/\/watv.org\/wp-content\/uploads\/2025\/06\/thum_2nd_asez_wao_global_forum.jpg","width":3840,"height":2000},{"@type":"BreadcrumbList","@id":"https:\/\/watv.org\/es\/2nd-asez-wao-global-forum\/#breadcrumb","itemListElement":[{"@type":"ListItem","position":1,"name":"Home","item":"https:\/\/watv.org\/es\/"},{"@type":"ListItem","position":2,"name":"2.\u00ba Foro Internacional de ASEZ WAO"}]},{"@type":"WebSite","@id":"https:\/\/watv.org\/es\/#website","url":"https:\/\/watv.org\/es\/","name":"Iglesia de Dios Sociedad Misionera Mundial","description":"With Mother\u2019s heartwarming love, we deliver eternal happiness to seven billion people in the world.","publisher":{"@id":"https:\/\/watv.org\/es\/#organization"},"potentialAction":[{"@type":"SearchAction","target":{"@type":"EntryPoint","urlTemplate":"https:\/\/watv.org\/es\/?s={search_term_string}"},"query-input":{"@type":"PropertyValueSpecification","valueRequired":true,"valueName":"search_term_string"}}],"inLanguage":"es"},{"@type":"Organization","@id":"https:\/\/watv.org\/es\/#organization","name":"World Mission Society Church of God - \ud558\ub098\ub2d8\uc758\uad50\ud68c \uc138\uacc4\ubcf5\uc74c\uc120\uad50\ud611\ud68c","url":"https:\/\/watv.org\/es\/","logo":{"@type":"ImageObject","inLanguage":"es","@id":"https:\/\/watv.org\/es\/#\/schema\/logo\/image\/","url":"https:\/\/watv.org\/wp-content\/uploads\/2022\/06\/WorldMissionSociety_ChurchofGod_Symbol_Logo.png","contentUrl":"https:\/\/watv.org\/wp-content\/uploads\/2022\/06\/WorldMissionSociety_ChurchofGod_Symbol_Logo.png","width":1001,"height":1331,"caption":"World Mission Society Church of God - \ud558\ub098\ub2d8\uc758\uad50\ud68c \uc138\uacc4\ubcf5\uc74c\uc120\uad50\ud611\ud68c"},"image":{"@id":"https:\/\/watv.org\/es\/#\/schema\/logo\/image\/"},"sameAs":["https:\/\/www.youtube.com\/channel\/UCioiBk9rS5Dv5j66hUipsuQ"]},{"@type":"Person","@id":"https:\/\/watv.org\/es\/#\/schema\/person\/f2dd207c9d18226ac0e0247c7858a349","name":"ym"}]}},"_links":{"self":[{"href":"https:\/\/watv.org\/es\/wp-json\/wp\/v2\/posts\/167802","targetHints":{"allow":["GET"]}}],"collection":[{"href":"https:\/\/watv.org\/es\/wp-json\/wp\/v2\/posts"}],"about":[{"href":"https:\/\/watv.org\/es\/wp-json\/wp\/v2\/types\/post"}],"author":[{"embeddable":true,"href":"https:\/\/watv.org\/es\/wp-json\/wp\/v2\/users\/23"}],"replies":[{"embeddable":true,"href":"https:\/\/watv.org\/es\/wp-json\/wp\/v2\/comments?post=167802"}],"version-history":[{"count":2,"href":"https:\/\/watv.org\/es\/wp-json\/wp\/v2\/posts\/167802\/revisions"}],"predecessor-version":[{"id":167804,"href":"https:\/\/watv.org\/es\/wp-json\/wp\/v2\/posts\/167802\/revisions\/167804"}],"wp:featuredmedia":[{"embeddable":true,"href":"https:\/\/watv.org\/es\/wp-json\/wp\/v2\/media\/138791"}],"wp:attachment":[{"href":"https:\/\/watv.org\/es\/wp-json\/wp\/v2\/media?parent=167802"}],"wp:term":[{"taxonomy":"category","embeddable":true,"href":"https:\/\/watv.org\/es\/wp-json\/wp\/v2\/categories?post=167802"},{"taxonomy":"post_tag","embeddable":true,"href":"https:\/\/watv.org\/es\/wp-json\/wp\/v2\/tags?post=167802"}],"curies":[{"name":"wp","href":"https:\/\/api.w.org\/{rel}","templated":true}]}}