{"id":167806,"date":"2025-07-21T07:00:18","date_gmt":"2025-07-20T22:00:18","guid":{"rendered":"https:\/\/watv.org\/3-4th-asezwao-global-forum\/"},"modified":"2026-04-22T11:05:33","modified_gmt":"2026-04-22T02:05:33","slug":"3-4th-asezwao-global-forum","status":"publish","type":"post","link":"https:\/\/watv.org\/es\/3-4th-asezwao-global-forum\/","title":{"rendered":"ASEZ WAO organiza el 3.<sup>er<\/sup> y 4.\u00ba Foro Internacional"},"content":{"rendered":"<p><a href=\"https:\/\/asezwao.org\/es\/\">ASEZ WAO, el Grupo de J\u00f3venes Trabajadores Voluntarios de la Iglesia de Dios<\/a>, organiz\u00f3 su 3.<sup>er<\/sup> y 4.\u00ba Foro Internacional para abordar la contaminaci\u00f3n por pl\u00e1sticos. Los foros se realizaron el 16 de julio en la <a href=\"https:\/\/www.acnur.org\/?_gl=1*16nj3xa*_gcl_au*NzA1Mjg5MjIuMTc3MzEyNjQxNg..*_rup_ga*ODQyMDQzNTIuMTc3MzEyNjQxNg..*_rup_ga_EVDQTJ4LMY*czE3NzY3MzczMDgkbzIkZzAkdDE3NzY3MzczMDgkajYwJGwwJGgw*_fplc*OHdnaE5CQzF5OEQyR3NIdDNNMHhiM085Nm5NOGx0eXc2WkVFOTRqQSUyRncxMWhqRUFhSE5hT09iTXcwN00zb2EyaXExMzRCeGVPUnRLM09XSzNCS2tlaCUyQlBRcmZEaEFOb0FleGNMSklibkdINlZIbUtidEslMkZLNWhJSjJZY01nJTNEJTNE\">Sede de las Naciones Unidas<\/a> en Nueva York y el 21 de julio en el <a href=\"https:\/\/www.gob.pe\/senamhi\">Servicio Nacional de Meteorolog\u00eda e Hidrolog\u00eda del Per\u00fa (SENAMHI)<\/a> en Lima, bajo el lema: \u201c<a href=\"https:\/\/asezwao.org\/es\/plastic-free\/\">Cero Pl\u00e1stico 2040<\/a>\u201d. Los miembros de ASEZ WAO escucharon las perspectivas de expertos de diversos campos y delinearon una direcci\u00f3n concreta para sus actividades futuras.<\/p>\n<h3>3.<sup>er<\/sup> Foro: Soluciones pr\u00e1cticas a la contaminaci\u00f3n por pl\u00e1sticos en la sede de las Naciones Unidas<\/h3>\n<p>El tercer foro reuni\u00f3 a unos 550 participantes, entre ellos representantes de organizaciones internacionales y organismos afiliados a las Naciones Unidas, diplom\u00e1ticos de pa\u00edses como Estados Unidos y Hungr\u00eda, profesores y ciudadanos. El representante de ASEZ WAO, Kim Yong-gap, dio inicio al evento con el mensaje: \u201cEspero que el foro de hoy sirva para dar un paso significativo hacia un futuro libre de contaminaci\u00f3n por pl\u00e1sticos\u201d. Varsha Ramratan, primer secretario de la Misi\u00f3n Permanente de la Rep\u00fablica de Surinam ante la ONU, expres\u00f3 su apoyo a las iniciativas de los j\u00f3venes: \u201cSolo a trav\u00e9s de la acci\u00f3n colectiva podemos combatir la contaminaci\u00f3n por pl\u00e1sticos y garantizar un medio ambiente saludable para las generaciones futuras\u201d.<\/p>\n<p>Steven Raga, miembro de la Asamblea del Estado de Nueva York, pronunci\u00f3 el discurso principal, elogiando la oportunidad del foro: \u201cVer a los l\u00edderes mundiales unirse para abordar problemas complejos me da esperanza\u201d.<\/p>\n<div class=\"divide limit\">\n<figure>\n  <picture class=\"copyright\"><source media=\"(max-width:450px)\" srcset=\"\/wp-content\/themes\/watv\/images\/posts\/news_250721_01.jpg\"><img decoding=\"async\" src=\"\/wp-content\/themes\/watv\/images\/posts\/news_250721_01.jpg\"\n     srcset=\"\/wp-content\/themes\/watv\/images\/posts\/news_250721_01.jpg,\n             \/wp-content\/themes\/watv\/images\/posts\/news_250721_01@2x.jpg 2x\">\n  <\/picture>\n <\/figure>\n<figure>\n  <picture class=\"copyright\"><source media=\"(max-width:450px)\" srcset=\"\/wp-content\/themes\/watv\/images\/posts\/news_250721_02.jpg\"><img decoding=\"async\" src=\"\/wp-content\/themes\/watv\/images\/posts\/news_250721_02.jpg\"\n     srcset=\"\/wp-content\/themes\/watv\/images\/posts\/news_250721_02.jpg,\n             \/wp-content\/themes\/watv\/images\/posts\/news_250721_02@2x.jpg 2x\">\n  <\/picture>\n <\/figure>\n<\/div>\n<p>El panel de discusi\u00f3n se desarroll\u00f3 bajo el tema: \u201cLiderazgo global para la reducci\u00f3n del pl\u00e1stico: pol\u00edticas, sostenibilidad y acci\u00f3n colaborativa\u201d, con la participaci\u00f3n de expertos de los campos de la educaci\u00f3n, los negocios y la sociedad civil. Los oradores destacaron el papel fundamental de la juventud en la lucha contra la crisis pl\u00e1stica. Christian Kaufholz, jefe de Impacto y Participaci\u00f3n Comunitaria de <a href=\"https:\/\/www.globalplasticaction.org\/home\">GPAP<\/a><sup>1<\/sup> se\u00f1al\u00f3: \u201cLos acuerdos internacionales actuales sobre pl\u00e1sticos fueron inspirados por movimientos de base dirigidos por organizaciones juveniles y voluntarias\u201d, y subray\u00f3 la importancia de la participaci\u00f3n continua de los j\u00f3venes y las comunidades locales. Rakel Tanibajeva, directora general de <a href=\"https:\/\/youbio.net\/\">YouBio<\/a>, una empresa de envases biodegradables, dijo: \u201cA trav\u00e9s del conocimiento ambiental que he acumulado desde la infancia, he llegado a comprender que la acci\u00f3n pr\u00e1ctica es m\u00e1s importante que la conciencia\u201d.<\/p>\n<p class=\"post-cite\">1. GPAP (Alianza Mundial para la Acci\u00f3n contra el Pl\u00e1stico) es una asociaci\u00f3n internacional p\u00fablico-privada lanzada en la Cumbre sobre el Impacto en el Desarrollo Sostenible del Foro Econ\u00f3mico Mundial en septiembre de 2018, dedicada a reducir los desechos pl\u00e1sticos y la contaminaci\u00f3n en todo el mundo.<\/p>\n<p>Los activistas de ASEZ WAO profundizaron su comprensi\u00f3n de la contaminaci\u00f3n por pl\u00e1sticos a trav\u00e9s de discusiones. Odo Tevi, embajador de Vanuatu ante la ONU, elogi\u00f3 la dedicaci\u00f3n de los j\u00f3venes participantes: \u201cEs alentador ver a los j\u00f3venes abordar seriamente los problemas ambientales. Todas las comunidades deben unir sus esfuerzos para apoyarlos\u201d.<\/p>\n<figure class=\"limit\">\n <picture class=\"copyright\"><source media=\"(max-width:450px)\" srcset=\"\/wp-content\/themes\/watv\/images\/posts\/news_250721_03.jpg\"><img decoding=\"async\" src=\"\/wp-content\/themes\/watv\/images\/posts\/news_250721_03.jpg\"\n    srcset=\"\/wp-content\/themes\/watv\/images\/posts\/news_250721_03.jpg,\n            \/wp-content\/themes\/watv\/images\/posts\/news_250721_03@2x.jpg 2x\">\n <\/picture>\n<\/figure>\n<h3>4.\u00ba Foro: J\u00f3venes reconocidos por su papel clave en la lucha contra la contaminaci\u00f3n pl\u00e1stica \u2013 Diploma del Ministerio del Ambiente del Per\u00fa<\/h3>\n<p>El cuarto foro, organizado conjuntamente con el Ministerio del Ambiente del Per\u00fa, se centr\u00f3 en estrategias pr\u00e1cticas para la protecci\u00f3n ambiental sostenible. Asistieron alrededor de 200 participantes, entre ellos altos funcionarios del gobierno peruano, autoridades locales, l\u00edderes de la industria y educadores. Edgar Romero, viceministro del Ambiente, abri\u00f3 el evento con el mensaje: \u201cLa contaminaci\u00f3n por pl\u00e1sticos no conoce fronteras; la responsabilidad recae en todos nosotros. El movimiento liderado por los j\u00f3venes determinar\u00e1 el futuro\u201d. Tras sus palabras, otorg\u00f3 el diploma ministerial al representante de ASEZ WAO, Kim Yong-gap, en reconocimiento a las contribuciones y servicios de la organizaci\u00f3n a la sociedad peruana.<\/p>\n<figure class=\"limit\">\n <picture class=\"copyright\"><source media=\"(max-width:450px)\" srcset=\"\/wp-content\/themes\/watv\/images\/posts\/news_250721_04.jpg\"><img decoding=\"async\" src=\"\/wp-content\/themes\/watv\/images\/posts\/news_250721_04.jpg\"\n    srcset=\"\/wp-content\/themes\/watv\/images\/posts\/news_250721_04.jpg,\n            \/wp-content\/themes\/watv\/images\/posts\/news_250721_04@2x.jpg 2x\">\n <\/picture>\n<\/figure>\n<p>El foro continu\u00f3 con una conferencia sobre: \u201cEducaci\u00f3n urbana para la sostenibilidad ambiental\u201d, impartida por <a href=\"https:\/\/stakeholders.com.pe\/stakeholders\/reforma-universitaria-licenciamiento-cuestion-de-tiempo\/attachment\/luis-lescano-gerente-general-de-fipes-federacion-de-instituciones-privadas-de-educacion-superior\/\">Luis Lescano<\/a>, presidente del Consejo Nacional de Educaci\u00f3n. \u00c9l enfatiz\u00f3 la educaci\u00f3n como una herramienta clave para fortalecer la respuesta de la comunidad al cambio clim\u00e1tico y promover el compromiso local. Afirm\u00f3: \u201cUna vez que se establece la conciencia, la gente entiende mejor los problemas ambientales y puede tomar la iniciativa para impulsar el cambio\u201d, destacando la importancia de fomentar la conciencia ambiental en los j\u00f3venes y las generaciones futuras.<\/p>\n<p>Varios dirigentes expresaron sus expectativas de que ASEZ WAO desempe\u00f1ara un papel a\u00fan mayor en la protecci\u00f3n del medio ambiente y ofrecieron un valioso asesoramiento. Brendan Oviedo, expresidente de la Asociaci\u00f3n Peruana de Energ\u00edas Renovables, coment\u00f3: \u201cTodav\u00eda queda mucha informaci\u00f3n por compartir y trabajo por hacer en relaci\u00f3n con el impacto de las energ\u00edas renovables y otros temas ambientales. Espero que ASEZ WAO asuma un papel de liderazgo en estos esfuerzos\u201d.<\/p>\n<div class=\"divide limit\">\n<figure>\n  <picture class=\"copyright\"><source media=\"(max-width:450px)\" srcset=\"\/wp-content\/themes\/watv\/images\/posts\/news_250721_05.jpg\"><img decoding=\"async\" src=\"\/wp-content\/themes\/watv\/images\/posts\/news_250721_05.jpg\"\n     srcset=\"\/wp-content\/themes\/watv\/images\/posts\/news_250721_05.jpg,\n             \/wp-content\/themes\/watv\/images\/posts\/news_250721_05@2x.jpg 2x\">\n  <\/picture>\n <\/figure>\n<figure>\n  <picture class=\"copyright\"><source media=\"(max-width:450px)\" srcset=\"\/wp-content\/themes\/watv\/images\/posts\/news_250721_06.jpg\"><img decoding=\"async\" src=\"\/wp-content\/themes\/watv\/images\/posts\/news_250721_06.jpg\"\n     srcset=\"\/wp-content\/themes\/watv\/images\/posts\/news_250721_06.jpg,\n             \/wp-content\/themes\/watv\/images\/posts\/news_250721_06@2x.jpg 2x\">\n  <\/picture>\n <\/figure>\n<\/div>\n<h3>Ampliando el alcance de las actividades mediante la expansi\u00f3n de la red<\/h3>\n<p>Junto con el foro, ASEZ WAO fortaleci\u00f3 las asociaciones a trav\u00e9s de reuniones con l\u00edderes de organizaciones internacionales y agencias de la ONU, as\u00ed como mediante la firma de un memorando de entendimiento. Los miembros tambi\u00e9n avanzaron en sus esfuerzos en el terreno llevando a cabo servicios voluntarios en sus \u00e1reas locales.<\/p>\n<p>En los Estados Unidos, ASEZ WAO particip\u00f3 en el Foro Pol\u00edtico de Alto Nivel (FPAN) de las Naciones Unidas de 2025 y se reuni\u00f3 con figuras clave, entre ellas Cynthia Samuel-Olonjuwon, representante especial de la <a href=\"https:\/\/www.ilo.org\/\">Organizaci\u00f3n Internacional del Trabajo (OIT)<\/a> ante las Naciones Unidas; Harold Agyeman, embajador de Ghana ante las Naciones Unidas; y Matthew Hunter, responsable de asociaciones de la Oficina de las Naciones Unidas para la Juventud, para explorar direcciones para la cooperaci\u00f3n mutua. Mientras tanto, miembros en Orlando y Miami, Florida, y Houston, Texas, realizaron limpiezas de calles, recolectando pl\u00e1stico y diversos desechos para crear conciencia ambiental en la sociedad civil.<\/p>\n<figure class=\"limit\">\n <picture class=\"copyright\"><source media=\"(max-width:450px)\" srcset=\"\/wp-content\/themes\/watv\/images\/posts\/news_250721_07.jpg\"><img decoding=\"async\" src=\"\/wp-content\/themes\/watv\/images\/posts\/news_250721_07.jpg\"\n    srcset=\"\/wp-content\/themes\/watv\/images\/posts\/news_250721_07.jpg,\n            \/wp-content\/themes\/watv\/images\/posts\/news_250721_07@2x.jpg 2x\">\n <\/picture>\n<\/figure>\n<div class=\"divide limit\">\n<figure>\n  <picture class=\"copyright\"><source media=\"(max-width:450px)\" srcset=\"\/wp-content\/themes\/watv\/images\/posts\/news_250721_08.jpg\"><img decoding=\"async\" src=\"\/wp-content\/themes\/watv\/images\/posts\/news_250721_08.jpg\"\n     srcset=\"\/wp-content\/themes\/watv\/images\/posts\/news_250721_08.jpg,\n             \/wp-content\/themes\/watv\/images\/posts\/news_250721_08@2x.jpg 2x\">\n  <\/picture>\n <\/figure>\n<figure>\n  <picture class=\"copyright\"><source media=\"(max-width:450px)\" srcset=\"\/wp-content\/themes\/watv\/images\/posts\/news_250721_09.jpg\"><img decoding=\"async\" src=\"\/wp-content\/themes\/watv\/images\/posts\/news_250721_09.jpg\"\n     srcset=\"\/wp-content\/themes\/watv\/images\/posts\/news_250721_09.jpg,\n             \/wp-content\/themes\/watv\/images\/posts\/news_250721_09@2x.jpg 2x\">\n  <\/picture>\n <\/figure>\n<\/div>\n<p>En el Per\u00fa, ASEZ WAO visit\u00f3 el Instituto Nacional de Defensa Civil y el Ministerio de Desarrollo Agrario y Riego, firmando memorandos de entendimiento con el comisionado y el ministro. Tambi\u00e9n tuvieron reuniones con el ministro y el viceministro de Comercio Exterior y Turismo. En las orillas del r\u00edo R\u00edmac (Ate) y del r\u00edo Lur\u00edn (Cieneguilla), cerca de 350 participantes en total plantaron \u00e1rboles, contribuyendo a la reforestaci\u00f3n del \u00e1rea.<\/p>\n<figure class=\"limit\">\n <picture class=\"copyright\"><source media=\"(max-width:450px)\" srcset=\"\/wp-content\/themes\/watv\/images\/posts\/news_250721_10.jpg\"><img decoding=\"async\" src=\"\/wp-content\/themes\/watv\/images\/posts\/news_250721_10.jpg\"\n    srcset=\"\/wp-content\/themes\/watv\/images\/posts\/news_250721_10.jpg,\n            \/wp-content\/themes\/watv\/images\/posts\/news_250721_10@2x.jpg 2x\">\n <\/picture>\n<\/figure>\n<div class=\"divide limit\">\n<figure>\n  <picture class=\"copyright\"><source media=\"(max-width:450px)\" srcset=\"\/wp-content\/themes\/watv\/images\/posts\/news_250721_11.jpg\"><img decoding=\"async\" src=\"\/wp-content\/themes\/watv\/images\/posts\/news_250721_11.jpg\"\n     srcset=\"\/wp-content\/themes\/watv\/images\/posts\/news_250721_11.jpg,\n             \/wp-content\/themes\/watv\/images\/posts\/news_250721_11@2x.jpg 2x\">\n  <\/picture>\n <\/figure>\n<figure>\n  <picture class=\"copyright\"><source media=\"(max-width:450px)\" srcset=\"\/wp-content\/themes\/watv\/images\/posts\/news_250721_12.jpg\"><img decoding=\"async\" src=\"\/wp-content\/themes\/watv\/images\/posts\/news_250721_12.jpg\"\n     srcset=\"\/wp-content\/themes\/watv\/images\/posts\/news_250721_12.jpg,\n             \/wp-content\/themes\/watv\/images\/posts\/news_250721_12@2x.jpg 2x\">\n  <\/picture>\n <\/figure>\n<\/div>\n<p>Los funcionarios gubernamentales expresaron su apoyo a las iniciativas de servicio voluntario de ASEZ WAO, su disposici\u00f3n a colaborar y su compromiso de colaboraci\u00f3n continua. Christian Barrantes, viceministro de Vivienda, Construcci\u00f3n y Saneamiento del Per\u00fa, coment\u00f3: \u201cSi nos dedicamos con amor a la Tierra, podemos crear un mundo mejor. Realmente es un placer para el gobierno apoyar estos esfuerzos\u201d.<\/p>\n<figure class=\"limit\">\n <picture class=\"copyright\"><source media=\"(max-width:450px)\" srcset=\"\/wp-content\/themes\/watv\/images\/posts\/news_250721_13.jpg\"><img decoding=\"async\" src=\"\/wp-content\/themes\/watv\/images\/posts\/news_250721_13.jpg\"\n    srcset=\"\/wp-content\/themes\/watv\/images\/posts\/news_250721_13.jpg,\n            \/wp-content\/themes\/watv\/images\/posts\/news_250721_13@2x.jpg 2x\">\n <\/picture>\n<\/figure>\n","protected":false},"excerpt":{"rendered":"ASEZ WAO, el Grupo de J\u00f3venes Trabajadores Voluntarios de la Iglesia de Dios, organiz\u00f3 su 3.er y 4.\u00ba Foro Internacional para abordar la contaminaci\u00f3n por pl\u00e1sticos. Los foros se realizaron el 16 de julio en la Sede de las Naciones Unidas en Nueva York y el 21 de julio en el Servicio Nacional de Meteorolog\u00eda&#8230;","protected":false},"author":20,"featured_media":143325,"comment_status":"closed","ping_status":"closed","sticky":false,"template":"post-type\/post-type-header-full-screen.php","format":"standard","meta":{"footnotes":""},"categories":[154,152],"tags":[],"class_list":["post-167806","post","type-post","status-publish","format-standard","has-post-thumbnail","hentry","category-news","category-global-news"],"yoast_head":"<!-- This site is optimized with the Yoast SEO plugin v27.4 - https:\/\/yoast.com\/product\/yoast-seo-wordpress\/ -->\n<title>ASEZ WAO organiza el 3.er y 4.\u00ba Foro Internacional - Iglesia de Dios Sociedad Misionera Mundial<\/title>\n<meta name=\"robots\" content=\"index, follow, max-snippet:-1, max-image-preview:large, max-video-preview:-1\" \/>\n<link rel=\"canonical\" href=\"https:\/\/watv.org\/es\/3-4th-asezwao-global-forum\/\" \/>\n<meta property=\"og:locale\" content=\"es_ES\" \/>\n<meta property=\"og:type\" content=\"article\" \/>\n<meta property=\"og:title\" content=\"ASEZ WAO organiza el 3.er y 4.\u00ba Foro Internacional - Iglesia de Dios Sociedad Misionera Mundial\" \/>\n<meta property=\"og:description\" content=\"ASEZ WAO, el Grupo de J\u00f3venes Trabajadores Voluntarios de la Iglesia de Dios, organiz\u00f3 su 3.er y 4.\u00ba Foro Internacional para abordar la contaminaci\u00f3n por pl\u00e1sticos. Los foros se realizaron el 16 de julio en la Sede de las Naciones Unidas en Nueva York y el 21 de julio en el Servicio Nacional de Meteorolog\u00eda...\" \/>\n<meta property=\"og:url\" content=\"https:\/\/watv.org\/es\/3-4th-asezwao-global-forum\/\" \/>\n<meta property=\"og:site_name\" content=\"Iglesia de Dios Sociedad Misionera Mundial\" \/>\n<meta property=\"article:published_time\" content=\"2025-07-20T22:00:18+00:00\" \/>\n<meta property=\"article:modified_time\" content=\"2026-04-22T02:05:33+00:00\" \/>\n<meta property=\"og:image\" content=\"https:\/\/watv.org\/wp-content\/uploads\/2025\/07\/thum_3_4th_asezwao_global_forum.jpg\" \/>\n\t<meta property=\"og:image:width\" content=\"3840\" \/>\n\t<meta property=\"og:image:height\" content=\"2000\" \/>\n\t<meta property=\"og:image:type\" content=\"image\/jpeg\" \/>\n<meta name=\"author\" content=\"jy\" \/>\n<meta name=\"twitter:card\" content=\"summary_large_image\" \/>\n<script type=\"application\/ld+json\" class=\"yoast-schema-graph\">{\"@context\":\"https:\\\/\\\/schema.org\",\"@graph\":[{\"@type\":\"Article\",\"@id\":\"https:\\\/\\\/watv.org\\\/es\\\/3-4th-asezwao-global-forum\\\/#article\",\"isPartOf\":{\"@id\":\"https:\\\/\\\/watv.org\\\/es\\\/3-4th-asezwao-global-forum\\\/\"},\"author\":{\"name\":\"jy\",\"@id\":\"https:\\\/\\\/watv.org\\\/es\\\/#\\\/schema\\\/person\\\/d42d3bac76f35f5bca3931fe3f0abfd6\"},\"headline\":\"ASEZ WAO organiza el 3.er y 4.\u00ba Foro Internacional\",\"datePublished\":\"2025-07-20T22:00:18+00:00\",\"dateModified\":\"2026-04-22T02:05:33+00:00\",\"mainEntityOfPage\":{\"@id\":\"https:\\\/\\\/watv.org\\\/es\\\/3-4th-asezwao-global-forum\\\/\"},\"wordCount\":1157,\"publisher\":{\"@id\":\"https:\\\/\\\/watv.org\\\/es\\\/#organization\"},\"image\":{\"@id\":\"https:\\\/\\\/watv.org\\\/es\\\/3-4th-asezwao-global-forum\\\/#primaryimage\"},\"thumbnailUrl\":\"https:\\\/\\\/watv.org\\\/wp-content\\\/uploads\\\/2025\\\/07\\\/thum_3_4th_asezwao_global_forum.jpg\",\"articleSection\":[\"Gran Asamblea\",\"Noticias globales\"],\"inLanguage\":\"es\"},{\"@type\":\"WebPage\",\"@id\":\"https:\\\/\\\/watv.org\\\/es\\\/3-4th-asezwao-global-forum\\\/\",\"url\":\"https:\\\/\\\/watv.org\\\/es\\\/3-4th-asezwao-global-forum\\\/\",\"name\":\"ASEZ WAO organiza el 3.er y 4.\u00ba Foro Internacional - Iglesia de Dios Sociedad Misionera Mundial\",\"isPartOf\":{\"@id\":\"https:\\\/\\\/watv.org\\\/es\\\/#website\"},\"primaryImageOfPage\":{\"@id\":\"https:\\\/\\\/watv.org\\\/es\\\/3-4th-asezwao-global-forum\\\/#primaryimage\"},\"image\":{\"@id\":\"https:\\\/\\\/watv.org\\\/es\\\/3-4th-asezwao-global-forum\\\/#primaryimage\"},\"thumbnailUrl\":\"https:\\\/\\\/watv.org\\\/wp-content\\\/uploads\\\/2025\\\/07\\\/thum_3_4th_asezwao_global_forum.jpg\",\"datePublished\":\"2025-07-20T22:00:18+00:00\",\"dateModified\":\"2026-04-22T02:05:33+00:00\",\"breadcrumb\":{\"@id\":\"https:\\\/\\\/watv.org\\\/es\\\/3-4th-asezwao-global-forum\\\/#breadcrumb\"},\"inLanguage\":\"es\",\"potentialAction\":[{\"@type\":\"ReadAction\",\"target\":[\"https:\\\/\\\/watv.org\\\/es\\\/3-4th-asezwao-global-forum\\\/\"]}]},{\"@type\":\"ImageObject\",\"inLanguage\":\"es\",\"@id\":\"https:\\\/\\\/watv.org\\\/es\\\/3-4th-asezwao-global-forum\\\/#primaryimage\",\"url\":\"https:\\\/\\\/watv.org\\\/wp-content\\\/uploads\\\/2025\\\/07\\\/thum_3_4th_asezwao_global_forum.jpg\",\"contentUrl\":\"https:\\\/\\\/watv.org\\\/wp-content\\\/uploads\\\/2025\\\/07\\\/thum_3_4th_asezwao_global_forum.jpg\",\"width\":3840,\"height\":2000},{\"@type\":\"BreadcrumbList\",\"@id\":\"https:\\\/\\\/watv.org\\\/es\\\/3-4th-asezwao-global-forum\\\/#breadcrumb\",\"itemListElement\":[{\"@type\":\"ListItem\",\"position\":1,\"name\":\"Home\",\"item\":\"https:\\\/\\\/watv.org\\\/es\\\/\"},{\"@type\":\"ListItem\",\"position\":2,\"name\":\"ASEZ WAO organiza el 3.er y 4.\u00ba Foro Internacional\"}]},{\"@type\":\"WebSite\",\"@id\":\"https:\\\/\\\/watv.org\\\/es\\\/#website\",\"url\":\"https:\\\/\\\/watv.org\\\/es\\\/\",\"name\":\"Iglesia de Dios Sociedad Misionera Mundial\",\"description\":\"With Mother\u2019s heartwarming love, we deliver eternal happiness to seven billion people in the world.\",\"publisher\":{\"@id\":\"https:\\\/\\\/watv.org\\\/es\\\/#organization\"},\"potentialAction\":[{\"@type\":\"SearchAction\",\"target\":{\"@type\":\"EntryPoint\",\"urlTemplate\":\"https:\\\/\\\/watv.org\\\/es\\\/?s={search_term_string}\"},\"query-input\":{\"@type\":\"PropertyValueSpecification\",\"valueRequired\":true,\"valueName\":\"search_term_string\"}}],\"inLanguage\":\"es\"},{\"@type\":\"Organization\",\"@id\":\"https:\\\/\\\/watv.org\\\/es\\\/#organization\",\"name\":\"World Mission Society Church of God - \ud558\ub098\ub2d8\uc758\uad50\ud68c \uc138\uacc4\ubcf5\uc74c\uc120\uad50\ud611\ud68c\",\"url\":\"https:\\\/\\\/watv.org\\\/es\\\/\",\"logo\":{\"@type\":\"ImageObject\",\"inLanguage\":\"es\",\"@id\":\"https:\\\/\\\/watv.org\\\/es\\\/#\\\/schema\\\/logo\\\/image\\\/\",\"url\":\"https:\\\/\\\/watv.org\\\/wp-content\\\/uploads\\\/2022\\\/06\\\/WorldMissionSociety_ChurchofGod_Symbol_Logo.png\",\"contentUrl\":\"https:\\\/\\\/watv.org\\\/wp-content\\\/uploads\\\/2022\\\/06\\\/WorldMissionSociety_ChurchofGod_Symbol_Logo.png\",\"width\":1001,\"height\":1331,\"caption\":\"World Mission Society Church of God - \ud558\ub098\ub2d8\uc758\uad50\ud68c \uc138\uacc4\ubcf5\uc74c\uc120\uad50\ud611\ud68c\"},\"image\":{\"@id\":\"https:\\\/\\\/watv.org\\\/es\\\/#\\\/schema\\\/logo\\\/image\\\/\"},\"sameAs\":[\"https:\\\/\\\/www.youtube.com\\\/channel\\\/UCioiBk9rS5Dv5j66hUipsuQ\"]},{\"@type\":\"Person\",\"@id\":\"https:\\\/\\\/watv.org\\\/es\\\/#\\\/schema\\\/person\\\/d42d3bac76f35f5bca3931fe3f0abfd6\",\"name\":\"jy\"}]}<\/script>\n<!-- \/ Yoast SEO plugin. -->","yoast_head_json":{"title":"ASEZ WAO organiza el 3.er y 4.\u00ba Foro Internacional - Iglesia de Dios Sociedad Misionera Mundial","robots":{"index":"index","follow":"follow","max-snippet":"max-snippet:-1","max-image-preview":"max-image-preview:large","max-video-preview":"max-video-preview:-1"},"canonical":"https:\/\/watv.org\/es\/3-4th-asezwao-global-forum\/","og_locale":"es_ES","og_type":"article","og_title":"ASEZ WAO organiza el 3.er y 4.\u00ba Foro Internacional - Iglesia de Dios Sociedad Misionera Mundial","og_description":"ASEZ WAO, el Grupo de J\u00f3venes Trabajadores Voluntarios de la Iglesia de Dios, organiz\u00f3 su 3.er y 4.\u00ba Foro Internacional para abordar la contaminaci\u00f3n por pl\u00e1sticos. Los foros se realizaron el 16 de julio en la Sede de las Naciones Unidas en Nueva York y el 21 de julio en el Servicio Nacional de Meteorolog\u00eda...","og_url":"https:\/\/watv.org\/es\/3-4th-asezwao-global-forum\/","og_site_name":"Iglesia de Dios Sociedad Misionera Mundial","article_published_time":"2025-07-20T22:00:18+00:00","article_modified_time":"2026-04-22T02:05:33+00:00","og_image":[{"width":3840,"height":2000,"url":"https:\/\/watv.org\/wp-content\/uploads\/2025\/07\/thum_3_4th_asezwao_global_forum.jpg","type":"image\/jpeg"}],"author":"jy","twitter_card":"summary_large_image","schema":{"@context":"https:\/\/schema.org","@graph":[{"@type":"Article","@id":"https:\/\/watv.org\/es\/3-4th-asezwao-global-forum\/#article","isPartOf":{"@id":"https:\/\/watv.org\/es\/3-4th-asezwao-global-forum\/"},"author":{"name":"jy","@id":"https:\/\/watv.org\/es\/#\/schema\/person\/d42d3bac76f35f5bca3931fe3f0abfd6"},"headline":"ASEZ WAO organiza el 3.er y 4.\u00ba Foro Internacional","datePublished":"2025-07-20T22:00:18+00:00","dateModified":"2026-04-22T02:05:33+00:00","mainEntityOfPage":{"@id":"https:\/\/watv.org\/es\/3-4th-asezwao-global-forum\/"},"wordCount":1157,"publisher":{"@id":"https:\/\/watv.org\/es\/#organization"},"image":{"@id":"https:\/\/watv.org\/es\/3-4th-asezwao-global-forum\/#primaryimage"},"thumbnailUrl":"https:\/\/watv.org\/wp-content\/uploads\/2025\/07\/thum_3_4th_asezwao_global_forum.jpg","articleSection":["Gran Asamblea","Noticias globales"],"inLanguage":"es"},{"@type":"WebPage","@id":"https:\/\/watv.org\/es\/3-4th-asezwao-global-forum\/","url":"https:\/\/watv.org\/es\/3-4th-asezwao-global-forum\/","name":"ASEZ WAO organiza el 3.er y 4.\u00ba Foro Internacional - Iglesia de Dios Sociedad Misionera Mundial","isPartOf":{"@id":"https:\/\/watv.org\/es\/#website"},"primaryImageOfPage":{"@id":"https:\/\/watv.org\/es\/3-4th-asezwao-global-forum\/#primaryimage"},"image":{"@id":"https:\/\/watv.org\/es\/3-4th-asezwao-global-forum\/#primaryimage"},"thumbnailUrl":"https:\/\/watv.org\/wp-content\/uploads\/2025\/07\/thum_3_4th_asezwao_global_forum.jpg","datePublished":"2025-07-20T22:00:18+00:00","dateModified":"2026-04-22T02:05:33+00:00","breadcrumb":{"@id":"https:\/\/watv.org\/es\/3-4th-asezwao-global-forum\/#breadcrumb"},"inLanguage":"es","potentialAction":[{"@type":"ReadAction","target":["https:\/\/watv.org\/es\/3-4th-asezwao-global-forum\/"]}]},{"@type":"ImageObject","inLanguage":"es","@id":"https:\/\/watv.org\/es\/3-4th-asezwao-global-forum\/#primaryimage","url":"https:\/\/watv.org\/wp-content\/uploads\/2025\/07\/thum_3_4th_asezwao_global_forum.jpg","contentUrl":"https:\/\/watv.org\/wp-content\/uploads\/2025\/07\/thum_3_4th_asezwao_global_forum.jpg","width":3840,"height":2000},{"@type":"BreadcrumbList","@id":"https:\/\/watv.org\/es\/3-4th-asezwao-global-forum\/#breadcrumb","itemListElement":[{"@type":"ListItem","position":1,"name":"Home","item":"https:\/\/watv.org\/es\/"},{"@type":"ListItem","position":2,"name":"ASEZ WAO organiza el 3.er y 4.\u00ba Foro Internacional"}]},{"@type":"WebSite","@id":"https:\/\/watv.org\/es\/#website","url":"https:\/\/watv.org\/es\/","name":"Iglesia de Dios Sociedad Misionera Mundial","description":"With Mother\u2019s heartwarming love, we deliver eternal happiness to seven billion people in the world.","publisher":{"@id":"https:\/\/watv.org\/es\/#organization"},"potentialAction":[{"@type":"SearchAction","target":{"@type":"EntryPoint","urlTemplate":"https:\/\/watv.org\/es\/?s={search_term_string}"},"query-input":{"@type":"PropertyValueSpecification","valueRequired":true,"valueName":"search_term_string"}}],"inLanguage":"es"},{"@type":"Organization","@id":"https:\/\/watv.org\/es\/#organization","name":"World Mission Society Church of God - \ud558\ub098\ub2d8\uc758\uad50\ud68c \uc138\uacc4\ubcf5\uc74c\uc120\uad50\ud611\ud68c","url":"https:\/\/watv.org\/es\/","logo":{"@type":"ImageObject","inLanguage":"es","@id":"https:\/\/watv.org\/es\/#\/schema\/logo\/image\/","url":"https:\/\/watv.org\/wp-content\/uploads\/2022\/06\/WorldMissionSociety_ChurchofGod_Symbol_Logo.png","contentUrl":"https:\/\/watv.org\/wp-content\/uploads\/2022\/06\/WorldMissionSociety_ChurchofGod_Symbol_Logo.png","width":1001,"height":1331,"caption":"World Mission Society Church of God - \ud558\ub098\ub2d8\uc758\uad50\ud68c \uc138\uacc4\ubcf5\uc74c\uc120\uad50\ud611\ud68c"},"image":{"@id":"https:\/\/watv.org\/es\/#\/schema\/logo\/image\/"},"sameAs":["https:\/\/www.youtube.com\/channel\/UCioiBk9rS5Dv5j66hUipsuQ"]},{"@type":"Person","@id":"https:\/\/watv.org\/es\/#\/schema\/person\/d42d3bac76f35f5bca3931fe3f0abfd6","name":"jy"}]}},"_links":{"self":[{"href":"https:\/\/watv.org\/es\/wp-json\/wp\/v2\/posts\/167806","targetHints":{"allow":["GET"]}}],"collection":[{"href":"https:\/\/watv.org\/es\/wp-json\/wp\/v2\/posts"}],"about":[{"href":"https:\/\/watv.org\/es\/wp-json\/wp\/v2\/types\/post"}],"author":[{"embeddable":true,"href":"https:\/\/watv.org\/es\/wp-json\/wp\/v2\/users\/20"}],"replies":[{"embeddable":true,"href":"https:\/\/watv.org\/es\/wp-json\/wp\/v2\/comments?post=167806"}],"version-history":[{"count":4,"href":"https:\/\/watv.org\/es\/wp-json\/wp\/v2\/posts\/167806\/revisions"}],"predecessor-version":[{"id":167810,"href":"https:\/\/watv.org\/es\/wp-json\/wp\/v2\/posts\/167806\/revisions\/167810"}],"wp:featuredmedia":[{"embeddable":true,"href":"https:\/\/watv.org\/es\/wp-json\/wp\/v2\/media\/143325"}],"wp:attachment":[{"href":"https:\/\/watv.org\/es\/wp-json\/wp\/v2\/media?parent=167806"}],"wp:term":[{"taxonomy":"category","embeddable":true,"href":"https:\/\/watv.org\/es\/wp-json\/wp\/v2\/categories?post=167806"},{"taxonomy":"post_tag","embeddable":true,"href":"https:\/\/watv.org\/es\/wp-json\/wp\/v2\/tags?post=167806"}],"curies":[{"name":"wp","href":"https:\/\/api.w.org\/{rel}","templated":true}]}}