{"id":168081,"date":"2026-03-02T08:00:07","date_gmt":"2026-03-01T23:00:07","guid":{"rendered":"https:\/\/watv.org\/classes-start-worship-2026\/"},"modified":"2026-04-28T09:35:56","modified_gmt":"2026-04-28T00:35:56","slug":"classes-start-worship-2026","status":"publish","type":"post","link":"https:\/\/watv.org\/es\/classes-start-worship-2026\/","title":{"rendered":"Culto de Apertura del Semestre para Universitarios 2026"},"content":{"rendered":"<p>El 2 de marzo, con motivo del inicio del nuevo semestre, se llev\u00f3 a cabo el Culto de Apertura del Semestre para Universitarios 2026 en el <a href=\"https:\/\/churchofgod.wiki\/es\/Instituto_de_Formaci%C3%B3n_Go%26Come_de_Okcheon\">Instituto de Formaci\u00f3n Go&#038;Come de Okcheon<\/a>. Al evento asistieron aproximadamente 9000 personas, incluyendo universitarios, padres, maestros del \u00e1rea de j\u00f3venes y personal pastoral.<\/p>\n<p>En la primera parte del culto, la <a href=\"https:\/\/jerusalemmother.com\/es\/\">Madre<\/a> bendijo con oraci\u00f3n a los universitarios para que recibieran la sabidur\u00eda, la fe y los diversos dones del <a href=\"https:\/\/churchofgod.wiki\/es\/El_Esp%C3%ADritu_Santo\">Esp\u00edritu Santo<\/a> necesarios para alcanzar sus sue\u00f1os. Alentando a los universitarios que hab\u00edan aprovechado las vacaciones con actividades de misi\u00f3n y servicio voluntario, la Madre inst\u00f3: \u201cCualquier cosa que planifiquen con fe, el todopoderoso <a href=\"https:\/\/ahnsahnghong.com\/es\/\">Padre<\/a> la har\u00e1 realidad. Como j\u00f3venes, el roc\u00edo del alba y protagonistas de las profec\u00edas, tengamos una fe firme y lideremos al mundo hacia la esperanza\u201d.<\/p>\n<figure class=\"limit\">\n <picture class=\"copyright\"><source media=\"(max-width:450px)\" srcset=\"\/wp-content\/themes\/watv\/images\/posts\/news_260302_01.jpg\"><img decoding=\"async\" src=\"\/wp-content\/themes\/watv\/images\/posts\/news_260302_01.jpg\"\n    srcset=\"\/wp-content\/themes\/watv\/images\/posts\/news_260302_01.jpg,\n            \/wp-content\/themes\/watv\/images\/posts\/news_260302_01@2x.jpg 2x\">\n <\/picture>\n<\/figure>\n<div class=\"divide limit\">\n<figure>\n  <picture class=\"copyright\"><source media=\"(max-width:450px)\" srcset=\"\/wp-content\/themes\/watv\/images\/posts\/news_260302_02.jpg\"><img decoding=\"async\" src=\"\/wp-content\/themes\/watv\/images\/posts\/news_260302_02.jpg\"\n     srcset=\"\/wp-content\/themes\/watv\/images\/posts\/news_260302_02.jpg,\n             \/wp-content\/themes\/watv\/images\/posts\/news_260302_02@2x.jpg 2x\">\n  <\/picture>\n <\/figure>\n<figure>\n  <picture class=\"copyright\"><source media=\"(max-width:450px)\" srcset=\"\/wp-content\/themes\/watv\/images\/posts\/news_260302_03.jpg\"><img decoding=\"async\" src=\"\/wp-content\/themes\/watv\/images\/posts\/news_260302_03.jpg\"\n     srcset=\"\/wp-content\/themes\/watv\/images\/posts\/news_260302_03.jpg,\n             \/wp-content\/themes\/watv\/images\/posts\/news_260302_03@2x.jpg 2x\">\n  <\/picture>\n <\/figure>\n<\/div>\n<p>El Primer Pastor Kim Joo-cheol enfatiz\u00f3 el potencial ilimitado de los j\u00f3venes e inst\u00f3 a albergar grandes sue\u00f1os: \u201cEspero que superen el miedo y la vacilaci\u00f3n ante un futuro incierto y que aprovechen al m\u00e1ximo la juventud, que solo se vive una vez. Apoy\u00e1ndose en Dios, que siempre los gu\u00eda por el camino correcto, expresen sin l\u00edmites las capacidades que cada uno lleva dentro\u201d (Mt 28:18-20, Sal 110:1-3, Is 41:10-11).<\/p>\n<figure class=\"limit\">\n <picture class=\"copyright\"><source media=\"(max-width:450px)\" srcset=\"\/wp-content\/themes\/watv\/images\/posts\/news_260302_04.jpg\"><img decoding=\"async\" src=\"\/wp-content\/themes\/watv\/images\/posts\/news_260302_04.jpg\"\n    srcset=\"\/wp-content\/themes\/watv\/images\/posts\/news_260302_04.jpg,\n            \/wp-content\/themes\/watv\/images\/posts\/news_260302_04@2x.jpg 2x\">\n <\/picture>\n<\/figure>\n<p>En la segunda parte, la ceremonia de entrega de premios, un total de 53 miembros fueron honrados con galardones, entre ellos estudiantes de la ABIU (Academia B\u00edblica Internacional para Universitarios) con excelente rendimiento acad\u00e9mico y miembros de <a href=\"https:\/\/asez.org\/es\/\">ASEZ (Grupo de Universitarios Voluntarios de la Iglesia de Dios)<\/a> con actividad sobresaliente. La Madre entreg\u00f3 personalmente los premios a los galardonados y elogi\u00f3 sus ejemplares actividades.<\/p>\n<figure class=\"limit\">\n <picture class=\"copyright\"><source media=\"(max-width:450px)\" srcset=\"\/wp-content\/themes\/watv\/images\/posts\/news_260302_05.jpg\"><img decoding=\"async\" src=\"\/wp-content\/themes\/watv\/images\/posts\/news_260302_05.jpg\"\n    srcset=\"\/wp-content\/themes\/watv\/images\/posts\/news_260302_05.jpg,\n            \/wp-content\/themes\/watv\/images\/posts\/news_260302_05@2x.jpg 2x\">\n <\/picture>\n<\/figure>\n<div class=\"divide limit\">\n<figure>\n  <picture class=\"copyright\"><source media=\"(max-width:450px)\" srcset=\"\/wp-content\/themes\/watv\/images\/posts\/news_260302_06.jpg\"><img decoding=\"async\" src=\"\/wp-content\/themes\/watv\/images\/posts\/news_260302_06.jpg\"\n     srcset=\"\/wp-content\/themes\/watv\/images\/posts\/news_260302_06.jpg,\n             \/wp-content\/themes\/watv\/images\/posts\/news_260302_06@2x.jpg 2x\">\n  <\/picture>\n <\/figure>\n<figure>\n  <picture class=\"copyright\"><source media=\"(max-width:450px)\" srcset=\"\/wp-content\/themes\/watv\/images\/posts\/news_260302_07.jpg\"><img decoding=\"async\" src=\"\/wp-content\/themes\/watv\/images\/posts\/news_260302_07.jpg\"\n     srcset=\"\/wp-content\/themes\/watv\/images\/posts\/news_260302_07.jpg,\n             \/wp-content\/themes\/watv\/images\/posts\/news_260302_07@2x.jpg 2x\">\n  <\/picture>\n <\/figure>\n<\/div>\n<p>La tercera parte se compuso de proyecciones de v\u00eddeo y presentaciones de casos. Se presentaron ejemplos de universitarios de distintas partes del mundo que, en la etapa universitaria en que el camino futuro se ramifica en m\u00faltiples direcciones, reflexionan sobre qu\u00e9 elecci\u00f3n es la m\u00e1s valiosa y avanzan hacia sus sue\u00f1os. Los casos de quienes, sin conformarse con los l\u00edmites de su condici\u00f3n de universitarios y del campus, persiguieron una visi\u00f3n m\u00e1s amplia y lograron destacados resultados no solo en lo acad\u00e9mico, sino tambi\u00e9n en misi\u00f3n, servicio voluntario y otros \u00e1mbitos, despertaron la admiraci\u00f3n de los presentes. El hecho de que ASEZ, sobre la base de sus activas actividades medioambientales, fuera invitado oficialmente a reuniones del <a href=\"https:\/\/www.unep.org\/es\">PNUMA (Programa de las Naciones Unidas para el Medio Ambiente)<\/a> y de la <a href=\"https:\/\/unctad.org\/es\">UNCTAD (Conferencia de las Naciones Unidas sobre Comercio y Desarrollo)<\/a>, y nombrado embajador oficial del Pacto Europeo por el Clima de la <a href=\"https:\/\/european-union.europa.eu\/index_es\">UE<\/a>, infundi\u00f3 en los asistentes el esp\u00edritu de desaf\u00edo y el sentido de responsabilidad hacia el escenario global.<\/p>\n<p>El evento concluy\u00f3 con la determinaci\u00f3n de los universitarios de seguir el camino que Dios recorri\u00f3 y difundir en los campus de todo el mundo las ense\u00f1anzas bondadosas de Dios y el amor que en ellas habita. La Madre felicit\u00f3 una vez m\u00e1s por la celebraci\u00f3n del culto de apertura del semestre y anim\u00f3 nuevamente a los universitarios: \u201cEl ingreso a la universidad ser\u00e1 para ustedes una oportunidad de crecer un paso m\u00e1s. El Padre les ha dado muchas bendiciones; espero que logren en la universidad todo lo que desean\u201d.<\/p>\n<figure class=\"limit\">\n <picture class=\"copyright\"><source media=\"(max-width:450px)\" srcset=\"\/wp-content\/themes\/watv\/images\/posts\/news_260302_08.jpg\"><img decoding=\"async\" src=\"\/wp-content\/themes\/watv\/images\/posts\/news_260302_08.jpg\"\n    srcset=\"\/wp-content\/themes\/watv\/images\/posts\/news_260302_08.jpg,\n            \/wp-content\/themes\/watv\/images\/posts\/news_260302_08@2x.jpg 2x\">\n <\/picture>\n<\/figure>\n<p>Kim A-ryeong, estudiante de segundo a\u00f1o de la <a href=\"https:\/\/en.knu.ac.kr\/main\/main.htm\">Universidad de Gyeongbuk<\/a>, se\u00f1al\u00f3: \u201cHubo momentos en que me preocupaba no tener un criterio para saber si estaba caminando por el buen camino, pero gracias a los compa\u00f1eros mayores de la ABIU que me ayudaron y guiaron, pude llenar el a\u00f1o de cosas significativas. Yo tambi\u00e9n quiero ser ese tipo de ejemplo para los m\u00e1s j\u00f3venes\u201d. Ha Da-hyeon, estudiante de primer a\u00f1o de la <a href=\"https:\/\/www.joongbu.ac.kr\/eng\/\">Universidad de Jungbu<\/a>, expres\u00f3: \u201cSent\u00eda el futuro incierto porque todav\u00eda no ten\u00eda claro mi rumbo, pero al venir hoy al evento y escuchar que no hay l\u00edmites para nuestra posibilidad, me llen\u00f3 de confianza. Me esforzar\u00e9 al m\u00e1ximo en todo\u201d.<\/p>\n<p>El miembro Hong Sang-hui, de Busan, padre de una universitaria, comparti\u00f3: \u201cComo padre, me enorgullece ver a mi hija abri\u00e9ndose camino en la vida como universitaria. Esta actitud tambi\u00e9n est\u00e1 teniendo una buena influencia en la familia. Cuando se convierta en adulta, habr\u00e1 a\u00fan m\u00e1s encrucijadas por delante; espero que, tal como escuchamos hoy, enfrente los desaf\u00edos con fe y determinaci\u00f3n\u201d.<\/p>\n<figure class=\"limit\">\n <picture class=\"copyright\"><source media=\"(max-width:450px)\" srcset=\"\/wp-content\/themes\/watv\/images\/posts\/news_260302_09.jpg\"><img decoding=\"async\" src=\"\/wp-content\/themes\/watv\/images\/posts\/news_260302_09.jpg\"\n    srcset=\"\/wp-content\/themes\/watv\/images\/posts\/news_260302_09.jpg,\n            \/wp-content\/themes\/watv\/images\/posts\/news_260302_09@2x.jpg 2x\">\n <\/picture>\n<\/figure>\n","protected":false},"excerpt":{"rendered":"El 2 de marzo, con motivo del inicio del nuevo semestre, se llev\u00f3 a cabo el Culto de Apertura del Semestre para Universitarios 2026 en el Instituto de Formaci\u00f3n Go&#038;Come de Okcheon. Al evento asistieron aproximadamente 9000 personas, incluyendo universitarios, padres, maestros del \u00e1rea de j\u00f3venes y personal pastoral. En la primera parte del culto,&#8230;","protected":false},"author":28,"featured_media":167370,"comment_status":"closed","ping_status":"closed","sticky":false,"template":"post-type\/post-type-header-full-screen.php","format":"standard","meta":{"footnotes":""},"categories":[154,152],"tags":[],"class_list":["post-168081","post","type-post","status-publish","format-standard","has-post-thumbnail","hentry","category-news","category-global-news"],"yoast_head":"<!-- This site is optimized with the Yoast SEO plugin v27.4 - https:\/\/yoast.com\/product\/yoast-seo-wordpress\/ -->\n<title>Culto de Apertura del Semestre para Universitarios 2026 - Iglesia de Dios Sociedad Misionera Mundial<\/title>\n<meta name=\"robots\" content=\"index, follow, max-snippet:-1, max-image-preview:large, max-video-preview:-1\" \/>\n<link rel=\"canonical\" href=\"https:\/\/watv.org\/es\/classes-start-worship-2026\/\" \/>\n<meta property=\"og:locale\" content=\"es_ES\" \/>\n<meta property=\"og:type\" content=\"article\" \/>\n<meta property=\"og:title\" content=\"Culto de Apertura del Semestre para Universitarios 2026 - Iglesia de Dios Sociedad Misionera Mundial\" \/>\n<meta property=\"og:description\" content=\"El 2 de marzo, con motivo del inicio del nuevo semestre, se llev\u00f3 a cabo el Culto de Apertura del Semestre para Universitarios 2026 en el Instituto de Formaci\u00f3n Go&#038;Come de Okcheon. Al evento asistieron aproximadamente 9000 personas, incluyendo universitarios, padres, maestros del \u00e1rea de j\u00f3venes y personal pastoral. En la primera parte del culto,...\" \/>\n<meta property=\"og:url\" content=\"https:\/\/watv.org\/es\/classes-start-worship-2026\/\" \/>\n<meta property=\"og:site_name\" content=\"Iglesia de Dios Sociedad Misionera Mundial\" \/>\n<meta property=\"article:published_time\" content=\"2026-03-01T23:00:07+00:00\" \/>\n<meta property=\"article:modified_time\" content=\"2026-04-28T00:35:56+00:00\" \/>\n<meta property=\"og:image\" content=\"https:\/\/watv.org\/wp-content\/uploads\/2026\/04\/thum_classes_start_worship_2026.jpg\" \/>\n\t<meta property=\"og:image:width\" content=\"3840\" \/>\n\t<meta property=\"og:image:height\" content=\"2026\" \/>\n\t<meta property=\"og:image:type\" content=\"image\/jpeg\" \/>\n<meta name=\"author\" content=\"jm\" \/>\n<meta name=\"twitter:card\" content=\"summary_large_image\" \/>\n<script type=\"application\/ld+json\" class=\"yoast-schema-graph\">{\"@context\":\"https:\\\/\\\/schema.org\",\"@graph\":[{\"@type\":\"Article\",\"@id\":\"https:\\\/\\\/watv.org\\\/es\\\/classes-start-worship-2026\\\/#article\",\"isPartOf\":{\"@id\":\"https:\\\/\\\/watv.org\\\/es\\\/classes-start-worship-2026\\\/\"},\"author\":{\"name\":\"jm\",\"@id\":\"https:\\\/\\\/watv.org\\\/es\\\/#\\\/schema\\\/person\\\/be57f76f5750fcbbbfb6c20b6b68cede\"},\"headline\":\"Culto de Apertura del Semestre para Universitarios 2026\",\"datePublished\":\"2026-03-01T23:00:07+00:00\",\"dateModified\":\"2026-04-28T00:35:56+00:00\",\"mainEntityOfPage\":{\"@id\":\"https:\\\/\\\/watv.org\\\/es\\\/classes-start-worship-2026\\\/\"},\"wordCount\":764,\"publisher\":{\"@id\":\"https:\\\/\\\/watv.org\\\/es\\\/#organization\"},\"image\":{\"@id\":\"https:\\\/\\\/watv.org\\\/es\\\/classes-start-worship-2026\\\/#primaryimage\"},\"thumbnailUrl\":\"https:\\\/\\\/watv.org\\\/wp-content\\\/uploads\\\/2026\\\/04\\\/thum_classes_start_worship_2026.jpg\",\"articleSection\":[\"Gran Asamblea\",\"Noticias globales\"],\"inLanguage\":\"es\"},{\"@type\":\"WebPage\",\"@id\":\"https:\\\/\\\/watv.org\\\/es\\\/classes-start-worship-2026\\\/\",\"url\":\"https:\\\/\\\/watv.org\\\/es\\\/classes-start-worship-2026\\\/\",\"name\":\"Culto de Apertura del Semestre para Universitarios 2026 - Iglesia de Dios Sociedad Misionera Mundial\",\"isPartOf\":{\"@id\":\"https:\\\/\\\/watv.org\\\/es\\\/#website\"},\"primaryImageOfPage\":{\"@id\":\"https:\\\/\\\/watv.org\\\/es\\\/classes-start-worship-2026\\\/#primaryimage\"},\"image\":{\"@id\":\"https:\\\/\\\/watv.org\\\/es\\\/classes-start-worship-2026\\\/#primaryimage\"},\"thumbnailUrl\":\"https:\\\/\\\/watv.org\\\/wp-content\\\/uploads\\\/2026\\\/04\\\/thum_classes_start_worship_2026.jpg\",\"datePublished\":\"2026-03-01T23:00:07+00:00\",\"dateModified\":\"2026-04-28T00:35:56+00:00\",\"breadcrumb\":{\"@id\":\"https:\\\/\\\/watv.org\\\/es\\\/classes-start-worship-2026\\\/#breadcrumb\"},\"inLanguage\":\"es\",\"potentialAction\":[{\"@type\":\"ReadAction\",\"target\":[\"https:\\\/\\\/watv.org\\\/es\\\/classes-start-worship-2026\\\/\"]}]},{\"@type\":\"ImageObject\",\"inLanguage\":\"es\",\"@id\":\"https:\\\/\\\/watv.org\\\/es\\\/classes-start-worship-2026\\\/#primaryimage\",\"url\":\"https:\\\/\\\/watv.org\\\/wp-content\\\/uploads\\\/2026\\\/04\\\/thum_classes_start_worship_2026.jpg\",\"contentUrl\":\"https:\\\/\\\/watv.org\\\/wp-content\\\/uploads\\\/2026\\\/04\\\/thum_classes_start_worship_2026.jpg\",\"width\":3840,\"height\":2026},{\"@type\":\"BreadcrumbList\",\"@id\":\"https:\\\/\\\/watv.org\\\/es\\\/classes-start-worship-2026\\\/#breadcrumb\",\"itemListElement\":[{\"@type\":\"ListItem\",\"position\":1,\"name\":\"Home\",\"item\":\"https:\\\/\\\/watv.org\\\/es\\\/\"},{\"@type\":\"ListItem\",\"position\":2,\"name\":\"Culto de Apertura del Semestre para Universitarios 2026\"}]},{\"@type\":\"WebSite\",\"@id\":\"https:\\\/\\\/watv.org\\\/es\\\/#website\",\"url\":\"https:\\\/\\\/watv.org\\\/es\\\/\",\"name\":\"Iglesia de Dios Sociedad Misionera Mundial\",\"description\":\"With Mother\u2019s heartwarming love, we deliver eternal happiness to seven billion people in the world.\",\"publisher\":{\"@id\":\"https:\\\/\\\/watv.org\\\/es\\\/#organization\"},\"potentialAction\":[{\"@type\":\"SearchAction\",\"target\":{\"@type\":\"EntryPoint\",\"urlTemplate\":\"https:\\\/\\\/watv.org\\\/es\\\/?s={search_term_string}\"},\"query-input\":{\"@type\":\"PropertyValueSpecification\",\"valueRequired\":true,\"valueName\":\"search_term_string\"}}],\"inLanguage\":\"es\"},{\"@type\":\"Organization\",\"@id\":\"https:\\\/\\\/watv.org\\\/es\\\/#organization\",\"name\":\"World Mission Society Church of God - \ud558\ub098\ub2d8\uc758\uad50\ud68c \uc138\uacc4\ubcf5\uc74c\uc120\uad50\ud611\ud68c\",\"url\":\"https:\\\/\\\/watv.org\\\/es\\\/\",\"logo\":{\"@type\":\"ImageObject\",\"inLanguage\":\"es\",\"@id\":\"https:\\\/\\\/watv.org\\\/es\\\/#\\\/schema\\\/logo\\\/image\\\/\",\"url\":\"https:\\\/\\\/watv.org\\\/wp-content\\\/uploads\\\/2022\\\/06\\\/WorldMissionSociety_ChurchofGod_Symbol_Logo.png\",\"contentUrl\":\"https:\\\/\\\/watv.org\\\/wp-content\\\/uploads\\\/2022\\\/06\\\/WorldMissionSociety_ChurchofGod_Symbol_Logo.png\",\"width\":1001,\"height\":1331,\"caption\":\"World Mission Society Church of God - \ud558\ub098\ub2d8\uc758\uad50\ud68c \uc138\uacc4\ubcf5\uc74c\uc120\uad50\ud611\ud68c\"},\"image\":{\"@id\":\"https:\\\/\\\/watv.org\\\/es\\\/#\\\/schema\\\/logo\\\/image\\\/\"},\"sameAs\":[\"https:\\\/\\\/www.youtube.com\\\/channel\\\/UCioiBk9rS5Dv5j66hUipsuQ\"]},{\"@type\":\"Person\",\"@id\":\"https:\\\/\\\/watv.org\\\/es\\\/#\\\/schema\\\/person\\\/be57f76f5750fcbbbfb6c20b6b68cede\",\"name\":\"jm\"}]}<\/script>\n<!-- \/ Yoast SEO plugin. -->","yoast_head_json":{"title":"Culto de Apertura del Semestre para Universitarios 2026 - Iglesia de Dios Sociedad Misionera Mundial","robots":{"index":"index","follow":"follow","max-snippet":"max-snippet:-1","max-image-preview":"max-image-preview:large","max-video-preview":"max-video-preview:-1"},"canonical":"https:\/\/watv.org\/es\/classes-start-worship-2026\/","og_locale":"es_ES","og_type":"article","og_title":"Culto de Apertura del Semestre para Universitarios 2026 - Iglesia de Dios Sociedad Misionera Mundial","og_description":"El 2 de marzo, con motivo del inicio del nuevo semestre, se llev\u00f3 a cabo el Culto de Apertura del Semestre para Universitarios 2026 en el Instituto de Formaci\u00f3n Go&#038;Come de Okcheon. Al evento asistieron aproximadamente 9000 personas, incluyendo universitarios, padres, maestros del \u00e1rea de j\u00f3venes y personal pastoral. En la primera parte del culto,...","og_url":"https:\/\/watv.org\/es\/classes-start-worship-2026\/","og_site_name":"Iglesia de Dios Sociedad Misionera Mundial","article_published_time":"2026-03-01T23:00:07+00:00","article_modified_time":"2026-04-28T00:35:56+00:00","og_image":[{"width":3840,"height":2026,"url":"https:\/\/watv.org\/wp-content\/uploads\/2026\/04\/thum_classes_start_worship_2026.jpg","type":"image\/jpeg"}],"author":"jm","twitter_card":"summary_large_image","schema":{"@context":"https:\/\/schema.org","@graph":[{"@type":"Article","@id":"https:\/\/watv.org\/es\/classes-start-worship-2026\/#article","isPartOf":{"@id":"https:\/\/watv.org\/es\/classes-start-worship-2026\/"},"author":{"name":"jm","@id":"https:\/\/watv.org\/es\/#\/schema\/person\/be57f76f5750fcbbbfb6c20b6b68cede"},"headline":"Culto de Apertura del Semestre para Universitarios 2026","datePublished":"2026-03-01T23:00:07+00:00","dateModified":"2026-04-28T00:35:56+00:00","mainEntityOfPage":{"@id":"https:\/\/watv.org\/es\/classes-start-worship-2026\/"},"wordCount":764,"publisher":{"@id":"https:\/\/watv.org\/es\/#organization"},"image":{"@id":"https:\/\/watv.org\/es\/classes-start-worship-2026\/#primaryimage"},"thumbnailUrl":"https:\/\/watv.org\/wp-content\/uploads\/2026\/04\/thum_classes_start_worship_2026.jpg","articleSection":["Gran Asamblea","Noticias globales"],"inLanguage":"es"},{"@type":"WebPage","@id":"https:\/\/watv.org\/es\/classes-start-worship-2026\/","url":"https:\/\/watv.org\/es\/classes-start-worship-2026\/","name":"Culto de Apertura del Semestre para Universitarios 2026 - Iglesia de Dios Sociedad Misionera Mundial","isPartOf":{"@id":"https:\/\/watv.org\/es\/#website"},"primaryImageOfPage":{"@id":"https:\/\/watv.org\/es\/classes-start-worship-2026\/#primaryimage"},"image":{"@id":"https:\/\/watv.org\/es\/classes-start-worship-2026\/#primaryimage"},"thumbnailUrl":"https:\/\/watv.org\/wp-content\/uploads\/2026\/04\/thum_classes_start_worship_2026.jpg","datePublished":"2026-03-01T23:00:07+00:00","dateModified":"2026-04-28T00:35:56+00:00","breadcrumb":{"@id":"https:\/\/watv.org\/es\/classes-start-worship-2026\/#breadcrumb"},"inLanguage":"es","potentialAction":[{"@type":"ReadAction","target":["https:\/\/watv.org\/es\/classes-start-worship-2026\/"]}]},{"@type":"ImageObject","inLanguage":"es","@id":"https:\/\/watv.org\/es\/classes-start-worship-2026\/#primaryimage","url":"https:\/\/watv.org\/wp-content\/uploads\/2026\/04\/thum_classes_start_worship_2026.jpg","contentUrl":"https:\/\/watv.org\/wp-content\/uploads\/2026\/04\/thum_classes_start_worship_2026.jpg","width":3840,"height":2026},{"@type":"BreadcrumbList","@id":"https:\/\/watv.org\/es\/classes-start-worship-2026\/#breadcrumb","itemListElement":[{"@type":"ListItem","position":1,"name":"Home","item":"https:\/\/watv.org\/es\/"},{"@type":"ListItem","position":2,"name":"Culto de Apertura del Semestre para Universitarios 2026"}]},{"@type":"WebSite","@id":"https:\/\/watv.org\/es\/#website","url":"https:\/\/watv.org\/es\/","name":"Iglesia de Dios Sociedad Misionera Mundial","description":"With Mother\u2019s heartwarming love, we deliver eternal happiness to seven billion people in the world.","publisher":{"@id":"https:\/\/watv.org\/es\/#organization"},"potentialAction":[{"@type":"SearchAction","target":{"@type":"EntryPoint","urlTemplate":"https:\/\/watv.org\/es\/?s={search_term_string}"},"query-input":{"@type":"PropertyValueSpecification","valueRequired":true,"valueName":"search_term_string"}}],"inLanguage":"es"},{"@type":"Organization","@id":"https:\/\/watv.org\/es\/#organization","name":"World Mission Society Church of God - \ud558\ub098\ub2d8\uc758\uad50\ud68c \uc138\uacc4\ubcf5\uc74c\uc120\uad50\ud611\ud68c","url":"https:\/\/watv.org\/es\/","logo":{"@type":"ImageObject","inLanguage":"es","@id":"https:\/\/watv.org\/es\/#\/schema\/logo\/image\/","url":"https:\/\/watv.org\/wp-content\/uploads\/2022\/06\/WorldMissionSociety_ChurchofGod_Symbol_Logo.png","contentUrl":"https:\/\/watv.org\/wp-content\/uploads\/2022\/06\/WorldMissionSociety_ChurchofGod_Symbol_Logo.png","width":1001,"height":1331,"caption":"World Mission Society Church of God - \ud558\ub098\ub2d8\uc758\uad50\ud68c \uc138\uacc4\ubcf5\uc74c\uc120\uad50\ud611\ud68c"},"image":{"@id":"https:\/\/watv.org\/es\/#\/schema\/logo\/image\/"},"sameAs":["https:\/\/www.youtube.com\/channel\/UCioiBk9rS5Dv5j66hUipsuQ"]},{"@type":"Person","@id":"https:\/\/watv.org\/es\/#\/schema\/person\/be57f76f5750fcbbbfb6c20b6b68cede","name":"jm"}]}},"_links":{"self":[{"href":"https:\/\/watv.org\/es\/wp-json\/wp\/v2\/posts\/168081","targetHints":{"allow":["GET"]}}],"collection":[{"href":"https:\/\/watv.org\/es\/wp-json\/wp\/v2\/posts"}],"about":[{"href":"https:\/\/watv.org\/es\/wp-json\/wp\/v2\/types\/post"}],"author":[{"embeddable":true,"href":"https:\/\/watv.org\/es\/wp-json\/wp\/v2\/users\/28"}],"replies":[{"embeddable":true,"href":"https:\/\/watv.org\/es\/wp-json\/wp\/v2\/comments?post=168081"}],"version-history":[{"count":2,"href":"https:\/\/watv.org\/es\/wp-json\/wp\/v2\/posts\/168081\/revisions"}],"predecessor-version":[{"id":168083,"href":"https:\/\/watv.org\/es\/wp-json\/wp\/v2\/posts\/168081\/revisions\/168083"}],"wp:featuredmedia":[{"embeddable":true,"href":"https:\/\/watv.org\/es\/wp-json\/wp\/v2\/media\/167370"}],"wp:attachment":[{"href":"https:\/\/watv.org\/es\/wp-json\/wp\/v2\/media?parent=168081"}],"wp:term":[{"taxonomy":"category","embeddable":true,"href":"https:\/\/watv.org\/es\/wp-json\/wp\/v2\/categories?post=168081"},{"taxonomy":"post_tag","embeddable":true,"href":"https:\/\/watv.org\/es\/wp-json\/wp\/v2\/tags?post=168081"}],"curies":[{"name":"wp","href":"https:\/\/api.w.org\/{rel}","templated":true}]}}