{"id":168086,"date":"2026-03-01T07:00:02","date_gmt":"2026-02-28T22:00:02","guid":{"rendered":"https:\/\/watv.org\/student-school-start-worship-2026\/"},"modified":"2026-04-28T09:36:04","modified_gmt":"2026-04-28T00:36:04","slug":"student-school-start-worship-2026","status":"publish","type":"post","link":"https:\/\/watv.org\/es\/student-school-start-worship-2026\/","title":{"rendered":"Culto de Apertura del A\u00f1o Escolar para Estudiantes 2026"},"content":{"rendered":"<p>El 1 de marzo, con la llegada de la primavera, se llev\u00f3 a cabo el Culto de Apertura del A\u00f1o Escolar para Estudiantes 2026 en el <a href=\"https:\/\/churchofgod.wiki\/es\/Instituto_de_Formaci%C3%B3n_Go%26Come_de_Okcheon\">Instituto de Formaci\u00f3n Go&#038;Come de Okcheon<\/a>. Este culto es un espacio preparado para que los adolescentes que inician un nuevo a\u00f1o escolar se llenen de energ\u00eda y \u00e1nimo en el amor de Dios y definan con claridad el rumbo de su vida con sue\u00f1os y metas claras.<\/p>\n<p>Al evento asistieron aproximadamente 11 000 personas, incluyendo estudiantes de secundaria de todo el pa\u00eds, padres y maestros del \u00e1rea de estudiantes y personal pastoral. La emoci\u00f3n y la expectativa de los estudiantes ante el inicio del nuevo a\u00f1o escolar se reflejaban en sus sonrisas radiantes.<\/p>\n<figure class=\"limit\">\n <picture class=\"copyright\"><source media=\"(max-width:450px)\" srcset=\"\/wp-content\/themes\/watv\/images\/posts\/news_260301_01.jpg\"><img decoding=\"async\" src=\"\/wp-content\/themes\/watv\/images\/posts\/news_260301_01.jpg\"\n    srcset=\"\/wp-content\/themes\/watv\/images\/posts\/news_260301_01.jpg,\n            \/wp-content\/themes\/watv\/images\/posts\/news_260301_01@2x.jpg 2x\">\n <\/picture>\n<\/figure>\n<div class=\"divide limit\">\n<figure>\n  <picture class=\"copyright\"><source media=\"(max-width:450px)\" srcset=\"\/wp-content\/themes\/watv\/images\/posts\/news_260301_02.jpg\"><img decoding=\"async\" src=\"\/wp-content\/themes\/watv\/images\/posts\/news_260301_02.jpg\"\n     srcset=\"\/wp-content\/themes\/watv\/images\/posts\/news_260301_02.jpg,\n             \/wp-content\/themes\/watv\/images\/posts\/news_260301_02@2x.jpg 2x\">\n  <\/picture>\n <\/figure>\n<figure>\n  <picture class=\"copyright\"><source media=\"(max-width:450px)\" srcset=\"\/wp-content\/themes\/watv\/images\/posts\/news_260301_03.jpg\"><img decoding=\"async\" src=\"\/wp-content\/themes\/watv\/images\/posts\/news_260301_03.jpg\"\n     srcset=\"\/wp-content\/themes\/watv\/images\/posts\/news_260301_03.jpg,\n             \/wp-content\/themes\/watv\/images\/posts\/news_260301_03@2x.jpg 2x\">\n  <\/picture>\n <\/figure>\n<figure>\n  <picture class=\"copyright\"><source media=\"(max-width:450px)\" srcset=\"\/wp-content\/themes\/watv\/images\/posts\/news_260301_04.jpg\"><img decoding=\"async\" src=\"\/wp-content\/themes\/watv\/images\/posts\/news_260301_04.jpg\"\n     srcset=\"\/wp-content\/themes\/watv\/images\/posts\/news_260301_04.jpg,\n             \/wp-content\/themes\/watv\/images\/posts\/news_260301_04@2x.jpg 2x\">\n  <\/picture>\n <\/figure>\n<figure>\n  <picture class=\"copyright\"><source media=\"(max-width:450px)\" srcset=\"\/wp-content\/themes\/watv\/images\/posts\/news_260301_05.jpg\"><img decoding=\"async\" src=\"\/wp-content\/themes\/watv\/images\/posts\/news_260301_05.jpg\"\n     srcset=\"\/wp-content\/themes\/watv\/images\/posts\/news_260301_05.jpg,\n             \/wp-content\/themes\/watv\/images\/posts\/news_260301_05@2x.jpg 2x\">\n  <\/picture>\n <\/figure>\n<\/div>\n<p>Antes del inicio del programa principal, frente al edificio principal del instituto se instalaron puestos de refrigerios. Diversos aperitivos preparados con esmero por los miembros de las iglesias de la regi\u00f3n cercana, como <i>tteokbokki<\/i> (pasteles de arroz picantes), <i>eomuk<\/i> (pasteles de pescado en brocheta), y corndogs, saciaron el apetito de los estudiantes. En el segundo piso del edificio principal, diversas actividades complementarias llamaron la atenci\u00f3n. Los estudiantes repasaron sus actividades pasadas observando paneles expositivos con las actividades de la ABIE (Academia B\u00edblica Internacional para Estudiantes) y de <a href=\"https:\/\/asezstar.org\/es\/\">ASEZ STAR (Grupo de Estudiantes Voluntarios de la Iglesia de Dios)<\/a>, y tambi\u00e9n dejaron recuerdos tom\u00e1ndose fotos en las zonas habilitadas para ello.<\/p>\n<p>En la primera parte, el culto, la <a href=\"https:\/\/jerusalemmother.com\/es\/\">Madre<\/a> bendijo a los estudiantes que se esfuerzan en los estudios escolares y en el estudio de la <a href=\"https:\/\/churchofgod.wiki\/es\/La_Biblia\">Biblia<\/a>. <a href=\"\/es\/faith_life\/what-is-prayer\/\">Or\u00f3<\/a> para que, con el valor de <a href=\"https:\/\/churchofgod.wiki\/es\/David\">David<\/a> y de la voluntad de fe de Daniel, fueran estudiantes que iluminen al mundo oscuro y manifiesten la gloria de Dios dondequiera que vayan; y expres\u00f3 su gratitud a los estudiantes que se hab\u00edan dedicado con diligencia a los estudios y a la vida de fe, as\u00ed como a los padres, maestros del \u00e1rea de estudiantes y personal pastoral que los hab\u00edan guiado de manera ejemplar.<\/p>\n<div class=\"divide limit\">\n<figure>\n  <picture class=\"copyright\"><source media=\"(max-width:450px)\" srcset=\"\/wp-content\/themes\/watv\/images\/posts\/news_260301_06.jpg\"><img decoding=\"async\" src=\"\/wp-content\/themes\/watv\/images\/posts\/news_260301_06.jpg\"\n     srcset=\"\/wp-content\/themes\/watv\/images\/posts\/news_260301_06.jpg,\n             \/wp-content\/themes\/watv\/images\/posts\/news_260301_06@2x.jpg 2x\">\n  <\/picture>RF\n <\/figure>\n<figure>\n  <picture class=\"copyright\"><source media=\"(max-width:450px)\" srcset=\"\/wp-content\/themes\/watv\/images\/posts\/news_260301_07.jpg\"><img decoding=\"async\" src=\"\/wp-content\/themes\/watv\/images\/posts\/news_260301_07.jpg\"\n     srcset=\"\/wp-content\/themes\/watv\/images\/posts\/news_260301_07.jpg,\n             \/wp-content\/themes\/watv\/images\/posts\/news_260301_07@2x.jpg 2x\">\n  <\/picture>\n <\/figure>\n<\/div>\n<p>El Primer Pastor Kim Joo-cheol enfatiz\u00f3 que los estudiantes son seres de potencial ilimitado: \u201cUstedes son semillas plantadas por Dios mismo, y en la semilla radica la naturaleza de crecer hasta convertirse en \u00e1rbol, dar fruto y formar un bosque\u201d. A\u00f1adi\u00f3 con firmeza: \u201cSi creen en Dios, que hace crecer, y se esfuerzan hacia sus sue\u00f1os, cosechar\u00e1n frutos de treinta, sesenta y cien veces m\u00e1s\u201d (Ro 9:7-8, Mt 28:18-20, Mr 4:26, Mt 13:3-8, Jn 12:23-25).<\/p>\n<figure class=\"limit\">\n <picture class=\"copyright\"><source media=\"(max-width:450px)\" srcset=\"\/wp-content\/themes\/watv\/images\/posts\/news_260301_08.jpg\"><img decoding=\"async\" src=\"\/wp-content\/themes\/watv\/images\/posts\/news_260301_08.jpg\"\n    srcset=\"\/wp-content\/themes\/watv\/images\/posts\/news_260301_08.jpg,\n            \/wp-content\/themes\/watv\/images\/posts\/news_260301_08@2x.jpg 2x\">\n <\/picture>\n<\/figure>\n<p>En la segunda parte, se llev\u00f3 a cabo una ceremonia de entrega de premios para alentar a los estudiantes nacionales e internacionales que hab\u00edan dado ejemplo dentro y fuera de la escuela y la iglesia. En categor\u00edas como el Premio al Logro Acad\u00e9mico de la ABIE y el Premio a la Excelencia en el Servicio Voluntario de ASEZ STAR, se entregaron reconocimientos a 21 miembros y 13 grupos.<\/p>\n<p>La tercera parte comenz\u00f3 con saludos de estudiantes nuevos y graduados. Los representantes de los nuevos estudiantes y de los graduados subieron al escenario y recitaron cartas en las que expresaron su agradecimiento a quienes los hab\u00edan alentado y apoyado \u2014amigos, compa\u00f1eros y padres\u2014, al tiempo que declararon con determinaci\u00f3n sus metas y prop\u00f3sitos futuros, mostrando la emoci\u00f3n de este nuevo comienzo.<\/p>\n<div class=\"divide limit\">\n<figure>\n  <picture class=\"copyright\"><source media=\"(max-width:450px)\" srcset=\"\/wp-content\/themes\/watv\/images\/posts\/news_260301_09.jpg\"><img decoding=\"async\" src=\"\/wp-content\/themes\/watv\/images\/posts\/news_260301_09.jpg\"\n     srcset=\"\/wp-content\/themes\/watv\/images\/posts\/news_260301_09.jpg,\n             \/wp-content\/themes\/watv\/images\/posts\/news_260301_09@2x.jpg 2x\">\n  <\/picture>\n <\/figure>\n<figure>\n  <picture class=\"copyright\"><source media=\"(max-width:450px)\" srcset=\"\/wp-content\/themes\/watv\/images\/posts\/news_260301_10.jpg\"><img decoding=\"async\" src=\"\/wp-content\/themes\/watv\/images\/posts\/news_260301_10.jpg\"\n     srcset=\"\/wp-content\/themes\/watv\/images\/posts\/news_260301_10.jpg,\n             \/wp-content\/themes\/watv\/images\/posts\/news_260301_10@2x.jpg 2x\">\n  <\/picture>\n <\/figure>\n<figure>\n  <picture class=\"copyright\"><source media=\"(max-width:450px)\" srcset=\"\/wp-content\/themes\/watv\/images\/posts\/news_260301_11.jpg\"><img decoding=\"async\" src=\"\/wp-content\/themes\/watv\/images\/posts\/news_260301_11.jpg\"\n     srcset=\"\/wp-content\/themes\/watv\/images\/posts\/news_260301_11.jpg,\n             \/wp-content\/themes\/watv\/images\/posts\/news_260301_11@2x.jpg 2x\">\n  <\/picture>\n <\/figure>\n<figure>\n  <picture class=\"copyright\"><source media=\"(max-width:450px)\" srcset=\"\/wp-content\/themes\/watv\/images\/posts\/news_260301_12.jpg\"><img decoding=\"async\" src=\"\/wp-content\/themes\/watv\/images\/posts\/news_260301_12.jpg\"\n     srcset=\"\/wp-content\/themes\/watv\/images\/posts\/news_260301_12.jpg,\n             \/wp-content\/themes\/watv\/images\/posts\/news_260301_12@2x.jpg 2x\">\n  <\/picture>\n <\/figure>\n<\/div>\n<p>En los v\u00eddeos que siguieron se presentaron las actividades de los estudiantes que participaron en el programa educativo de la ABIE y se present\u00f3 de forma clara y ordenada el sistema y la visi\u00f3n de la ABIE. Los estudiantes tambi\u00e9n propusieron, a trav\u00e9s de una amena representaci\u00f3n de casos de actividades reales, c\u00f3mo aprovechar al m\u00e1ximo los a\u00f1os escolares, lo que gener\u00f3 risas y empat\u00eda. El v\u00eddeo especial \u201cPorque somos estudiantes\u201d recogi\u00f3 historias de estudiantes que superaron con sabidur\u00eda los baches propios de la adolescencia. La historia del \u00e1rea de estudiantes, que siguiendo el amor de Dios se cuid\u00f3 mutuamente con palabras c\u00e1lidas y consideraci\u00f3n, caus\u00f3 una profunda emoci\u00f3n. Como \u00faltimo momento, todos los presentes se pusieron de pie y entonaron juntos el <a href=\"https:\/\/waple.watv.org\/\">c\u00e1ntico nuevo<\/a> para estudiantes \u201c<a href=\"https:\/\/watvmedia.org\/en\/media\/to-our-dream-with-one-heart\">Hacia nuestros sue\u00f1os<\/a>\u201d. La actuaci\u00f3n con pa\u00f1uelos amarillos y las esperanzadoras letras encendieron la chispa en el coraz\u00f3n de los estudiantes que se encuentran en la l\u00ednea de partida hacia sus sue\u00f1os.<\/p>\n<p>La Madre, que estuvo presente en el evento, bendijo a los estudiantes para que todos los sue\u00f1os y metas que abrigaron ese d\u00eda se hicieran realidad: \u201cAl ver c\u00f3mo, incluso en medio de la ajetreada vida escolar, se toman el tiempo para poner en pr\u00e1ctica la <a href=\"\/es\/truth\/\">palabra<\/a> de Dios, record\u00e9 las palabras que dijo el <a href=\"https:\/\/ahnsahnghong.com\/es\/\">Padre celestial<\/a>: &#8216;Los estudiantes son nuestro futuro&#8217;\u201d.<\/p>\n<div class=\"divide limit\">\n<figure>\n  <picture class=\"copyright\"><source media=\"(max-width:450px)\" srcset=\"\/wp-content\/themes\/watv\/images\/posts\/news_260301_13.jpg\"><img decoding=\"async\" src=\"\/wp-content\/themes\/watv\/images\/posts\/news_260301_13.jpg\"\n     srcset=\"\/wp-content\/themes\/watv\/images\/posts\/news_260301_13.jpg,\n             \/wp-content\/themes\/watv\/images\/posts\/news_260301_13@2x.jpg 2x\">\n  <\/picture>\n <\/figure>\n<figure>\n  <picture class=\"copyright\"><source media=\"(max-width:450px)\" srcset=\"\/wp-content\/themes\/watv\/images\/posts\/news_260301_14.jpg\"><img decoding=\"async\" src=\"\/wp-content\/themes\/watv\/images\/posts\/news_260301_14.jpg\"\n     srcset=\"\/wp-content\/themes\/watv\/images\/posts\/news_260301_14.jpg,\n             \/wp-content\/themes\/watv\/images\/posts\/news_260301_14@2x.jpg 2x\">\n  <\/picture>\n <\/figure>\n<\/div>\n<p>Kim Ju-ha, de Cheonan, galardonado con el Premio al Logro Acad\u00e9mico de la ABIE, se\u00f1al\u00f3: \u201cTom\u00e9 como gu\u00eda las palabras que escuchaba cada a\u00f1o en el culto de apertura del a\u00f1o escolar, y eso me permiti\u00f3 llevar los a\u00f1os escolares de manera significativa. Como miembro de ASEZ STAR, particip\u00e9 en diversas actividades de servicio voluntario y, por recomendaci\u00f3n del alcalde, llegu\u00e9 a llevar a cabo una Campa\u00f1a de Prevenci\u00f3n del Acoso Escolar en una escuela primaria. Esas experiencias me ayudaron mucho a definir mi vocaci\u00f3n, y eleg\u00ed la carrera de trabajo social, porque quiero desarrollar experiencia profesional en el \u00e1rea del servicio\u201d. La maestra del \u00e1rea de estudiantes Kim Ji-hyeon, de Seogwipo, coment\u00f3: \u201cEstuvo a punto de no poder asistir por un retraso en el vuelo. El camino es largo, pero todos quieren participar en el evento. Se nota c\u00f3mo, al ver buenos ejemplos de compa\u00f1eros en el culto de apertura del a\u00f1o escolar, los estudiantes toman direcci\u00f3n pensando &#8216;yo tambi\u00e9n quiero hacer eso&#8217;. Yo tambi\u00e9n aprend\u00ed que debo prestar m\u00e1s atenci\u00f3n a cada estudiante individualmente y cuidarlos con amor\u201d. El miembro Sa Jae-ik, de Hongcheon, padre de un estudiante, comparti\u00f3: \u201cMi hijo, que es estudiante de \u00faltimo a\u00f1o de secundaria, me dijo que su deseo era venir conmigo, as\u00ed que vinimos juntos. Cuando regresa del culto de apertura del a\u00f1o escolar, mi hijo cambia de actitud positivamente y gana confianza\u201d, y expres\u00f3 su esperanza de que se celebren con frecuencia eventos destinados para los estudiantes.<\/p>\n<figure class=\"limit\">\n <picture class=\"copyright\"><source media=\"(max-width:450px)\" srcset=\"\/wp-content\/themes\/watv\/images\/posts\/news_260301_15.jpg\"><img decoding=\"async\" src=\"\/wp-content\/themes\/watv\/images\/posts\/news_260301_15.jpg\"\n    srcset=\"\/wp-content\/themes\/watv\/images\/posts\/news_260301_15.jpg,\n            \/wp-content\/themes\/watv\/images\/posts\/news_260301_15@2x.jpg 2x\">\n <\/picture>\n<\/figure>\n","protected":false},"excerpt":{"rendered":"El 1 de marzo, con la llegada de la primavera, se llev\u00f3 a cabo el Culto de Apertura del A\u00f1o Escolar para Estudiantes 2026 en el Instituto de Formaci\u00f3n Go&#038;Come de Okcheon. Este culto es un espacio preparado para que los adolescentes que inician un nuevo a\u00f1o escolar se llenen de energ\u00eda y \u00e1nimo en&#8230;","protected":false},"author":27,"featured_media":167473,"comment_status":"closed","ping_status":"closed","sticky":false,"template":"post-type\/post-type-header-full-screen.php","format":"standard","meta":{"footnotes":""},"categories":[154,152],"tags":[],"class_list":["post-168086","post","type-post","status-publish","format-standard","has-post-thumbnail","hentry","category-news","category-global-news"],"yoast_head":"<!-- This site is optimized with the Yoast SEO plugin v27.4 - https:\/\/yoast.com\/product\/yoast-seo-wordpress\/ -->\n<title>Culto de Apertura del A\u00f1o Escolar para Estudiantes 2026 - Iglesia de Dios Sociedad Misionera Mundial<\/title>\n<meta name=\"robots\" content=\"index, follow, max-snippet:-1, max-image-preview:large, max-video-preview:-1\" \/>\n<link rel=\"canonical\" href=\"https:\/\/watv.org\/es\/student-school-start-worship-2026\/\" \/>\n<meta property=\"og:locale\" content=\"es_ES\" \/>\n<meta property=\"og:type\" content=\"article\" \/>\n<meta property=\"og:title\" content=\"Culto de Apertura del A\u00f1o Escolar para Estudiantes 2026 - Iglesia de Dios Sociedad Misionera Mundial\" \/>\n<meta property=\"og:description\" content=\"El 1 de marzo, con la llegada de la primavera, se llev\u00f3 a cabo el Culto de Apertura del A\u00f1o Escolar para Estudiantes 2026 en el Instituto de Formaci\u00f3n Go&#038;Come de Okcheon. Este culto es un espacio preparado para que los adolescentes que inician un nuevo a\u00f1o escolar se llenen de energ\u00eda y \u00e1nimo en...\" \/>\n<meta property=\"og:url\" content=\"https:\/\/watv.org\/es\/student-school-start-worship-2026\/\" \/>\n<meta property=\"og:site_name\" content=\"Iglesia de Dios Sociedad Misionera Mundial\" \/>\n<meta property=\"article:published_time\" content=\"2026-02-28T22:00:02+00:00\" \/>\n<meta property=\"article:modified_time\" content=\"2026-04-28T00:36:04+00:00\" \/>\n<meta property=\"og:image\" content=\"https:\/\/watv.org\/wp-content\/uploads\/2026\/04\/thum_student_school_start_worship_2026.jpg\" \/>\n\t<meta property=\"og:image:width\" content=\"3840\" \/>\n\t<meta property=\"og:image:height\" content=\"2000\" \/>\n\t<meta property=\"og:image:type\" content=\"image\/jpeg\" \/>\n<meta name=\"author\" content=\"jj\" \/>\n<meta name=\"twitter:card\" content=\"summary_large_image\" \/>\n<script type=\"application\/ld+json\" class=\"yoast-schema-graph\">{\"@context\":\"https:\\\/\\\/schema.org\",\"@graph\":[{\"@type\":\"Article\",\"@id\":\"https:\\\/\\\/watv.org\\\/es\\\/student-school-start-worship-2026\\\/#article\",\"isPartOf\":{\"@id\":\"https:\\\/\\\/watv.org\\\/es\\\/student-school-start-worship-2026\\\/\"},\"author\":{\"name\":\"jj\",\"@id\":\"https:\\\/\\\/watv.org\\\/es\\\/#\\\/schema\\\/person\\\/e96d5e3eb42fcbc188ccce755b07dd72\"},\"headline\":\"Culto de Apertura del A\u00f1o Escolar para Estudiantes 2026\",\"datePublished\":\"2026-02-28T22:00:02+00:00\",\"dateModified\":\"2026-04-28T00:36:04+00:00\",\"mainEntityOfPage\":{\"@id\":\"https:\\\/\\\/watv.org\\\/es\\\/student-school-start-worship-2026\\\/\"},\"wordCount\":1077,\"publisher\":{\"@id\":\"https:\\\/\\\/watv.org\\\/es\\\/#organization\"},\"image\":{\"@id\":\"https:\\\/\\\/watv.org\\\/es\\\/student-school-start-worship-2026\\\/#primaryimage\"},\"thumbnailUrl\":\"https:\\\/\\\/watv.org\\\/wp-content\\\/uploads\\\/2026\\\/04\\\/thum_student_school_start_worship_2026.jpg\",\"articleSection\":[\"Gran Asamblea\",\"Noticias globales\"],\"inLanguage\":\"es\"},{\"@type\":\"WebPage\",\"@id\":\"https:\\\/\\\/watv.org\\\/es\\\/student-school-start-worship-2026\\\/\",\"url\":\"https:\\\/\\\/watv.org\\\/es\\\/student-school-start-worship-2026\\\/\",\"name\":\"Culto de Apertura del A\u00f1o Escolar para Estudiantes 2026 - Iglesia de Dios Sociedad Misionera Mundial\",\"isPartOf\":{\"@id\":\"https:\\\/\\\/watv.org\\\/es\\\/#website\"},\"primaryImageOfPage\":{\"@id\":\"https:\\\/\\\/watv.org\\\/es\\\/student-school-start-worship-2026\\\/#primaryimage\"},\"image\":{\"@id\":\"https:\\\/\\\/watv.org\\\/es\\\/student-school-start-worship-2026\\\/#primaryimage\"},\"thumbnailUrl\":\"https:\\\/\\\/watv.org\\\/wp-content\\\/uploads\\\/2026\\\/04\\\/thum_student_school_start_worship_2026.jpg\",\"datePublished\":\"2026-02-28T22:00:02+00:00\",\"dateModified\":\"2026-04-28T00:36:04+00:00\",\"breadcrumb\":{\"@id\":\"https:\\\/\\\/watv.org\\\/es\\\/student-school-start-worship-2026\\\/#breadcrumb\"},\"inLanguage\":\"es\",\"potentialAction\":[{\"@type\":\"ReadAction\",\"target\":[\"https:\\\/\\\/watv.org\\\/es\\\/student-school-start-worship-2026\\\/\"]}]},{\"@type\":\"ImageObject\",\"inLanguage\":\"es\",\"@id\":\"https:\\\/\\\/watv.org\\\/es\\\/student-school-start-worship-2026\\\/#primaryimage\",\"url\":\"https:\\\/\\\/watv.org\\\/wp-content\\\/uploads\\\/2026\\\/04\\\/thum_student_school_start_worship_2026.jpg\",\"contentUrl\":\"https:\\\/\\\/watv.org\\\/wp-content\\\/uploads\\\/2026\\\/04\\\/thum_student_school_start_worship_2026.jpg\",\"width\":3840,\"height\":2000},{\"@type\":\"BreadcrumbList\",\"@id\":\"https:\\\/\\\/watv.org\\\/es\\\/student-school-start-worship-2026\\\/#breadcrumb\",\"itemListElement\":[{\"@type\":\"ListItem\",\"position\":1,\"name\":\"Home\",\"item\":\"https:\\\/\\\/watv.org\\\/es\\\/\"},{\"@type\":\"ListItem\",\"position\":2,\"name\":\"Culto de Apertura del A\u00f1o Escolar para Estudiantes 2026\"}]},{\"@type\":\"WebSite\",\"@id\":\"https:\\\/\\\/watv.org\\\/es\\\/#website\",\"url\":\"https:\\\/\\\/watv.org\\\/es\\\/\",\"name\":\"Iglesia de Dios Sociedad Misionera Mundial\",\"description\":\"With Mother\u2019s heartwarming love, we deliver eternal happiness to seven billion people in the world.\",\"publisher\":{\"@id\":\"https:\\\/\\\/watv.org\\\/es\\\/#organization\"},\"potentialAction\":[{\"@type\":\"SearchAction\",\"target\":{\"@type\":\"EntryPoint\",\"urlTemplate\":\"https:\\\/\\\/watv.org\\\/es\\\/?s={search_term_string}\"},\"query-input\":{\"@type\":\"PropertyValueSpecification\",\"valueRequired\":true,\"valueName\":\"search_term_string\"}}],\"inLanguage\":\"es\"},{\"@type\":\"Organization\",\"@id\":\"https:\\\/\\\/watv.org\\\/es\\\/#organization\",\"name\":\"World Mission Society Church of God - \ud558\ub098\ub2d8\uc758\uad50\ud68c \uc138\uacc4\ubcf5\uc74c\uc120\uad50\ud611\ud68c\",\"url\":\"https:\\\/\\\/watv.org\\\/es\\\/\",\"logo\":{\"@type\":\"ImageObject\",\"inLanguage\":\"es\",\"@id\":\"https:\\\/\\\/watv.org\\\/es\\\/#\\\/schema\\\/logo\\\/image\\\/\",\"url\":\"https:\\\/\\\/watv.org\\\/wp-content\\\/uploads\\\/2022\\\/06\\\/WorldMissionSociety_ChurchofGod_Symbol_Logo.png\",\"contentUrl\":\"https:\\\/\\\/watv.org\\\/wp-content\\\/uploads\\\/2022\\\/06\\\/WorldMissionSociety_ChurchofGod_Symbol_Logo.png\",\"width\":1001,\"height\":1331,\"caption\":\"World Mission Society Church of God - \ud558\ub098\ub2d8\uc758\uad50\ud68c \uc138\uacc4\ubcf5\uc74c\uc120\uad50\ud611\ud68c\"},\"image\":{\"@id\":\"https:\\\/\\\/watv.org\\\/es\\\/#\\\/schema\\\/logo\\\/image\\\/\"},\"sameAs\":[\"https:\\\/\\\/www.youtube.com\\\/channel\\\/UCioiBk9rS5Dv5j66hUipsuQ\"]},{\"@type\":\"Person\",\"@id\":\"https:\\\/\\\/watv.org\\\/es\\\/#\\\/schema\\\/person\\\/e96d5e3eb42fcbc188ccce755b07dd72\",\"name\":\"jj\"}]}<\/script>\n<!-- \/ Yoast SEO plugin. -->","yoast_head_json":{"title":"Culto de Apertura del A\u00f1o Escolar para Estudiantes 2026 - Iglesia de Dios Sociedad Misionera Mundial","robots":{"index":"index","follow":"follow","max-snippet":"max-snippet:-1","max-image-preview":"max-image-preview:large","max-video-preview":"max-video-preview:-1"},"canonical":"https:\/\/watv.org\/es\/student-school-start-worship-2026\/","og_locale":"es_ES","og_type":"article","og_title":"Culto de Apertura del A\u00f1o Escolar para Estudiantes 2026 - Iglesia de Dios Sociedad Misionera Mundial","og_description":"El 1 de marzo, con la llegada de la primavera, se llev\u00f3 a cabo el Culto de Apertura del A\u00f1o Escolar para Estudiantes 2026 en el Instituto de Formaci\u00f3n Go&#038;Come de Okcheon. Este culto es un espacio preparado para que los adolescentes que inician un nuevo a\u00f1o escolar se llenen de energ\u00eda y \u00e1nimo en...","og_url":"https:\/\/watv.org\/es\/student-school-start-worship-2026\/","og_site_name":"Iglesia de Dios Sociedad Misionera Mundial","article_published_time":"2026-02-28T22:00:02+00:00","article_modified_time":"2026-04-28T00:36:04+00:00","og_image":[{"width":3840,"height":2000,"url":"https:\/\/watv.org\/wp-content\/uploads\/2026\/04\/thum_student_school_start_worship_2026.jpg","type":"image\/jpeg"}],"author":"jj","twitter_card":"summary_large_image","schema":{"@context":"https:\/\/schema.org","@graph":[{"@type":"Article","@id":"https:\/\/watv.org\/es\/student-school-start-worship-2026\/#article","isPartOf":{"@id":"https:\/\/watv.org\/es\/student-school-start-worship-2026\/"},"author":{"name":"jj","@id":"https:\/\/watv.org\/es\/#\/schema\/person\/e96d5e3eb42fcbc188ccce755b07dd72"},"headline":"Culto de Apertura del A\u00f1o Escolar para Estudiantes 2026","datePublished":"2026-02-28T22:00:02+00:00","dateModified":"2026-04-28T00:36:04+00:00","mainEntityOfPage":{"@id":"https:\/\/watv.org\/es\/student-school-start-worship-2026\/"},"wordCount":1077,"publisher":{"@id":"https:\/\/watv.org\/es\/#organization"},"image":{"@id":"https:\/\/watv.org\/es\/student-school-start-worship-2026\/#primaryimage"},"thumbnailUrl":"https:\/\/watv.org\/wp-content\/uploads\/2026\/04\/thum_student_school_start_worship_2026.jpg","articleSection":["Gran Asamblea","Noticias globales"],"inLanguage":"es"},{"@type":"WebPage","@id":"https:\/\/watv.org\/es\/student-school-start-worship-2026\/","url":"https:\/\/watv.org\/es\/student-school-start-worship-2026\/","name":"Culto de Apertura del A\u00f1o Escolar para Estudiantes 2026 - Iglesia de Dios Sociedad Misionera Mundial","isPartOf":{"@id":"https:\/\/watv.org\/es\/#website"},"primaryImageOfPage":{"@id":"https:\/\/watv.org\/es\/student-school-start-worship-2026\/#primaryimage"},"image":{"@id":"https:\/\/watv.org\/es\/student-school-start-worship-2026\/#primaryimage"},"thumbnailUrl":"https:\/\/watv.org\/wp-content\/uploads\/2026\/04\/thum_student_school_start_worship_2026.jpg","datePublished":"2026-02-28T22:00:02+00:00","dateModified":"2026-04-28T00:36:04+00:00","breadcrumb":{"@id":"https:\/\/watv.org\/es\/student-school-start-worship-2026\/#breadcrumb"},"inLanguage":"es","potentialAction":[{"@type":"ReadAction","target":["https:\/\/watv.org\/es\/student-school-start-worship-2026\/"]}]},{"@type":"ImageObject","inLanguage":"es","@id":"https:\/\/watv.org\/es\/student-school-start-worship-2026\/#primaryimage","url":"https:\/\/watv.org\/wp-content\/uploads\/2026\/04\/thum_student_school_start_worship_2026.jpg","contentUrl":"https:\/\/watv.org\/wp-content\/uploads\/2026\/04\/thum_student_school_start_worship_2026.jpg","width":3840,"height":2000},{"@type":"BreadcrumbList","@id":"https:\/\/watv.org\/es\/student-school-start-worship-2026\/#breadcrumb","itemListElement":[{"@type":"ListItem","position":1,"name":"Home","item":"https:\/\/watv.org\/es\/"},{"@type":"ListItem","position":2,"name":"Culto de Apertura del A\u00f1o Escolar para Estudiantes 2026"}]},{"@type":"WebSite","@id":"https:\/\/watv.org\/es\/#website","url":"https:\/\/watv.org\/es\/","name":"Iglesia de Dios Sociedad Misionera Mundial","description":"With Mother\u2019s heartwarming love, we deliver eternal happiness to seven billion people in the world.","publisher":{"@id":"https:\/\/watv.org\/es\/#organization"},"potentialAction":[{"@type":"SearchAction","target":{"@type":"EntryPoint","urlTemplate":"https:\/\/watv.org\/es\/?s={search_term_string}"},"query-input":{"@type":"PropertyValueSpecification","valueRequired":true,"valueName":"search_term_string"}}],"inLanguage":"es"},{"@type":"Organization","@id":"https:\/\/watv.org\/es\/#organization","name":"World Mission Society Church of God - \ud558\ub098\ub2d8\uc758\uad50\ud68c \uc138\uacc4\ubcf5\uc74c\uc120\uad50\ud611\ud68c","url":"https:\/\/watv.org\/es\/","logo":{"@type":"ImageObject","inLanguage":"es","@id":"https:\/\/watv.org\/es\/#\/schema\/logo\/image\/","url":"https:\/\/watv.org\/wp-content\/uploads\/2022\/06\/WorldMissionSociety_ChurchofGod_Symbol_Logo.png","contentUrl":"https:\/\/watv.org\/wp-content\/uploads\/2022\/06\/WorldMissionSociety_ChurchofGod_Symbol_Logo.png","width":1001,"height":1331,"caption":"World Mission Society Church of God - \ud558\ub098\ub2d8\uc758\uad50\ud68c \uc138\uacc4\ubcf5\uc74c\uc120\uad50\ud611\ud68c"},"image":{"@id":"https:\/\/watv.org\/es\/#\/schema\/logo\/image\/"},"sameAs":["https:\/\/www.youtube.com\/channel\/UCioiBk9rS5Dv5j66hUipsuQ"]},{"@type":"Person","@id":"https:\/\/watv.org\/es\/#\/schema\/person\/e96d5e3eb42fcbc188ccce755b07dd72","name":"jj"}]}},"_links":{"self":[{"href":"https:\/\/watv.org\/es\/wp-json\/wp\/v2\/posts\/168086","targetHints":{"allow":["GET"]}}],"collection":[{"href":"https:\/\/watv.org\/es\/wp-json\/wp\/v2\/posts"}],"about":[{"href":"https:\/\/watv.org\/es\/wp-json\/wp\/v2\/types\/post"}],"author":[{"embeddable":true,"href":"https:\/\/watv.org\/es\/wp-json\/wp\/v2\/users\/27"}],"replies":[{"embeddable":true,"href":"https:\/\/watv.org\/es\/wp-json\/wp\/v2\/comments?post=168086"}],"version-history":[{"count":2,"href":"https:\/\/watv.org\/es\/wp-json\/wp\/v2\/posts\/168086\/revisions"}],"predecessor-version":[{"id":168088,"href":"https:\/\/watv.org\/es\/wp-json\/wp\/v2\/posts\/168086\/revisions\/168088"}],"wp:featuredmedia":[{"embeddable":true,"href":"https:\/\/watv.org\/es\/wp-json\/wp\/v2\/media\/167473"}],"wp:attachment":[{"href":"https:\/\/watv.org\/es\/wp-json\/wp\/v2\/media?parent=168086"}],"wp:term":[{"taxonomy":"category","embeddable":true,"href":"https:\/\/watv.org\/es\/wp-json\/wp\/v2\/categories?post=168086"},{"taxonomy":"post_tag","embeddable":true,"href":"https:\/\/watv.org\/es\/wp-json\/wp\/v2\/tags?post=168086"}],"curies":[{"name":"wp","href":"https:\/\/api.w.org\/{rel}","templated":true}]}}