{"id":168090,"date":"2026-02-28T07:02:28","date_gmt":"2026-02-27T22:02:28","guid":{"rendered":"https:\/\/watv.org\/7th-asezwao-environmental-concert\/"},"modified":"2026-04-28T09:36:11","modified_gmt":"2026-04-28T00:36:11","slug":"7th-asezwao-environmental-concert","status":"publish","type":"post","link":"https:\/\/watv.org\/es\/7th-asezwao-environmental-concert\/","title":{"rendered":"ASEZ WAO fortalece la solidaridad ambiental en Norteam\u00e9rica"},"content":{"rendered":"<p>Los j\u00f3venes que construyen un ma\u00f1ana verde para la Tierra y la humanidad contin\u00faan con una intensa actividad en 2026.<\/p>\n<p>Durante el mes de febrero, <a href=\"https:\/\/asezwao.org\/es\/\">ASEZ WAO, el Grupo de J\u00f3venes Trabajadores Voluntarios de la Iglesia de Dios<\/a>, llev\u00f3 a cabo diversas actividades en distintas ciudades de Estados Unidos para hacer frente a la crisis clim\u00e1tica. Tanto los miembros estadounidenses como los miembros coreanos que se encuentran en el pa\u00eds promovieron la conciencia entre la ciudadan\u00eda local sobre el cuidado del medio ambiente y fortalecieron redes de cooperaci\u00f3n para la acci\u00f3n ambiental.<\/p>\n<h3>Alzando la voz por la conciencia ambiental<\/h3>\n<p>El 9 de febrero, en la iglesia de Washington D. C., se celebr\u00f3 el Foro Global de L\u00edderes de ASEZ WAO, un espacio para explorar medidas concretas ante la crisis clim\u00e1tica junto a expertos del \u00e1mbito diplom\u00e1tico y educativo. <a href=\"https:\/\/www.ambadrcusa.org\/about-the-ambassador\/\">Kapinga Yvette Ngandu<\/a>, embajadora de la Rep\u00fablica Democr\u00e1tica del Congo en Estados Unidos, en su discurso de apertura se\u00f1al\u00f3: \u201cCuando las personas con un objetivo com\u00fan se unen, pueden ejercer una influencia mucho mayor\u201d, y expres\u00f3 su esperanza en una cooperaci\u00f3n continua. <a href=\"https:\/\/profiles.howard.edu\/nea-maloo\">Nea Maloo<\/a>, profesora asistente de la <a href=\"https:\/\/howard.edu\/\">Universidad Howard<\/a>, y <a href=\"https:\/\/sais.jhu.edu\/users\/abrough3\">Anna Broughel<\/a>, instructora de la <a href=\"https:\/\/150.jhu.edu\/\">Universidad Johns Hopkins<\/a>, expusieron respectivamente diversas medidas pr\u00e1cticas sobre arquitectura sostenible y pol\u00edtica energ\u00e9tica y clim\u00e1tica.<\/p>\n<figure class=\"limit\">\n <picture class=\"copyright\"><source media=\"(max-width:450px)\" srcset=\"\/wp-content\/themes\/watv\/images\/posts\/news_260228_2_01.jpg\"><img decoding=\"async\" src=\"\/wp-content\/themes\/watv\/images\/posts\/news_260228_2_01.jpg\"\n    srcset=\"\/wp-content\/themes\/watv\/images\/posts\/news_260228_2_01.jpg,\n            \/wp-content\/themes\/watv\/images\/posts\/news_260228_2_01@2x.jpg 2x\">\n <\/picture>\n<\/figure>\n<div class=\"divide limit\">\n<figure>\n  <picture class=\"copyright\"><source media=\"(max-width:450px)\" srcset=\"\/wp-content\/themes\/watv\/images\/posts\/news_260228_2_02.jpg\"><img decoding=\"async\" src=\"\/wp-content\/themes\/watv\/images\/posts\/news_260228_2_02.jpg\"\n     srcset=\"\/wp-content\/themes\/watv\/images\/posts\/news_260228_2_02.jpg,\n             \/wp-content\/themes\/watv\/images\/posts\/news_260228_2_02@2x.jpg 2x\">\n  <\/picture>\n <\/figure>\n<figure>\n  <picture class=\"copyright\"><source media=\"(max-width:450px)\" srcset=\"\/wp-content\/themes\/watv\/images\/posts\/news_260228_2_03.jpg\"><img decoding=\"async\" src=\"\/wp-content\/themes\/watv\/images\/posts\/news_260228_2_03.jpg\"\n     srcset=\"\/wp-content\/themes\/watv\/images\/posts\/news_260228_2_03.jpg,\n             \/wp-content\/themes\/watv\/images\/posts\/news_260228_2_03@2x.jpg 2x\">\n  <\/picture>\n <\/figure>\n<\/div>\n<p>Un d\u00eda antes, el 8 de febrero, en el <a href=\"https:\/\/www.rosecentertheater.com\/\">Teatro Rose Center<\/a> de Westminster, California, tuvo lugar el <a href=\"https:\/\/watvmedia.org\/es\/media\/asezwao-environmental-concert-westminster\">7.\u00ba Concierto Ambiental de ASEZ WAO<\/a>, que gener\u00f3 gran inter\u00e9s. El evento, organizado bajo el tema \u201cUn paso hacia el futuro verde\u201d, busc\u00f3 generar inter\u00e9s y respuesta ciudadana en favor de la protecci\u00f3n del medio ambiente. Asistieron aproximadamente 430 personas, entre miembros de ASEZ WAO, ciudadanos y personalidades del \u00e1mbito pol\u00edtico y educativo, lo que cre\u00f3 un ambiente de gran entusiasmo. Los miembros presentaron un variado programa art\u00edstico con las canciones ambientales de ASEZ WAO <i><a href=\"https:\/\/watvmedia.org\/es\/media\/environmental-concert-blue-ocean\">Oc\u00e9ano Azul<\/a><\/i> y <i><a href=\"https:\/\/watvmedia.org\/es\/media\/environmental-concert-green-earth\">Tierra Verde<\/a><\/i>, entre otras, transmitiendo un mensaje de esperanza para construir juntos un futuro m\u00e1s verde.<\/p>\n<figure class=\"limit\">\n <picture class=\"copyright\"><source media=\"(max-width:450px)\" srcset=\"\/wp-content\/themes\/watv\/images\/posts\/news_260228_2_04.jpg\"><img decoding=\"async\" src=\"\/wp-content\/themes\/watv\/images\/posts\/news_260228_2_04.jpg\"\n    srcset=\"\/wp-content\/themes\/watv\/images\/posts\/news_260228_2_04.jpg,\n            \/wp-content\/themes\/watv\/images\/posts\/news_260228_2_04@2x.jpg 2x\">\n <\/picture>\n<\/figure>\n<div class=\"divide limit\">\n<figure>\n  <picture class=\"copyright\"><source media=\"(max-width:450px)\" srcset=\"\/wp-content\/themes\/watv\/images\/posts\/news_260228_2_05.jpg\"><img decoding=\"async\" src=\"\/wp-content\/themes\/watv\/images\/posts\/news_260228_2_05.jpg\"\n     srcset=\"\/wp-content\/themes\/watv\/images\/posts\/news_260228_2_05.jpg,\n             \/wp-content\/themes\/watv\/images\/posts\/news_260228_2_05@2x.jpg 2x\">\n  <\/picture>\n <\/figure>\n<figure>\n  <picture class=\"copyright\"><source media=\"(max-width:450px)\" srcset=\"\/wp-content\/themes\/watv\/images\/posts\/news_260228_2_06.jpg\"><img decoding=\"async\" src=\"\/wp-content\/themes\/watv\/images\/posts\/news_260228_2_06.jpg\"\n     srcset=\"\/wp-content\/themes\/watv\/images\/posts\/news_260228_2_06.jpg,\n             \/wp-content\/themes\/watv\/images\/posts\/news_260228_2_06@2x.jpg 2x\">\n  <\/picture>\n <\/figure>\n<figure>\n  <picture class=\"copyright\"><source media=\"(max-width:450px)\" srcset=\"\/wp-content\/themes\/watv\/images\/posts\/news_260228_2_07.jpg\"><img decoding=\"async\" src=\"\/wp-content\/themes\/watv\/images\/posts\/news_260228_2_07.jpg\"\n     srcset=\"\/wp-content\/themes\/watv\/images\/posts\/news_260228_2_07.jpg,\n             \/wp-content\/themes\/watv\/images\/posts\/news_260228_2_07@2x.jpg 2x\">\n  <\/picture>\n <\/figure>\n<figure>\n  <picture class=\"copyright\"><source media=\"(max-width:450px)\" srcset=\"\/wp-content\/themes\/watv\/images\/posts\/news_260228_2_08.jpg\"><img decoding=\"async\" src=\"\/wp-content\/themes\/watv\/images\/posts\/news_260228_2_08.jpg\"\n     srcset=\"\/wp-content\/themes\/watv\/images\/posts\/news_260228_2_08.jpg,\n             \/wp-content\/themes\/watv\/images\/posts\/news_260228_2_08@2x.jpg 2x\">\n  <\/picture>\n <\/figure>\n<\/div>\n<p>Adem\u00e1s, ASEZ WAO visit\u00f3 el Departamento de Recursos Naturales y Ambientales (DRNA) de Puerto Rico, se reuni\u00f3 con el secretario y firm\u00f3 un memorando de entendimiento para la cooperaci\u00f3n en actividades ambientales, consolidando as\u00ed su red internacional. Asimismo, difundi\u00f3 activamente el Proyecto <a href=\"https:\/\/asezwao.org\/es\/green-workplace\/\">Lugar de Trabajo Verde<\/a>, orientado a practicar el ahorro de electricidad, agua y recursos desde el propio lugar de trabajo. Visit\u00f3 importantes empresas como <a href=\"https:\/\/www.lyft.com\/?locale_language=es\">Lyft<\/a>, <a href=\"https:\/\/www.united.com\/es\/us\/\">United Airlines<\/a>, <a href=\"https:\/\/www.wellsfargo.com\/es\/\">Wells Fargo<\/a> y <a href=\"https:\/\/www.jpmorganchase.com\/\">JP Morgan<\/a>, donde llev\u00f3 a cabo seminarios ambientales y encuentros con empleados y directivos, para promover una cultura ecol\u00f3gica en el lugar de trabajo y fomentar la reducci\u00f3n de emisiones de carbono.<\/p>\n<div class=\"divide limit\">\n<figure>\n  <picture class=\"copyright\"><source media=\"(max-width:450px)\" srcset=\"\/wp-content\/themes\/watv\/images\/posts\/news_260228_2_09.jpg\"><img decoding=\"async\" src=\"\/wp-content\/themes\/watv\/images\/posts\/news_260228_2_09.jpg\"\n     srcset=\"\/wp-content\/themes\/watv\/images\/posts\/news_260228_2_09.jpg,\n             \/wp-content\/themes\/watv\/images\/posts\/news_260228_2_09@2x.jpg 2x\">\n  <\/picture>\n <\/figure>\n<figure>\n  <picture class=\"copyright\"><source media=\"(max-width:450px)\" srcset=\"\/wp-content\/themes\/watv\/images\/posts\/news_260228_2_10.jpg\"><img decoding=\"async\" src=\"\/wp-content\/themes\/watv\/images\/posts\/news_260228_2_10.jpg\"\n     srcset=\"\/wp-content\/themes\/watv\/images\/posts\/news_260228_2_10.jpg,\n             \/wp-content\/themes\/watv\/images\/posts\/news_260228_2_10@2x.jpg 2x\">\n  <\/picture>\n <\/figure>\n<figure>\n  <picture class=\"copyright\"><source media=\"(max-width:450px)\" srcset=\"\/wp-content\/themes\/watv\/images\/posts\/news_260228_2_11.jpg\"><img decoding=\"async\" src=\"\/wp-content\/themes\/watv\/images\/posts\/news_260228_2_11.jpg\"\n     srcset=\"\/wp-content\/themes\/watv\/images\/posts\/news_260228_2_11.jpg,\n             \/wp-content\/themes\/watv\/images\/posts\/news_260228_2_11@2x.jpg 2x\">\n  <\/picture>\n <\/figure>\n<figure>\n  <picture class=\"copyright\"><source media=\"(max-width:450px)\" srcset=\"\/wp-content\/themes\/watv\/images\/posts\/news_260228_2_12.jpg\"><img decoding=\"async\" src=\"\/wp-content\/themes\/watv\/images\/posts\/news_260228_2_12.jpg\"\n     srcset=\"\/wp-content\/themes\/watv\/images\/posts\/news_260228_2_12.jpg,\n             \/wp-content\/themes\/watv\/images\/posts\/news_260228_2_12@2x.jpg 2x\">\n  <\/picture>\n <\/figure>\n<\/div>\n<h3>Reconocimientos y elogios de distintos sectores<\/h3>\n<p>Estas acciones pr\u00e1cticas recibieron elogios y reconocimientos de diversos sectores. A ra\u00edz de sus actividades previas y del concierto ambiental y el foro, ASEZ WAO recibi\u00f3 reconocimientos del alcalde de Westminster, del alcalde de Los \u00c1ngeles, de miembros del Congreso \u2014tanto senadores como representantes\u2014 y de diputados de la Asamblea Estatal de Maryland. <a href=\"https:\/\/www.westminster-ca.gov\/government\/mayor-and-city-council-members\/council-member-carlos-manzo-district-2\">Carlos Manzo<\/a>, concejal de Westminster que asisti\u00f3 al concierto ambiental, coment\u00f3: \u201cEste concierto ha sido un punto de inflexi\u00f3n para elevar la conciencia ambiental en nuestra comunidad. La participaci\u00f3n de los j\u00f3venes en la soluci\u00f3n de los problemas ambientales es una fuerza enorme\u201d. Charles Moore, fundador del <a href=\"https:\/\/mooreplasticresearch.org\/\">Instituto Moore de Investigaci\u00f3n sobre Contaminaci\u00f3n Pl\u00e1stica (MIPPR)<\/a> y quien dio a conocer al mundo la <a href=\"https:\/\/www.britannica.com\/topic\/Great-Pacific-Garbage-Patch\">gran mancha de basura del Pac\u00edfico<\/a>, expres\u00f3 su apoyo a las actividades de ASEZ WAO y manifest\u00f3 su disposici\u00f3n a colaborar.<\/p>\n<div class=\"divide limit\">\n<figure>\n  <picture class=\"copyright\"><source media=\"(max-width:450px)\" srcset=\"\/wp-content\/themes\/watv\/images\/posts\/news_260228_2_13.jpg\"><img decoding=\"async\" src=\"\/wp-content\/themes\/watv\/images\/posts\/news_260228_2_13.jpg\"\n     srcset=\"\/wp-content\/themes\/watv\/images\/posts\/news_260228_2_13.jpg,\n             \/wp-content\/themes\/watv\/images\/posts\/news_260228_2_13@2x.jpg 2x\">\n  <\/picture>\n <\/figure>\n<figure>\n  <picture class=\"copyright\"><source media=\"(max-width:450px)\" srcset=\"\/wp-content\/themes\/watv\/images\/posts\/news_260228_2_14.jpg\"><img decoding=\"async\" src=\"\/wp-content\/themes\/watv\/images\/posts\/news_260228_2_14.jpg\"\n     srcset=\"\/wp-content\/themes\/watv\/images\/posts\/news_260228_2_14.jpg,\n             \/wp-content\/themes\/watv\/images\/posts\/news_260228_2_14@2x.jpg 2x\">\n  <\/picture>\n <\/figure>\n<\/div>\n<p>ASEZ WAO tiene previsto seguir ampliando su movimiento ambiental centrado en la acci\u00f3n pr\u00e1ctica en los lugares de trabajo y en las comunidades locales, apoy\u00e1ndose en su red global.<\/p>\n<figure class=\"limit\">\n <picture class=\"copyright\"><source media=\"(max-width:450px)\" srcset=\"\/wp-content\/themes\/watv\/images\/posts\/news_260228_2_15.jpg\"><img decoding=\"async\" src=\"\/wp-content\/themes\/watv\/images\/posts\/news_260228_2_15.jpg\"\n    srcset=\"\/wp-content\/themes\/watv\/images\/posts\/news_260228_2_15.jpg,\n            \/wp-content\/themes\/watv\/images\/posts\/news_260228_2_15@2x.jpg 2x\">\n <\/picture>\n<\/figure>\n","protected":false},"excerpt":{"rendered":"Los j\u00f3venes que construyen un ma\u00f1ana verde para la Tierra y la humanidad contin\u00faan con una intensa actividad en 2026. Durante el mes de febrero, ASEZ WAO, el Grupo de J\u00f3venes Trabajadores Voluntarios de la Iglesia de Dios, llev\u00f3 a cabo diversas actividades en distintas ciudades de Estados Unidos para hacer frente a la crisis&#8230;","protected":false},"author":28,"featured_media":167347,"comment_status":"closed","ping_status":"closed","sticky":false,"template":"post-type\/post-type-header-full-screen.php","format":"standard","meta":{"footnotes":""},"categories":[903,152],"tags":[],"class_list":["post-168090","post","type-post","status-publish","format-standard","has-post-thumbnail","hentry","category-local-churches","category-global-news"],"yoast_head":"<!-- This site is optimized with the Yoast SEO plugin v27.4 - https:\/\/yoast.com\/product\/yoast-seo-wordpress\/ -->\n<title>ASEZ WAO fortalece la solidaridad ambiental en Norteam\u00e9rica - Iglesia de Dios Sociedad Misionera Mundial<\/title>\n<meta name=\"robots\" content=\"index, follow, max-snippet:-1, max-image-preview:large, max-video-preview:-1\" \/>\n<link rel=\"canonical\" href=\"https:\/\/watv.org\/es\/7th-asezwao-environmental-concert\/\" \/>\n<meta property=\"og:locale\" content=\"es_ES\" \/>\n<meta property=\"og:type\" content=\"article\" \/>\n<meta property=\"og:title\" content=\"ASEZ WAO fortalece la solidaridad ambiental en Norteam\u00e9rica - Iglesia de Dios Sociedad Misionera Mundial\" \/>\n<meta property=\"og:description\" content=\"Los j\u00f3venes que construyen un ma\u00f1ana verde para la Tierra y la humanidad contin\u00faan con una intensa actividad en 2026. Durante el mes de febrero, ASEZ WAO, el Grupo de J\u00f3venes Trabajadores Voluntarios de la Iglesia de Dios, llev\u00f3 a cabo diversas actividades en distintas ciudades de Estados Unidos para hacer frente a la crisis...\" \/>\n<meta property=\"og:url\" content=\"https:\/\/watv.org\/es\/7th-asezwao-environmental-concert\/\" \/>\n<meta property=\"og:site_name\" content=\"Iglesia de Dios Sociedad Misionera Mundial\" \/>\n<meta property=\"article:published_time\" content=\"2026-02-27T22:02:28+00:00\" \/>\n<meta property=\"article:modified_time\" content=\"2026-04-28T00:36:11+00:00\" \/>\n<meta property=\"og:image\" content=\"https:\/\/watv.org\/wp-content\/uploads\/2026\/02\/thum_7th_asezwao_environmental_concert.jpg\" \/>\n\t<meta property=\"og:image:width\" content=\"3840\" \/>\n\t<meta property=\"og:image:height\" content=\"2168\" \/>\n\t<meta property=\"og:image:type\" content=\"image\/jpeg\" \/>\n<meta name=\"author\" content=\"jm\" \/>\n<meta name=\"twitter:card\" content=\"summary_large_image\" \/>\n<script type=\"application\/ld+json\" class=\"yoast-schema-graph\">{\"@context\":\"https:\\\/\\\/schema.org\",\"@graph\":[{\"@type\":\"Article\",\"@id\":\"https:\\\/\\\/watv.org\\\/es\\\/7th-asezwao-environmental-concert\\\/#article\",\"isPartOf\":{\"@id\":\"https:\\\/\\\/watv.org\\\/es\\\/7th-asezwao-environmental-concert\\\/\"},\"author\":{\"name\":\"jm\",\"@id\":\"https:\\\/\\\/watv.org\\\/es\\\/#\\\/schema\\\/person\\\/be57f76f5750fcbbbfb6c20b6b68cede\"},\"headline\":\"ASEZ WAO fortalece la solidaridad ambiental en Norteam\u00e9rica\",\"datePublished\":\"2026-02-27T22:02:28+00:00\",\"dateModified\":\"2026-04-28T00:36:11+00:00\",\"mainEntityOfPage\":{\"@id\":\"https:\\\/\\\/watv.org\\\/es\\\/7th-asezwao-environmental-concert\\\/\"},\"wordCount\":649,\"publisher\":{\"@id\":\"https:\\\/\\\/watv.org\\\/es\\\/#organization\"},\"image\":{\"@id\":\"https:\\\/\\\/watv.org\\\/es\\\/7th-asezwao-environmental-concert\\\/#primaryimage\"},\"thumbnailUrl\":\"https:\\\/\\\/watv.org\\\/wp-content\\\/uploads\\\/2026\\\/02\\\/thum_7th_asezwao_environmental_concert.jpg\",\"articleSection\":[\"Iglesias Locales\",\"Noticias globales\"],\"inLanguage\":\"es\"},{\"@type\":\"WebPage\",\"@id\":\"https:\\\/\\\/watv.org\\\/es\\\/7th-asezwao-environmental-concert\\\/\",\"url\":\"https:\\\/\\\/watv.org\\\/es\\\/7th-asezwao-environmental-concert\\\/\",\"name\":\"ASEZ WAO fortalece la solidaridad ambiental en Norteam\u00e9rica - Iglesia de Dios Sociedad Misionera Mundial\",\"isPartOf\":{\"@id\":\"https:\\\/\\\/watv.org\\\/es\\\/#website\"},\"primaryImageOfPage\":{\"@id\":\"https:\\\/\\\/watv.org\\\/es\\\/7th-asezwao-environmental-concert\\\/#primaryimage\"},\"image\":{\"@id\":\"https:\\\/\\\/watv.org\\\/es\\\/7th-asezwao-environmental-concert\\\/#primaryimage\"},\"thumbnailUrl\":\"https:\\\/\\\/watv.org\\\/wp-content\\\/uploads\\\/2026\\\/02\\\/thum_7th_asezwao_environmental_concert.jpg\",\"datePublished\":\"2026-02-27T22:02:28+00:00\",\"dateModified\":\"2026-04-28T00:36:11+00:00\",\"breadcrumb\":{\"@id\":\"https:\\\/\\\/watv.org\\\/es\\\/7th-asezwao-environmental-concert\\\/#breadcrumb\"},\"inLanguage\":\"es\",\"potentialAction\":[{\"@type\":\"ReadAction\",\"target\":[\"https:\\\/\\\/watv.org\\\/es\\\/7th-asezwao-environmental-concert\\\/\"]}]},{\"@type\":\"ImageObject\",\"inLanguage\":\"es\",\"@id\":\"https:\\\/\\\/watv.org\\\/es\\\/7th-asezwao-environmental-concert\\\/#primaryimage\",\"url\":\"https:\\\/\\\/watv.org\\\/wp-content\\\/uploads\\\/2026\\\/02\\\/thum_7th_asezwao_environmental_concert.jpg\",\"contentUrl\":\"https:\\\/\\\/watv.org\\\/wp-content\\\/uploads\\\/2026\\\/02\\\/thum_7th_asezwao_environmental_concert.jpg\",\"width\":3840,\"height\":2168},{\"@type\":\"BreadcrumbList\",\"@id\":\"https:\\\/\\\/watv.org\\\/es\\\/7th-asezwao-environmental-concert\\\/#breadcrumb\",\"itemListElement\":[{\"@type\":\"ListItem\",\"position\":1,\"name\":\"Home\",\"item\":\"https:\\\/\\\/watv.org\\\/es\\\/\"},{\"@type\":\"ListItem\",\"position\":2,\"name\":\"ASEZ WAO fortalece la solidaridad ambiental en Norteam\u00e9rica\"}]},{\"@type\":\"WebSite\",\"@id\":\"https:\\\/\\\/watv.org\\\/es\\\/#website\",\"url\":\"https:\\\/\\\/watv.org\\\/es\\\/\",\"name\":\"Iglesia de Dios Sociedad Misionera Mundial\",\"description\":\"With Mother\u2019s heartwarming love, we deliver eternal happiness to seven billion people in the world.\",\"publisher\":{\"@id\":\"https:\\\/\\\/watv.org\\\/es\\\/#organization\"},\"potentialAction\":[{\"@type\":\"SearchAction\",\"target\":{\"@type\":\"EntryPoint\",\"urlTemplate\":\"https:\\\/\\\/watv.org\\\/es\\\/?s={search_term_string}\"},\"query-input\":{\"@type\":\"PropertyValueSpecification\",\"valueRequired\":true,\"valueName\":\"search_term_string\"}}],\"inLanguage\":\"es\"},{\"@type\":\"Organization\",\"@id\":\"https:\\\/\\\/watv.org\\\/es\\\/#organization\",\"name\":\"World Mission Society Church of God - \ud558\ub098\ub2d8\uc758\uad50\ud68c \uc138\uacc4\ubcf5\uc74c\uc120\uad50\ud611\ud68c\",\"url\":\"https:\\\/\\\/watv.org\\\/es\\\/\",\"logo\":{\"@type\":\"ImageObject\",\"inLanguage\":\"es\",\"@id\":\"https:\\\/\\\/watv.org\\\/es\\\/#\\\/schema\\\/logo\\\/image\\\/\",\"url\":\"https:\\\/\\\/watv.org\\\/wp-content\\\/uploads\\\/2022\\\/06\\\/WorldMissionSociety_ChurchofGod_Symbol_Logo.png\",\"contentUrl\":\"https:\\\/\\\/watv.org\\\/wp-content\\\/uploads\\\/2022\\\/06\\\/WorldMissionSociety_ChurchofGod_Symbol_Logo.png\",\"width\":1001,\"height\":1331,\"caption\":\"World Mission Society Church of God - \ud558\ub098\ub2d8\uc758\uad50\ud68c \uc138\uacc4\ubcf5\uc74c\uc120\uad50\ud611\ud68c\"},\"image\":{\"@id\":\"https:\\\/\\\/watv.org\\\/es\\\/#\\\/schema\\\/logo\\\/image\\\/\"},\"sameAs\":[\"https:\\\/\\\/www.youtube.com\\\/channel\\\/UCioiBk9rS5Dv5j66hUipsuQ\"]},{\"@type\":\"Person\",\"@id\":\"https:\\\/\\\/watv.org\\\/es\\\/#\\\/schema\\\/person\\\/be57f76f5750fcbbbfb6c20b6b68cede\",\"name\":\"jm\"}]}<\/script>\n<!-- \/ Yoast SEO plugin. -->","yoast_head_json":{"title":"ASEZ WAO fortalece la solidaridad ambiental en Norteam\u00e9rica - Iglesia de Dios Sociedad Misionera Mundial","robots":{"index":"index","follow":"follow","max-snippet":"max-snippet:-1","max-image-preview":"max-image-preview:large","max-video-preview":"max-video-preview:-1"},"canonical":"https:\/\/watv.org\/es\/7th-asezwao-environmental-concert\/","og_locale":"es_ES","og_type":"article","og_title":"ASEZ WAO fortalece la solidaridad ambiental en Norteam\u00e9rica - Iglesia de Dios Sociedad Misionera Mundial","og_description":"Los j\u00f3venes que construyen un ma\u00f1ana verde para la Tierra y la humanidad contin\u00faan con una intensa actividad en 2026. Durante el mes de febrero, ASEZ WAO, el Grupo de J\u00f3venes Trabajadores Voluntarios de la Iglesia de Dios, llev\u00f3 a cabo diversas actividades en distintas ciudades de Estados Unidos para hacer frente a la crisis...","og_url":"https:\/\/watv.org\/es\/7th-asezwao-environmental-concert\/","og_site_name":"Iglesia de Dios Sociedad Misionera Mundial","article_published_time":"2026-02-27T22:02:28+00:00","article_modified_time":"2026-04-28T00:36:11+00:00","og_image":[{"width":3840,"height":2168,"url":"https:\/\/watv.org\/wp-content\/uploads\/2026\/02\/thum_7th_asezwao_environmental_concert.jpg","type":"image\/jpeg"}],"author":"jm","twitter_card":"summary_large_image","schema":{"@context":"https:\/\/schema.org","@graph":[{"@type":"Article","@id":"https:\/\/watv.org\/es\/7th-asezwao-environmental-concert\/#article","isPartOf":{"@id":"https:\/\/watv.org\/es\/7th-asezwao-environmental-concert\/"},"author":{"name":"jm","@id":"https:\/\/watv.org\/es\/#\/schema\/person\/be57f76f5750fcbbbfb6c20b6b68cede"},"headline":"ASEZ WAO fortalece la solidaridad ambiental en Norteam\u00e9rica","datePublished":"2026-02-27T22:02:28+00:00","dateModified":"2026-04-28T00:36:11+00:00","mainEntityOfPage":{"@id":"https:\/\/watv.org\/es\/7th-asezwao-environmental-concert\/"},"wordCount":649,"publisher":{"@id":"https:\/\/watv.org\/es\/#organization"},"image":{"@id":"https:\/\/watv.org\/es\/7th-asezwao-environmental-concert\/#primaryimage"},"thumbnailUrl":"https:\/\/watv.org\/wp-content\/uploads\/2026\/02\/thum_7th_asezwao_environmental_concert.jpg","articleSection":["Iglesias Locales","Noticias globales"],"inLanguage":"es"},{"@type":"WebPage","@id":"https:\/\/watv.org\/es\/7th-asezwao-environmental-concert\/","url":"https:\/\/watv.org\/es\/7th-asezwao-environmental-concert\/","name":"ASEZ WAO fortalece la solidaridad ambiental en Norteam\u00e9rica - Iglesia de Dios Sociedad Misionera Mundial","isPartOf":{"@id":"https:\/\/watv.org\/es\/#website"},"primaryImageOfPage":{"@id":"https:\/\/watv.org\/es\/7th-asezwao-environmental-concert\/#primaryimage"},"image":{"@id":"https:\/\/watv.org\/es\/7th-asezwao-environmental-concert\/#primaryimage"},"thumbnailUrl":"https:\/\/watv.org\/wp-content\/uploads\/2026\/02\/thum_7th_asezwao_environmental_concert.jpg","datePublished":"2026-02-27T22:02:28+00:00","dateModified":"2026-04-28T00:36:11+00:00","breadcrumb":{"@id":"https:\/\/watv.org\/es\/7th-asezwao-environmental-concert\/#breadcrumb"},"inLanguage":"es","potentialAction":[{"@type":"ReadAction","target":["https:\/\/watv.org\/es\/7th-asezwao-environmental-concert\/"]}]},{"@type":"ImageObject","inLanguage":"es","@id":"https:\/\/watv.org\/es\/7th-asezwao-environmental-concert\/#primaryimage","url":"https:\/\/watv.org\/wp-content\/uploads\/2026\/02\/thum_7th_asezwao_environmental_concert.jpg","contentUrl":"https:\/\/watv.org\/wp-content\/uploads\/2026\/02\/thum_7th_asezwao_environmental_concert.jpg","width":3840,"height":2168},{"@type":"BreadcrumbList","@id":"https:\/\/watv.org\/es\/7th-asezwao-environmental-concert\/#breadcrumb","itemListElement":[{"@type":"ListItem","position":1,"name":"Home","item":"https:\/\/watv.org\/es\/"},{"@type":"ListItem","position":2,"name":"ASEZ WAO fortalece la solidaridad ambiental en Norteam\u00e9rica"}]},{"@type":"WebSite","@id":"https:\/\/watv.org\/es\/#website","url":"https:\/\/watv.org\/es\/","name":"Iglesia de Dios Sociedad Misionera Mundial","description":"With Mother\u2019s heartwarming love, we deliver eternal happiness to seven billion people in the world.","publisher":{"@id":"https:\/\/watv.org\/es\/#organization"},"potentialAction":[{"@type":"SearchAction","target":{"@type":"EntryPoint","urlTemplate":"https:\/\/watv.org\/es\/?s={search_term_string}"},"query-input":{"@type":"PropertyValueSpecification","valueRequired":true,"valueName":"search_term_string"}}],"inLanguage":"es"},{"@type":"Organization","@id":"https:\/\/watv.org\/es\/#organization","name":"World Mission Society Church of God - \ud558\ub098\ub2d8\uc758\uad50\ud68c \uc138\uacc4\ubcf5\uc74c\uc120\uad50\ud611\ud68c","url":"https:\/\/watv.org\/es\/","logo":{"@type":"ImageObject","inLanguage":"es","@id":"https:\/\/watv.org\/es\/#\/schema\/logo\/image\/","url":"https:\/\/watv.org\/wp-content\/uploads\/2022\/06\/WorldMissionSociety_ChurchofGod_Symbol_Logo.png","contentUrl":"https:\/\/watv.org\/wp-content\/uploads\/2022\/06\/WorldMissionSociety_ChurchofGod_Symbol_Logo.png","width":1001,"height":1331,"caption":"World Mission Society Church of God - \ud558\ub098\ub2d8\uc758\uad50\ud68c \uc138\uacc4\ubcf5\uc74c\uc120\uad50\ud611\ud68c"},"image":{"@id":"https:\/\/watv.org\/es\/#\/schema\/logo\/image\/"},"sameAs":["https:\/\/www.youtube.com\/channel\/UCioiBk9rS5Dv5j66hUipsuQ"]},{"@type":"Person","@id":"https:\/\/watv.org\/es\/#\/schema\/person\/be57f76f5750fcbbbfb6c20b6b68cede","name":"jm"}]}},"_links":{"self":[{"href":"https:\/\/watv.org\/es\/wp-json\/wp\/v2\/posts\/168090","targetHints":{"allow":["GET"]}}],"collection":[{"href":"https:\/\/watv.org\/es\/wp-json\/wp\/v2\/posts"}],"about":[{"href":"https:\/\/watv.org\/es\/wp-json\/wp\/v2\/types\/post"}],"author":[{"embeddable":true,"href":"https:\/\/watv.org\/es\/wp-json\/wp\/v2\/users\/28"}],"replies":[{"embeddable":true,"href":"https:\/\/watv.org\/es\/wp-json\/wp\/v2\/comments?post=168090"}],"version-history":[{"count":4,"href":"https:\/\/watv.org\/es\/wp-json\/wp\/v2\/posts\/168090\/revisions"}],"predecessor-version":[{"id":168094,"href":"https:\/\/watv.org\/es\/wp-json\/wp\/v2\/posts\/168090\/revisions\/168094"}],"wp:featuredmedia":[{"embeddable":true,"href":"https:\/\/watv.org\/es\/wp-json\/wp\/v2\/media\/167347"}],"wp:attachment":[{"href":"https:\/\/watv.org\/es\/wp-json\/wp\/v2\/media?parent=168090"}],"wp:term":[{"taxonomy":"category","embeddable":true,"href":"https:\/\/watv.org\/es\/wp-json\/wp\/v2\/categories?post=168090"},{"taxonomy":"post_tag","embeddable":true,"href":"https:\/\/watv.org\/es\/wp-json\/wp\/v2\/tags?post=168090"}],"curies":[{"name":"wp","href":"https:\/\/api.w.org\/{rel}","templated":true}]}}