{"id":33020,"date":"2020-10-02T09:00:44","date_gmt":"2020-10-02T00:00:44","guid":{"rendered":"https:\/\/watv.org\/no-more-verbal-abuse\/"},"modified":"2021-11-25T15:24:00","modified_gmt":"2021-11-25T06:24:00","slug":"no-more-verbal-abuse","status":"publish","type":"post","link":"https:\/\/watv.org\/es\/no-more-verbal-abuse\/","title":{"rendered":"ASEZ, el Grupo de Universitarios Voluntarios de la Iglesia de Dios, lleva a cabo la campa\u00f1a \u201cNo m\u00e1s abuso verbal\u201d"},"content":{"rendered":"<p>En 2007, las Naciones Unidas declararon el 2 de octubre como el D\u00eda Internacional de la No Violencia. En este d\u00eda, para desear un mundo pac\u00edfico sin violencia, <a href=\"\/es\/asez\/\">ASEZ, el Grupo de Universitarios Voluntarios de la Iglesia de Dios<\/a>, llev\u00f3 a cabo la campa\u00f1a \u201cNo m\u00e1s abuso verbal\u201d en todo el mundo.<\/p>\n<p>Esta campa\u00f1a, que dur\u00f3 diez d\u00edas del 2 al 11 de octubre, se inici\u00f3 con el lema: \u201cLas palabras son m\u00e1s poderosas que una espada\u201d, con la intenci\u00f3n de concienciar sobre la gravedad de la violencia verbal y liderar la cultura del lenguaje correcto. Seg\u00fan una encuesta sobre violencia escolar realizada en 2019 entre m\u00e1s de un mill\u00f3n de estudiantes de primaria y secundaria en Corea, se inform\u00f3 que la violencia verbal es el tipo de violencia m\u00e1s com\u00fan. En el mismo a\u00f1o, el acoso laboral m\u00e1s com\u00fan seg\u00fan la encuesta del Ministerio de Empleo y Trabajo fue tambi\u00e9n el abuso verbal. Si bien el acoso virtual aumenta d\u00eda a d\u00eda debido al uso de la Internet y los tel\u00e9fonos inteligentes, una encuesta realizada entre unas 7000 personas tambi\u00e9n revel\u00f3 que la clase m\u00e1s com\u00fan de ciberacoso era la violencia verbal.<\/p>\n<div class=\"divide limit\">\n<figure>\n  <picture class=\"copyright\"><source media=\"(max-width:450px)\" srcset=\"\/wp-content\/themes\/watv\/images\/posts\/news_201002_02.jpg\"><img decoding=\"async\" src=\"\/wp-content\/themes\/watv\/images\/posts\/news_201002_02.jpg\"\n     srcset=\"\/wp-content\/themes\/watv\/images\/posts\/news_201002_02.jpg,\n             \/wp-content\/themes\/watv\/images\/posts\/news_201002_02@2x.jpg 2x\">\n  <\/picture>\n <\/figure>\n<figure>\n  <picture class=\"copyright\"><source media=\"(max-width:450px)\" srcset=\"\/wp-content\/themes\/watv\/images\/posts\/news_201002_03.jpg\"><img decoding=\"async\" src=\"\/wp-content\/themes\/watv\/images\/posts\/news_201002_03.jpg\"\n     srcset=\"\/wp-content\/themes\/watv\/images\/posts\/news_201002_03.jpg,\n             \/wp-content\/themes\/watv\/images\/posts\/news_201002_03@2x.jpg 2x\">\n  <\/picture>\n <\/figure>\n<figure>\n  <picture class=\"copyright\"><source media=\"(max-width:450px)\" srcset=\"\/wp-content\/themes\/watv\/images\/posts\/news_201002_04.jpg\"><img decoding=\"async\" src=\"\/wp-content\/themes\/watv\/images\/posts\/news_201002_04.jpg\"\n     srcset=\"\/wp-content\/themes\/watv\/images\/posts\/news_201002_04.jpg,\n             \/wp-content\/themes\/watv\/images\/posts\/news_201002_04@2x.jpg 2x\">\n  <\/picture>\n <\/figure>\n<figure>\n  <picture class=\"copyright\"><source media=\"(max-width:450px)\" srcset=\"\/wp-content\/themes\/watv\/images\/posts\/news_201002_05.jpg\"><img decoding=\"async\" src=\"\/wp-content\/themes\/watv\/images\/posts\/news_201002_05.jpg\"\n     srcset=\"\/wp-content\/themes\/watv\/images\/posts\/news_201002_05.jpg,\n             \/wp-content\/themes\/watv\/images\/posts\/news_201002_05@2x.jpg 2x\">\n  <\/picture>\n <\/figure>\n<\/div>\n<p>Durante la campa\u00f1a, a trav\u00e9s de su sitio web, ASEZ llev\u00f3 a cabo una campa\u00f1a de recolecci\u00f3n de firmas en l\u00ednea que promet\u00eda enfrentar juntos el abuso verbal en la vida cotidiana y alent\u00f3 activamente a las personas a prohibir el abuso verbal, usar un lenguaje correcto y transmitir palabras de \u00e1nimo a los dem\u00e1s. ASEZ public\u00f3 12 tipos de abuso verbal, como insultos, acusaciones y amenazas, e introdujo palabras de aliento para la vida diaria como: \u201c\u00a1Puede hacerlo! Siempre estoy aqu\u00ed para usted\u201d.<\/p>\n<p>Con base en esto, los miembros de ASEZ tomaron la iniciativa de mejorar la cultura verbal en l\u00ednea y en persona. Los miembros se esforzaron por crear una cultura de Internet saludable escribiendo a diario buenos comentarios en art\u00edculos y publicaciones de Internet. En persona, consolaron a sus familias y conocidos que estaban agotados por la COVID-19, levantando el pulgar al menos una vez al d\u00eda y diciendo palabras de \u00e1nimo. M\u00e1s de 13 000 personas de 81 pa\u00edses se identificaron con la campa\u00f1a de ASEZ y firmaron en apoyo para trabajar juntos en la erradicaci\u00f3n del abuso verbal.<\/p>\n<div class=\"divide limit\">\n<figure>\n  <picture class=\"copyright\"><source media=\"(max-width:450px)\" srcset=\"\/wp-content\/themes\/watv\/images\/posts\/news_201002_06.jpg\"><img decoding=\"async\" src=\"\/wp-content\/themes\/watv\/images\/posts\/news_201002_06.jpg\"\n     srcset=\"\/wp-content\/themes\/watv\/images\/posts\/news_201002_06.jpg,\n             \/wp-content\/themes\/watv\/images\/posts\/news_201002_06@2x.jpg 2x\">\n  <\/picture>\n <\/figure>\n<figure>\n  <picture class=\"copyright\"><source media=\"(max-width:450px)\" srcset=\"\/wp-content\/themes\/watv\/images\/posts\/news_201002_07.jpg\"><img decoding=\"async\" src=\"\/wp-content\/themes\/watv\/images\/posts\/news_201002_07.jpg\"\n     srcset=\"\/wp-content\/themes\/watv\/images\/posts\/news_201002_07.jpg,\n             \/wp-content\/themes\/watv\/images\/posts\/news_201002_07@2x.jpg 2x\">\n  <\/picture>\n <\/figure>\n<\/div>\n<p>La hermana Kim Yu-bin de la Universidad de Mujeres Sungshin, Corea, dijo: \u201cDaba gracias a mi familia tres veces al d\u00eda. Al principio fue inc\u00f3modo, pero pronto mi familia se volvi\u00f3 m\u00e1s armoniosa y la atm\u00f3sfera en la casa se torn\u00f3 positiva\u201d. \u201cAl publicar constantemente buenos comentarios, comenc\u00e9 a prestar atenci\u00f3n a las palabras que da\u00f1ar\u00edan a los dem\u00e1s en mi vida diaria y trat\u00e9 de usar palabras amables. Considerando que las palabras que expreso sin pensar, pueden ser violentas para los dem\u00e1s, deseo desempe\u00f1ar el papel de venda para consolar los corazones heridos con palabras de amor\u201d, expres\u00f3 la hermana Go Na-yeong de la Universidad Dong-A, Corea.<\/p>\n<p>El poder de las palabras es enorme. Incluso las palabras simples pueden infundir esperanza en alguien o conducirlo a la desesperaci\u00f3n. Los pasos de ASEZ para crear un mundo libre de violencia con palabras que difunden amor y alientan a los dem\u00e1s, continuar\u00e1n en 2021.<\/p>\n<div class=\"divide limit\">\n<figure>\n  <picture class=\"copyright\"><source media=\"(max-width:450px)\" srcset=\"\/wp-content\/themes\/watv\/images\/posts\/news_201002_08.jpg\"><img decoding=\"async\" src=\"\/wp-content\/themes\/watv\/images\/posts\/news_201002_08.jpg\"\n     srcset=\"\/wp-content\/themes\/watv\/images\/posts\/news_201002_08.jpg,\n             \/wp-content\/themes\/watv\/images\/posts\/news_201002_08@2x.jpg 2x\">\n  <\/picture>\n <\/figure>\n<figure>\n  <picture class=\"copyright\"><source media=\"(max-width:450px)\" srcset=\"\/wp-content\/themes\/watv\/images\/posts\/news_201002_09.jpg\"><img decoding=\"async\" src=\"\/wp-content\/themes\/watv\/images\/posts\/news_201002_09.jpg\"\n     srcset=\"\/wp-content\/themes\/watv\/images\/posts\/news_201002_09.jpg,\n             \/wp-content\/themes\/watv\/images\/posts\/news_201002_09@2x.jpg 2x\">\n  <\/picture>\n <\/figure>\n<\/div>\n","protected":false},"excerpt":{"rendered":"En 2007, las Naciones Unidas declararon el 2 de octubre como el D\u00eda Internacional de la No Violencia. En este d\u00eda, para desear un mundo pac\u00edfico sin violencia, ASEZ, el Grupo de Universitarios Voluntarios de la Iglesia de Dios, llev\u00f3 a cabo la campa\u00f1a \u201cNo m\u00e1s abuso verbal\u201d en todo el mundo. Esta campa\u00f1a, que&#8230;","protected":false},"author":19,"featured_media":33011,"comment_status":"closed","ping_status":"closed","sticky":false,"template":"post-type\/post-type-header-full-screen.php","format":"standard","meta":{"footnotes":""},"categories":[154,152],"tags":[],"class_list":["post-33020","post","type-post","status-publish","format-standard","has-post-thumbnail","hentry","category-news","category-global-news"],"yoast_head":"<!-- This site is optimized with the Yoast SEO plugin v27.4 - https:\/\/yoast.com\/product\/yoast-seo-wordpress\/ -->\n<title>ASEZ, el Grupo de Universitarios Voluntarios de la Iglesia de Dios, lleva a cabo la campa\u00f1a \u201cNo m\u00e1s abuso verbal\u201d - Iglesia de Dios Sociedad Misionera Mundial<\/title>\n<meta name=\"robots\" content=\"index, follow, max-snippet:-1, max-image-preview:large, max-video-preview:-1\" \/>\n<link rel=\"canonical\" href=\"https:\/\/watv.org\/es\/no-more-verbal-abuse\/\" \/>\n<meta property=\"og:locale\" content=\"es_ES\" \/>\n<meta property=\"og:type\" content=\"article\" \/>\n<meta property=\"og:title\" content=\"ASEZ, el Grupo de Universitarios Voluntarios de la Iglesia de Dios, lleva a cabo la campa\u00f1a \u201cNo m\u00e1s abuso verbal\u201d - Iglesia de Dios Sociedad Misionera Mundial\" \/>\n<meta property=\"og:description\" content=\"En 2007, las Naciones Unidas declararon el 2 de octubre como el D\u00eda Internacional de la No Violencia. En este d\u00eda, para desear un mundo pac\u00edfico sin violencia, ASEZ, el Grupo de Universitarios Voluntarios de la Iglesia de Dios, llev\u00f3 a cabo la campa\u00f1a \u201cNo m\u00e1s abuso verbal\u201d en todo el mundo. Esta campa\u00f1a, que...\" \/>\n<meta property=\"og:url\" content=\"https:\/\/watv.org\/es\/no-more-verbal-abuse\/\" \/>\n<meta property=\"og:site_name\" content=\"Iglesia de Dios Sociedad Misionera Mundial\" \/>\n<meta property=\"article:published_time\" content=\"2020-10-02T00:00:44+00:00\" \/>\n<meta property=\"article:modified_time\" content=\"2021-11-25T06:24:00+00:00\" \/>\n<meta property=\"og:image\" content=\"https:\/\/watv.org\/wp-content\/uploads\/2021\/05\/news_201002_01@2x.jpg\" \/>\n\t<meta property=\"og:image:width\" content=\"3840\" \/>\n\t<meta property=\"og:image:height\" content=\"2000\" \/>\n\t<meta property=\"og:image:type\" content=\"image\/jpeg\" \/>\n<meta name=\"author\" content=\"hj\" \/>\n<meta name=\"twitter:card\" content=\"summary_large_image\" \/>\n<script type=\"application\/ld+json\" class=\"yoast-schema-graph\">{\"@context\":\"https:\\\/\\\/schema.org\",\"@graph\":[{\"@type\":\"Article\",\"@id\":\"https:\\\/\\\/watv.org\\\/es\\\/no-more-verbal-abuse\\\/#article\",\"isPartOf\":{\"@id\":\"https:\\\/\\\/watv.org\\\/es\\\/no-more-verbal-abuse\\\/\"},\"author\":{\"name\":\"hj\",\"@id\":\"https:\\\/\\\/watv.org\\\/es\\\/#\\\/schema\\\/person\\\/84495771d3df82524a8ae2cc6c5d721c\"},\"headline\":\"ASEZ, el Grupo de Universitarios Voluntarios de la Iglesia de Dios, lleva a cabo la campa\u00f1a \u201cNo m\u00e1s abuso verbal\u201d\",\"datePublished\":\"2020-10-02T00:00:44+00:00\",\"dateModified\":\"2021-11-25T06:24:00+00:00\",\"mainEntityOfPage\":{\"@id\":\"https:\\\/\\\/watv.org\\\/es\\\/no-more-verbal-abuse\\\/\"},\"wordCount\":592,\"publisher\":{\"@id\":\"https:\\\/\\\/watv.org\\\/es\\\/#organization\"},\"image\":{\"@id\":\"https:\\\/\\\/watv.org\\\/es\\\/no-more-verbal-abuse\\\/#primaryimage\"},\"thumbnailUrl\":\"https:\\\/\\\/watv.org\\\/wp-content\\\/uploads\\\/2021\\\/05\\\/news_201002_01@2x.jpg\",\"articleSection\":[\"Gran Asamblea\",\"Noticias globales\"],\"inLanguage\":\"es\"},{\"@type\":\"WebPage\",\"@id\":\"https:\\\/\\\/watv.org\\\/es\\\/no-more-verbal-abuse\\\/\",\"url\":\"https:\\\/\\\/watv.org\\\/es\\\/no-more-verbal-abuse\\\/\",\"name\":\"ASEZ, el Grupo de Universitarios Voluntarios de la Iglesia de Dios, lleva a cabo la campa\u00f1a \u201cNo m\u00e1s abuso verbal\u201d - Iglesia de Dios Sociedad Misionera Mundial\",\"isPartOf\":{\"@id\":\"https:\\\/\\\/watv.org\\\/es\\\/#website\"},\"primaryImageOfPage\":{\"@id\":\"https:\\\/\\\/watv.org\\\/es\\\/no-more-verbal-abuse\\\/#primaryimage\"},\"image\":{\"@id\":\"https:\\\/\\\/watv.org\\\/es\\\/no-more-verbal-abuse\\\/#primaryimage\"},\"thumbnailUrl\":\"https:\\\/\\\/watv.org\\\/wp-content\\\/uploads\\\/2021\\\/05\\\/news_201002_01@2x.jpg\",\"datePublished\":\"2020-10-02T00:00:44+00:00\",\"dateModified\":\"2021-11-25T06:24:00+00:00\",\"breadcrumb\":{\"@id\":\"https:\\\/\\\/watv.org\\\/es\\\/no-more-verbal-abuse\\\/#breadcrumb\"},\"inLanguage\":\"es\",\"potentialAction\":[{\"@type\":\"ReadAction\",\"target\":[\"https:\\\/\\\/watv.org\\\/es\\\/no-more-verbal-abuse\\\/\"]}]},{\"@type\":\"ImageObject\",\"inLanguage\":\"es\",\"@id\":\"https:\\\/\\\/watv.org\\\/es\\\/no-more-verbal-abuse\\\/#primaryimage\",\"url\":\"https:\\\/\\\/watv.org\\\/wp-content\\\/uploads\\\/2021\\\/05\\\/news_201002_01@2x.jpg\",\"contentUrl\":\"https:\\\/\\\/watv.org\\\/wp-content\\\/uploads\\\/2021\\\/05\\\/news_201002_01@2x.jpg\",\"width\":3840,\"height\":2000},{\"@type\":\"BreadcrumbList\",\"@id\":\"https:\\\/\\\/watv.org\\\/es\\\/no-more-verbal-abuse\\\/#breadcrumb\",\"itemListElement\":[{\"@type\":\"ListItem\",\"position\":1,\"name\":\"Home\",\"item\":\"https:\\\/\\\/watv.org\\\/es\\\/\"},{\"@type\":\"ListItem\",\"position\":2,\"name\":\"ASEZ, el Grupo de Universitarios Voluntarios de la Iglesia de Dios, lleva a cabo la campa\u00f1a \u201cNo m\u00e1s abuso verbal\u201d\"}]},{\"@type\":\"WebSite\",\"@id\":\"https:\\\/\\\/watv.org\\\/es\\\/#website\",\"url\":\"https:\\\/\\\/watv.org\\\/es\\\/\",\"name\":\"Iglesia de Dios Sociedad Misionera Mundial\",\"description\":\"With Mother\u2019s heartwarming love, we deliver eternal happiness to seven billion people in the world.\",\"publisher\":{\"@id\":\"https:\\\/\\\/watv.org\\\/es\\\/#organization\"},\"potentialAction\":[{\"@type\":\"SearchAction\",\"target\":{\"@type\":\"EntryPoint\",\"urlTemplate\":\"https:\\\/\\\/watv.org\\\/es\\\/?s={search_term_string}\"},\"query-input\":{\"@type\":\"PropertyValueSpecification\",\"valueRequired\":true,\"valueName\":\"search_term_string\"}}],\"inLanguage\":\"es\"},{\"@type\":\"Organization\",\"@id\":\"https:\\\/\\\/watv.org\\\/es\\\/#organization\",\"name\":\"World Mission Society Church of God - \ud558\ub098\ub2d8\uc758\uad50\ud68c \uc138\uacc4\ubcf5\uc74c\uc120\uad50\ud611\ud68c\",\"url\":\"https:\\\/\\\/watv.org\\\/es\\\/\",\"logo\":{\"@type\":\"ImageObject\",\"inLanguage\":\"es\",\"@id\":\"https:\\\/\\\/watv.org\\\/es\\\/#\\\/schema\\\/logo\\\/image\\\/\",\"url\":\"https:\\\/\\\/watv.org\\\/wp-content\\\/uploads\\\/2022\\\/06\\\/WorldMissionSociety_ChurchofGod_Symbol_Logo.png\",\"contentUrl\":\"https:\\\/\\\/watv.org\\\/wp-content\\\/uploads\\\/2022\\\/06\\\/WorldMissionSociety_ChurchofGod_Symbol_Logo.png\",\"width\":1001,\"height\":1331,\"caption\":\"World Mission Society Church of God - \ud558\ub098\ub2d8\uc758\uad50\ud68c \uc138\uacc4\ubcf5\uc74c\uc120\uad50\ud611\ud68c\"},\"image\":{\"@id\":\"https:\\\/\\\/watv.org\\\/es\\\/#\\\/schema\\\/logo\\\/image\\\/\"},\"sameAs\":[\"https:\\\/\\\/www.youtube.com\\\/channel\\\/UCioiBk9rS5Dv5j66hUipsuQ\"]},{\"@type\":\"Person\",\"@id\":\"https:\\\/\\\/watv.org\\\/es\\\/#\\\/schema\\\/person\\\/84495771d3df82524a8ae2cc6c5d721c\",\"name\":\"hj\"}]}<\/script>\n<!-- \/ Yoast SEO plugin. -->","yoast_head_json":{"title":"ASEZ, el Grupo de Universitarios Voluntarios de la Iglesia de Dios, lleva a cabo la campa\u00f1a \u201cNo m\u00e1s abuso verbal\u201d - Iglesia de Dios Sociedad Misionera Mundial","robots":{"index":"index","follow":"follow","max-snippet":"max-snippet:-1","max-image-preview":"max-image-preview:large","max-video-preview":"max-video-preview:-1"},"canonical":"https:\/\/watv.org\/es\/no-more-verbal-abuse\/","og_locale":"es_ES","og_type":"article","og_title":"ASEZ, el Grupo de Universitarios Voluntarios de la Iglesia de Dios, lleva a cabo la campa\u00f1a \u201cNo m\u00e1s abuso verbal\u201d - Iglesia de Dios Sociedad Misionera Mundial","og_description":"En 2007, las Naciones Unidas declararon el 2 de octubre como el D\u00eda Internacional de la No Violencia. En este d\u00eda, para desear un mundo pac\u00edfico sin violencia, ASEZ, el Grupo de Universitarios Voluntarios de la Iglesia de Dios, llev\u00f3 a cabo la campa\u00f1a \u201cNo m\u00e1s abuso verbal\u201d en todo el mundo. Esta campa\u00f1a, que...","og_url":"https:\/\/watv.org\/es\/no-more-verbal-abuse\/","og_site_name":"Iglesia de Dios Sociedad Misionera Mundial","article_published_time":"2020-10-02T00:00:44+00:00","article_modified_time":"2021-11-25T06:24:00+00:00","og_image":[{"width":3840,"height":2000,"url":"https:\/\/watv.org\/wp-content\/uploads\/2021\/05\/news_201002_01@2x.jpg","type":"image\/jpeg"}],"author":"hj","twitter_card":"summary_large_image","schema":{"@context":"https:\/\/schema.org","@graph":[{"@type":"Article","@id":"https:\/\/watv.org\/es\/no-more-verbal-abuse\/#article","isPartOf":{"@id":"https:\/\/watv.org\/es\/no-more-verbal-abuse\/"},"author":{"name":"hj","@id":"https:\/\/watv.org\/es\/#\/schema\/person\/84495771d3df82524a8ae2cc6c5d721c"},"headline":"ASEZ, el Grupo de Universitarios Voluntarios de la Iglesia de Dios, lleva a cabo la campa\u00f1a \u201cNo m\u00e1s abuso verbal\u201d","datePublished":"2020-10-02T00:00:44+00:00","dateModified":"2021-11-25T06:24:00+00:00","mainEntityOfPage":{"@id":"https:\/\/watv.org\/es\/no-more-verbal-abuse\/"},"wordCount":592,"publisher":{"@id":"https:\/\/watv.org\/es\/#organization"},"image":{"@id":"https:\/\/watv.org\/es\/no-more-verbal-abuse\/#primaryimage"},"thumbnailUrl":"https:\/\/watv.org\/wp-content\/uploads\/2021\/05\/news_201002_01@2x.jpg","articleSection":["Gran Asamblea","Noticias globales"],"inLanguage":"es"},{"@type":"WebPage","@id":"https:\/\/watv.org\/es\/no-more-verbal-abuse\/","url":"https:\/\/watv.org\/es\/no-more-verbal-abuse\/","name":"ASEZ, el Grupo de Universitarios Voluntarios de la Iglesia de Dios, lleva a cabo la campa\u00f1a \u201cNo m\u00e1s abuso verbal\u201d - Iglesia de Dios Sociedad Misionera Mundial","isPartOf":{"@id":"https:\/\/watv.org\/es\/#website"},"primaryImageOfPage":{"@id":"https:\/\/watv.org\/es\/no-more-verbal-abuse\/#primaryimage"},"image":{"@id":"https:\/\/watv.org\/es\/no-more-verbal-abuse\/#primaryimage"},"thumbnailUrl":"https:\/\/watv.org\/wp-content\/uploads\/2021\/05\/news_201002_01@2x.jpg","datePublished":"2020-10-02T00:00:44+00:00","dateModified":"2021-11-25T06:24:00+00:00","breadcrumb":{"@id":"https:\/\/watv.org\/es\/no-more-verbal-abuse\/#breadcrumb"},"inLanguage":"es","potentialAction":[{"@type":"ReadAction","target":["https:\/\/watv.org\/es\/no-more-verbal-abuse\/"]}]},{"@type":"ImageObject","inLanguage":"es","@id":"https:\/\/watv.org\/es\/no-more-verbal-abuse\/#primaryimage","url":"https:\/\/watv.org\/wp-content\/uploads\/2021\/05\/news_201002_01@2x.jpg","contentUrl":"https:\/\/watv.org\/wp-content\/uploads\/2021\/05\/news_201002_01@2x.jpg","width":3840,"height":2000},{"@type":"BreadcrumbList","@id":"https:\/\/watv.org\/es\/no-more-verbal-abuse\/#breadcrumb","itemListElement":[{"@type":"ListItem","position":1,"name":"Home","item":"https:\/\/watv.org\/es\/"},{"@type":"ListItem","position":2,"name":"ASEZ, el Grupo de Universitarios Voluntarios de la Iglesia de Dios, lleva a cabo la campa\u00f1a \u201cNo m\u00e1s abuso verbal\u201d"}]},{"@type":"WebSite","@id":"https:\/\/watv.org\/es\/#website","url":"https:\/\/watv.org\/es\/","name":"Iglesia de Dios Sociedad Misionera Mundial","description":"With Mother\u2019s heartwarming love, we deliver eternal happiness to seven billion people in the world.","publisher":{"@id":"https:\/\/watv.org\/es\/#organization"},"potentialAction":[{"@type":"SearchAction","target":{"@type":"EntryPoint","urlTemplate":"https:\/\/watv.org\/es\/?s={search_term_string}"},"query-input":{"@type":"PropertyValueSpecification","valueRequired":true,"valueName":"search_term_string"}}],"inLanguage":"es"},{"@type":"Organization","@id":"https:\/\/watv.org\/es\/#organization","name":"World Mission Society Church of God - \ud558\ub098\ub2d8\uc758\uad50\ud68c \uc138\uacc4\ubcf5\uc74c\uc120\uad50\ud611\ud68c","url":"https:\/\/watv.org\/es\/","logo":{"@type":"ImageObject","inLanguage":"es","@id":"https:\/\/watv.org\/es\/#\/schema\/logo\/image\/","url":"https:\/\/watv.org\/wp-content\/uploads\/2022\/06\/WorldMissionSociety_ChurchofGod_Symbol_Logo.png","contentUrl":"https:\/\/watv.org\/wp-content\/uploads\/2022\/06\/WorldMissionSociety_ChurchofGod_Symbol_Logo.png","width":1001,"height":1331,"caption":"World Mission Society Church of God - \ud558\ub098\ub2d8\uc758\uad50\ud68c \uc138\uacc4\ubcf5\uc74c\uc120\uad50\ud611\ud68c"},"image":{"@id":"https:\/\/watv.org\/es\/#\/schema\/logo\/image\/"},"sameAs":["https:\/\/www.youtube.com\/channel\/UCioiBk9rS5Dv5j66hUipsuQ"]},{"@type":"Person","@id":"https:\/\/watv.org\/es\/#\/schema\/person\/84495771d3df82524a8ae2cc6c5d721c","name":"hj"}]}},"_links":{"self":[{"href":"https:\/\/watv.org\/es\/wp-json\/wp\/v2\/posts\/33020","targetHints":{"allow":["GET"]}}],"collection":[{"href":"https:\/\/watv.org\/es\/wp-json\/wp\/v2\/posts"}],"about":[{"href":"https:\/\/watv.org\/es\/wp-json\/wp\/v2\/types\/post"}],"author":[{"embeddable":true,"href":"https:\/\/watv.org\/es\/wp-json\/wp\/v2\/users\/19"}],"replies":[{"embeddable":true,"href":"https:\/\/watv.org\/es\/wp-json\/wp\/v2\/comments?post=33020"}],"version-history":[{"count":1,"href":"https:\/\/watv.org\/es\/wp-json\/wp\/v2\/posts\/33020\/revisions"}],"predecessor-version":[{"id":33026,"href":"https:\/\/watv.org\/es\/wp-json\/wp\/v2\/posts\/33020\/revisions\/33026"}],"wp:featuredmedia":[{"embeddable":true,"href":"https:\/\/watv.org\/es\/wp-json\/wp\/v2\/media\/33011"}],"wp:attachment":[{"href":"https:\/\/watv.org\/es\/wp-json\/wp\/v2\/media?parent=33020"}],"wp:term":[{"taxonomy":"category","embeddable":true,"href":"https:\/\/watv.org\/es\/wp-json\/wp\/v2\/categories?post=33020"},{"taxonomy":"post_tag","embeddable":true,"href":"https:\/\/watv.org\/es\/wp-json\/wp\/v2\/tags?post=33020"}],"curies":[{"name":"wp","href":"https:\/\/api.w.org\/{rel}","templated":true}]}}