{"id":44936,"date":"2021-06-05T16:22:00","date_gmt":"2021-06-05T07:22:00","guid":{"rendered":"https:\/\/watv.org\/environment-day-campaign\/"},"modified":"2023-03-14T15:58:11","modified_gmt":"2023-03-14T06:58:11","slug":"environment-day-campaign","status":"publish","type":"post","link":"https:\/\/watv.org\/es\/environment-day-campaign\/","title":{"rendered":"ASEZ, el Grupo de Universitarios Voluntarios, puso en marcha una campa\u00f1a para el D\u00eda Mundial del Medio Ambiente"},"content":{"rendered":"<p>El 5 de junio es el D\u00eda Mundial del Medio Ambiente. <a href=\"https:\/\/asez.org\" target=\"_blank\" rel=\"noopener\">ASEZ, el Grupo de Universitarios Voluntarios de la Iglesia de Dios<\/a>, desarroll\u00f3 la campa\u00f1a \u201cEl Costo del Consumo\u201d durante el mes de junio para conmemorar el D\u00eda Mundial del Medio Ambiente. Esta campa\u00f1a tiene como objetivo generar conciencia sobre las graves consecuencias que la Tierra y la humanidad deben pagar por el consumo diario.<\/p>\n<p>Las fibras sint\u00e9ticas, que se utilizan com\u00fanmente como materia prima de ropa, emiten 5,5 kg m\u00e1s de gases de efecto invernadero que las fibras naturales por camiseta, lo que acelera el cambio clim\u00e1tico. Las plantas de te\u00f1ido de textiles utilizan 20 000 sustancias qu\u00edmicas, y el agua industrial que se descarga en este momento representa el 20 % de la contaminaci\u00f3n del agua industrial del mundo. Los micropl\u00e1sticos y las fibras liberadas por un solo lavado dom\u00e9stico de una camiseta amenazan el ecosistema marino. Se necesitan al menos m\u00e1s de 200 a\u00f1os para que una camisa se descomponga en un vertedero. En este proceso, se generan contaminantes t\u00f3xicos como el metano, el di\u00f3xido de carbono y las dioxinas, que contaminan el aire.<\/p>\n<div class=\"divide\">\n<figure>\n  <picture class=\"copyright\"><source media=\"(max-width:450px)\" srcset=\"\/wp-content\/themes\/watv\/images\/posts\/news_210605_02.jpg\"><img decoding=\"async\" src=\"\/wp-content\/themes\/watv\/images\/posts\/news_210605_02.jpg\"\n     srcset=\"\/wp-content\/themes\/watv\/images\/posts\/news_210605_02.jpg,\n             \/wp-content\/themes\/watv\/images\/posts\/news_210605_02@2x.jpg 2x\">\n  <\/picture>\n <\/figure>\n<figure>\n  <picture class=\"copyright\"><source media=\"(max-width:450px)\" srcset=\"\/wp-content\/themes\/watv\/images\/posts\/news_210605_03.jpg\"><img decoding=\"async\" src=\"\/wp-content\/themes\/watv\/images\/posts\/news_210605_03.jpg\"\n     srcset=\"\/wp-content\/themes\/watv\/images\/posts\/news_210605_03.jpg,\n             \/wp-content\/themes\/watv\/images\/posts\/news_210605_03@2x.jpg 2x\">\n  <\/picture>\n <\/figure>\n<figure>\n  <picture class=\"copyright\"><source media=\"(max-width:450px)\" srcset=\"\/wp-content\/themes\/watv\/images\/posts\/news_210605_04.jpg\"><img decoding=\"async\" src=\"\/wp-content\/themes\/watv\/images\/posts\/news_210605_04.jpg\"\n     srcset=\"\/wp-content\/themes\/watv\/images\/posts\/news_210605_04.jpg,\n             \/wp-content\/themes\/watv\/images\/posts\/news_210605_04@2x.jpg 2x\">\n  <\/picture>\n <\/figure>\n<figure>\n  <picture class=\"copyright\"><source media=\"(max-width:450px)\" srcset=\"\/wp-content\/themes\/watv\/images\/posts\/news_210605_05.jpg\"><img decoding=\"async\" src=\"\/wp-content\/themes\/watv\/images\/posts\/news_210605_05.jpg\"\n     srcset=\"\/wp-content\/themes\/watv\/images\/posts\/news_210605_05.jpg,\n             \/wp-content\/themes\/watv\/images\/posts\/news_210605_05@2x.jpg 2x\">\n  <\/picture>\n <\/figure>\n<\/div>\n<p>ASEZ elabor\u00f3 noticias en tarjetas e inform\u00f3 a la poblaci\u00f3n sobre la gravedad del impacto en el ecosistema y en el ser humano desde la producci\u00f3n de ropa y su lavado hasta su desecho, a trav\u00e9s de sitios web y medios en l\u00ednea. Asimismo, introdujo medidas pr\u00e1cticas para frenar el consumo desenfrenado, como reducir la compra de ropa, reciclarla y reducir el uso de lavadoras y secadoras.<\/p>\n<p>Los miembros de ASEZ y otros participantes llevaron a cabo la \u201cCampa\u00f1a 7&#215;7\u201d, que consiste en usar 7 prendas durante 7 d\u00edas en lugar de comprar ropa nueva. Tambi\u00e9n fabricaron fundas para sillas, fregadores y cintas para el cabello mediante la <em>reutilizaci\u00f3n creativa<\/em>, que revaloriza las prendas viejas al reformarlas para otros fines.<\/p>\n<figure class=\"compact\">\n <picture><source media=\"(max-width:450px)\" srcset=\"\/wp-content\/themes\/watv\/images\/posts\/news_210605_06_es.jpg\"><img decoding=\"async\" src=\"\/wp-content\/themes\/watv\/images\/posts\/news_210605_06_es.jpg\"\n    srcset=\"\/wp-content\/themes\/watv\/images\/posts\/news_210605_06_es.jpg,\n            \/wp-content\/themes\/watv\/images\/posts\/news_210605_06_es@2x.jpg 2x\">\n <\/picture>\n<\/figure>\n<p>Los integrantes y ciudadanos heredaron o compartieron un total de 2793 prendas durante la campa\u00f1a. El n\u00famero de uso de lavadoras y secadoras se redujo en 1637 veces, reduciendo alrededor de 6,9 toneladas de di\u00f3xido de carbono. Este es el mismo efecto que plantar 10 448 \u00e1rboles.<\/p>\n<p>La hermana Lee Yu-jin, de la Universidad de Seojeong, manifest\u00f3: \u201cAntes, compraba ropa pensando simplemente: \u2018Alg\u00fan d\u00eda me la pondr\u00e9\u2019, pero despu\u00e9s de enterarme del problema de la contaminaci\u00f3n ambiental, dej\u00e9 de hacerlo. Sent\u00ed que los peque\u00f1os compromisos y acciones pueden tener un buen impacto y, gracias a la campa\u00f1a, he llegado a tener h\u00e1bitos de consumo correctos\u201d.<\/p>\n","protected":false},"excerpt":{"rendered":"El 5 de junio es el D\u00eda Mundial del Medio Ambiente. ASEZ, el Grupo de Universitarios Voluntarios de la Iglesia de Dios, desarroll\u00f3 la campa\u00f1a \u201cEl Costo del Consumo\u201d durante el mes de junio para conmemorar el D\u00eda Mundial del Medio Ambiente. Esta campa\u00f1a tiene como objetivo generar conciencia sobre las graves consecuencias que la&#8230;","protected":false},"author":21,"featured_media":39429,"comment_status":"closed","ping_status":"closed","sticky":false,"template":"","format":"standard","meta":{"footnotes":""},"categories":[154,152],"tags":[],"class_list":["post-44936","post","type-post","status-publish","format-standard","has-post-thumbnail","hentry","category-news","category-global-news"],"yoast_head":"<!-- This site is optimized with the Yoast SEO plugin v27.4 - https:\/\/yoast.com\/product\/yoast-seo-wordpress\/ -->\n<title>ASEZ, el Grupo de Universitarios Voluntarios, puso en marcha una campa\u00f1a para el D\u00eda Mundial del Medio Ambiente - Iglesia de Dios Sociedad Misionera Mundial<\/title>\n<meta name=\"robots\" content=\"index, follow, max-snippet:-1, max-image-preview:large, max-video-preview:-1\" \/>\n<link rel=\"canonical\" href=\"https:\/\/watv.org\/es\/environment-day-campaign\/\" \/>\n<meta property=\"og:locale\" content=\"es_ES\" \/>\n<meta property=\"og:type\" content=\"article\" \/>\n<meta property=\"og:title\" content=\"ASEZ, el Grupo de Universitarios Voluntarios, puso en marcha una campa\u00f1a para el D\u00eda Mundial del Medio Ambiente - Iglesia de Dios Sociedad Misionera Mundial\" \/>\n<meta property=\"og:description\" content=\"El 5 de junio es el D\u00eda Mundial del Medio Ambiente. ASEZ, el Grupo de Universitarios Voluntarios de la Iglesia de Dios, desarroll\u00f3 la campa\u00f1a \u201cEl Costo del Consumo\u201d durante el mes de junio para conmemorar el D\u00eda Mundial del Medio Ambiente. Esta campa\u00f1a tiene como objetivo generar conciencia sobre las graves consecuencias que la...\" \/>\n<meta property=\"og:url\" content=\"https:\/\/watv.org\/es\/environment-day-campaign\/\" \/>\n<meta property=\"og:site_name\" content=\"Iglesia de Dios Sociedad Misionera Mundial\" \/>\n<meta property=\"article:published_time\" content=\"2021-06-05T07:22:00+00:00\" \/>\n<meta property=\"article:modified_time\" content=\"2023-03-14T06:58:11+00:00\" \/>\n<meta property=\"og:image\" content=\"https:\/\/watv.org\/wp-content\/uploads\/2021\/08\/news_210605_01.jpg\" \/>\n\t<meta property=\"og:image:width\" content=\"1500\" \/>\n\t<meta property=\"og:image:height\" content=\"929\" \/>\n\t<meta property=\"og:image:type\" content=\"image\/jpeg\" \/>\n<meta name=\"author\" content=\"ss\" \/>\n<meta name=\"twitter:card\" content=\"summary_large_image\" \/>\n<script type=\"application\/ld+json\" class=\"yoast-schema-graph\">{\"@context\":\"https:\\\/\\\/schema.org\",\"@graph\":[{\"@type\":\"Article\",\"@id\":\"https:\\\/\\\/watv.org\\\/es\\\/environment-day-campaign\\\/#article\",\"isPartOf\":{\"@id\":\"https:\\\/\\\/watv.org\\\/es\\\/environment-day-campaign\\\/\"},\"author\":{\"name\":\"ss\",\"@id\":\"https:\\\/\\\/watv.org\\\/es\\\/#\\\/schema\\\/person\\\/a58a271de4ef926ff9477cac3b74b5d5\"},\"headline\":\"ASEZ, el Grupo de Universitarios Voluntarios, puso en marcha una campa\u00f1a para el D\u00eda Mundial del Medio Ambiente\",\"datePublished\":\"2021-06-05T07:22:00+00:00\",\"dateModified\":\"2023-03-14T06:58:11+00:00\",\"mainEntityOfPage\":{\"@id\":\"https:\\\/\\\/watv.org\\\/es\\\/environment-day-campaign\\\/\"},\"wordCount\":454,\"publisher\":{\"@id\":\"https:\\\/\\\/watv.org\\\/es\\\/#organization\"},\"image\":{\"@id\":\"https:\\\/\\\/watv.org\\\/es\\\/environment-day-campaign\\\/#primaryimage\"},\"thumbnailUrl\":\"https:\\\/\\\/watv.org\\\/wp-content\\\/uploads\\\/2021\\\/08\\\/news_210605_01.jpg\",\"articleSection\":[\"Gran Asamblea\",\"Noticias globales\"],\"inLanguage\":\"es\"},{\"@type\":\"WebPage\",\"@id\":\"https:\\\/\\\/watv.org\\\/es\\\/environment-day-campaign\\\/\",\"url\":\"https:\\\/\\\/watv.org\\\/es\\\/environment-day-campaign\\\/\",\"name\":\"ASEZ, el Grupo de Universitarios Voluntarios, puso en marcha una campa\u00f1a para el D\u00eda Mundial del Medio Ambiente - Iglesia de Dios Sociedad Misionera Mundial\",\"isPartOf\":{\"@id\":\"https:\\\/\\\/watv.org\\\/es\\\/#website\"},\"primaryImageOfPage\":{\"@id\":\"https:\\\/\\\/watv.org\\\/es\\\/environment-day-campaign\\\/#primaryimage\"},\"image\":{\"@id\":\"https:\\\/\\\/watv.org\\\/es\\\/environment-day-campaign\\\/#primaryimage\"},\"thumbnailUrl\":\"https:\\\/\\\/watv.org\\\/wp-content\\\/uploads\\\/2021\\\/08\\\/news_210605_01.jpg\",\"datePublished\":\"2021-06-05T07:22:00+00:00\",\"dateModified\":\"2023-03-14T06:58:11+00:00\",\"breadcrumb\":{\"@id\":\"https:\\\/\\\/watv.org\\\/es\\\/environment-day-campaign\\\/#breadcrumb\"},\"inLanguage\":\"es\",\"potentialAction\":[{\"@type\":\"ReadAction\",\"target\":[\"https:\\\/\\\/watv.org\\\/es\\\/environment-day-campaign\\\/\"]}]},{\"@type\":\"ImageObject\",\"inLanguage\":\"es\",\"@id\":\"https:\\\/\\\/watv.org\\\/es\\\/environment-day-campaign\\\/#primaryimage\",\"url\":\"https:\\\/\\\/watv.org\\\/wp-content\\\/uploads\\\/2021\\\/08\\\/news_210605_01.jpg\",\"contentUrl\":\"https:\\\/\\\/watv.org\\\/wp-content\\\/uploads\\\/2021\\\/08\\\/news_210605_01.jpg\",\"width\":1500,\"height\":929},{\"@type\":\"BreadcrumbList\",\"@id\":\"https:\\\/\\\/watv.org\\\/es\\\/environment-day-campaign\\\/#breadcrumb\",\"itemListElement\":[{\"@type\":\"ListItem\",\"position\":1,\"name\":\"Home\",\"item\":\"https:\\\/\\\/watv.org\\\/es\\\/\"},{\"@type\":\"ListItem\",\"position\":2,\"name\":\"ASEZ, el Grupo de Universitarios Voluntarios, puso en marcha una campa\u00f1a para el D\u00eda Mundial del Medio Ambiente\"}]},{\"@type\":\"WebSite\",\"@id\":\"https:\\\/\\\/watv.org\\\/es\\\/#website\",\"url\":\"https:\\\/\\\/watv.org\\\/es\\\/\",\"name\":\"Iglesia de Dios Sociedad Misionera Mundial\",\"description\":\"With Mother\u2019s heartwarming love, we deliver eternal happiness to seven billion people in the world.\",\"publisher\":{\"@id\":\"https:\\\/\\\/watv.org\\\/es\\\/#organization\"},\"potentialAction\":[{\"@type\":\"SearchAction\",\"target\":{\"@type\":\"EntryPoint\",\"urlTemplate\":\"https:\\\/\\\/watv.org\\\/es\\\/?s={search_term_string}\"},\"query-input\":{\"@type\":\"PropertyValueSpecification\",\"valueRequired\":true,\"valueName\":\"search_term_string\"}}],\"inLanguage\":\"es\"},{\"@type\":\"Organization\",\"@id\":\"https:\\\/\\\/watv.org\\\/es\\\/#organization\",\"name\":\"World Mission Society Church of God - \ud558\ub098\ub2d8\uc758\uad50\ud68c \uc138\uacc4\ubcf5\uc74c\uc120\uad50\ud611\ud68c\",\"url\":\"https:\\\/\\\/watv.org\\\/es\\\/\",\"logo\":{\"@type\":\"ImageObject\",\"inLanguage\":\"es\",\"@id\":\"https:\\\/\\\/watv.org\\\/es\\\/#\\\/schema\\\/logo\\\/image\\\/\",\"url\":\"https:\\\/\\\/watv.org\\\/wp-content\\\/uploads\\\/2022\\\/06\\\/WorldMissionSociety_ChurchofGod_Symbol_Logo.png\",\"contentUrl\":\"https:\\\/\\\/watv.org\\\/wp-content\\\/uploads\\\/2022\\\/06\\\/WorldMissionSociety_ChurchofGod_Symbol_Logo.png\",\"width\":1001,\"height\":1331,\"caption\":\"World Mission Society Church of God - \ud558\ub098\ub2d8\uc758\uad50\ud68c \uc138\uacc4\ubcf5\uc74c\uc120\uad50\ud611\ud68c\"},\"image\":{\"@id\":\"https:\\\/\\\/watv.org\\\/es\\\/#\\\/schema\\\/logo\\\/image\\\/\"},\"sameAs\":[\"https:\\\/\\\/www.youtube.com\\\/channel\\\/UCioiBk9rS5Dv5j66hUipsuQ\"]},{\"@type\":\"Person\",\"@id\":\"https:\\\/\\\/watv.org\\\/es\\\/#\\\/schema\\\/person\\\/a58a271de4ef926ff9477cac3b74b5d5\",\"name\":\"ss\"}]}<\/script>\n<!-- \/ Yoast SEO plugin. -->","yoast_head_json":{"title":"ASEZ, el Grupo de Universitarios Voluntarios, puso en marcha una campa\u00f1a para el D\u00eda Mundial del Medio Ambiente - Iglesia de Dios Sociedad Misionera Mundial","robots":{"index":"index","follow":"follow","max-snippet":"max-snippet:-1","max-image-preview":"max-image-preview:large","max-video-preview":"max-video-preview:-1"},"canonical":"https:\/\/watv.org\/es\/environment-day-campaign\/","og_locale":"es_ES","og_type":"article","og_title":"ASEZ, el Grupo de Universitarios Voluntarios, puso en marcha una campa\u00f1a para el D\u00eda Mundial del Medio Ambiente - Iglesia de Dios Sociedad Misionera Mundial","og_description":"El 5 de junio es el D\u00eda Mundial del Medio Ambiente. ASEZ, el Grupo de Universitarios Voluntarios de la Iglesia de Dios, desarroll\u00f3 la campa\u00f1a \u201cEl Costo del Consumo\u201d durante el mes de junio para conmemorar el D\u00eda Mundial del Medio Ambiente. Esta campa\u00f1a tiene como objetivo generar conciencia sobre las graves consecuencias que la...","og_url":"https:\/\/watv.org\/es\/environment-day-campaign\/","og_site_name":"Iglesia de Dios Sociedad Misionera Mundial","article_published_time":"2021-06-05T07:22:00+00:00","article_modified_time":"2023-03-14T06:58:11+00:00","og_image":[{"width":1500,"height":929,"url":"https:\/\/watv.org\/wp-content\/uploads\/2021\/08\/news_210605_01.jpg","type":"image\/jpeg"}],"author":"ss","twitter_card":"summary_large_image","schema":{"@context":"https:\/\/schema.org","@graph":[{"@type":"Article","@id":"https:\/\/watv.org\/es\/environment-day-campaign\/#article","isPartOf":{"@id":"https:\/\/watv.org\/es\/environment-day-campaign\/"},"author":{"name":"ss","@id":"https:\/\/watv.org\/es\/#\/schema\/person\/a58a271de4ef926ff9477cac3b74b5d5"},"headline":"ASEZ, el Grupo de Universitarios Voluntarios, puso en marcha una campa\u00f1a para el D\u00eda Mundial del Medio Ambiente","datePublished":"2021-06-05T07:22:00+00:00","dateModified":"2023-03-14T06:58:11+00:00","mainEntityOfPage":{"@id":"https:\/\/watv.org\/es\/environment-day-campaign\/"},"wordCount":454,"publisher":{"@id":"https:\/\/watv.org\/es\/#organization"},"image":{"@id":"https:\/\/watv.org\/es\/environment-day-campaign\/#primaryimage"},"thumbnailUrl":"https:\/\/watv.org\/wp-content\/uploads\/2021\/08\/news_210605_01.jpg","articleSection":["Gran Asamblea","Noticias globales"],"inLanguage":"es"},{"@type":"WebPage","@id":"https:\/\/watv.org\/es\/environment-day-campaign\/","url":"https:\/\/watv.org\/es\/environment-day-campaign\/","name":"ASEZ, el Grupo de Universitarios Voluntarios, puso en marcha una campa\u00f1a para el D\u00eda Mundial del Medio Ambiente - Iglesia de Dios Sociedad Misionera Mundial","isPartOf":{"@id":"https:\/\/watv.org\/es\/#website"},"primaryImageOfPage":{"@id":"https:\/\/watv.org\/es\/environment-day-campaign\/#primaryimage"},"image":{"@id":"https:\/\/watv.org\/es\/environment-day-campaign\/#primaryimage"},"thumbnailUrl":"https:\/\/watv.org\/wp-content\/uploads\/2021\/08\/news_210605_01.jpg","datePublished":"2021-06-05T07:22:00+00:00","dateModified":"2023-03-14T06:58:11+00:00","breadcrumb":{"@id":"https:\/\/watv.org\/es\/environment-day-campaign\/#breadcrumb"},"inLanguage":"es","potentialAction":[{"@type":"ReadAction","target":["https:\/\/watv.org\/es\/environment-day-campaign\/"]}]},{"@type":"ImageObject","inLanguage":"es","@id":"https:\/\/watv.org\/es\/environment-day-campaign\/#primaryimage","url":"https:\/\/watv.org\/wp-content\/uploads\/2021\/08\/news_210605_01.jpg","contentUrl":"https:\/\/watv.org\/wp-content\/uploads\/2021\/08\/news_210605_01.jpg","width":1500,"height":929},{"@type":"BreadcrumbList","@id":"https:\/\/watv.org\/es\/environment-day-campaign\/#breadcrumb","itemListElement":[{"@type":"ListItem","position":1,"name":"Home","item":"https:\/\/watv.org\/es\/"},{"@type":"ListItem","position":2,"name":"ASEZ, el Grupo de Universitarios Voluntarios, puso en marcha una campa\u00f1a para el D\u00eda Mundial del Medio Ambiente"}]},{"@type":"WebSite","@id":"https:\/\/watv.org\/es\/#website","url":"https:\/\/watv.org\/es\/","name":"Iglesia de Dios Sociedad Misionera Mundial","description":"With Mother\u2019s heartwarming love, we deliver eternal happiness to seven billion people in the world.","publisher":{"@id":"https:\/\/watv.org\/es\/#organization"},"potentialAction":[{"@type":"SearchAction","target":{"@type":"EntryPoint","urlTemplate":"https:\/\/watv.org\/es\/?s={search_term_string}"},"query-input":{"@type":"PropertyValueSpecification","valueRequired":true,"valueName":"search_term_string"}}],"inLanguage":"es"},{"@type":"Organization","@id":"https:\/\/watv.org\/es\/#organization","name":"World Mission Society Church of God - \ud558\ub098\ub2d8\uc758\uad50\ud68c \uc138\uacc4\ubcf5\uc74c\uc120\uad50\ud611\ud68c","url":"https:\/\/watv.org\/es\/","logo":{"@type":"ImageObject","inLanguage":"es","@id":"https:\/\/watv.org\/es\/#\/schema\/logo\/image\/","url":"https:\/\/watv.org\/wp-content\/uploads\/2022\/06\/WorldMissionSociety_ChurchofGod_Symbol_Logo.png","contentUrl":"https:\/\/watv.org\/wp-content\/uploads\/2022\/06\/WorldMissionSociety_ChurchofGod_Symbol_Logo.png","width":1001,"height":1331,"caption":"World Mission Society Church of God - \ud558\ub098\ub2d8\uc758\uad50\ud68c \uc138\uacc4\ubcf5\uc74c\uc120\uad50\ud611\ud68c"},"image":{"@id":"https:\/\/watv.org\/es\/#\/schema\/logo\/image\/"},"sameAs":["https:\/\/www.youtube.com\/channel\/UCioiBk9rS5Dv5j66hUipsuQ"]},{"@type":"Person","@id":"https:\/\/watv.org\/es\/#\/schema\/person\/a58a271de4ef926ff9477cac3b74b5d5","name":"ss"}]}},"_links":{"self":[{"href":"https:\/\/watv.org\/es\/wp-json\/wp\/v2\/posts\/44936","targetHints":{"allow":["GET"]}}],"collection":[{"href":"https:\/\/watv.org\/es\/wp-json\/wp\/v2\/posts"}],"about":[{"href":"https:\/\/watv.org\/es\/wp-json\/wp\/v2\/types\/post"}],"author":[{"embeddable":true,"href":"https:\/\/watv.org\/es\/wp-json\/wp\/v2\/users\/21"}],"replies":[{"embeddable":true,"href":"https:\/\/watv.org\/es\/wp-json\/wp\/v2\/comments?post=44936"}],"version-history":[{"count":3,"href":"https:\/\/watv.org\/es\/wp-json\/wp\/v2\/posts\/44936\/revisions"}],"predecessor-version":[{"id":87044,"href":"https:\/\/watv.org\/es\/wp-json\/wp\/v2\/posts\/44936\/revisions\/87044"}],"wp:featuredmedia":[{"embeddable":true,"href":"https:\/\/watv.org\/es\/wp-json\/wp\/v2\/media\/39429"}],"wp:attachment":[{"href":"https:\/\/watv.org\/es\/wp-json\/wp\/v2\/media?parent=44936"}],"wp:term":[{"taxonomy":"category","embeddable":true,"href":"https:\/\/watv.org\/es\/wp-json\/wp\/v2\/categories?post=44936"},{"taxonomy":"post_tag","embeddable":true,"href":"https:\/\/watv.org\/es\/wp-json\/wp\/v2\/tags?post=44936"}],"curies":[{"name":"wp","href":"https:\/\/api.w.org\/{rel}","templated":true}]}}