{"id":68881,"date":"2022-06-17T09:00:49","date_gmt":"2022-06-17T00:00:49","guid":{"rendered":"https:\/\/watv.org\/unccd-executive-secretarys-award\/"},"modified":"2023-01-27T20:55:48","modified_gmt":"2023-01-27T11:55:48","slug":"unccd-executive-secretarys-award","status":"publish","type":"post","link":"https:\/\/watv.org\/es\/unccd-executive-secretarys-award\/","title":{"rendered":"ASEZ honrado con el Premio del Secretario Ejecutivo de la CNULD"},"content":{"rendered":"<p>El <a href=\"https:\/\/asez.org\/about-asez\/\">Grupo de Universitarios Voluntarios (ASEZ)<\/a> de la Iglesia de Dios Sociedad Misionera Mundial recibi\u00f3 el Premio del Secretario Ejecutivo de la <a href=\"https:\/\/www.unccd.int\/\">CNULD<\/a> el 17 de junio. ASEZ particip\u00f3 en la competici\u00f3n virtual de coro para conmemorar los 10 a\u00f1os de la Iniciativa de Changwon, y recibi\u00f3 el m\u00e1ximo galard\u00f3n<\/p>\n<p>La Convenci\u00f3n de las Naciones Unidas de Lucha contra la Desertificaci\u00f3n (CNULD) es una convenci\u00f3n firmada por la comunidad internacional el 17 de junio de 1994, que tiene el objetivo de evitar la desertificaci\u00f3n causada por el desarrollo indiscriminado, y ayudar a las zonas afectadas por la desertificaci\u00f3n. A esta convenci\u00f3n se han unido 194 pa\u00edses, y su secretar\u00eda est\u00e1 ubicada en Bonn, Alemania. En 2011, la COP 10 de la CNULD se llev\u00f3 a cabo en Changwon, Rep\u00fablica de Corea (en lo sucesivo denominada Corea), y adopt\u00f3 la Iniciativa de Changwon, que contiene planes para la implementaci\u00f3n de la Convenci\u00f3n.<\/p>\n<p>En 2021, la secretar\u00eda de la CNULD y el <a href=\"https:\/\/english.forest.go.kr\/kfsweb\/kfs\/subIdx\/Index.do?mn=UENG\">Servicio Forestal de Corea<\/a> organizaron una competencia internacional virtual de coro para combatir la desertificaci\u00f3n en celebraci\u00f3n del d\u00e9cimo aniversario de la iniciativa. ASEZ present\u00f3 dos canciones: el tema principal de la CNULD, <a href=\"https:\/\/watvmedia.org\/ko\/media\/born-from-the-land\"><i>Born From the Land<\/i><\/a>, junto con la canci\u00f3n original de ASEZ, <a href=\"https:\/\/watvmedia.org\/ko\/media\/into-the-forest\"><i>Into the Forest<\/i><\/a>, que tiene el mensaje: \u201cRestauremos los bosques y entregu\u00e9moslos a nuestras generaciones futuras\u201d.<\/p>\n<figure class=\"limit\">\n <picture class=\"copyright\"><source media=\"(max-width:450px)\" srcset=\"\/wp-content\/themes\/watv\/images\/posts\/news_220617_01.jpg\"><img decoding=\"async\" src=\"\/wp-content\/themes\/watv\/images\/posts\/news_220617_01.jpg\"\n    srcset=\"\/wp-content\/themes\/watv\/images\/posts\/news_220617_01.jpg,\n            \/wp-content\/themes\/watv\/images\/posts\/news_220617_01@2x.jpg 2x\">\n <\/picture>\n<\/figure>\n<p>La CNULD anunci\u00f3 a los ganadores de los premios en la COP 15 en Costa de Marfil en mayo de este a\u00f1o. Los anfitriones eligieron la larga lista en funci\u00f3n de la cantidad de vistas y me gusta en YouTube, y evaluaron la expresi\u00f3n musical, el mensaje y el arte de cada equipo. Un equipo de Filipinas y otro de Corea recibieron el Premio del Ministro del Servicio Forestal de Corea y el Premio del Gobernador de la Provincia de Gyeongsang del Sur, Corea, respectivamente. ASEZ recibi\u00f3 el premio m\u00e1s importante: el Premio del Secretario Ejecutivo de la CNULD.<\/p>\n<p>La ceremonia de entrega de premios se llev\u00f3 a cabo en el Arboreto Nacional de Sejong el 17 de junio, celebrando el D\u00eda Mundial de Lucha contra la Desertificaci\u00f3n y la Sequ\u00eda. A la ceremonia asisti\u00f3 el ministro del Servicio Forestal de Corea, Nam Sung-hyun; el embajador de Mongolia en Corea, Erdenetsogtin Sarantogos; el director del Instituto de Arboretos y Jardines de Corea, Ryu Kwang-soo; la directora del Arboreto Nacional de Sejong, Lee Yoo-mi, y otros representantes de las ONG que trabajan para prevenir la desertificaci\u00f3n.<\/p>\n<div class=\"divide limit\">\n<figure>\n  <picture class=\"copyright\"><source media=\"(max-width:450px)\" srcset=\"\/wp-content\/themes\/watv\/images\/posts\/news_220617_02.jpg\"><img decoding=\"async\" src=\"\/wp-content\/themes\/watv\/images\/posts\/news_220617_02.jpg\"\n     srcset=\"\/wp-content\/themes\/watv\/images\/posts\/news_220617_02.jpg,\n             \/wp-content\/themes\/watv\/images\/posts\/news_220617_02@2x.jpg 2x\">\n  <\/picture>\n <\/figure>\n<figure>\n  <picture class=\"copyright\"><source media=\"(max-width:450px)\" srcset=\"\/wp-content\/themes\/watv\/images\/posts\/news_220617_03.jpg\"><img decoding=\"async\" src=\"\/wp-content\/themes\/watv\/images\/posts\/news_220617_03.jpg\"\n     srcset=\"\/wp-content\/themes\/watv\/images\/posts\/news_220617_03.jpg,\n             \/wp-content\/themes\/watv\/images\/posts\/news_220617_03@2x.jpg 2x\">\n  <\/picture>\n <\/figure>\n<figure>\n  <picture class=\"copyright\"><source media=\"(max-width:450px)\" srcset=\"\/wp-content\/themes\/watv\/images\/posts\/news_220617_04.jpg\"><img decoding=\"async\" src=\"\/wp-content\/themes\/watv\/images\/posts\/news_220617_04.jpg\"\n     srcset=\"\/wp-content\/themes\/watv\/images\/posts\/news_220617_04.jpg,\n             \/wp-content\/themes\/watv\/images\/posts\/news_220617_04@2x.jpg 2x\">\n  <\/picture>\n <\/figure>\n<figure>\n  <picture class=\"copyright\"><source media=\"(max-width:450px)\" srcset=\"\/wp-content\/themes\/watv\/images\/posts\/news_220617_05.jpg\"><img decoding=\"async\" src=\"\/wp-content\/themes\/watv\/images\/posts\/news_220617_05.jpg\"\n     srcset=\"\/wp-content\/themes\/watv\/images\/posts\/news_220617_05.jpg,\n             \/wp-content\/themes\/watv\/images\/posts\/news_220617_05@2x.jpg 2x\">\n  <\/picture>\n <\/figure>\n<\/div>\n<p>Nam Sung-hyun, ministro del Servicio Forestal de Corea, dijo: \u201cSi no evitamos la desertificaci\u00f3n y la sequ\u00eda ahora, surgir\u00e1n varios problemas no solo en Corea, sino tambi\u00e9n en todo el mundo. El momento de actuar es ahora\u201d. Y agreg\u00f3: \u201cLos bosques, que son nuestro sustento y la fuente de nuestro ecosistema, est\u00e1n siendo devastados r\u00e1pidamente en todo el mundo. Esfu\u00e9rcense para salvar los recursos vitales. El Servicio Forestal tambi\u00e9n har\u00e1 todo lo posible por una Corea verde y una Tierra verde\u201d. El embajador Erdenetsogtin Sarantogos explic\u00f3 la situaci\u00f3n de Mongolia, que ya est\u00e1 sufriendo desertificaci\u00f3n: \u201cLa desertificaci\u00f3n ahora es un desastre en todos los aspectos de la vida. Necesitamos esfuerzos colectivos para responder. Trabajemos juntos para lograr nuestro objetivo com\u00fan\u201d. <\/p>\n<div class=\"divide limit\">\n<figure>\n  <picture class=\"copyright\"><source media=\"(max-width:450px)\" srcset=\"\/wp-content\/themes\/watv\/images\/posts\/news_220617_06.jpg\"><img decoding=\"async\" src=\"\/wp-content\/themes\/watv\/images\/posts\/news_220617_06.jpg\"\n     srcset=\"\/wp-content\/themes\/watv\/images\/posts\/news_220617_06.jpg,\n             \/wp-content\/themes\/watv\/images\/posts\/news_220617_06@2x.jpg 2x\">\n  <\/picture>\n <\/figure>\n<figure>\n  <picture class=\"copyright\"><source media=\"(max-width:450px)\" srcset=\"\/wp-content\/themes\/watv\/images\/posts\/news_220617_07.jpg\"><img decoding=\"async\" src=\"\/wp-content\/themes\/watv\/images\/posts\/news_220617_07.jpg\"\n     srcset=\"\/wp-content\/themes\/watv\/images\/posts\/news_220617_07.jpg,\n             \/wp-content\/themes\/watv\/images\/posts\/news_220617_07@2x.jpg 2x\">\n  <\/picture>\n <\/figure>\n<\/div>\n<p>El ministro del Servicio Forestal de Corea, Nam Sung-hyun, entreg\u00f3 el premio a ASEZ. Luego, los oradores representantes de la futura generaci\u00f3n recitaron la Declaraci\u00f3n de Lucha contra la Desertificaci\u00f3n y la Sequ\u00eda. La Declaraci\u00f3n pidi\u00f3 que se adoptaran medidas para restaurar los bosques y el ecosistema a fin de evitar la desertificaci\u00f3n, que est\u00e1 directamente relacionada con la supervivencia de la humanidad. Al final de la ceremonia, ASEZ interpret\u00f3 tres canciones, incluidas <i>Into the Forest<\/i> y <i>Born From the Land<\/i>, en celebraci\u00f3n del premio, y cerr\u00f3 el evento.<\/p>\n<figure class=\"limit\">\n <picture class=\"copyright\"><source media=\"(max-width:450px)\" srcset=\"\/wp-content\/themes\/watv\/images\/posts\/news_220617_08.jpg\"><img decoding=\"async\" src=\"\/wp-content\/themes\/watv\/images\/posts\/news_220617_08.jpg\"\n    srcset=\"\/wp-content\/themes\/watv\/images\/posts\/news_220617_08.jpg,\n            \/wp-content\/themes\/watv\/images\/posts\/news_220617_08@2x.jpg 2x\">\n <\/picture>\n<\/figure>\n<p>ASEZ est\u00e1 trabajando activamente para atender los problemas ambientales, como la prevenci\u00f3n de la desertificaci\u00f3n a trav\u00e9s de la \u201cRed de Ciudadan\u00eda verde\u201d. Realizan de forma constante campa\u00f1as ambientales, seminarios y foros en cooperaci\u00f3n con organismos gubernamentales y universidades de todo el mundo para promover la importancia de los bosques. En los primeros cinco a\u00f1os desde su establecimiento (2016-2021), ASEZ ha plantado m\u00e1s de 11 000 \u00e1rboles en los Estados Unidos, Australia, Filipinas, Camboya, India, Argentina, Per\u00fa y Rep\u00fablica Dominicana. <\/p>\n<p>Durante la pandemia de la COVID-19, ASEZ ha estado trabajando cumpliendo las pautas de la COVID-19. Con la m\u00fasica presentada en la competencia de coro, ASEZ tambi\u00e9n cre\u00f3 conciencia sobre el medio ambiente y la desertificaci\u00f3n. Este a\u00f1o, en el XV Congreso Forestal Mundial realizado en COEX, Se\u00fal, Corea, del 2 al 6 de mayo, ASEZ aprendi\u00f3 las pol\u00edticas y teor\u00edas necesarias para proteger los bosques de l\u00edderes y expertos nacionales y extranjeros, y discuti\u00f3 sobre su aplicaci\u00f3n en cada campus. Esto brind\u00f3 una oportunidad para que la <a href=\"https:\/\/watv.org\/es\/ecuador-ministry-of-environment\/\">viceministra de Ambiente de Ecuador, Bianca Dager Jervis, diera una conferencia especial para los miembros de ASEZ en el Templo de la Nueva Jerusal\u00e9n en Pangyo, Corea, el 5 de mayo<\/a>.<\/p>\n<figure class=\"limit\">\n <picture class=\"copyright\"><source media=\"(max-width:450px)\" srcset=\"\/wp-content\/themes\/watv\/images\/posts\/news_220617_09.jpg\"><img decoding=\"async\" src=\"\/wp-content\/themes\/watv\/images\/posts\/news_220617_09.jpg\"\n    srcset=\"\/wp-content\/themes\/watv\/images\/posts\/news_220617_09.jpg,\n            \/wp-content\/themes\/watv\/images\/posts\/news_220617_09@2x.jpg 2x\">\n <\/picture>\n<\/figure>\n<p>ASEZ llevar\u00e1 a cabo actividades pr\u00e1cticas para la Tierra, como crear bosques de manglares y plantar \u00e1rboles para reducir el carbono, y fomentar la solidaridad con varios grupos y ciudadanos, as\u00ed como con estudiantes universitarios. Lee Eun-ji (estudiante de primer a\u00f1o de horticultura), que est\u00e1 interesada en el medio ambiente, coment\u00f3: \u201cMis abuelos son agricultores y mi clase cultiva, por lo que he estado experimentando el enorme da\u00f1o causado por las sequ\u00edas recientes. Gracias al evento de hoy, he reafirmado la gravedad de la desertificaci\u00f3n. Como miembro de ASEZ, tomar\u00e9 la iniciativa en la lucha contra la desertificaci\u00f3n en mi escuela\u201d.<\/p>\n<figure class=\"full-width\">\n <picture class=\"copyright\"><source media=\"(max-width:450px)\" srcset=\"\/wp-content\/themes\/watv\/images\/posts\/news_220617_10.jpg\"><img decoding=\"async\" src=\"\/wp-content\/themes\/watv\/images\/posts\/news_220617_10.jpg\"\n    srcset=\"\/wp-content\/themes\/watv\/images\/posts\/news_220617_10.jpg,\n            \/wp-content\/themes\/watv\/images\/posts\/news_220617_10@2x.jpg 2x\">\n <\/picture>\n<\/figure>\n","protected":false},"excerpt":{"rendered":"El Grupo de Universitarios Voluntarios (ASEZ) de la Iglesia de Dios Sociedad Misionera Mundial recibi\u00f3 el Premio del Secretario Ejecutivo de la CNULD el 17 de junio. ASEZ particip\u00f3 en la competici\u00f3n virtual de coro para conmemorar los 10 a\u00f1os de la Iniciativa de Changwon, y recibi\u00f3 el m\u00e1ximo galard\u00f3n La Convenci\u00f3n de las Naciones&#8230;","protected":false},"author":21,"featured_media":68091,"comment_status":"closed","ping_status":"closed","sticky":false,"template":"post-type\/post-type-header-full-screen.php","format":"standard","meta":{"footnotes":""},"categories":[154,152],"tags":[],"class_list":["post-68881","post","type-post","status-publish","format-standard","has-post-thumbnail","hentry","category-news","category-global-news"],"yoast_head":"<!-- This site is optimized with the Yoast SEO plugin v27.4 - https:\/\/yoast.com\/product\/yoast-seo-wordpress\/ -->\n<title>ASEZ honrado con el Premio del Secretario Ejecutivo de la CNULD - Iglesia de Dios Sociedad Misionera Mundial<\/title>\n<meta name=\"robots\" content=\"index, follow, max-snippet:-1, max-image-preview:large, max-video-preview:-1\" \/>\n<link rel=\"canonical\" href=\"https:\/\/watv.org\/es\/unccd-executive-secretarys-award\/\" \/>\n<meta property=\"og:locale\" content=\"es_ES\" \/>\n<meta property=\"og:type\" content=\"article\" \/>\n<meta property=\"og:title\" content=\"ASEZ honrado con el Premio del Secretario Ejecutivo de la CNULD - Iglesia de Dios Sociedad Misionera Mundial\" \/>\n<meta property=\"og:description\" content=\"El Grupo de Universitarios Voluntarios (ASEZ) de la Iglesia de Dios Sociedad Misionera Mundial recibi\u00f3 el Premio del Secretario Ejecutivo de la CNULD el 17 de junio. ASEZ particip\u00f3 en la competici\u00f3n virtual de coro para conmemorar los 10 a\u00f1os de la Iniciativa de Changwon, y recibi\u00f3 el m\u00e1ximo galard\u00f3n La Convenci\u00f3n de las Naciones...\" \/>\n<meta property=\"og:url\" content=\"https:\/\/watv.org\/es\/unccd-executive-secretarys-award\/\" \/>\n<meta property=\"og:site_name\" content=\"Iglesia de Dios Sociedad Misionera Mundial\" \/>\n<meta property=\"article:published_time\" content=\"2022-06-17T00:00:49+00:00\" \/>\n<meta property=\"article:modified_time\" content=\"2023-01-27T11:55:48+00:00\" \/>\n<meta property=\"og:image\" content=\"https:\/\/watv.org\/wp-content\/uploads\/2022\/07\/unccd-executive-secretarys-award-1.jpg\" \/>\n\t<meta property=\"og:image:width\" content=\"3840\" \/>\n\t<meta property=\"og:image:height\" content=\"2000\" \/>\n\t<meta property=\"og:image:type\" content=\"image\/jpeg\" \/>\n<meta name=\"author\" content=\"ss\" \/>\n<meta name=\"twitter:card\" content=\"summary_large_image\" \/>\n<script type=\"application\/ld+json\" class=\"yoast-schema-graph\">{\"@context\":\"https:\\\/\\\/schema.org\",\"@graph\":[{\"@type\":\"Article\",\"@id\":\"https:\\\/\\\/watv.org\\\/es\\\/unccd-executive-secretarys-award\\\/#article\",\"isPartOf\":{\"@id\":\"https:\\\/\\\/watv.org\\\/es\\\/unccd-executive-secretarys-award\\\/\"},\"author\":{\"name\":\"ss\",\"@id\":\"https:\\\/\\\/watv.org\\\/es\\\/#\\\/schema\\\/person\\\/a58a271de4ef926ff9477cac3b74b5d5\"},\"headline\":\"ASEZ honrado con el Premio del Secretario Ejecutivo de la CNULD\",\"datePublished\":\"2022-06-17T00:00:49+00:00\",\"dateModified\":\"2023-01-27T11:55:48+00:00\",\"mainEntityOfPage\":{\"@id\":\"https:\\\/\\\/watv.org\\\/es\\\/unccd-executive-secretarys-award\\\/\"},\"wordCount\":983,\"publisher\":{\"@id\":\"https:\\\/\\\/watv.org\\\/es\\\/#organization\"},\"image\":{\"@id\":\"https:\\\/\\\/watv.org\\\/es\\\/unccd-executive-secretarys-award\\\/#primaryimage\"},\"thumbnailUrl\":\"https:\\\/\\\/watv.org\\\/wp-content\\\/uploads\\\/2022\\\/07\\\/unccd-executive-secretarys-award-1.jpg\",\"articleSection\":[\"Gran Asamblea\",\"Noticias globales\"],\"inLanguage\":\"es\"},{\"@type\":\"WebPage\",\"@id\":\"https:\\\/\\\/watv.org\\\/es\\\/unccd-executive-secretarys-award\\\/\",\"url\":\"https:\\\/\\\/watv.org\\\/es\\\/unccd-executive-secretarys-award\\\/\",\"name\":\"ASEZ honrado con el Premio del Secretario Ejecutivo de la CNULD - Iglesia de Dios Sociedad Misionera Mundial\",\"isPartOf\":{\"@id\":\"https:\\\/\\\/watv.org\\\/es\\\/#website\"},\"primaryImageOfPage\":{\"@id\":\"https:\\\/\\\/watv.org\\\/es\\\/unccd-executive-secretarys-award\\\/#primaryimage\"},\"image\":{\"@id\":\"https:\\\/\\\/watv.org\\\/es\\\/unccd-executive-secretarys-award\\\/#primaryimage\"},\"thumbnailUrl\":\"https:\\\/\\\/watv.org\\\/wp-content\\\/uploads\\\/2022\\\/07\\\/unccd-executive-secretarys-award-1.jpg\",\"datePublished\":\"2022-06-17T00:00:49+00:00\",\"dateModified\":\"2023-01-27T11:55:48+00:00\",\"breadcrumb\":{\"@id\":\"https:\\\/\\\/watv.org\\\/es\\\/unccd-executive-secretarys-award\\\/#breadcrumb\"},\"inLanguage\":\"es\",\"potentialAction\":[{\"@type\":\"ReadAction\",\"target\":[\"https:\\\/\\\/watv.org\\\/es\\\/unccd-executive-secretarys-award\\\/\"]}]},{\"@type\":\"ImageObject\",\"inLanguage\":\"es\",\"@id\":\"https:\\\/\\\/watv.org\\\/es\\\/unccd-executive-secretarys-award\\\/#primaryimage\",\"url\":\"https:\\\/\\\/watv.org\\\/wp-content\\\/uploads\\\/2022\\\/07\\\/unccd-executive-secretarys-award-1.jpg\",\"contentUrl\":\"https:\\\/\\\/watv.org\\\/wp-content\\\/uploads\\\/2022\\\/07\\\/unccd-executive-secretarys-award-1.jpg\",\"width\":3840,\"height\":2000},{\"@type\":\"BreadcrumbList\",\"@id\":\"https:\\\/\\\/watv.org\\\/es\\\/unccd-executive-secretarys-award\\\/#breadcrumb\",\"itemListElement\":[{\"@type\":\"ListItem\",\"position\":1,\"name\":\"Home\",\"item\":\"https:\\\/\\\/watv.org\\\/es\\\/\"},{\"@type\":\"ListItem\",\"position\":2,\"name\":\"ASEZ honrado con el Premio del Secretario Ejecutivo de la CNULD\"}]},{\"@type\":\"WebSite\",\"@id\":\"https:\\\/\\\/watv.org\\\/es\\\/#website\",\"url\":\"https:\\\/\\\/watv.org\\\/es\\\/\",\"name\":\"Iglesia de Dios Sociedad Misionera Mundial\",\"description\":\"With Mother\u2019s heartwarming love, we deliver eternal happiness to seven billion people in the world.\",\"publisher\":{\"@id\":\"https:\\\/\\\/watv.org\\\/es\\\/#organization\"},\"potentialAction\":[{\"@type\":\"SearchAction\",\"target\":{\"@type\":\"EntryPoint\",\"urlTemplate\":\"https:\\\/\\\/watv.org\\\/es\\\/?s={search_term_string}\"},\"query-input\":{\"@type\":\"PropertyValueSpecification\",\"valueRequired\":true,\"valueName\":\"search_term_string\"}}],\"inLanguage\":\"es\"},{\"@type\":\"Organization\",\"@id\":\"https:\\\/\\\/watv.org\\\/es\\\/#organization\",\"name\":\"World Mission Society Church of God - \ud558\ub098\ub2d8\uc758\uad50\ud68c \uc138\uacc4\ubcf5\uc74c\uc120\uad50\ud611\ud68c\",\"url\":\"https:\\\/\\\/watv.org\\\/es\\\/\",\"logo\":{\"@type\":\"ImageObject\",\"inLanguage\":\"es\",\"@id\":\"https:\\\/\\\/watv.org\\\/es\\\/#\\\/schema\\\/logo\\\/image\\\/\",\"url\":\"https:\\\/\\\/watv.org\\\/wp-content\\\/uploads\\\/2022\\\/06\\\/WorldMissionSociety_ChurchofGod_Symbol_Logo.png\",\"contentUrl\":\"https:\\\/\\\/watv.org\\\/wp-content\\\/uploads\\\/2022\\\/06\\\/WorldMissionSociety_ChurchofGod_Symbol_Logo.png\",\"width\":1001,\"height\":1331,\"caption\":\"World Mission Society Church of God - \ud558\ub098\ub2d8\uc758\uad50\ud68c \uc138\uacc4\ubcf5\uc74c\uc120\uad50\ud611\ud68c\"},\"image\":{\"@id\":\"https:\\\/\\\/watv.org\\\/es\\\/#\\\/schema\\\/logo\\\/image\\\/\"},\"sameAs\":[\"https:\\\/\\\/www.youtube.com\\\/channel\\\/UCioiBk9rS5Dv5j66hUipsuQ\"]},{\"@type\":\"Person\",\"@id\":\"https:\\\/\\\/watv.org\\\/es\\\/#\\\/schema\\\/person\\\/a58a271de4ef926ff9477cac3b74b5d5\",\"name\":\"ss\"}]}<\/script>\n<!-- \/ Yoast SEO plugin. -->","yoast_head_json":{"title":"ASEZ honrado con el Premio del Secretario Ejecutivo de la CNULD - Iglesia de Dios Sociedad Misionera Mundial","robots":{"index":"index","follow":"follow","max-snippet":"max-snippet:-1","max-image-preview":"max-image-preview:large","max-video-preview":"max-video-preview:-1"},"canonical":"https:\/\/watv.org\/es\/unccd-executive-secretarys-award\/","og_locale":"es_ES","og_type":"article","og_title":"ASEZ honrado con el Premio del Secretario Ejecutivo de la CNULD - Iglesia de Dios Sociedad Misionera Mundial","og_description":"El Grupo de Universitarios Voluntarios (ASEZ) de la Iglesia de Dios Sociedad Misionera Mundial recibi\u00f3 el Premio del Secretario Ejecutivo de la CNULD el 17 de junio. ASEZ particip\u00f3 en la competici\u00f3n virtual de coro para conmemorar los 10 a\u00f1os de la Iniciativa de Changwon, y recibi\u00f3 el m\u00e1ximo galard\u00f3n La Convenci\u00f3n de las Naciones...","og_url":"https:\/\/watv.org\/es\/unccd-executive-secretarys-award\/","og_site_name":"Iglesia de Dios Sociedad Misionera Mundial","article_published_time":"2022-06-17T00:00:49+00:00","article_modified_time":"2023-01-27T11:55:48+00:00","og_image":[{"width":3840,"height":2000,"url":"https:\/\/watv.org\/wp-content\/uploads\/2022\/07\/unccd-executive-secretarys-award-1.jpg","type":"image\/jpeg"}],"author":"ss","twitter_card":"summary_large_image","schema":{"@context":"https:\/\/schema.org","@graph":[{"@type":"Article","@id":"https:\/\/watv.org\/es\/unccd-executive-secretarys-award\/#article","isPartOf":{"@id":"https:\/\/watv.org\/es\/unccd-executive-secretarys-award\/"},"author":{"name":"ss","@id":"https:\/\/watv.org\/es\/#\/schema\/person\/a58a271de4ef926ff9477cac3b74b5d5"},"headline":"ASEZ honrado con el Premio del Secretario Ejecutivo de la CNULD","datePublished":"2022-06-17T00:00:49+00:00","dateModified":"2023-01-27T11:55:48+00:00","mainEntityOfPage":{"@id":"https:\/\/watv.org\/es\/unccd-executive-secretarys-award\/"},"wordCount":983,"publisher":{"@id":"https:\/\/watv.org\/es\/#organization"},"image":{"@id":"https:\/\/watv.org\/es\/unccd-executive-secretarys-award\/#primaryimage"},"thumbnailUrl":"https:\/\/watv.org\/wp-content\/uploads\/2022\/07\/unccd-executive-secretarys-award-1.jpg","articleSection":["Gran Asamblea","Noticias globales"],"inLanguage":"es"},{"@type":"WebPage","@id":"https:\/\/watv.org\/es\/unccd-executive-secretarys-award\/","url":"https:\/\/watv.org\/es\/unccd-executive-secretarys-award\/","name":"ASEZ honrado con el Premio del Secretario Ejecutivo de la CNULD - Iglesia de Dios Sociedad Misionera Mundial","isPartOf":{"@id":"https:\/\/watv.org\/es\/#website"},"primaryImageOfPage":{"@id":"https:\/\/watv.org\/es\/unccd-executive-secretarys-award\/#primaryimage"},"image":{"@id":"https:\/\/watv.org\/es\/unccd-executive-secretarys-award\/#primaryimage"},"thumbnailUrl":"https:\/\/watv.org\/wp-content\/uploads\/2022\/07\/unccd-executive-secretarys-award-1.jpg","datePublished":"2022-06-17T00:00:49+00:00","dateModified":"2023-01-27T11:55:48+00:00","breadcrumb":{"@id":"https:\/\/watv.org\/es\/unccd-executive-secretarys-award\/#breadcrumb"},"inLanguage":"es","potentialAction":[{"@type":"ReadAction","target":["https:\/\/watv.org\/es\/unccd-executive-secretarys-award\/"]}]},{"@type":"ImageObject","inLanguage":"es","@id":"https:\/\/watv.org\/es\/unccd-executive-secretarys-award\/#primaryimage","url":"https:\/\/watv.org\/wp-content\/uploads\/2022\/07\/unccd-executive-secretarys-award-1.jpg","contentUrl":"https:\/\/watv.org\/wp-content\/uploads\/2022\/07\/unccd-executive-secretarys-award-1.jpg","width":3840,"height":2000},{"@type":"BreadcrumbList","@id":"https:\/\/watv.org\/es\/unccd-executive-secretarys-award\/#breadcrumb","itemListElement":[{"@type":"ListItem","position":1,"name":"Home","item":"https:\/\/watv.org\/es\/"},{"@type":"ListItem","position":2,"name":"ASEZ honrado con el Premio del Secretario Ejecutivo de la CNULD"}]},{"@type":"WebSite","@id":"https:\/\/watv.org\/es\/#website","url":"https:\/\/watv.org\/es\/","name":"Iglesia de Dios Sociedad Misionera Mundial","description":"With Mother\u2019s heartwarming love, we deliver eternal happiness to seven billion people in the world.","publisher":{"@id":"https:\/\/watv.org\/es\/#organization"},"potentialAction":[{"@type":"SearchAction","target":{"@type":"EntryPoint","urlTemplate":"https:\/\/watv.org\/es\/?s={search_term_string}"},"query-input":{"@type":"PropertyValueSpecification","valueRequired":true,"valueName":"search_term_string"}}],"inLanguage":"es"},{"@type":"Organization","@id":"https:\/\/watv.org\/es\/#organization","name":"World Mission Society Church of God - \ud558\ub098\ub2d8\uc758\uad50\ud68c \uc138\uacc4\ubcf5\uc74c\uc120\uad50\ud611\ud68c","url":"https:\/\/watv.org\/es\/","logo":{"@type":"ImageObject","inLanguage":"es","@id":"https:\/\/watv.org\/es\/#\/schema\/logo\/image\/","url":"https:\/\/watv.org\/wp-content\/uploads\/2022\/06\/WorldMissionSociety_ChurchofGod_Symbol_Logo.png","contentUrl":"https:\/\/watv.org\/wp-content\/uploads\/2022\/06\/WorldMissionSociety_ChurchofGod_Symbol_Logo.png","width":1001,"height":1331,"caption":"World Mission Society Church of God - \ud558\ub098\ub2d8\uc758\uad50\ud68c \uc138\uacc4\ubcf5\uc74c\uc120\uad50\ud611\ud68c"},"image":{"@id":"https:\/\/watv.org\/es\/#\/schema\/logo\/image\/"},"sameAs":["https:\/\/www.youtube.com\/channel\/UCioiBk9rS5Dv5j66hUipsuQ"]},{"@type":"Person","@id":"https:\/\/watv.org\/es\/#\/schema\/person\/a58a271de4ef926ff9477cac3b74b5d5","name":"ss"}]}},"_links":{"self":[{"href":"https:\/\/watv.org\/es\/wp-json\/wp\/v2\/posts\/68881","targetHints":{"allow":["GET"]}}],"collection":[{"href":"https:\/\/watv.org\/es\/wp-json\/wp\/v2\/posts"}],"about":[{"href":"https:\/\/watv.org\/es\/wp-json\/wp\/v2\/types\/post"}],"author":[{"embeddable":true,"href":"https:\/\/watv.org\/es\/wp-json\/wp\/v2\/users\/21"}],"replies":[{"embeddable":true,"href":"https:\/\/watv.org\/es\/wp-json\/wp\/v2\/comments?post=68881"}],"version-history":[{"count":1,"href":"https:\/\/watv.org\/es\/wp-json\/wp\/v2\/posts\/68881\/revisions"}],"predecessor-version":[{"id":68882,"href":"https:\/\/watv.org\/es\/wp-json\/wp\/v2\/posts\/68881\/revisions\/68882"}],"wp:featuredmedia":[{"embeddable":true,"href":"https:\/\/watv.org\/es\/wp-json\/wp\/v2\/media\/68091"}],"wp:attachment":[{"href":"https:\/\/watv.org\/es\/wp-json\/wp\/v2\/media?parent=68881"}],"wp:term":[{"taxonomy":"category","embeddable":true,"href":"https:\/\/watv.org\/es\/wp-json\/wp\/v2\/categories?post=68881"},{"taxonomy":"post_tag","embeddable":true,"href":"https:\/\/watv.org\/es\/wp-json\/wp\/v2\/tags?post=68881"}],"curies":[{"name":"wp","href":"https:\/\/api.w.org\/{rel}","templated":true}]}}