{"id":72145,"date":"2022-06-05T09:53:30","date_gmt":"2022-06-05T00:53:30","guid":{"rendered":"http:\/\/watvdev.org\/ascension-day-and-pentecost-2022\/"},"modified":"2022-09-23T09:54:38","modified_gmt":"2022-09-23T00:54:38","slug":"ascension-day-and-pentecost-2022","status":"publish","type":"post","link":"https:\/\/watv.org\/es\/ascension-day-and-pentecost-2022\/","title":{"rendered":"El culto del D\u00eda de Ascensi\u00f3n y la Gran Asamblea del D\u00eda de Pentecost\u00e9s 2022"},"content":{"rendered":"<p>Los miembros de la Iglesia primitiva, que hab\u00edan presenciado la resurrecci\u00f3n y la ascensi\u00f3n de Jes\u00fas, entregaron la verdad de vida y la esperanza de la salvaci\u00f3n a todas las personas, siendo profundamente conmovidos y llenos del Esp\u00edritu Santo en el D\u00eda de Pentecost\u00e9s. El libro de Hechos registra que tres mil y cinco mil personas fueron a\u00f1adidas al n\u00famero de los disc\u00edpulos en ese tiempo (Hch 2:41, 4:4).<\/p>\n<p>Los miembros de la Iglesia de Dios en todo el mundo asistieron al culto del D\u00eda de Ascensi\u00f3n (26 de mayo) y a la Gran Asamblea del D\u00eda de Pentecost\u00e9s (5 de junio), esperando que las bendiciones del Esp\u00edritu Santo sean derramadas de manera m\u00e1s poderosa, para guiar a todas las personas a la salvaci\u00f3n en esta \u00e9poca. Durante los diez d\u00edas de la Semana de Oraci\u00f3n del D\u00eda de Pentecost\u00e9s, que dur\u00f3 desde la noche del D\u00eda de Ascensi\u00f3n hasta la madrugada del D\u00eda de Pentecost\u00e9s, ofrecieron oraciones de madrugada y de noche por los dones del Esp\u00edritu Santo.<\/p>\n<h3>Culto del D\u00eda de Ascensi\u00f3n celebrando la gloria de la ascensi\u00f3n que Cristo mismo mostr\u00f3 como ejemplo para nosotros<\/h3>\n<p>El D\u00eda de Ascensi\u00f3n conmemora la ascensi\u00f3n de Jes\u00fas al cielo el d\u00eda cuarenta despu\u00e9s de su resurrecci\u00f3n. Tiene su origen en el hecho hist\u00f3rico de que Mois\u00e9s subi\u00f3 al monte Sina\u00ed como Dios le hab\u00eda mandado, cuarenta d\u00edas despu\u00e9s de que los israelitas atravesaran el mar Rojo, siendo liberados de Egipto a trav\u00e9s de la Pascua (Ex 19:1-7, Hch 1:3-9).<\/p>\n<figure>\n <picture class=\"copyright\"><source media=\"(max-width:450px)\" srcset=\"\/wp-content\/themes\/watv\/images\/posts\/news_220605_01.jpg\"><img decoding=\"async\" src=\"\/wp-content\/themes\/watv\/images\/posts\/news_220605_01.jpg\"\n     srcset=\"\/wp-content\/themes\/watv\/images\/posts\/news_220605_01.jpg,\n             \/wp-content\/themes\/watv\/images\/posts\/news_220605_01@2x.jpg 2x\">\n <\/picture>\n<\/figure>\n<p>Durante el culto del D\u00eda de Ascensi\u00f3n realizado en el Templo de la Nueva Jerusal\u00e9n en Pangyo el 26 de mayo, la Madre ofreci\u00f3 una oraci\u00f3n de profunda gratitud al Padre, quien personalmente hab\u00eda dado el ejemplo de la gloria de su ascensi\u00f3n para permitir que las personas creyeran firmemente en la salvaci\u00f3n y el cielo. Tambi\u00e9n or\u00f3 para que sus hijos entendieran plenamente el santo amor del Padre, que se hab\u00eda sacrificado para darles la herencia celestial, y predicaran diligentemente la esperanza del cielo y las buenas nuevas de salvaci\u00f3n a la gente que tiembla de miedo por los diversos desastres, como enfermedades y conflictos.<\/p>\n<p>El Primer Pastor Kim Joo-cheol dijo: \u201cEl D\u00eda de Ascensi\u00f3n es el d\u00eda en que Jes\u00fas nos mostr\u00f3 que nosotros tambi\u00e9n ser\u00edamos transfigurados y ascender\u00edamos al cielo como \u00c9l, despu\u00e9s de completar el evangelio\u201d. Y a\u00f1adi\u00f3: \u201cLos santos de la Iglesia primitiva creyeron firmemente que disfrutar\u00edan de esa bendici\u00f3n, y predicaron el evangelio con alegr\u00eda, dando esperanza a la gente\u201d. El Primer Pastor Kim enfatiz\u00f3 que antes de su ascensi\u00f3n, Jes\u00fas nos orden\u00f3 que fu\u00e9ramos sus testigos en Samaria y hasta lo \u00faltimo de la tierra, y que este mandato solo pod\u00eda cumplirse a trav\u00e9s del poder de Dios. Luego inst\u00f3 a los miembros: \u201cLa oraci\u00f3n es una herramienta para invocar el poder de Dios. Como los santos de la Iglesia primitiva que recibieron el Esp\u00edritu Santo en el D\u00eda de Pentecost\u00e9s dedic\u00e1ndose a la oraci\u00f3n, pidamos el Esp\u00edritu Santo a trav\u00e9s de la oraci\u00f3n, creyendo que Dios sin duda conceder\u00e1 nuestra oraci\u00f3n, para que podamos recibir las bendiciones del Esp\u00edritu Santo (1 Ts 4:13-18, 1 Co 15:50-58, Mr 9:28-29, Mt 7:7-1, Mr 11:24, Mr 1:35-39, 1 Ts 5:15-17).<\/p>\n<p>La Semana de Oraci\u00f3n del D\u00eda de Pentecost\u00e9s y el Festival de Predicaci\u00f3n del Movimiento del Esp\u00edritu Santo para el D\u00eda de Pentecost\u00e9s comenzaron el D\u00eda de Ascensi\u00f3n. Los miembros de todo el mundo se dedicaron a la oraci\u00f3n y la predicaci\u00f3n, con la esperanza de que la historia de la Iglesia primitiva se repitiera nuevamente.<\/p>\n<h3>La Gran Asamblea del D\u00eda de Pentecost\u00e9s: asombrosa obra del Esp\u00edritu Santo, lograda por aquellos que han recibido el Esp\u00edritu Santo<\/h3>\n<p>Despu\u00e9s de la semana de oraci\u00f3n de diez d\u00edas, los miembros celebraron la Gran Asamblea del D\u00eda de Pentecost\u00e9s el 5 de junio, esperando las bendiciones del Esp\u00edritu Santo como una cascada.<\/p>\n<figure>\n <picture class=\"copyright\"><source media=\"(max-width:450px)\" srcset=\"\/wp-content\/themes\/watv\/images\/posts\/news_220605_02.jpg\"><img decoding=\"async\" src=\"\/wp-content\/themes\/watv\/images\/posts\/news_220605_02.jpg\"\n     srcset=\"\/wp-content\/themes\/watv\/images\/posts\/news_220605_02.jpg,\n             \/wp-content\/themes\/watv\/images\/posts\/news_220605_02@2x.jpg 2x\">\n <\/picture>\n<\/figure>\n<p>El D\u00eda de Pentecost\u00e9s (Fiesta de las Semanas en el Antiguo Testamento) tambi\u00e9n encuentra su origen en la obra de Mois\u00e9s. Esta fiesta se instituy\u00f3 para conmemorar el hecho hist\u00f3rico de que Mois\u00e9s subi\u00f3 al monte Sina\u00ed por segunda vez para recibir los diez mandamientos de Dios cincuenta d\u00edas despu\u00e9s de que los israelitas cruzaron el mar Rojo tras salir de Egipto (Ex 24:12-18, Lv 23:10-11, 15-16). Este evento prof\u00e9tico se cumpli\u00f3 cuando Jes\u00fas derram\u00f3 el Esp\u00edritu Santo sobre los disc\u00edpulos a los cincuenta d\u00edas de su resurrecci\u00f3n. Despu\u00e9s de recibir los dones del Esp\u00edritu Santo, los santos testificaron valientemente acerca de Cristo, que fue el preludio de la pr\u00f3spera obra del evangelio en la \u00e9poca apost\u00f3lica (Hch 1-2).<\/p>\n<p>La Madre dio gracias al Padre por dar a sus hijos las siete fiestas de tres tiempos para salvarlos. Tambi\u00e9n or\u00f3 para que el Padre derramara la gracia del Esp\u00edritu Santo sobre sus hijos de todo el mundo, que asistieron a la Gran Asamblea del D\u00eda de Pentecost\u00e9s, m\u00e1s abundantemente que hace dos mil a\u00f1os, para que pudieran encontrar a todos los hijos celestiales esparcidos por todas partes del mundo. Luego felicit\u00f3 los esfuerzos de los miembros que se hab\u00edan dedicado a la oraci\u00f3n durante diez d\u00edas y los anim\u00f3 repetidamente: \u201cTodos ustedes han recibido el Esp\u00edritu Santo. Si predican la palabra de Dios con fuerza, lograremos mayores resultados del evangelio que la Iglesia primitiva y suceder\u00e1n muchas cosas buenas\u201d.<\/p>\n<p>El Primer Pastor Kim Joo-cheol despert\u00f3 a los miembros a su misi\u00f3n: \u201cLos ap\u00f3stoles de la Iglesia primitiva recibieron el Esp\u00edritu Santo en el D\u00eda de Pentecost\u00e9s y testificaron valientemente que Jes\u00fas es el Cristo. Puesto que hemos recibido el Esp\u00edritu Santo en el D\u00eda de Pentecost\u00e9s, tambi\u00e9n debemos predicar con denuedo el camino del nuevo pacto a todo el mundo. Esta es la misi\u00f3n de quien ha recibido el Esp\u00edritu Santo\u201d. Adem\u00e1s, mencion\u00f3 la ley de la naturaleza seg\u00fan la cual una vez que se plantan las semillas, florecen y dan fruto, y el asombroso trabajo de que la Iglesia de Dios se estableci\u00f3 incluso en la regi\u00f3n alpina del Himalaya, Alaska y la selva amaz\u00f3nica en solo medio siglo. Luego los inst\u00f3: \u201cCuando sembramos la semilla del evangelio, Dios la hace germinar y producir buenos frutos. Hay muchas personas en el mundo que est\u00e1n esperando las buenas nuevas de salvaci\u00f3n. Prediquemos el evangelio con poder y guiemos a todos a la salvaci\u00f3n, creyendo que el plan de Dios se cumplir\u00e1 de todas maneras\u201d (Hch 1:6-15, 2:1-12, 41, Hch 4:1-4, Is 14:24-27, 46:11, Mt 28:18-20).<\/p>\n<p>Los miembros de todo el mundo oraron para que aquellos que estaban exhaustos y frustrados debido a la pandemia de la COVID-19 encontraran consuelo y valor a trav\u00e9s del amor de Dios, y se comprometieron a entregar la bendici\u00f3n de la salvaci\u00f3n y la esperanza del cielo a todas las personas a trav\u00e9s del don del Esp\u00edritu Santo que Dios Elohim les concedi\u00f3 en el D\u00eda de Pentecost\u00e9s.<\/p>\n","protected":false},"excerpt":{"rendered":"Los miembros de la Iglesia primitiva, que hab\u00edan presenciado la resurrecci\u00f3n y la ascensi\u00f3n de Jes\u00fas, entregaron la verdad de vida y la esperanza de la salvaci\u00f3n a todas las personas, siendo profundamente conmovidos y llenos del Esp\u00edritu Santo en el D\u00eda de Pentecost\u00e9s. El libro de Hechos registra que tres mil y cinco mil&#8230;","protected":false},"author":21,"featured_media":69271,"comment_status":"closed","ping_status":"closed","sticky":false,"template":"","format":"standard","meta":{"footnotes":""},"categories":[154,152],"tags":[],"class_list":["post-72145","post","type-post","status-publish","format-standard","has-post-thumbnail","hentry","category-news","category-global-news"],"yoast_head":"<!-- This site is optimized with the Yoast SEO plugin v27.4 - https:\/\/yoast.com\/product\/yoast-seo-wordpress\/ -->\n<title>El culto del D\u00eda de Ascensi\u00f3n y la Gran Asamblea del D\u00eda de Pentecost\u00e9s 2022 - Iglesia de Dios Sociedad Misionera Mundial<\/title>\n<meta name=\"robots\" content=\"index, follow, max-snippet:-1, max-image-preview:large, max-video-preview:-1\" \/>\n<link rel=\"canonical\" href=\"https:\/\/watv.org\/es\/ascension-day-and-pentecost-2022\/\" \/>\n<meta property=\"og:locale\" content=\"es_ES\" \/>\n<meta property=\"og:type\" content=\"article\" \/>\n<meta property=\"og:title\" content=\"El culto del D\u00eda de Ascensi\u00f3n y la Gran Asamblea del D\u00eda de Pentecost\u00e9s 2022 - Iglesia de Dios Sociedad Misionera Mundial\" \/>\n<meta property=\"og:description\" content=\"Los miembros de la Iglesia primitiva, que hab\u00edan presenciado la resurrecci\u00f3n y la ascensi\u00f3n de Jes\u00fas, entregaron la verdad de vida y la esperanza de la salvaci\u00f3n a todas las personas, siendo profundamente conmovidos y llenos del Esp\u00edritu Santo en el D\u00eda de Pentecost\u00e9s. El libro de Hechos registra que tres mil y cinco mil...\" \/>\n<meta property=\"og:url\" content=\"https:\/\/watv.org\/es\/ascension-day-and-pentecost-2022\/\" \/>\n<meta property=\"og:site_name\" content=\"Iglesia de Dios Sociedad Misionera Mundial\" \/>\n<meta property=\"article:published_time\" content=\"2022-06-05T00:53:30+00:00\" \/>\n<meta property=\"article:modified_time\" content=\"2022-09-23T00:54:38+00:00\" \/>\n<meta property=\"og:image\" content=\"https:\/\/watv.org\/wp-content\/uploads\/2022\/08\/news_220605_02@2x.jpg\" \/>\n\t<meta property=\"og:image:width\" content=\"2400\" \/>\n\t<meta property=\"og:image:height\" content=\"1600\" \/>\n\t<meta property=\"og:image:type\" content=\"image\/jpeg\" \/>\n<meta name=\"author\" content=\"ss\" \/>\n<meta name=\"twitter:card\" content=\"summary_large_image\" \/>\n<script type=\"application\/ld+json\" class=\"yoast-schema-graph\">{\"@context\":\"https:\\\/\\\/schema.org\",\"@graph\":[{\"@type\":\"Article\",\"@id\":\"https:\\\/\\\/watv.org\\\/es\\\/ascension-day-and-pentecost-2022\\\/#article\",\"isPartOf\":{\"@id\":\"https:\\\/\\\/watv.org\\\/es\\\/ascension-day-and-pentecost-2022\\\/\"},\"author\":{\"name\":\"ss\",\"@id\":\"https:\\\/\\\/watv.org\\\/es\\\/#\\\/schema\\\/person\\\/a58a271de4ef926ff9477cac3b74b5d5\"},\"headline\":\"El culto del D\u00eda de Ascensi\u00f3n y la Gran Asamblea del D\u00eda de Pentecost\u00e9s 2022\",\"datePublished\":\"2022-06-05T00:53:30+00:00\",\"dateModified\":\"2022-09-23T00:54:38+00:00\",\"mainEntityOfPage\":{\"@id\":\"https:\\\/\\\/watv.org\\\/es\\\/ascension-day-and-pentecost-2022\\\/\"},\"wordCount\":1299,\"publisher\":{\"@id\":\"https:\\\/\\\/watv.org\\\/es\\\/#organization\"},\"image\":{\"@id\":\"https:\\\/\\\/watv.org\\\/es\\\/ascension-day-and-pentecost-2022\\\/#primaryimage\"},\"thumbnailUrl\":\"https:\\\/\\\/watv.org\\\/wp-content\\\/uploads\\\/2022\\\/08\\\/news_220605_02@2x.jpg\",\"articleSection\":[\"Gran Asamblea\",\"Noticias globales\"],\"inLanguage\":\"es\"},{\"@type\":\"WebPage\",\"@id\":\"https:\\\/\\\/watv.org\\\/es\\\/ascension-day-and-pentecost-2022\\\/\",\"url\":\"https:\\\/\\\/watv.org\\\/es\\\/ascension-day-and-pentecost-2022\\\/\",\"name\":\"El culto del D\u00eda de Ascensi\u00f3n y la Gran Asamblea del D\u00eda de Pentecost\u00e9s 2022 - Iglesia de Dios Sociedad Misionera Mundial\",\"isPartOf\":{\"@id\":\"https:\\\/\\\/watv.org\\\/es\\\/#website\"},\"primaryImageOfPage\":{\"@id\":\"https:\\\/\\\/watv.org\\\/es\\\/ascension-day-and-pentecost-2022\\\/#primaryimage\"},\"image\":{\"@id\":\"https:\\\/\\\/watv.org\\\/es\\\/ascension-day-and-pentecost-2022\\\/#primaryimage\"},\"thumbnailUrl\":\"https:\\\/\\\/watv.org\\\/wp-content\\\/uploads\\\/2022\\\/08\\\/news_220605_02@2x.jpg\",\"datePublished\":\"2022-06-05T00:53:30+00:00\",\"dateModified\":\"2022-09-23T00:54:38+00:00\",\"breadcrumb\":{\"@id\":\"https:\\\/\\\/watv.org\\\/es\\\/ascension-day-and-pentecost-2022\\\/#breadcrumb\"},\"inLanguage\":\"es\",\"potentialAction\":[{\"@type\":\"ReadAction\",\"target\":[\"https:\\\/\\\/watv.org\\\/es\\\/ascension-day-and-pentecost-2022\\\/\"]}]},{\"@type\":\"ImageObject\",\"inLanguage\":\"es\",\"@id\":\"https:\\\/\\\/watv.org\\\/es\\\/ascension-day-and-pentecost-2022\\\/#primaryimage\",\"url\":\"https:\\\/\\\/watv.org\\\/wp-content\\\/uploads\\\/2022\\\/08\\\/news_220605_02@2x.jpg\",\"contentUrl\":\"https:\\\/\\\/watv.org\\\/wp-content\\\/uploads\\\/2022\\\/08\\\/news_220605_02@2x.jpg\",\"width\":2400,\"height\":1600},{\"@type\":\"BreadcrumbList\",\"@id\":\"https:\\\/\\\/watv.org\\\/es\\\/ascension-day-and-pentecost-2022\\\/#breadcrumb\",\"itemListElement\":[{\"@type\":\"ListItem\",\"position\":1,\"name\":\"Home\",\"item\":\"https:\\\/\\\/watv.org\\\/es\\\/\"},{\"@type\":\"ListItem\",\"position\":2,\"name\":\"El culto del D\u00eda de Ascensi\u00f3n y la Gran Asamblea del D\u00eda de Pentecost\u00e9s 2022\"}]},{\"@type\":\"WebSite\",\"@id\":\"https:\\\/\\\/watv.org\\\/es\\\/#website\",\"url\":\"https:\\\/\\\/watv.org\\\/es\\\/\",\"name\":\"Iglesia de Dios Sociedad Misionera Mundial\",\"description\":\"With Mother\u2019s heartwarming love, we deliver eternal happiness to seven billion people in the world.\",\"publisher\":{\"@id\":\"https:\\\/\\\/watv.org\\\/es\\\/#organization\"},\"potentialAction\":[{\"@type\":\"SearchAction\",\"target\":{\"@type\":\"EntryPoint\",\"urlTemplate\":\"https:\\\/\\\/watv.org\\\/es\\\/?s={search_term_string}\"},\"query-input\":{\"@type\":\"PropertyValueSpecification\",\"valueRequired\":true,\"valueName\":\"search_term_string\"}}],\"inLanguage\":\"es\"},{\"@type\":\"Organization\",\"@id\":\"https:\\\/\\\/watv.org\\\/es\\\/#organization\",\"name\":\"World Mission Society Church of God - \ud558\ub098\ub2d8\uc758\uad50\ud68c \uc138\uacc4\ubcf5\uc74c\uc120\uad50\ud611\ud68c\",\"url\":\"https:\\\/\\\/watv.org\\\/es\\\/\",\"logo\":{\"@type\":\"ImageObject\",\"inLanguage\":\"es\",\"@id\":\"https:\\\/\\\/watv.org\\\/es\\\/#\\\/schema\\\/logo\\\/image\\\/\",\"url\":\"https:\\\/\\\/watv.org\\\/wp-content\\\/uploads\\\/2022\\\/06\\\/WorldMissionSociety_ChurchofGod_Symbol_Logo.png\",\"contentUrl\":\"https:\\\/\\\/watv.org\\\/wp-content\\\/uploads\\\/2022\\\/06\\\/WorldMissionSociety_ChurchofGod_Symbol_Logo.png\",\"width\":1001,\"height\":1331,\"caption\":\"World Mission Society Church of God - \ud558\ub098\ub2d8\uc758\uad50\ud68c \uc138\uacc4\ubcf5\uc74c\uc120\uad50\ud611\ud68c\"},\"image\":{\"@id\":\"https:\\\/\\\/watv.org\\\/es\\\/#\\\/schema\\\/logo\\\/image\\\/\"},\"sameAs\":[\"https:\\\/\\\/www.youtube.com\\\/channel\\\/UCioiBk9rS5Dv5j66hUipsuQ\"]},{\"@type\":\"Person\",\"@id\":\"https:\\\/\\\/watv.org\\\/es\\\/#\\\/schema\\\/person\\\/a58a271de4ef926ff9477cac3b74b5d5\",\"name\":\"ss\"}]}<\/script>\n<!-- \/ Yoast SEO plugin. -->","yoast_head_json":{"title":"El culto del D\u00eda de Ascensi\u00f3n y la Gran Asamblea del D\u00eda de Pentecost\u00e9s 2022 - Iglesia de Dios Sociedad Misionera Mundial","robots":{"index":"index","follow":"follow","max-snippet":"max-snippet:-1","max-image-preview":"max-image-preview:large","max-video-preview":"max-video-preview:-1"},"canonical":"https:\/\/watv.org\/es\/ascension-day-and-pentecost-2022\/","og_locale":"es_ES","og_type":"article","og_title":"El culto del D\u00eda de Ascensi\u00f3n y la Gran Asamblea del D\u00eda de Pentecost\u00e9s 2022 - Iglesia de Dios Sociedad Misionera Mundial","og_description":"Los miembros de la Iglesia primitiva, que hab\u00edan presenciado la resurrecci\u00f3n y la ascensi\u00f3n de Jes\u00fas, entregaron la verdad de vida y la esperanza de la salvaci\u00f3n a todas las personas, siendo profundamente conmovidos y llenos del Esp\u00edritu Santo en el D\u00eda de Pentecost\u00e9s. El libro de Hechos registra que tres mil y cinco mil...","og_url":"https:\/\/watv.org\/es\/ascension-day-and-pentecost-2022\/","og_site_name":"Iglesia de Dios Sociedad Misionera Mundial","article_published_time":"2022-06-05T00:53:30+00:00","article_modified_time":"2022-09-23T00:54:38+00:00","og_image":[{"width":2400,"height":1600,"url":"https:\/\/watv.org\/wp-content\/uploads\/2022\/08\/news_220605_02@2x.jpg","type":"image\/jpeg"}],"author":"ss","twitter_card":"summary_large_image","schema":{"@context":"https:\/\/schema.org","@graph":[{"@type":"Article","@id":"https:\/\/watv.org\/es\/ascension-day-and-pentecost-2022\/#article","isPartOf":{"@id":"https:\/\/watv.org\/es\/ascension-day-and-pentecost-2022\/"},"author":{"name":"ss","@id":"https:\/\/watv.org\/es\/#\/schema\/person\/a58a271de4ef926ff9477cac3b74b5d5"},"headline":"El culto del D\u00eda de Ascensi\u00f3n y la Gran Asamblea del D\u00eda de Pentecost\u00e9s 2022","datePublished":"2022-06-05T00:53:30+00:00","dateModified":"2022-09-23T00:54:38+00:00","mainEntityOfPage":{"@id":"https:\/\/watv.org\/es\/ascension-day-and-pentecost-2022\/"},"wordCount":1299,"publisher":{"@id":"https:\/\/watv.org\/es\/#organization"},"image":{"@id":"https:\/\/watv.org\/es\/ascension-day-and-pentecost-2022\/#primaryimage"},"thumbnailUrl":"https:\/\/watv.org\/wp-content\/uploads\/2022\/08\/news_220605_02@2x.jpg","articleSection":["Gran Asamblea","Noticias globales"],"inLanguage":"es"},{"@type":"WebPage","@id":"https:\/\/watv.org\/es\/ascension-day-and-pentecost-2022\/","url":"https:\/\/watv.org\/es\/ascension-day-and-pentecost-2022\/","name":"El culto del D\u00eda de Ascensi\u00f3n y la Gran Asamblea del D\u00eda de Pentecost\u00e9s 2022 - Iglesia de Dios Sociedad Misionera Mundial","isPartOf":{"@id":"https:\/\/watv.org\/es\/#website"},"primaryImageOfPage":{"@id":"https:\/\/watv.org\/es\/ascension-day-and-pentecost-2022\/#primaryimage"},"image":{"@id":"https:\/\/watv.org\/es\/ascension-day-and-pentecost-2022\/#primaryimage"},"thumbnailUrl":"https:\/\/watv.org\/wp-content\/uploads\/2022\/08\/news_220605_02@2x.jpg","datePublished":"2022-06-05T00:53:30+00:00","dateModified":"2022-09-23T00:54:38+00:00","breadcrumb":{"@id":"https:\/\/watv.org\/es\/ascension-day-and-pentecost-2022\/#breadcrumb"},"inLanguage":"es","potentialAction":[{"@type":"ReadAction","target":["https:\/\/watv.org\/es\/ascension-day-and-pentecost-2022\/"]}]},{"@type":"ImageObject","inLanguage":"es","@id":"https:\/\/watv.org\/es\/ascension-day-and-pentecost-2022\/#primaryimage","url":"https:\/\/watv.org\/wp-content\/uploads\/2022\/08\/news_220605_02@2x.jpg","contentUrl":"https:\/\/watv.org\/wp-content\/uploads\/2022\/08\/news_220605_02@2x.jpg","width":2400,"height":1600},{"@type":"BreadcrumbList","@id":"https:\/\/watv.org\/es\/ascension-day-and-pentecost-2022\/#breadcrumb","itemListElement":[{"@type":"ListItem","position":1,"name":"Home","item":"https:\/\/watv.org\/es\/"},{"@type":"ListItem","position":2,"name":"El culto del D\u00eda de Ascensi\u00f3n y la Gran Asamblea del D\u00eda de Pentecost\u00e9s 2022"}]},{"@type":"WebSite","@id":"https:\/\/watv.org\/es\/#website","url":"https:\/\/watv.org\/es\/","name":"Iglesia de Dios Sociedad Misionera Mundial","description":"With Mother\u2019s heartwarming love, we deliver eternal happiness to seven billion people in the world.","publisher":{"@id":"https:\/\/watv.org\/es\/#organization"},"potentialAction":[{"@type":"SearchAction","target":{"@type":"EntryPoint","urlTemplate":"https:\/\/watv.org\/es\/?s={search_term_string}"},"query-input":{"@type":"PropertyValueSpecification","valueRequired":true,"valueName":"search_term_string"}}],"inLanguage":"es"},{"@type":"Organization","@id":"https:\/\/watv.org\/es\/#organization","name":"World Mission Society Church of God - \ud558\ub098\ub2d8\uc758\uad50\ud68c \uc138\uacc4\ubcf5\uc74c\uc120\uad50\ud611\ud68c","url":"https:\/\/watv.org\/es\/","logo":{"@type":"ImageObject","inLanguage":"es","@id":"https:\/\/watv.org\/es\/#\/schema\/logo\/image\/","url":"https:\/\/watv.org\/wp-content\/uploads\/2022\/06\/WorldMissionSociety_ChurchofGod_Symbol_Logo.png","contentUrl":"https:\/\/watv.org\/wp-content\/uploads\/2022\/06\/WorldMissionSociety_ChurchofGod_Symbol_Logo.png","width":1001,"height":1331,"caption":"World Mission Society Church of God - \ud558\ub098\ub2d8\uc758\uad50\ud68c \uc138\uacc4\ubcf5\uc74c\uc120\uad50\ud611\ud68c"},"image":{"@id":"https:\/\/watv.org\/es\/#\/schema\/logo\/image\/"},"sameAs":["https:\/\/www.youtube.com\/channel\/UCioiBk9rS5Dv5j66hUipsuQ"]},{"@type":"Person","@id":"https:\/\/watv.org\/es\/#\/schema\/person\/a58a271de4ef926ff9477cac3b74b5d5","name":"ss"}]}},"_links":{"self":[{"href":"https:\/\/watv.org\/es\/wp-json\/wp\/v2\/posts\/72145","targetHints":{"allow":["GET"]}}],"collection":[{"href":"https:\/\/watv.org\/es\/wp-json\/wp\/v2\/posts"}],"about":[{"href":"https:\/\/watv.org\/es\/wp-json\/wp\/v2\/types\/post"}],"author":[{"embeddable":true,"href":"https:\/\/watv.org\/es\/wp-json\/wp\/v2\/users\/21"}],"replies":[{"embeddable":true,"href":"https:\/\/watv.org\/es\/wp-json\/wp\/v2\/comments?post=72145"}],"version-history":[{"count":3,"href":"https:\/\/watv.org\/es\/wp-json\/wp\/v2\/posts\/72145\/revisions"}],"predecessor-version":[{"id":72151,"href":"https:\/\/watv.org\/es\/wp-json\/wp\/v2\/posts\/72145\/revisions\/72151"}],"wp:featuredmedia":[{"embeddable":true,"href":"https:\/\/watv.org\/es\/wp-json\/wp\/v2\/media\/69271"}],"wp:attachment":[{"href":"https:\/\/watv.org\/es\/wp-json\/wp\/v2\/media?parent=72145"}],"wp:term":[{"taxonomy":"category","embeddable":true,"href":"https:\/\/watv.org\/es\/wp-json\/wp\/v2\/categories?post=72145"},{"taxonomy":"post_tag","embeddable":true,"href":"https:\/\/watv.org\/es\/wp-json\/wp\/v2\/tags?post=72145"}],"curies":[{"name":"wp","href":"https:\/\/api.w.org\/{rel}","templated":true}]}}