{"id":110238,"date":"2019-06-30T17:30:49","date_gmt":"2019-06-30T08:30:49","guid":{"rendered":"https:\/\/watv.org\/asez-conference-jerome-c-glenn\/"},"modified":"2024-03-21T09:14:06","modified_gmt":"2024-03-21T00:14:06","slug":"asez-conference-jerome-c-glenn","status":"publish","type":"post","link":"https:\/\/watv.org\/pt\/asez-conference-jerome-c-glenn\/","title":{"rendered":"Confer\u00eancia do ASEZ com Jerome C. Glenn"},"content":{"rendered":"<p>O futuro encontrou o futuro. Em 26 de junho, o futurista de renome mundial, <a href=\"https:\/\/www.millennium-project.org\/about-us\/planning-committee\/jerome-glenn\/\">Jerome C. Glenn<\/a>, presidente do <a href=\"https:\/\/www.millennium-project.org\/\">Projeto do Mil\u00eanio<\/a> da ONU e presidente do Conselho da Organiza\u00e7\u00e3o Mundial de Pesquisa do Futuro, que visitou a Coreia, participou da confer\u00eancia do ASEZ realizada no Templo da Nova Jerusal\u00e9m em Pangyo, Coreia, e conversou com estudantes universit\u00e1rios que se encarregar\u00e1 do futuro da humanidade. Sob o tema: \u201cBuscando o papel dos estudantes universit\u00e1rios para um futuro sustent\u00e1vel\u201d, o futurista conversou com 530 membros do <a href=\"https:\/\/asez.org\/\">ASEZ, o Voluntariado de Universit\u00e1rios da Igreja de Deus<\/a>.<\/p>\n<figure class=\"limit\">\n <picture class=\"copyright\"><source media=\"(max-width:450px)\" srcset=\"\/wp-content\/themes\/watv\/images\/posts\/news_190625_03.jpg\"><img decoding=\"async\" src=\"\/wp-content\/themes\/watv\/images\/posts\/news_190625_03.jpg\"\n    srcset=\"\/wp-content\/themes\/watv\/images\/posts\/news_190625_03.jpg,\n            \/wp-content\/themes\/watv\/images\/posts\/news_190625_03@2x.jpg 2x\">\n <\/picture>\n<\/figure>\n<p>A M\u00e3e deu as boas-vindas calorosamente ao presidente Glenn, que reservou algum tempo para participar da confer\u00eancia dos estudantes universit\u00e1rios, apesar de sua agenda lotada. A confer\u00eancia come\u00e7ou por volta das 17h. com a apresenta\u00e7\u00e3o de duas can\u00e7\u00f5es ambientais, <i>An Island<\/i> e <i>Right Now, Right Here<\/i>, que aumentam a conscientiza\u00e7\u00e3o sobre as quest\u00f5es ambientais e incentivam as pessoas a tomarem a\u00e7\u00f5es imediatas. O coro de universit\u00e1rios que harmonizou com um v\u00eddeo inspirou o p\u00fablico. Os estudantes universit\u00e1rios tamb\u00e9m apresentaram detalhadamente as atividades do ASEZ em ingl\u00eas fluente por meio de pain\u00e9is e apresenta\u00e7\u00f5es. Em um concerto completo, universit\u00e1rios ouviram os conselhos do acad\u00eamico s\u00eanior e fizeram perguntas ativas.<\/p>\n<div class=\"my-gallery divide limit\">\n<figure>\n  <a href=\"\/wp-content\/themes\/watv\/images\/posts\/news_190625_05@2x.jpg\" data-size=\"1400x933\" \n   data-med=\"\/wp-content\/themes\/watv\/images\/posts\/news_190625_05.jpg\" data-med-size=\"960x640\">\n   <img decoding=\"async\" src=\"\/wp-content\/themes\/watv\/images\/posts\/news_190625_05.jpg\" itemprop=\"thumbnail\" alt=\"Image description\" \/>\n  <\/a>\n <\/figure>\n<figure>\n  <a href=\"\/wp-content\/themes\/watv\/images\/posts\/news_190625_04@2x.jpg\" data-size=\"1400x933\" \n   data-med=\"\/wp-content\/themes\/watv\/images\/posts\/news_190625_04.jpg\" data-med-size=\"960x640\">\n   <img decoding=\"async\" src=\"\/wp-content\/themes\/watv\/images\/posts\/news_190625_04.jpg\" itemprop=\"thumbnail\" alt=\"Image description\" \/>\n  <\/a>\n <\/figure>\n<\/div>\n<p>O presidente Glenn, que respondeu sinceramente a perguntas em v\u00e1rios campos, incluindo como aceitar e utilizar a intelig\u00eancia colectiva e formas de provocar mudan\u00e7as atrav\u00e9s da coopera\u00e7\u00e3o com cada cidade, assinou ao Acordo de Apoio do ASEZ, expressando grande admira\u00e7\u00e3o pelas atividades apaixonadas dos membros do ASEZ. Ele elogiou muito as atividades do ASEZ pelo fato de muitos estudantes universit\u00e1rios \u201cestarem agindo agora mesmo\u201d em todo o mundo e pediu-lhes que continuassem com os seus esfor\u00e7os para um futuro melhor. Ele tamb\u00e9m mostrou seu interesse no projeto \u201cReduzamos o Crime Juntos\u201d do ASEZ e espera se reunir novamente para discutir o assunto mais profundamente.<\/p>\n<figure class=\"limit\">\n <picture class=\"copyright\"><source media=\"(max-width:450px)\" srcset=\"\/wp-content\/themes\/watv\/images\/posts\/news_190625_06.jpg\"><img decoding=\"async\" src=\"\/wp-content\/themes\/watv\/images\/posts\/news_190625_06.jpg\"\n    srcset=\"\/wp-content\/themes\/watv\/images\/posts\/news_190625_06.jpg,\n            \/wp-content\/themes\/watv\/images\/posts\/news_190625_06@2x.jpg 2x\">\n <\/picture>\n<\/figure>\n<figure class=\"limit\">\n <picture class=\"copyright\"><source media=\"(max-width:450px)\" srcset=\"\/wp-content\/themes\/watv\/images\/posts\/news_190625_17.jpg\"><img decoding=\"async\" src=\"\/wp-content\/themes\/watv\/images\/posts\/news_190625_17.jpg\"\n    srcset=\"\/wp-content\/themes\/watv\/images\/posts\/news_190625_17.jpg,\n            \/wp-content\/themes\/watv\/images\/posts\/news_190625_17@2x.jpg 2x\">\n <\/picture>\n<\/figure>\n<p>O p\u00fablico de estudantes universit\u00e1rios aplaudiu quando o presidente Glenn disse que n\u00e3o pouparia qualquer apoio e feedback ao informar as atividades dos membros da ASEZ de forma on-line. \u201cConfirmamos mais uma vez que as atividades do ASEZ, como os projetos ambientais e os esfor\u00e7os para implementar os ODS da ONU e o projeto para reduzir o crime fazem a diferen\u00e7a para o nosso futuro. Nosso trabalho \u00e9 colocar as coisas em pr\u00e1tica, come\u00e7ando pelas pequenas coisas\u201d, os participantes expressaram sua determina\u00e7\u00e3o por um futuro sustent\u00e1vel.<\/p>\n<figure class=\"limit\">\n <picture class=\"copyright\"><source media=\"(max-width:450px)\" srcset=\"\/wp-content\/themes\/watv\/images\/posts\/news_190625_02.jpg\"><img decoding=\"async\" src=\"\/wp-content\/themes\/watv\/images\/posts\/news_190625_02.jpg\"\n    srcset=\"\/wp-content\/themes\/watv\/images\/posts\/news_190625_02.jpg,\n            \/wp-content\/themes\/watv\/images\/posts\/news_190625_02@2x.jpg 2x\">\n <\/picture>\n<\/figure>\n<figure class=\"full-width\">\n <picture class=\"copyright\"><source media=\"(max-width:450px)\" srcset=\"\/wp-content\/themes\/watv\/images\/posts\/news_190625_18.jpg\"><img decoding=\"async\" src=\"\/wp-content\/themes\/watv\/images\/posts\/news_190625_18.jpg\"\n    srcset=\"\/wp-content\/themes\/watv\/images\/posts\/news_190625_18.jpg,\n            \/wp-content\/themes\/watv\/images\/posts\/news_190625_18@2x.jpg 2x\">\n <\/picture>\n<\/figure>\n<p>No caminho de volta da confer\u00eancia, o presidente Glenn disse aos estudantes universit\u00e1rios que todas as atividades do ASEZ, praticadas com o cora\u00e7\u00e3o de M\u00e3e, est\u00e3o sendo excelentes e bem-sucedidas. Ele disse: \u201cUma pequena mudan\u00e7a pode trazer grandes mudan\u00e7as no futuro. Voc\u00eas t\u00eam trabalhado ativamente e feito mudan\u00e7as em todo o mundo. Acredito que tais atividades podem mudar o futuro da humanidade\u201d.<\/p>\n<div class=\"my-gallery related-photo\">\n<div class=\"gallery-wrap\">\n<figure>\n  <a href=\"\/wp-content\/themes\/watv\/images\/posts\/news_190625_07@2x.jpg\" data-size=\"1400x917\" \n   data-med=\"\/wp-content\/themes\/watv\/images\/posts\/news_190625_07.jpg\" data-med-size=\"700x459\">\n   <img decoding=\"async\" src=\"\/wp-content\/themes\/watv\/images\/posts\/news_190625_07.jpg\" itemprop=\"thumbnail\" alt=\"Image description\" \/>\n  <\/a>\n <\/figure>\n<figure>\n  <a href=\"\/wp-content\/themes\/watv\/images\/posts\/news_190625_08@2x.jpg\" data-size=\"1400x933\" \n   data-med=\"\/wp-content\/themes\/watv\/images\/posts\/news_190625_08.jpg\" data-med-size=\"700x467\">\n   <img decoding=\"async\" src=\"\/wp-content\/themes\/watv\/images\/posts\/news_190625_08.jpg\" itemprop=\"thumbnail\" alt=\"Image description\" \/>\n  <\/a>\n <\/figure>\n<figure>\n  <a href=\"\/wp-content\/themes\/watv\/images\/posts\/news_190625_09@2x.jpg\" data-size=\"1400x891\" \n   data-med=\"\/wp-content\/themes\/watv\/images\/posts\/news_190625_09.jpg\" data-med-size=\"700x445\">\n   <img decoding=\"async\" src=\"\/wp-content\/themes\/watv\/images\/posts\/news_190625_09.jpg\" itemprop=\"thumbnail\" alt=\"Image description\" \/>\n  <\/a>\n <\/figure>\n<figure>\n  <a href=\"\/wp-content\/themes\/watv\/images\/posts\/news_190625_10@2x.jpg\" data-size=\"1400x772\" \n   data-med=\"\/wp-content\/themes\/watv\/images\/posts\/news_190625_10.jpg\" data-med-size=\"700x386\">\n   <img decoding=\"async\" src=\"\/wp-content\/themes\/watv\/images\/posts\/news_190625_10.jpg\" itemprop=\"thumbnail\" alt=\"Image description\" \/>\n  <\/a>\n <\/figure>\n<figure>\n  <a href=\"\/wp-content\/themes\/watv\/images\/posts\/news_190625_11@2x.jpg\" data-size=\"1400x887\" \n   data-med=\"\/wp-content\/themes\/watv\/images\/posts\/news_190625_11.jpg\" data-med-size=\"700x443\">\n   <img decoding=\"async\" src=\"\/wp-content\/themes\/watv\/images\/posts\/news_190625_11.jpg\" itemprop=\"thumbnail\" alt=\"Image description\" \/>\n  <\/a>\n <\/figure>\n<figure>\n  <a href=\"\/wp-content\/themes\/watv\/images\/posts\/news_190625_12@2x.jpg\" data-size=\"1400x927\" \n   data-med=\"\/wp-content\/themes\/watv\/images\/posts\/news_190625_12.jpg\" data-med-size=\"700x463\">\n   <img decoding=\"async\" src=\"\/wp-content\/themes\/watv\/images\/posts\/news_190625_12.jpg\" itemprop=\"thumbnail\" alt=\"Image description\" \/>\n  <\/a>\n <\/figure>\n<figure>\n  <a href=\"\/wp-content\/themes\/watv\/images\/posts\/news_190625_13@2x.jpg\" data-size=\"1400x790\" \n   data-med=\"\/wp-content\/themes\/watv\/images\/posts\/news_190625_13.jpg\" data-med-size=\"700x395\">\n   <img decoding=\"async\" src=\"\/wp-content\/themes\/watv\/images\/posts\/news_190625_13.jpg\" itemprop=\"thumbnail\" alt=\"Image description\" \/>\n  <\/a>\n <\/figure>\n<figure>\n  <a href=\"\/wp-content\/themes\/watv\/images\/posts\/news_190625_14@2x.jpg\" data-size=\"1400x933\" \n   data-med=\"\/wp-content\/themes\/watv\/images\/posts\/news_190625_14.jpg\" data-med-size=\"700x467\">\n   <img decoding=\"async\" src=\"\/wp-content\/themes\/watv\/images\/posts\/news_190625_14.jpg\" itemprop=\"thumbnail\" alt=\"Image description\" \/>\n  <\/a>\n <\/figure>\n<figure>\n  <a href=\"\/wp-content\/themes\/watv\/images\/posts\/news_190625_15@2x.jpg\" data-size=\"1400x933\" \n   data-med=\"\/wp-content\/themes\/watv\/images\/posts\/news_190625_15.jpg\" data-med-size=\"700x467\">\n   <img decoding=\"async\" src=\"\/wp-content\/themes\/watv\/images\/posts\/news_190625_15.jpg\" itemprop=\"thumbnail\" alt=\"Image description\" \/>\n  <\/a>\n <\/figure>\n<figure>\n  <a href=\"\/wp-content\/themes\/watv\/images\/posts\/news_190625_16@2x.jpg\" data-size=\"1400x932\" \n   data-med=\"\/wp-content\/themes\/watv\/images\/posts\/news_190625_16.jpg\" data-med-size=\"700x466\">\n   <img decoding=\"async\" src=\"\/wp-content\/themes\/watv\/images\/posts\/news_190625_16.jpg\" itemprop=\"thumbnail\" alt=\"Image description\" \/>\n  <\/a>\n <\/figure>\n<\/div>\n<\/div>\n","protected":false},"excerpt":{"rendered":"O futuro encontrou o futuro. Em 26 de junho, o futurista de renome mundial, Jerome C. Glenn, presidente do Projeto do Mil\u00eanio da ONU e presidente do Conselho da Organiza\u00e7\u00e3o Mundial de Pesquisa do Futuro, que visitou a Coreia, participou da confer\u00eancia do ASEZ realizada no Templo da Nova Jerusal\u00e9m em Pangyo, Coreia, e conversou&#8230;","protected":false},"author":21,"featured_media":110239,"comment_status":"closed","ping_status":"closed","sticky":false,"template":"post-type\/post-type-header-full-screen.php","format":"standard","meta":{"footnotes":""},"categories":[348,347],"tags":[],"class_list":["post-110238","post","type-post","status-publish","format-standard","has-post-thumbnail","hentry","category-news","category-global-news"],"yoast_head":"<!-- This site is optimized with the Yoast SEO plugin v27.4 - https:\/\/yoast.com\/product\/yoast-seo-wordpress\/ -->\n<title>Confer\u00eancia do ASEZ com Jerome C. Glenn - Igreja de Deus Sociedade Mission\u00e1ria Mundial<\/title>\n<meta name=\"robots\" content=\"index, follow, max-snippet:-1, max-image-preview:large, max-video-preview:-1\" \/>\n<link rel=\"canonical\" href=\"https:\/\/watv.org\/pt\/asez-conference-jerome-c-glenn\/\" \/>\n<meta property=\"og:locale\" content=\"pt_BR\" \/>\n<meta property=\"og:type\" content=\"article\" \/>\n<meta property=\"og:title\" content=\"Confer\u00eancia do ASEZ com Jerome C. Glenn - Igreja de Deus Sociedade Mission\u00e1ria Mundial\" \/>\n<meta property=\"og:description\" content=\"O futuro encontrou o futuro. Em 26 de junho, o futurista de renome mundial, Jerome C. Glenn, presidente do Projeto do Mil\u00eanio da ONU e presidente do Conselho da Organiza\u00e7\u00e3o Mundial de Pesquisa do Futuro, que visitou a Coreia, participou da confer\u00eancia do ASEZ realizada no Templo da Nova Jerusal\u00e9m em Pangyo, Coreia, e conversou...\" \/>\n<meta property=\"og:url\" content=\"https:\/\/watv.org\/pt\/asez-conference-jerome-c-glenn\/\" \/>\n<meta property=\"og:site_name\" content=\"Igreja de Deus Sociedade Mission\u00e1ria Mundial\" \/>\n<meta property=\"article:published_time\" content=\"2019-06-30T08:30:49+00:00\" \/>\n<meta property=\"article:modified_time\" content=\"2024-03-21T00:14:06+00:00\" \/>\n<meta property=\"og:image\" content=\"https:\/\/watv.org\/wp-content\/uploads\/2019\/07\/news_190625_01@2x.jpg\" \/>\n\t<meta property=\"og:image:width\" content=\"2400\" \/>\n\t<meta property=\"og:image:height\" content=\"1600\" \/>\n\t<meta property=\"og:image:type\" content=\"image\/jpeg\" \/>\n<meta name=\"author\" content=\"ss\" \/>\n<meta name=\"twitter:card\" content=\"summary_large_image\" \/>\n<script type=\"application\/ld+json\" class=\"yoast-schema-graph\">{\"@context\":\"https:\\\/\\\/schema.org\",\"@graph\":[{\"@type\":\"Article\",\"@id\":\"https:\\\/\\\/watv.org\\\/pt\\\/asez-conference-jerome-c-glenn\\\/#article\",\"isPartOf\":{\"@id\":\"https:\\\/\\\/watv.org\\\/pt\\\/asez-conference-jerome-c-glenn\\\/\"},\"author\":{\"name\":\"ss\",\"@id\":\"https:\\\/\\\/watv.org\\\/pt\\\/#\\\/schema\\\/person\\\/a58a271de4ef926ff9477cac3b74b5d5\"},\"headline\":\"Confer\u00eancia do ASEZ com Jerome C. Glenn\",\"datePublished\":\"2019-06-30T08:30:49+00:00\",\"dateModified\":\"2024-03-21T00:14:06+00:00\",\"mainEntityOfPage\":{\"@id\":\"https:\\\/\\\/watv.org\\\/pt\\\/asez-conference-jerome-c-glenn\\\/\"},\"wordCount\":516,\"publisher\":{\"@id\":\"https:\\\/\\\/watv.org\\\/pt\\\/#organization\"},\"image\":{\"@id\":\"https:\\\/\\\/watv.org\\\/pt\\\/asez-conference-jerome-c-glenn\\\/#primaryimage\"},\"thumbnailUrl\":\"https:\\\/\\\/watv.org\\\/wp-content\\\/uploads\\\/2019\\\/07\\\/news_190625_01@2x.jpg\",\"articleSection\":[\"Sede Mundial\",\"Not\u00edcias Globais\"],\"inLanguage\":\"pt-BR\"},{\"@type\":\"WebPage\",\"@id\":\"https:\\\/\\\/watv.org\\\/pt\\\/asez-conference-jerome-c-glenn\\\/\",\"url\":\"https:\\\/\\\/watv.org\\\/pt\\\/asez-conference-jerome-c-glenn\\\/\",\"name\":\"Confer\u00eancia do ASEZ com Jerome C. Glenn - Igreja de Deus Sociedade Mission\u00e1ria Mundial\",\"isPartOf\":{\"@id\":\"https:\\\/\\\/watv.org\\\/pt\\\/#website\"},\"primaryImageOfPage\":{\"@id\":\"https:\\\/\\\/watv.org\\\/pt\\\/asez-conference-jerome-c-glenn\\\/#primaryimage\"},\"image\":{\"@id\":\"https:\\\/\\\/watv.org\\\/pt\\\/asez-conference-jerome-c-glenn\\\/#primaryimage\"},\"thumbnailUrl\":\"https:\\\/\\\/watv.org\\\/wp-content\\\/uploads\\\/2019\\\/07\\\/news_190625_01@2x.jpg\",\"datePublished\":\"2019-06-30T08:30:49+00:00\",\"dateModified\":\"2024-03-21T00:14:06+00:00\",\"breadcrumb\":{\"@id\":\"https:\\\/\\\/watv.org\\\/pt\\\/asez-conference-jerome-c-glenn\\\/#breadcrumb\"},\"inLanguage\":\"pt-BR\",\"potentialAction\":[{\"@type\":\"ReadAction\",\"target\":[\"https:\\\/\\\/watv.org\\\/pt\\\/asez-conference-jerome-c-glenn\\\/\"]}]},{\"@type\":\"ImageObject\",\"inLanguage\":\"pt-BR\",\"@id\":\"https:\\\/\\\/watv.org\\\/pt\\\/asez-conference-jerome-c-glenn\\\/#primaryimage\",\"url\":\"https:\\\/\\\/watv.org\\\/wp-content\\\/uploads\\\/2019\\\/07\\\/news_190625_01@2x.jpg\",\"contentUrl\":\"https:\\\/\\\/watv.org\\\/wp-content\\\/uploads\\\/2019\\\/07\\\/news_190625_01@2x.jpg\",\"width\":2400,\"height\":1600},{\"@type\":\"BreadcrumbList\",\"@id\":\"https:\\\/\\\/watv.org\\\/pt\\\/asez-conference-jerome-c-glenn\\\/#breadcrumb\",\"itemListElement\":[{\"@type\":\"ListItem\",\"position\":1,\"name\":\"Home\",\"item\":\"https:\\\/\\\/watv.org\\\/pt\\\/\"},{\"@type\":\"ListItem\",\"position\":2,\"name\":\"Confer\u00eancia do ASEZ com Jerome C. Glenn\"}]},{\"@type\":\"WebSite\",\"@id\":\"https:\\\/\\\/watv.org\\\/pt\\\/#website\",\"url\":\"https:\\\/\\\/watv.org\\\/pt\\\/\",\"name\":\"Igreja de Deus Sociedade Mission\u00e1ria Mundial\",\"description\":\"With Mother\u2019s heartwarming love, we deliver eternal happiness to seven billion people in the world.\",\"publisher\":{\"@id\":\"https:\\\/\\\/watv.org\\\/pt\\\/#organization\"},\"potentialAction\":[{\"@type\":\"SearchAction\",\"target\":{\"@type\":\"EntryPoint\",\"urlTemplate\":\"https:\\\/\\\/watv.org\\\/pt\\\/?s={search_term_string}\"},\"query-input\":{\"@type\":\"PropertyValueSpecification\",\"valueRequired\":true,\"valueName\":\"search_term_string\"}}],\"inLanguage\":\"pt-BR\"},{\"@type\":\"Organization\",\"@id\":\"https:\\\/\\\/watv.org\\\/pt\\\/#organization\",\"name\":\"World Mission Society Church of God - \ud558\ub098\ub2d8\uc758\uad50\ud68c \uc138\uacc4\ubcf5\uc74c\uc120\uad50\ud611\ud68c\",\"url\":\"https:\\\/\\\/watv.org\\\/pt\\\/\",\"logo\":{\"@type\":\"ImageObject\",\"inLanguage\":\"pt-BR\",\"@id\":\"https:\\\/\\\/watv.org\\\/pt\\\/#\\\/schema\\\/logo\\\/image\\\/\",\"url\":\"https:\\\/\\\/watv.org\\\/wp-content\\\/uploads\\\/2022\\\/06\\\/WorldMissionSociety_ChurchofGod_Symbol_Logo.png\",\"contentUrl\":\"https:\\\/\\\/watv.org\\\/wp-content\\\/uploads\\\/2022\\\/06\\\/WorldMissionSociety_ChurchofGod_Symbol_Logo.png\",\"width\":1001,\"height\":1331,\"caption\":\"World Mission Society Church of God - \ud558\ub098\ub2d8\uc758\uad50\ud68c \uc138\uacc4\ubcf5\uc74c\uc120\uad50\ud611\ud68c\"},\"image\":{\"@id\":\"https:\\\/\\\/watv.org\\\/pt\\\/#\\\/schema\\\/logo\\\/image\\\/\"},\"sameAs\":[\"https:\\\/\\\/www.youtube.com\\\/channel\\\/UCioiBk9rS5Dv5j66hUipsuQ\"]},{\"@type\":\"Person\",\"@id\":\"https:\\\/\\\/watv.org\\\/pt\\\/#\\\/schema\\\/person\\\/a58a271de4ef926ff9477cac3b74b5d5\",\"name\":\"ss\"}]}<\/script>\n<!-- \/ Yoast SEO plugin. -->","yoast_head_json":{"title":"Confer\u00eancia do ASEZ com Jerome C. Glenn - Igreja de Deus Sociedade Mission\u00e1ria Mundial","robots":{"index":"index","follow":"follow","max-snippet":"max-snippet:-1","max-image-preview":"max-image-preview:large","max-video-preview":"max-video-preview:-1"},"canonical":"https:\/\/watv.org\/pt\/asez-conference-jerome-c-glenn\/","og_locale":"pt_BR","og_type":"article","og_title":"Confer\u00eancia do ASEZ com Jerome C. Glenn - Igreja de Deus Sociedade Mission\u00e1ria Mundial","og_description":"O futuro encontrou o futuro. Em 26 de junho, o futurista de renome mundial, Jerome C. Glenn, presidente do Projeto do Mil\u00eanio da ONU e presidente do Conselho da Organiza\u00e7\u00e3o Mundial de Pesquisa do Futuro, que visitou a Coreia, participou da confer\u00eancia do ASEZ realizada no Templo da Nova Jerusal\u00e9m em Pangyo, Coreia, e conversou...","og_url":"https:\/\/watv.org\/pt\/asez-conference-jerome-c-glenn\/","og_site_name":"Igreja de Deus Sociedade Mission\u00e1ria Mundial","article_published_time":"2019-06-30T08:30:49+00:00","article_modified_time":"2024-03-21T00:14:06+00:00","og_image":[{"width":2400,"height":1600,"url":"https:\/\/watv.org\/wp-content\/uploads\/2019\/07\/news_190625_01@2x.jpg","type":"image\/jpeg"}],"author":"ss","twitter_card":"summary_large_image","schema":{"@context":"https:\/\/schema.org","@graph":[{"@type":"Article","@id":"https:\/\/watv.org\/pt\/asez-conference-jerome-c-glenn\/#article","isPartOf":{"@id":"https:\/\/watv.org\/pt\/asez-conference-jerome-c-glenn\/"},"author":{"name":"ss","@id":"https:\/\/watv.org\/pt\/#\/schema\/person\/a58a271de4ef926ff9477cac3b74b5d5"},"headline":"Confer\u00eancia do ASEZ com Jerome C. Glenn","datePublished":"2019-06-30T08:30:49+00:00","dateModified":"2024-03-21T00:14:06+00:00","mainEntityOfPage":{"@id":"https:\/\/watv.org\/pt\/asez-conference-jerome-c-glenn\/"},"wordCount":516,"publisher":{"@id":"https:\/\/watv.org\/pt\/#organization"},"image":{"@id":"https:\/\/watv.org\/pt\/asez-conference-jerome-c-glenn\/#primaryimage"},"thumbnailUrl":"https:\/\/watv.org\/wp-content\/uploads\/2019\/07\/news_190625_01@2x.jpg","articleSection":["Sede Mundial","Not\u00edcias Globais"],"inLanguage":"pt-BR"},{"@type":"WebPage","@id":"https:\/\/watv.org\/pt\/asez-conference-jerome-c-glenn\/","url":"https:\/\/watv.org\/pt\/asez-conference-jerome-c-glenn\/","name":"Confer\u00eancia do ASEZ com Jerome C. Glenn - Igreja de Deus Sociedade Mission\u00e1ria Mundial","isPartOf":{"@id":"https:\/\/watv.org\/pt\/#website"},"primaryImageOfPage":{"@id":"https:\/\/watv.org\/pt\/asez-conference-jerome-c-glenn\/#primaryimage"},"image":{"@id":"https:\/\/watv.org\/pt\/asez-conference-jerome-c-glenn\/#primaryimage"},"thumbnailUrl":"https:\/\/watv.org\/wp-content\/uploads\/2019\/07\/news_190625_01@2x.jpg","datePublished":"2019-06-30T08:30:49+00:00","dateModified":"2024-03-21T00:14:06+00:00","breadcrumb":{"@id":"https:\/\/watv.org\/pt\/asez-conference-jerome-c-glenn\/#breadcrumb"},"inLanguage":"pt-BR","potentialAction":[{"@type":"ReadAction","target":["https:\/\/watv.org\/pt\/asez-conference-jerome-c-glenn\/"]}]},{"@type":"ImageObject","inLanguage":"pt-BR","@id":"https:\/\/watv.org\/pt\/asez-conference-jerome-c-glenn\/#primaryimage","url":"https:\/\/watv.org\/wp-content\/uploads\/2019\/07\/news_190625_01@2x.jpg","contentUrl":"https:\/\/watv.org\/wp-content\/uploads\/2019\/07\/news_190625_01@2x.jpg","width":2400,"height":1600},{"@type":"BreadcrumbList","@id":"https:\/\/watv.org\/pt\/asez-conference-jerome-c-glenn\/#breadcrumb","itemListElement":[{"@type":"ListItem","position":1,"name":"Home","item":"https:\/\/watv.org\/pt\/"},{"@type":"ListItem","position":2,"name":"Confer\u00eancia do ASEZ com Jerome C. Glenn"}]},{"@type":"WebSite","@id":"https:\/\/watv.org\/pt\/#website","url":"https:\/\/watv.org\/pt\/","name":"Igreja de Deus Sociedade Mission\u00e1ria Mundial","description":"With Mother\u2019s heartwarming love, we deliver eternal happiness to seven billion people in the world.","publisher":{"@id":"https:\/\/watv.org\/pt\/#organization"},"potentialAction":[{"@type":"SearchAction","target":{"@type":"EntryPoint","urlTemplate":"https:\/\/watv.org\/pt\/?s={search_term_string}"},"query-input":{"@type":"PropertyValueSpecification","valueRequired":true,"valueName":"search_term_string"}}],"inLanguage":"pt-BR"},{"@type":"Organization","@id":"https:\/\/watv.org\/pt\/#organization","name":"World Mission Society Church of God - \ud558\ub098\ub2d8\uc758\uad50\ud68c \uc138\uacc4\ubcf5\uc74c\uc120\uad50\ud611\ud68c","url":"https:\/\/watv.org\/pt\/","logo":{"@type":"ImageObject","inLanguage":"pt-BR","@id":"https:\/\/watv.org\/pt\/#\/schema\/logo\/image\/","url":"https:\/\/watv.org\/wp-content\/uploads\/2022\/06\/WorldMissionSociety_ChurchofGod_Symbol_Logo.png","contentUrl":"https:\/\/watv.org\/wp-content\/uploads\/2022\/06\/WorldMissionSociety_ChurchofGod_Symbol_Logo.png","width":1001,"height":1331,"caption":"World Mission Society Church of God - \ud558\ub098\ub2d8\uc758\uad50\ud68c \uc138\uacc4\ubcf5\uc74c\uc120\uad50\ud611\ud68c"},"image":{"@id":"https:\/\/watv.org\/pt\/#\/schema\/logo\/image\/"},"sameAs":["https:\/\/www.youtube.com\/channel\/UCioiBk9rS5Dv5j66hUipsuQ"]},{"@type":"Person","@id":"https:\/\/watv.org\/pt\/#\/schema\/person\/a58a271de4ef926ff9477cac3b74b5d5","name":"ss"}]}},"_links":{"self":[{"href":"https:\/\/watv.org\/pt\/wp-json\/wp\/v2\/posts\/110238","targetHints":{"allow":["GET"]}}],"collection":[{"href":"https:\/\/watv.org\/pt\/wp-json\/wp\/v2\/posts"}],"about":[{"href":"https:\/\/watv.org\/pt\/wp-json\/wp\/v2\/types\/post"}],"author":[{"embeddable":true,"href":"https:\/\/watv.org\/pt\/wp-json\/wp\/v2\/users\/21"}],"replies":[{"embeddable":true,"href":"https:\/\/watv.org\/pt\/wp-json\/wp\/v2\/comments?post=110238"}],"version-history":[{"count":2,"href":"https:\/\/watv.org\/pt\/wp-json\/wp\/v2\/posts\/110238\/revisions"}],"predecessor-version":[{"id":110241,"href":"https:\/\/watv.org\/pt\/wp-json\/wp\/v2\/posts\/110238\/revisions\/110241"}],"wp:featuredmedia":[{"embeddable":true,"href":"https:\/\/watv.org\/pt\/wp-json\/wp\/v2\/media\/110239"}],"wp:attachment":[{"href":"https:\/\/watv.org\/pt\/wp-json\/wp\/v2\/media?parent=110238"}],"wp:term":[{"taxonomy":"category","embeddable":true,"href":"https:\/\/watv.org\/pt\/wp-json\/wp\/v2\/categories?post=110238"},{"taxonomy":"post_tag","embeddable":true,"href":"https:\/\/watv.org\/pt\/wp-json\/wp\/v2\/tags?post=110238"}],"curies":[{"name":"wp","href":"https:\/\/api.w.org\/{rel}","templated":true}]}}