{"id":164642,"date":"2024-04-30T07:00:07","date_gmt":"2024-04-29T22:00:07","guid":{"rendered":"https:\/\/watv.org\/hope-supporters-launching-ceremony\/"},"modified":"2026-03-06T16:58:31","modified_gmt":"2026-03-06T07:58:31","slug":"hope-supporters-launching-ceremony","status":"publish","type":"post","link":"https:\/\/watv.org\/pt\/hope-supporters-launching-ceremony\/","title":{"rendered":"Cerim\u00f4nia de Inaugura\u00e7\u00e3o dos Animadores Globais da Esperan\u00e7a"},"content":{"rendered":"<p>\u201cPessoas est\u00e3o sendo esmagadas sob a roda da pobreza, e devido \u00e0s mudan\u00e7as clim\u00e1ticas comunidades inteiras est\u00e3o \u00e0 porta da devasta\u00e7\u00e3o. Este momento, onde as pessoas est\u00e3o perdendo a esperan\u00e7a, \u00e9 o momento em que n\u00e3o s\u00e3o necess\u00e1rias palavras, mas a\u00e7\u00f5es.\u201d<\/p>\n<p>Em setembro, <a href=\"https:\/\/www.un.org\/sg\/en\/content\/sg\/biography\">Ant\u00f3nio Guterres<\/a>, secret\u00e1rio-geral da ONU, fez este apelo \u00e0 sociedade internacional na C\u00fapula dos ODS realizada na sede da ONU.<\/p>\n<p>Mesmo ap\u00f3s o fim da pandemia da COVID-19, para a humanidade que continua a sofrer com o aquecimento global, a crise econ\u00f4mica global e os conflitos entre etnias e na\u00e7\u00f5es, a <a href=\"https:\/\/churchofgod.wiki\/pt\/Igreja_de_Deus_Sociedade_Mission%C3%A1ria_Mundial\">Igreja de Deus<\/a> realizou no dia 30 de abril, na sala de semin\u00e1rios do <a href=\"https:\/\/churchofgod.wiki\/pt\/Templo_da_Nova_Jerusal%C3%A9m_em_Pangyo\">Templo da Nova Jerusal\u00e9m em Pangyo<\/a>, a \u201cCerim\u00f4nia de Inaugura\u00e7\u00e3o dos Animadores Globais da Esperan\u00e7a\u201d. Em comemora\u00e7\u00e3o ao 60\u00ba anivers\u00e1rio do estabelecimento da igreja, com o prop\u00f3sito de que os 3,7 milh\u00f5es de membros pratiquem ainda mais ativamente os bons ensinamentos de Deus e conduzam a humanidade \u00e0 porta da esperan\u00e7a, o evento contou com a presen\u00e7a de cerca de 500 pessoas, incluindo especialistas de diversos campos de 20 pa\u00edses que visitaram a Coreia como parte do <a href=\"\/pt\/79th-overseas-visiting-group\/\">79\u00ba Grupo Visitante do Exterior<\/a>, bem como membros da capital e dos arredores.<\/p>\n<p>A cerim\u00f4nia de inaugrua\u00e7\u00e3o come\u00e7ou com a ora\u00e7\u00e3o da M\u00e3e pela humanidade. A M\u00e3e, que orou para que os filhos de Deus cumpram seu papel de luz e sal em todo o mundo, disse: \u201cNa \u00e9poca atual, em que problemas como ego\u00edsmo, conflitos e isolamento est\u00e3o generalizados, o fato de voc\u00eas, que viveram em diferentes pa\u00edses, l\u00ednguas e culturas, estarem reunidos aqui \u00e9 para transmitir a 8 bilh\u00f5es de pessoas a esperan\u00e7a de um futuro brilhante com o amor e o cora\u00e7\u00e3o altru\u00edsta recebidos de Deus <a href=\"https:\/\/churchofgod.wiki\/pt\/Elohim\">Elohim<\/a>\u201d, e exortou: \u201cQue cada um, em sua posi\u00e7\u00e3o, se torne amor e esperan\u00e7a\u201d. O Pastor-Geral Kim Joo-cheol disse: \u201cPara resolver os problemas que a humanidade enfrenta, \u00e9 urgente uma solidariedade e pr\u00e1tica que transcendam fronteiras\u201d, e enfatizou: \u201cEm comemora\u00e7\u00e3o ao 60\u00ba anivers\u00e1rio do estabelecimento, a Igreja de Deus deseja dar um novo salto para o futuro do mundo. Baseando-se no amor de Deus, que os membros de 175 pa\u00edses se tornem Animadores da Esperan\u00e7a e compartilhem esperan\u00e7a com todo o mundo\u201d.<\/p>\n<figure class=\"limit\">\n <picture class=\"copyright\"><source media=\"(max-width:450px)\" srcset=\"\/wp-content\/themes\/watv\/images\/posts\/news_240430_01.jpg\"><img decoding=\"async\" src=\"\/wp-content\/themes\/watv\/images\/posts\/news_240430_01.jpg\"\n    srcset=\"\/wp-content\/themes\/watv\/images\/posts\/news_240430_01.jpg,\n            \/wp-content\/themes\/watv\/images\/posts\/news_240430_01@2x.jpg 2x\">\n <\/picture>\n<\/figure>\n<div class=\"divide limit\">\n<figure>\n  <picture class=\"copyright\"><source media=\"(max-width:450px)\" srcset=\"\/wp-content\/themes\/watv\/images\/posts\/news_240430_02.jpg\"><img decoding=\"async\" src=\"\/wp-content\/themes\/watv\/images\/posts\/news_240430_02.jpg\"\n     srcset=\"\/wp-content\/themes\/watv\/images\/posts\/news_240430_02.jpg,\n             \/wp-content\/themes\/watv\/images\/posts\/news_240430_02@2x.jpg 2x\">\n  <\/picture>\n <\/figure>\n<figure>\n  <picture class=\"copyright\"><source media=\"(max-width:450px)\" srcset=\"\/wp-content\/themes\/watv\/images\/posts\/news_240430_03.jpg\"><img decoding=\"async\" src=\"\/wp-content\/themes\/watv\/images\/posts\/news_240430_03.jpg\"\n     srcset=\"\/wp-content\/themes\/watv\/images\/posts\/news_240430_03.jpg,\n             \/wp-content\/themes\/watv\/images\/posts\/news_240430_03@2x.jpg 2x\">\n  <\/picture>\n <\/figure>\n<\/div>\n<p>\u201cEm comemora\u00e7\u00e3o ao 60\u00ba anivers\u00e1rio do estabelecimento da Igreja de Deus, proclamamos o lan\u00e7amento dos Animadores Globais da Esperan\u00e7a!\u201d<\/p>\n<p>Depois que a M\u00e3e anunciou o lan\u00e7amento dos Animadores da Esperan\u00e7a, seis especialistas em seis \u00e1reas proclamaram a \u201cDeclara\u00e7\u00e3o de Esperan\u00e7a\u201d. Especialistas de diferentes \u00e1reas, incluindo o membro Colin Kaiser (professor do Departamento de Geologia da <a href=\"https:\/\/www.uwplatt.edu\/\">Universidade de Wisconsin-Platteville<\/a>, EUA) e a membro Ruth Fonseca (advogada, do Peru), apresentaram a dire\u00e7\u00e3o das atividades dos volunt\u00e1rios em \u00e1reas como Resposta \u00e0s Mudan\u00e7as Clim\u00e1ticas, Al\u00edvio da Pobreza e da Fome, Apoio Educacional, Promo\u00e7\u00e3o da Sa\u00fade e do Bem-Estar, Cria\u00e7\u00e3o de Cidades Sustent\u00e1veis e Paz, Inclus\u00e3o e Solidariedade, expressando sua determina\u00e7\u00e3o de se empenhar pelo pr\u00f3ximo, pelas gera\u00e7\u00f5es atuais e futuras, pela sociedade e pelo meio ambiente. Em seguida, o representante dos membros leu a resolu\u00e7\u00e3o, e todos os presentes concordaram, refor\u00e7ando sua determina\u00e7\u00e3o como Animadores da Esperan\u00e7a.<\/p>\n<div class=\"divide flex\">\n<div class=\"divide-row\">\n<figure>\n   <picture class=\"copyright\"><source media=\"(max-width:450px)\" srcset=\"\/wp-content\/themes\/watv\/images\/posts\/news_240430_04.jpg\"><img decoding=\"async\" src=\"\/wp-content\/themes\/watv\/images\/posts\/news_240430_04.jpg\"\n      srcset=\"\/wp-content\/themes\/watv\/images\/posts\/news_240430_04.jpg,\n              \/wp-content\/themes\/watv\/images\/posts\/news_240430_04@2x.jpg 2x\">\n   <\/picture>\n  <\/figure>\n<figure>\n   <picture class=\"copyright\"><source media=\"(max-width:450px)\" srcset=\"\/wp-content\/themes\/watv\/images\/posts\/news_240430_05.jpg\"><img decoding=\"async\" src=\"\/wp-content\/themes\/watv\/images\/posts\/news_240430_05.jpg\"\n      srcset=\"\/wp-content\/themes\/watv\/images\/posts\/news_240430_05.jpg,\n              \/wp-content\/themes\/watv\/images\/posts\/news_240430_05@2x.jpg 2x\">\n   <\/picture>\n  <\/figure>\n<figure>\n   <picture class=\"copyright\"><source media=\"(max-width:450px)\" srcset=\"\/wp-content\/themes\/watv\/images\/posts\/news_240430_06.jpg\"><img decoding=\"async\" src=\"\/wp-content\/themes\/watv\/images\/posts\/news_240430_06.jpg\"\n      srcset=\"\/wp-content\/themes\/watv\/images\/posts\/news_240430_06.jpg,\n              \/wp-content\/themes\/watv\/images\/posts\/news_240430_06@2x.jpg 2x\">\n   <\/picture>\n  <\/figure>\n<\/p><\/div>\n<div class=\"divide-row\">\n<figure>\n   <picture class=\"copyright\"><source media=\"(max-width:450px)\" srcset=\"\/wp-content\/themes\/watv\/images\/posts\/news_240430_07.jpg\"><img decoding=\"async\" src=\"\/wp-content\/themes\/watv\/images\/posts\/news_240430_07.jpg\"\n      srcset=\"\/wp-content\/themes\/watv\/images\/posts\/news_240430_07.jpg,\n              \/wp-content\/themes\/watv\/images\/posts\/news_240430_07@2x.jpg 2x\">\n   <\/picture>\n  <\/figure>\n<figure>\n   <picture class=\"copyright\"><source media=\"(max-width:450px)\" srcset=\"\/wp-content\/themes\/watv\/images\/posts\/news_240430_08.jpg\"><img decoding=\"async\" src=\"\/wp-content\/themes\/watv\/images\/posts\/news_240430_08.jpg\"\n      srcset=\"\/wp-content\/themes\/watv\/images\/posts\/news_240430_08.jpg,\n              \/wp-content\/themes\/watv\/images\/posts\/news_240430_08@2x.jpg 2x\">\n   <\/picture>\n  <\/figure>\n<figure>\n   <picture class=\"copyright\"><source media=\"(max-width:450px)\" srcset=\"\/wp-content\/themes\/watv\/images\/posts\/news_240430_09.jpg\"><img decoding=\"async\" src=\"\/wp-content\/themes\/watv\/images\/posts\/news_240430_09.jpg\"\n      srcset=\"\/wp-content\/themes\/watv\/images\/posts\/news_240430_09.jpg,\n              \/wp-content\/themes\/watv\/images\/posts\/news_240430_09@2x.jpg 2x\">\n   <\/picture>\n  <\/figure>\n<\/p><\/div>\n<\/div>\n<p>Na \u00e9poca em que a economia coreana era dif\u00edcil, desde os primeiros anos ap\u00f3s a funda\u00e7\u00e3o, a Igreja de Deus desenvolveu pequenos servi\u00e7os volunt\u00e1rios em favor dos vizinhos. A partir da d\u00e9cada de 1990, ampliou a escala e o alcance do servi\u00e7o volunt\u00e1rio, apoiando refei\u00e7\u00f5es gratuitas no local do desabamento da loja de departamentos de Sampoong, entre outros. Posteriormente, com o r\u00e1pido estabelecimento de igrejas em todo o mundo, realizaram-se servi\u00e7os volunt\u00e1rios adaptados a cada comunidade local. Entre \u00e1reas amplas como socorro de emerg\u00eancia, prote\u00e7\u00e3o ambiental, ajuda ao pr\u00f3ximo e apoio educacional, foram realizadas cerca de 27 mil atividades volunt\u00e1rias em 102 pa\u00edses, com a participa\u00e7\u00e3o acumulada de aproximadamente 3,31 milh\u00f5es de homens-dia (at\u00e9 mar\u00e7o de 2024). Com base em suas experi\u00eancias, redes humanas e conex\u00f5es com governos e organiza\u00e7\u00f5es de v\u00e1rios pa\u00edses, os Animadores da Esperan\u00e7a, formados por membros dentro e fora da Coreia, dar\u00e3o continuidade ao \u201cDesafio Global da Esperan\u00e7a\u201d, visando um total de 3 mil atividades ao longo de um ano.<\/p>\n<div class=\"divide limit\">\n<figure>\n  <picture class=\"copyright\"><source media=\"(max-width:450px)\" srcset=\"\/wp-content\/themes\/watv\/images\/posts\/news_240430_10.jpg\"><img decoding=\"async\" src=\"\/wp-content\/themes\/watv\/images\/posts\/news_240430_10.jpg\"\n     srcset=\"\/wp-content\/themes\/watv\/images\/posts\/news_240430_10.jpg,\n             \/wp-content\/themes\/watv\/images\/posts\/news_240430_10@2x.jpg 2x\">\n  <\/picture>\n <\/figure>\n<figure>\n  <picture class=\"copyright\"><source media=\"(max-width:450px)\" srcset=\"\/wp-content\/themes\/watv\/images\/posts\/news_240430_11.jpg\"><img decoding=\"async\" src=\"\/wp-content\/themes\/watv\/images\/posts\/news_240430_11.jpg\"\n     srcset=\"\/wp-content\/themes\/watv\/images\/posts\/news_240430_11.jpg,\n             \/wp-content\/themes\/watv\/images\/posts\/news_240430_11@2x.jpg 2x\">\n  <\/picture>\n <\/figure>\n<\/div>\n<p>Carlos Alberto Guti\u00e9rrez (vice-reitor da Faculdade de Educa\u00e7\u00e3o da Universidade Nacional Jos\u00e9 Faustino S\u00e1nchez Carri\u00f3n, Peru), membro da Igreja que fez a Declara\u00e7\u00e3o de Esperan\u00e7a no campo do Apoio Educacional, disse: \u201cOs problemas que a humanidade enfrenta s\u00e3o dif\u00edceis de resolver da noite para o dia, por isso \u00e9 importante levar os jovens, que s\u00e3o a gera\u00e7\u00e3o futura, a participarem dessas atividades. Como educador e crente, ajudarei muitos estudantes a se interessarem pelo futuro da humanidade e a planejarem um amanh\u00e3 correto\u201d. Rilebohile Motofeng (redator publicit\u00e1rio, da Cidade do Cabo, \u00c1frica do Sul), membro da Igreja, disse: \u201cEm nosso pa\u00eds h\u00e1 um grande problema de falta de sangue, por isso \u00e9 muito necess\u00e1rio doar sangue, e no litoral habitam pinguins e golfinhos, de modo que \u00e9 preciso tamb\u00e9m proteger o ecossistema marinho. A for\u00e7a de uma ou duas pessoas \u00e9 pequena, mas acredito que, se todos unirem for\u00e7as, podemos melhorar muitos problemas\u201d, expressando expectativa pelas mudan\u00e7as positivas que o Desafio da Esperan\u00e7a trar\u00e1 ao meio ambiente e \u00e0 sociedade.<\/p>\n<figure class=\"limit\">\n <picture class=\"copyright\"><source media=\"(max-width:450px)\" srcset=\"\/wp-content\/themes\/watv\/images\/posts\/news_240430_12.jpg\"><img decoding=\"async\" src=\"\/wp-content\/themes\/watv\/images\/posts\/news_240430_12.jpg\"\n    srcset=\"\/wp-content\/themes\/watv\/images\/posts\/news_240430_12.jpg,\n            \/wp-content\/themes\/watv\/images\/posts\/news_240430_12@2x.jpg 2x\">\n <\/picture>\n<\/figure>\n","protected":false},"excerpt":{"rendered":"\u201cPessoas est\u00e3o sendo esmagadas sob a roda da pobreza, e devido \u00e0s mudan\u00e7as clim\u00e1ticas comunidades inteiras est\u00e3o \u00e0 porta da devasta\u00e7\u00e3o. Este momento, onde as pessoas est\u00e3o perdendo a esperan\u00e7a, \u00e9 o momento em que n\u00e3o s\u00e3o necess\u00e1rias palavras, mas a\u00e7\u00f5es.\u201d Em setembro, Ant\u00f3nio Guterres, secret\u00e1rio-geral da ONU, fez este apelo \u00e0 sociedade internacional na&#8230;","protected":false},"author":26,"featured_media":114814,"comment_status":"closed","ping_status":"closed","sticky":false,"template":"post-type\/post-type-header-full-screen.php","format":"standard","meta":{"footnotes":""},"categories":[348,347],"tags":[],"class_list":["post-164642","post","type-post","status-publish","format-standard","has-post-thumbnail","hentry","category-news","category-global-news"],"yoast_head":"<!-- This site is optimized with the Yoast SEO plugin v27.4 - https:\/\/yoast.com\/product\/yoast-seo-wordpress\/ -->\n<title>Cerim\u00f4nia de Inaugura\u00e7\u00e3o dos Animadores Globais da Esperan\u00e7a - Igreja de Deus Sociedade Mission\u00e1ria Mundial<\/title>\n<meta name=\"robots\" content=\"index, follow, max-snippet:-1, max-image-preview:large, max-video-preview:-1\" \/>\n<link rel=\"canonical\" href=\"https:\/\/watv.org\/pt\/hope-supporters-launching-ceremony\/\" \/>\n<meta property=\"og:locale\" content=\"pt_BR\" \/>\n<meta property=\"og:type\" content=\"article\" \/>\n<meta property=\"og:title\" content=\"Cerim\u00f4nia de Inaugura\u00e7\u00e3o dos Animadores Globais da Esperan\u00e7a - Igreja de Deus Sociedade Mission\u00e1ria Mundial\" \/>\n<meta property=\"og:description\" content=\"\u201cPessoas est\u00e3o sendo esmagadas sob a roda da pobreza, e devido \u00e0s mudan\u00e7as clim\u00e1ticas comunidades inteiras est\u00e3o \u00e0 porta da devasta\u00e7\u00e3o. Este momento, onde as pessoas est\u00e3o perdendo a esperan\u00e7a, \u00e9 o momento em que n\u00e3o s\u00e3o necess\u00e1rias palavras, mas a\u00e7\u00f5es.\u201d Em setembro, Ant\u00f3nio Guterres, secret\u00e1rio-geral da ONU, fez este apelo \u00e0 sociedade internacional na...\" \/>\n<meta property=\"og:url\" content=\"https:\/\/watv.org\/pt\/hope-supporters-launching-ceremony\/\" \/>\n<meta property=\"og:site_name\" content=\"Igreja de Deus Sociedade Mission\u00e1ria Mundial\" \/>\n<meta property=\"article:published_time\" content=\"2024-04-29T22:00:07+00:00\" \/>\n<meta property=\"article:modified_time\" content=\"2026-03-06T07:58:31+00:00\" \/>\n<meta property=\"og:image\" content=\"https:\/\/watv.org\/wp-content\/uploads\/2024\/04\/thum_hope_supporters_launching_ceremony.jpg\" \/>\n\t<meta property=\"og:image:width\" content=\"3840\" \/>\n\t<meta property=\"og:image:height\" content=\"2278\" \/>\n\t<meta property=\"og:image:type\" content=\"image\/jpeg\" \/>\n<meta name=\"author\" content=\"sh\" \/>\n<meta name=\"twitter:card\" content=\"summary_large_image\" \/>\n<script type=\"application\/ld+json\" class=\"yoast-schema-graph\">{\"@context\":\"https:\\\/\\\/schema.org\",\"@graph\":[{\"@type\":\"Article\",\"@id\":\"https:\\\/\\\/watv.org\\\/pt\\\/hope-supporters-launching-ceremony\\\/#article\",\"isPartOf\":{\"@id\":\"https:\\\/\\\/watv.org\\\/pt\\\/hope-supporters-launching-ceremony\\\/\"},\"author\":{\"name\":\"sh\",\"@id\":\"https:\\\/\\\/watv.org\\\/pt\\\/#\\\/schema\\\/person\\\/4b9283e5e32289899f8e6c7e89b5d1ec\"},\"headline\":\"Cerim\u00f4nia de Inaugura\u00e7\u00e3o dos Animadores Globais da Esperan\u00e7a\",\"datePublished\":\"2024-04-29T22:00:07+00:00\",\"dateModified\":\"2026-03-06T07:58:31+00:00\",\"mainEntityOfPage\":{\"@id\":\"https:\\\/\\\/watv.org\\\/pt\\\/hope-supporters-launching-ceremony\\\/\"},\"wordCount\":951,\"publisher\":{\"@id\":\"https:\\\/\\\/watv.org\\\/pt\\\/#organization\"},\"image\":{\"@id\":\"https:\\\/\\\/watv.org\\\/pt\\\/hope-supporters-launching-ceremony\\\/#primaryimage\"},\"thumbnailUrl\":\"https:\\\/\\\/watv.org\\\/wp-content\\\/uploads\\\/2024\\\/04\\\/thum_hope_supporters_launching_ceremony.jpg\",\"articleSection\":[\"Sede Mundial\",\"Not\u00edcias Globais\"],\"inLanguage\":\"pt-BR\"},{\"@type\":\"WebPage\",\"@id\":\"https:\\\/\\\/watv.org\\\/pt\\\/hope-supporters-launching-ceremony\\\/\",\"url\":\"https:\\\/\\\/watv.org\\\/pt\\\/hope-supporters-launching-ceremony\\\/\",\"name\":\"Cerim\u00f4nia de Inaugura\u00e7\u00e3o dos Animadores Globais da Esperan\u00e7a - Igreja de Deus Sociedade Mission\u00e1ria Mundial\",\"isPartOf\":{\"@id\":\"https:\\\/\\\/watv.org\\\/pt\\\/#website\"},\"primaryImageOfPage\":{\"@id\":\"https:\\\/\\\/watv.org\\\/pt\\\/hope-supporters-launching-ceremony\\\/#primaryimage\"},\"image\":{\"@id\":\"https:\\\/\\\/watv.org\\\/pt\\\/hope-supporters-launching-ceremony\\\/#primaryimage\"},\"thumbnailUrl\":\"https:\\\/\\\/watv.org\\\/wp-content\\\/uploads\\\/2024\\\/04\\\/thum_hope_supporters_launching_ceremony.jpg\",\"datePublished\":\"2024-04-29T22:00:07+00:00\",\"dateModified\":\"2026-03-06T07:58:31+00:00\",\"breadcrumb\":{\"@id\":\"https:\\\/\\\/watv.org\\\/pt\\\/hope-supporters-launching-ceremony\\\/#breadcrumb\"},\"inLanguage\":\"pt-BR\",\"potentialAction\":[{\"@type\":\"ReadAction\",\"target\":[\"https:\\\/\\\/watv.org\\\/pt\\\/hope-supporters-launching-ceremony\\\/\"]}]},{\"@type\":\"ImageObject\",\"inLanguage\":\"pt-BR\",\"@id\":\"https:\\\/\\\/watv.org\\\/pt\\\/hope-supporters-launching-ceremony\\\/#primaryimage\",\"url\":\"https:\\\/\\\/watv.org\\\/wp-content\\\/uploads\\\/2024\\\/04\\\/thum_hope_supporters_launching_ceremony.jpg\",\"contentUrl\":\"https:\\\/\\\/watv.org\\\/wp-content\\\/uploads\\\/2024\\\/04\\\/thum_hope_supporters_launching_ceremony.jpg\",\"width\":3840,\"height\":2278},{\"@type\":\"BreadcrumbList\",\"@id\":\"https:\\\/\\\/watv.org\\\/pt\\\/hope-supporters-launching-ceremony\\\/#breadcrumb\",\"itemListElement\":[{\"@type\":\"ListItem\",\"position\":1,\"name\":\"Home\",\"item\":\"https:\\\/\\\/watv.org\\\/pt\\\/\"},{\"@type\":\"ListItem\",\"position\":2,\"name\":\"Cerim\u00f4nia de Inaugura\u00e7\u00e3o dos Animadores Globais da Esperan\u00e7a\"}]},{\"@type\":\"WebSite\",\"@id\":\"https:\\\/\\\/watv.org\\\/pt\\\/#website\",\"url\":\"https:\\\/\\\/watv.org\\\/pt\\\/\",\"name\":\"Igreja de Deus Sociedade Mission\u00e1ria Mundial\",\"description\":\"With Mother\u2019s heartwarming love, we deliver eternal happiness to seven billion people in the world.\",\"publisher\":{\"@id\":\"https:\\\/\\\/watv.org\\\/pt\\\/#organization\"},\"potentialAction\":[{\"@type\":\"SearchAction\",\"target\":{\"@type\":\"EntryPoint\",\"urlTemplate\":\"https:\\\/\\\/watv.org\\\/pt\\\/?s={search_term_string}\"},\"query-input\":{\"@type\":\"PropertyValueSpecification\",\"valueRequired\":true,\"valueName\":\"search_term_string\"}}],\"inLanguage\":\"pt-BR\"},{\"@type\":\"Organization\",\"@id\":\"https:\\\/\\\/watv.org\\\/pt\\\/#organization\",\"name\":\"World Mission Society Church of God - \ud558\ub098\ub2d8\uc758\uad50\ud68c \uc138\uacc4\ubcf5\uc74c\uc120\uad50\ud611\ud68c\",\"url\":\"https:\\\/\\\/watv.org\\\/pt\\\/\",\"logo\":{\"@type\":\"ImageObject\",\"inLanguage\":\"pt-BR\",\"@id\":\"https:\\\/\\\/watv.org\\\/pt\\\/#\\\/schema\\\/logo\\\/image\\\/\",\"url\":\"https:\\\/\\\/watv.org\\\/wp-content\\\/uploads\\\/2022\\\/06\\\/WorldMissionSociety_ChurchofGod_Symbol_Logo.png\",\"contentUrl\":\"https:\\\/\\\/watv.org\\\/wp-content\\\/uploads\\\/2022\\\/06\\\/WorldMissionSociety_ChurchofGod_Symbol_Logo.png\",\"width\":1001,\"height\":1331,\"caption\":\"World Mission Society Church of God - \ud558\ub098\ub2d8\uc758\uad50\ud68c \uc138\uacc4\ubcf5\uc74c\uc120\uad50\ud611\ud68c\"},\"image\":{\"@id\":\"https:\\\/\\\/watv.org\\\/pt\\\/#\\\/schema\\\/logo\\\/image\\\/\"},\"sameAs\":[\"https:\\\/\\\/www.youtube.com\\\/channel\\\/UCioiBk9rS5Dv5j66hUipsuQ\"]},{\"@type\":\"Person\",\"@id\":\"https:\\\/\\\/watv.org\\\/pt\\\/#\\\/schema\\\/person\\\/4b9283e5e32289899f8e6c7e89b5d1ec\",\"name\":\"sh\"}]}<\/script>\n<!-- \/ Yoast SEO plugin. -->","yoast_head_json":{"title":"Cerim\u00f4nia de Inaugura\u00e7\u00e3o dos Animadores Globais da Esperan\u00e7a - Igreja de Deus Sociedade Mission\u00e1ria Mundial","robots":{"index":"index","follow":"follow","max-snippet":"max-snippet:-1","max-image-preview":"max-image-preview:large","max-video-preview":"max-video-preview:-1"},"canonical":"https:\/\/watv.org\/pt\/hope-supporters-launching-ceremony\/","og_locale":"pt_BR","og_type":"article","og_title":"Cerim\u00f4nia de Inaugura\u00e7\u00e3o dos Animadores Globais da Esperan\u00e7a - Igreja de Deus Sociedade Mission\u00e1ria Mundial","og_description":"\u201cPessoas est\u00e3o sendo esmagadas sob a roda da pobreza, e devido \u00e0s mudan\u00e7as clim\u00e1ticas comunidades inteiras est\u00e3o \u00e0 porta da devasta\u00e7\u00e3o. Este momento, onde as pessoas est\u00e3o perdendo a esperan\u00e7a, \u00e9 o momento em que n\u00e3o s\u00e3o necess\u00e1rias palavras, mas a\u00e7\u00f5es.\u201d Em setembro, Ant\u00f3nio Guterres, secret\u00e1rio-geral da ONU, fez este apelo \u00e0 sociedade internacional na...","og_url":"https:\/\/watv.org\/pt\/hope-supporters-launching-ceremony\/","og_site_name":"Igreja de Deus Sociedade Mission\u00e1ria Mundial","article_published_time":"2024-04-29T22:00:07+00:00","article_modified_time":"2026-03-06T07:58:31+00:00","og_image":[{"width":3840,"height":2278,"url":"https:\/\/watv.org\/wp-content\/uploads\/2024\/04\/thum_hope_supporters_launching_ceremony.jpg","type":"image\/jpeg"}],"author":"sh","twitter_card":"summary_large_image","schema":{"@context":"https:\/\/schema.org","@graph":[{"@type":"Article","@id":"https:\/\/watv.org\/pt\/hope-supporters-launching-ceremony\/#article","isPartOf":{"@id":"https:\/\/watv.org\/pt\/hope-supporters-launching-ceremony\/"},"author":{"name":"sh","@id":"https:\/\/watv.org\/pt\/#\/schema\/person\/4b9283e5e32289899f8e6c7e89b5d1ec"},"headline":"Cerim\u00f4nia de Inaugura\u00e7\u00e3o dos Animadores Globais da Esperan\u00e7a","datePublished":"2024-04-29T22:00:07+00:00","dateModified":"2026-03-06T07:58:31+00:00","mainEntityOfPage":{"@id":"https:\/\/watv.org\/pt\/hope-supporters-launching-ceremony\/"},"wordCount":951,"publisher":{"@id":"https:\/\/watv.org\/pt\/#organization"},"image":{"@id":"https:\/\/watv.org\/pt\/hope-supporters-launching-ceremony\/#primaryimage"},"thumbnailUrl":"https:\/\/watv.org\/wp-content\/uploads\/2024\/04\/thum_hope_supporters_launching_ceremony.jpg","articleSection":["Sede Mundial","Not\u00edcias Globais"],"inLanguage":"pt-BR"},{"@type":"WebPage","@id":"https:\/\/watv.org\/pt\/hope-supporters-launching-ceremony\/","url":"https:\/\/watv.org\/pt\/hope-supporters-launching-ceremony\/","name":"Cerim\u00f4nia de Inaugura\u00e7\u00e3o dos Animadores Globais da Esperan\u00e7a - Igreja de Deus Sociedade Mission\u00e1ria Mundial","isPartOf":{"@id":"https:\/\/watv.org\/pt\/#website"},"primaryImageOfPage":{"@id":"https:\/\/watv.org\/pt\/hope-supporters-launching-ceremony\/#primaryimage"},"image":{"@id":"https:\/\/watv.org\/pt\/hope-supporters-launching-ceremony\/#primaryimage"},"thumbnailUrl":"https:\/\/watv.org\/wp-content\/uploads\/2024\/04\/thum_hope_supporters_launching_ceremony.jpg","datePublished":"2024-04-29T22:00:07+00:00","dateModified":"2026-03-06T07:58:31+00:00","breadcrumb":{"@id":"https:\/\/watv.org\/pt\/hope-supporters-launching-ceremony\/#breadcrumb"},"inLanguage":"pt-BR","potentialAction":[{"@type":"ReadAction","target":["https:\/\/watv.org\/pt\/hope-supporters-launching-ceremony\/"]}]},{"@type":"ImageObject","inLanguage":"pt-BR","@id":"https:\/\/watv.org\/pt\/hope-supporters-launching-ceremony\/#primaryimage","url":"https:\/\/watv.org\/wp-content\/uploads\/2024\/04\/thum_hope_supporters_launching_ceremony.jpg","contentUrl":"https:\/\/watv.org\/wp-content\/uploads\/2024\/04\/thum_hope_supporters_launching_ceremony.jpg","width":3840,"height":2278},{"@type":"BreadcrumbList","@id":"https:\/\/watv.org\/pt\/hope-supporters-launching-ceremony\/#breadcrumb","itemListElement":[{"@type":"ListItem","position":1,"name":"Home","item":"https:\/\/watv.org\/pt\/"},{"@type":"ListItem","position":2,"name":"Cerim\u00f4nia de Inaugura\u00e7\u00e3o dos Animadores Globais da Esperan\u00e7a"}]},{"@type":"WebSite","@id":"https:\/\/watv.org\/pt\/#website","url":"https:\/\/watv.org\/pt\/","name":"Igreja de Deus Sociedade Mission\u00e1ria Mundial","description":"With Mother\u2019s heartwarming love, we deliver eternal happiness to seven billion people in the world.","publisher":{"@id":"https:\/\/watv.org\/pt\/#organization"},"potentialAction":[{"@type":"SearchAction","target":{"@type":"EntryPoint","urlTemplate":"https:\/\/watv.org\/pt\/?s={search_term_string}"},"query-input":{"@type":"PropertyValueSpecification","valueRequired":true,"valueName":"search_term_string"}}],"inLanguage":"pt-BR"},{"@type":"Organization","@id":"https:\/\/watv.org\/pt\/#organization","name":"World Mission Society Church of God - \ud558\ub098\ub2d8\uc758\uad50\ud68c \uc138\uacc4\ubcf5\uc74c\uc120\uad50\ud611\ud68c","url":"https:\/\/watv.org\/pt\/","logo":{"@type":"ImageObject","inLanguage":"pt-BR","@id":"https:\/\/watv.org\/pt\/#\/schema\/logo\/image\/","url":"https:\/\/watv.org\/wp-content\/uploads\/2022\/06\/WorldMissionSociety_ChurchofGod_Symbol_Logo.png","contentUrl":"https:\/\/watv.org\/wp-content\/uploads\/2022\/06\/WorldMissionSociety_ChurchofGod_Symbol_Logo.png","width":1001,"height":1331,"caption":"World Mission Society Church of God - \ud558\ub098\ub2d8\uc758\uad50\ud68c \uc138\uacc4\ubcf5\uc74c\uc120\uad50\ud611\ud68c"},"image":{"@id":"https:\/\/watv.org\/pt\/#\/schema\/logo\/image\/"},"sameAs":["https:\/\/www.youtube.com\/channel\/UCioiBk9rS5Dv5j66hUipsuQ"]},{"@type":"Person","@id":"https:\/\/watv.org\/pt\/#\/schema\/person\/4b9283e5e32289899f8e6c7e89b5d1ec","name":"sh"}]}},"_links":{"self":[{"href":"https:\/\/watv.org\/pt\/wp-json\/wp\/v2\/posts\/164642","targetHints":{"allow":["GET"]}}],"collection":[{"href":"https:\/\/watv.org\/pt\/wp-json\/wp\/v2\/posts"}],"about":[{"href":"https:\/\/watv.org\/pt\/wp-json\/wp\/v2\/types\/post"}],"author":[{"embeddable":true,"href":"https:\/\/watv.org\/pt\/wp-json\/wp\/v2\/users\/26"}],"replies":[{"embeddable":true,"href":"https:\/\/watv.org\/pt\/wp-json\/wp\/v2\/comments?post=164642"}],"version-history":[{"count":2,"href":"https:\/\/watv.org\/pt\/wp-json\/wp\/v2\/posts\/164642\/revisions"}],"predecessor-version":[{"id":164644,"href":"https:\/\/watv.org\/pt\/wp-json\/wp\/v2\/posts\/164642\/revisions\/164644"}],"wp:featuredmedia":[{"embeddable":true,"href":"https:\/\/watv.org\/pt\/wp-json\/wp\/v2\/media\/114814"}],"wp:attachment":[{"href":"https:\/\/watv.org\/pt\/wp-json\/wp\/v2\/media?parent=164642"}],"wp:term":[{"taxonomy":"category","embeddable":true,"href":"https:\/\/watv.org\/pt\/wp-json\/wp\/v2\/categories?post=164642"},{"taxonomy":"post_tag","embeddable":true,"href":"https:\/\/watv.org\/pt\/wp-json\/wp\/v2\/tags?post=164642"}],"curies":[{"name":"wp","href":"https:\/\/api.w.org\/{rel}","templated":true}]}}