{"id":21236,"date":"2019-04-27T19:16:33","date_gmt":"2019-04-27T10:16:33","guid":{"rendered":"https:\/\/watv.org\/global-leadership-conference-for-the-women-pastoral-staff\/"},"modified":"2025-01-02T12:02:33","modified_gmt":"2025-01-02T03:02:33","slug":"global-leadership-conference-for-the-female-pastoral-staff","status":"publish","type":"post","link":"https:\/\/watv.org\/pt\/global-leadership-conference-for-the-female-pastoral-staff\/","title":{"rendered":"Educa\u00e7\u00e3o da Lideran\u00e7a para as Ministras Pastorais de Todo o Mundo"},"content":{"rendered":"<p>H\u00e1 ministras pastorais, isto \u00e9, esposas dos ministros pastorais, que est\u00e3o servindo aos membros da Igreja e mantendo a Igreja frugalmente, ao lado dos ministros pastorais da Igreja de Deus no mundo inteiro, juntos est\u00e3o trabalhando duro para o evangelho com o fim de completar o movimento de pregar a sete bilh\u00f5es de pessoas. No dia 27 de abril, a Educa\u00e7\u00e3o da Lideran\u00e7a para as Ministras Pastorais de Todo o Mundo foi iniciada no Templo da Nova Jerusal\u00e9m em Pangyo, na Coreia. O programa durou cinco dias, com a presen\u00e7a das ministras pastorais de 400 Igrejas na Coreia e de 52 pa\u00edses, incluindo os EUA, Peru, Filipinas, Mong\u00f3lia e \u00cdndia. Os encarregados das igrejas filiais que visitaram a Coreia durante o mesmo per\u00edodo tamb\u00e9m participaram e reafirmaram sua vis\u00e3o do evangelho e deveres como profeta.<\/p>\n<figure class=\"limit\">\n <picture class=\"copyright\"><source media=\"(max-width:450px)\" srcset=\"\/wp-content\/themes\/watv\/images\/posts\/news_190427_04.jpg\"><img decoding=\"async\" src=\"\/wp-content\/themes\/watv\/images\/posts\/news_190427_04.jpg\"\n    srcset=\"\/wp-content\/themes\/watv\/images\/posts\/news_190427_04.jpg,\n            \/wp-content\/themes\/watv\/images\/posts\/news_190427_04@2x.jpg 2x\">\n <\/picture>\n<\/figure>\n<p>O programa come\u00e7ou de fato com o culto do Dia de S\u00e1bado (27 de abril). No culto da manh\u00e3, a M\u00e3e elogiou as ministras pastorais, chamando-as de \u201cAs flores que emitem fragr\u00e2ncias doces nos bastidores e no lugar mais baixo\u201d, e as encorajou, dizendo: \u201cComo voc\u00eas herdaram o amor de Deus, que est\u00e1 disposto a salvar seus filhos, at\u00e9 sacrificando-se a si mesmo, voc\u00eas superam as dificuldades que enfrentam enquanto trabalham para o evangelho com alegria e gratid\u00e3o e cuidam dos irm\u00e3os e das irm\u00e3s como seu pr\u00f3prio corpo. Gra\u00e7as aos seus esfor\u00e7os, a evangeliza\u00e7\u00e3o mundial est\u00e1 sendo realizada com mais rapidez\u201d. E sob o assunto \u201cO amor \u00e9 o maior de todos\u201d, a M\u00e3e deu uma li\u00e7\u00e3o: \u201cO amor possibilita o que n\u00e3o pode ser feito com o conhecimento e o senso comum. Embora o amor se torne frio na \u00e9poca atual de ego\u00edsmo e dificuldades financeiras, espero que voc\u00eas entreguem diligentemente o amor e o alimento da vida \u00e0s pessoas dentro e fora de Si\u00e3o com palavras graciosas e piedosas como filhos de Deus\u201d (1Co. 13:1-11, 2Tm. 3:1-5, 1Jo. 4:5-11, Rm. 13:10, 1Pe. 4:7-8). A M\u00e3e se juntou a todos os programas, incluindo a Confer\u00eancia Global \u201cIgreja Feliz\u201d e o Semin\u00e1rio B\u00edblico Global, dando muita aten\u00e7\u00e3o \u00e0s refei\u00e7\u00f5es e acomoda\u00e7\u00e3o dos participantes. Vendo o toque cuidadoso da M\u00e3e, as ministras pastorais aprenderam as virtudes de que necessitavam, como considera\u00e7\u00e3o e mentalidade de servir os outros.<\/p>\n<figure class=\"limit\">\n <picture class=\"copyright\"><source media=\"(max-width:450px)\" srcset=\"\/wp-content\/themes\/watv\/images\/posts\/news_190427_01.jpg\"><img decoding=\"async\" src=\"\/wp-content\/themes\/watv\/images\/posts\/news_190427_01.jpg\"\n    srcset=\"\/wp-content\/themes\/watv\/images\/posts\/news_190427_01.jpg,\n            \/wp-content\/themes\/watv\/images\/posts\/news_190427_01@2x.jpg 2x\">\n <\/picture>\n<\/figure>\n<p>\u201cMovido pela sua devo\u00e7\u00e3o que se assemelha \u00e0 da M\u00e3e, Deus conceder\u00e1 b\u00ean\u00e7\u00e3os mais abundantes a cada Igreja\u201d, disse o Pastor-Geral Kim Joo-cheol. Ele explicou detalhadamente as caracter\u00edsticas da lideran\u00e7a que s\u00e3o exigidas \u00e0s ministras pastorais. A primeira \u00e9 a import\u00e2ncia das palavras. \u201cUma palavra pode deixar uma cicatriz indel\u00e9vel ou curar um cora\u00e7\u00e3o partido.\u201d Portanto, as palavras devem ser usadas com cautela como meio de entregar o amor e a verdade de Deus. Para isso, os ministros e as ministras pastorais, como os encarregados da casa de Deus, precisam de uma atitude gentil, humilde e devem sempre considerar a vontade de Deus como prioridade. O Pastor-Geral Kim deu uma palestra especial sobre o tema \u201cDiferen\u00e7a em Perspectiva\u201d, onde ele mencionou v\u00e1rios exemplos e experi\u00eancias do minist\u00e9rio, para que eles pudessem reconhecer as diferen\u00e7as culturais entre o oriente e o ocidente, e diferen\u00e7as entre os ministros pastorais e os membros. \u201cHoje, a prega\u00e7\u00e3o a sete bilh\u00f5es de pessoas est\u00e1 sendo realizada rapidamente. Assim como o mar recebe toda a \u00e1gua do rio e a purifica, todos n\u00f3s devemos ter uma mente ampla o suficiente para reconhecer as diferen\u00e7as de pensamentos e perspectivas e cobrir as falhas de nossos membros. Ent\u00e3o, podemos nos unir completamente\u201d, disse ele, enfatizando a generosidade e a toler\u00e2ncia (Lc. 23: 39-42, Mt. 12:35-37, Ef. 4:26-32, Sl. 132:12-15, Is. 51:3).<\/p>\n<div class=\"my-gallery divide limit\">\n<figure>\n  <a href=\"\/wp-content\/themes\/watv\/images\/posts\/news_190427_09@2x.jpg\" data-size=\"1400x933\" \n   data-med=\"\/wp-content\/themes\/watv\/images\/posts\/news_190427_09.jpg\" data-med-size=\"700x467\">\n   <img decoding=\"async\" src=\"\/wp-content\/themes\/watv\/images\/posts\/news_190427_09.jpg\" itemprop=\"thumbnail\" alt=\"Image description\" \/>\n  <\/a>\n <\/figure>\n<figure>\n  <a href=\"\/wp-content\/themes\/watv\/images\/posts\/news_190427_08@2x.jpg\" data-size=\"1400x933\" \n   data-med=\"\/wp-content\/themes\/watv\/images\/posts\/news_190427_08.jpg\" data-med-size=\"700x467\">\n   <img decoding=\"async\" src=\"\/wp-content\/themes\/watv\/images\/posts\/news_190427_08.jpg\" itemprop=\"thumbnail\" alt=\"Image description\" \/>\n  <\/a>\n <\/figure>\n<figure>\n  <a href=\"\/wp-content\/themes\/watv\/images\/posts\/news_190427_07@2x.jpg\" data-size=\"1400x933\" \n   data-med=\"\/wp-content\/themes\/watv\/images\/posts\/news_190427_07.jpg\" data-med-size=\"700x467\">\n   <img decoding=\"async\" src=\"\/wp-content\/themes\/watv\/images\/posts\/news_190427_07.jpg\" itemprop=\"thumbnail\" alt=\"Image description\" \/>\n  <\/a>\n <\/figure>\n<figure>\n  <a href=\"\/wp-content\/themes\/watv\/images\/posts\/news_190427_10@2x.jpg\" data-size=\"1400x933\" \n   data-med=\"\/wp-content\/themes\/watv\/images\/posts\/news_190427_10.jpg\" data-med-size=\"700x467\">\n   <img decoding=\"async\" src=\"\/wp-content\/themes\/watv\/images\/posts\/news_190427_10.jpg\" itemprop=\"thumbnail\" alt=\"Image description\" \/>\n  <\/a>\n <\/figure>\n<\/div>\n<p>Durante o per\u00edodo do programa, as ministras pastorais compartilharam suas experi\u00eancias e conhecimentos em v\u00e1rios eventos, como o Semin\u00e1rio B\u00edblico Global LEVANTE-SE E RESPLANDE\u00c7A de 2019, a Confer\u00eancia Global \u201cIgreja Feliz\u201d e a Confer\u00eancia para as Ministras Pastorais, buscando seus pap\u00e9is que correspondem \u00e0 vontade de Deus. No \u00faltimo dia do itiner\u00e1rio, elas visitaram a Exposi\u00e7\u00e3o \u201cSinceridade: Recitando o Pai\u201d (na Igreja em Gwanak, Seul) e a Exposi\u00e7\u00e3o Liter\u00e1ria e Fotogr\u00e1fica \u201cNossa M\u00e3e\u201d (na Igreja em Sangdaewon, Seongnam), onde elas entenderam o santo amor dos pais f\u00edsicos e dos Pais espirituais. As ministras pastorais do exterior visitaram lugares famosos como a Vila Folcl\u00f3rica Coreana, a Vila de Hanok (casa coreana tradicional), o Pal\u00e1cio Gyeongbokgung e a Torre N de Seul para ver a cultura tradicional e o desenvolvimento da Coreia, imaginando como o evangelho se completar\u00e1 maravilhosamente no futuro.<\/p>\n<div class=\"my-gallery divide limit\">\n<figure>\n  <a href=\"\/wp-content\/themes\/watv\/images\/posts\/news_190427_05@2x.jpg\" data-size=\"1400x832\" \n   data-med=\"\/wp-content\/themes\/watv\/images\/posts\/news_190427_05.jpg\" data-med-size=\"700x416\">\n   <img decoding=\"async\" src=\"\/wp-content\/themes\/watv\/images\/posts\/news_190427_05.jpg\" itemprop=\"thumbnail\" alt=\"Image description\" \/>\n  <\/a>\n <\/figure>\n<figure>\n  <a href=\"\/wp-content\/themes\/watv\/images\/posts\/news_190427_06@2x.jpg\" data-size=\"1400x832\" \n   data-med=\"\/wp-content\/themes\/watv\/images\/posts\/news_190427_06.jpg\" data-med-size=\"700x416\">\n   <img decoding=\"async\" src=\"\/wp-content\/themes\/watv\/images\/posts\/news_190427_06.jpg\" itemprop=\"thumbnail\" alt=\"Image description\" \/>\n  <\/a>\n <\/figure>\n<\/div>\n<p>\u201cPor meio desse programa, a M\u00e3e nos mostrou cem por cento sobre os nossos pap\u00e9is e como devemos cumpri-los. Vou viver o resto da minha vida para a fam\u00edlia celestial, assim como a M\u00e3e tem feito, deixando pensamentos e atos ego\u00edstas\u201d, disse a diaconisa Sindy Quintero (de Baltimore, MD, EUA).<\/p>\n<p>\u201c\u00c9 tudo gra\u00e7as ao amor do Pai e da M\u00e3e que at\u00e9 os alde\u00f5es do Himalaia puderam receber a verdade. Minha miss\u00e3o \u00e9 abra\u00e7ar todos os membros para que eu n\u00e3o perca nem mesmo uma das almas que o Pai e a M\u00e3e encontraram com l\u00e1grimas e sacrif\u00edcios\u201d, disse a diaconisa Rama Humagain (de Dharan, Nepal), mostrando sua resolu\u00e7\u00e3o para o evangelho.<\/p>\n<figure class=\"limit\">\n <picture class=\"copyright\"><source media=\"(max-width:450px)\" srcset=\"\/wp-content\/themes\/watv\/images\/posts\/news_190427_11.jpg\"><img decoding=\"async\" src=\"\/wp-content\/themes\/watv\/images\/posts\/news_190427_11.jpg\"\n    srcset=\"\/wp-content\/themes\/watv\/images\/posts\/news_190427_11.jpg,\n            \/wp-content\/themes\/watv\/images\/posts\/news_190427_11@2x.jpg 2x\">\n <\/picture>\n<\/figure>\n<p>As ministras pastorais, que passaram tempo de arrependimento e de gratid\u00e3o, ouvindo as palavras da B\u00edblia e observando os exemplos de amor da M\u00e3e, voltaram para suas Igrejas &#8220;com sorrisos no rosto e com o cora\u00e7\u00e3o cheio de gratid\u00e3o&#8221;.<\/p>\n<div class=\"my-gallery related-photo\">\n<div class=\"gallery-wrap\">\n<figure>\n  <a href=\"\/wp-content\/themes\/watv\/images\/posts\/news_190427_12@2x.jpg\" data-size=\"1400x933\" \n   data-med=\"\/wp-content\/themes\/watv\/images\/posts\/news_190427_12.jpg\" data-med-size=\"700x467\">\n   <img decoding=\"async\" src=\"\/wp-content\/themes\/watv\/images\/posts\/news_190427_12.jpg\" itemprop=\"thumbnail\" alt=\"Image description\" \/>\n  <\/a>\n <\/figure>\n<figure>\n  <a href=\"\/wp-content\/themes\/watv\/images\/posts\/news_190427_13@2x.jpg\" data-size=\"1400x859\" \n   data-med=\"\/wp-content\/themes\/watv\/images\/posts\/news_190427_13.jpg\" data-med-size=\"700x467\">\n   <img decoding=\"async\" src=\"\/wp-content\/themes\/watv\/images\/posts\/news_190427_13.jpg\" itemprop=\"thumbnail\" alt=\"Image description\" \/>\n  <\/a>\n <\/figure>\n<figure>\n  <a href=\"\/wp-content\/themes\/watv\/images\/posts\/news_190427_14@2x.jpg\" data-size=\"1400x910\" \n   data-med=\"\/wp-content\/themes\/watv\/images\/posts\/news_190427_14.jpg\" data-med-size=\"700x467\">\n   <img decoding=\"async\" src=\"\/wp-content\/themes\/watv\/images\/posts\/news_190427_14.jpg\" itemprop=\"thumbnail\" alt=\"Image description\" \/>\n  <\/a>\n <\/figure>\n<figure>\n  <a href=\"\/wp-content\/themes\/watv\/images\/posts\/news_190427_16@2x.jpg\" data-size=\"1400x815\" \n   data-med=\"\/wp-content\/themes\/watv\/images\/posts\/news_190427_16.jpg\" data-med-size=\"700x467\">\n   <img decoding=\"async\" src=\"\/wp-content\/themes\/watv\/images\/posts\/news_190427_16.jpg\" itemprop=\"thumbnail\" alt=\"Image description\" \/>\n  <\/a>\n <\/figure>\n<figure>\n  <a href=\"\/wp-content\/themes\/watv\/images\/posts\/news_190427_17@2x.jpg\" data-size=\"1400x912\" \n   data-med=\"\/wp-content\/themes\/watv\/images\/posts\/news_190427_17.jpg\" data-med-size=\"700x467\">\n   <img decoding=\"async\" src=\"\/wp-content\/themes\/watv\/images\/posts\/news_190427_17.jpg\" itemprop=\"thumbnail\" alt=\"Image description\" \/>\n  <\/a>\n <\/figure>\n<figure>\n  <a href=\"\/wp-content\/themes\/watv\/images\/posts\/news_190427_18@2x.jpg\" data-size=\"1400x937\" \n   data-med=\"\/wp-content\/themes\/watv\/images\/posts\/news_190427_18.jpg\" data-med-size=\"700x467\">\n   <img decoding=\"async\" src=\"\/wp-content\/themes\/watv\/images\/posts\/news_190427_18.jpg\" itemprop=\"thumbnail\" alt=\"Image description\" \/>\n  <\/a>\n <\/figure>\n<figure>\n  <a href=\"\/wp-content\/themes\/watv\/images\/posts\/news_190427_15@2x.jpg\" data-size=\"1400x974\" \n   data-med=\"\/wp-content\/themes\/watv\/images\/posts\/news_190427_15.jpg\" data-med-size=\"700x467\">\n   <img decoding=\"async\" src=\"\/wp-content\/themes\/watv\/images\/posts\/news_190427_15.jpg\" itemprop=\"thumbnail\" alt=\"Image description\" \/>\n  <\/a>\n <\/figure>\n<\/div>\n<\/div>\n","protected":false},"excerpt":{"rendered":"H\u00e1 ministras pastorais, isto \u00e9, esposas dos ministros pastorais, que est\u00e3o servindo aos membros da Igreja e mantendo a Igreja frugalmente, ao lado dos ministros pastorais da Igreja de Deus no mundo inteiro, juntos est\u00e3o trabalhando duro para o evangelho com o fim de completar o movimento de pregar a sete bilh\u00f5es de pessoas. No&#8230;","protected":false},"author":21,"featured_media":21237,"comment_status":"closed","ping_status":"closed","sticky":false,"template":"post-type\/post-type-header-full-screen.php","format":"standard","meta":{"footnotes":""},"categories":[348,347],"tags":[],"class_list":["post-21236","post","type-post","status-publish","format-standard","has-post-thumbnail","hentry","category-news","category-global-news"],"yoast_head":"<!-- This site is optimized with the Yoast SEO plugin v27.4 - https:\/\/yoast.com\/product\/yoast-seo-wordpress\/ -->\n<title>Educa\u00e7\u00e3o da Lideran\u00e7a para as Ministras Pastorais de Todo o Mundo - Igreja de Deus Sociedade Mission\u00e1ria Mundial<\/title>\n<meta name=\"robots\" content=\"index, follow, max-snippet:-1, max-image-preview:large, max-video-preview:-1\" \/>\n<link rel=\"canonical\" href=\"https:\/\/watv.org\/pt\/global-leadership-conference-for-the-female-pastoral-staff\/\" \/>\n<meta property=\"og:locale\" content=\"pt_BR\" \/>\n<meta property=\"og:type\" content=\"article\" \/>\n<meta property=\"og:title\" content=\"Educa\u00e7\u00e3o da Lideran\u00e7a para as Ministras Pastorais de Todo o Mundo - Igreja de Deus Sociedade Mission\u00e1ria Mundial\" \/>\n<meta property=\"og:description\" content=\"H\u00e1 ministras pastorais, isto \u00e9, esposas dos ministros pastorais, que est\u00e3o servindo aos membros da Igreja e mantendo a Igreja frugalmente, ao lado dos ministros pastorais da Igreja de Deus no mundo inteiro, juntos est\u00e3o trabalhando duro para o evangelho com o fim de completar o movimento de pregar a sete bilh\u00f5es de pessoas. No...\" \/>\n<meta property=\"og:url\" content=\"https:\/\/watv.org\/pt\/global-leadership-conference-for-the-female-pastoral-staff\/\" \/>\n<meta property=\"og:site_name\" content=\"Igreja de Deus Sociedade Mission\u00e1ria Mundial\" \/>\n<meta property=\"article:published_time\" content=\"2019-04-27T10:16:33+00:00\" \/>\n<meta property=\"article:modified_time\" content=\"2025-01-02T03:02:33+00:00\" \/>\n<meta property=\"og:image\" content=\"https:\/\/watv.org\/wp-content\/uploads\/2019\/06\/news_190427_02@2x.jpg\" \/>\n\t<meta property=\"og:image:width\" content=\"2400\" \/>\n\t<meta property=\"og:image:height\" content=\"1600\" \/>\n\t<meta property=\"og:image:type\" content=\"image\/jpeg\" \/>\n<meta name=\"author\" content=\"ss\" \/>\n<meta name=\"twitter:card\" content=\"summary_large_image\" \/>\n<script type=\"application\/ld+json\" class=\"yoast-schema-graph\">{\"@context\":\"https:\\\/\\\/schema.org\",\"@graph\":[{\"@type\":\"Article\",\"@id\":\"https:\\\/\\\/watv.org\\\/pt\\\/global-leadership-conference-for-the-female-pastoral-staff\\\/#article\",\"isPartOf\":{\"@id\":\"https:\\\/\\\/watv.org\\\/pt\\\/global-leadership-conference-for-the-female-pastoral-staff\\\/\"},\"author\":{\"name\":\"ss\",\"@id\":\"https:\\\/\\\/watv.org\\\/pt\\\/#\\\/schema\\\/person\\\/a58a271de4ef926ff9477cac3b74b5d5\"},\"headline\":\"Educa\u00e7\u00e3o da Lideran\u00e7a para as Ministras Pastorais de Todo o Mundo\",\"datePublished\":\"2019-04-27T10:16:33+00:00\",\"dateModified\":\"2025-01-02T03:02:33+00:00\",\"mainEntityOfPage\":{\"@id\":\"https:\\\/\\\/watv.org\\\/pt\\\/global-leadership-conference-for-the-female-pastoral-staff\\\/\"},\"wordCount\":983,\"publisher\":{\"@id\":\"https:\\\/\\\/watv.org\\\/pt\\\/#organization\"},\"image\":{\"@id\":\"https:\\\/\\\/watv.org\\\/pt\\\/global-leadership-conference-for-the-female-pastoral-staff\\\/#primaryimage\"},\"thumbnailUrl\":\"https:\\\/\\\/watv.org\\\/wp-content\\\/uploads\\\/2019\\\/06\\\/news_190427_02@2x.jpg\",\"articleSection\":[\"Sede Mundial\",\"Not\u00edcias Globais\"],\"inLanguage\":\"pt-BR\"},{\"@type\":\"WebPage\",\"@id\":\"https:\\\/\\\/watv.org\\\/pt\\\/global-leadership-conference-for-the-female-pastoral-staff\\\/\",\"url\":\"https:\\\/\\\/watv.org\\\/pt\\\/global-leadership-conference-for-the-female-pastoral-staff\\\/\",\"name\":\"Educa\u00e7\u00e3o da Lideran\u00e7a para as Ministras Pastorais de Todo o Mundo - Igreja de Deus Sociedade Mission\u00e1ria Mundial\",\"isPartOf\":{\"@id\":\"https:\\\/\\\/watv.org\\\/pt\\\/#website\"},\"primaryImageOfPage\":{\"@id\":\"https:\\\/\\\/watv.org\\\/pt\\\/global-leadership-conference-for-the-female-pastoral-staff\\\/#primaryimage\"},\"image\":{\"@id\":\"https:\\\/\\\/watv.org\\\/pt\\\/global-leadership-conference-for-the-female-pastoral-staff\\\/#primaryimage\"},\"thumbnailUrl\":\"https:\\\/\\\/watv.org\\\/wp-content\\\/uploads\\\/2019\\\/06\\\/news_190427_02@2x.jpg\",\"datePublished\":\"2019-04-27T10:16:33+00:00\",\"dateModified\":\"2025-01-02T03:02:33+00:00\",\"breadcrumb\":{\"@id\":\"https:\\\/\\\/watv.org\\\/pt\\\/global-leadership-conference-for-the-female-pastoral-staff\\\/#breadcrumb\"},\"inLanguage\":\"pt-BR\",\"potentialAction\":[{\"@type\":\"ReadAction\",\"target\":[\"https:\\\/\\\/watv.org\\\/pt\\\/global-leadership-conference-for-the-female-pastoral-staff\\\/\"]}]},{\"@type\":\"ImageObject\",\"inLanguage\":\"pt-BR\",\"@id\":\"https:\\\/\\\/watv.org\\\/pt\\\/global-leadership-conference-for-the-female-pastoral-staff\\\/#primaryimage\",\"url\":\"https:\\\/\\\/watv.org\\\/wp-content\\\/uploads\\\/2019\\\/06\\\/news_190427_02@2x.jpg\",\"contentUrl\":\"https:\\\/\\\/watv.org\\\/wp-content\\\/uploads\\\/2019\\\/06\\\/news_190427_02@2x.jpg\",\"width\":2400,\"height\":1600},{\"@type\":\"BreadcrumbList\",\"@id\":\"https:\\\/\\\/watv.org\\\/pt\\\/global-leadership-conference-for-the-female-pastoral-staff\\\/#breadcrumb\",\"itemListElement\":[{\"@type\":\"ListItem\",\"position\":1,\"name\":\"Home\",\"item\":\"https:\\\/\\\/watv.org\\\/pt\\\/\"},{\"@type\":\"ListItem\",\"position\":2,\"name\":\"Educa\u00e7\u00e3o da Lideran\u00e7a para as Ministras Pastorais de Todo o Mundo\"}]},{\"@type\":\"WebSite\",\"@id\":\"https:\\\/\\\/watv.org\\\/pt\\\/#website\",\"url\":\"https:\\\/\\\/watv.org\\\/pt\\\/\",\"name\":\"Igreja de Deus Sociedade Mission\u00e1ria Mundial\",\"description\":\"With Mother\u2019s heartwarming love, we deliver eternal happiness to seven billion people in the world.\",\"publisher\":{\"@id\":\"https:\\\/\\\/watv.org\\\/pt\\\/#organization\"},\"potentialAction\":[{\"@type\":\"SearchAction\",\"target\":{\"@type\":\"EntryPoint\",\"urlTemplate\":\"https:\\\/\\\/watv.org\\\/pt\\\/?s={search_term_string}\"},\"query-input\":{\"@type\":\"PropertyValueSpecification\",\"valueRequired\":true,\"valueName\":\"search_term_string\"}}],\"inLanguage\":\"pt-BR\"},{\"@type\":\"Organization\",\"@id\":\"https:\\\/\\\/watv.org\\\/pt\\\/#organization\",\"name\":\"World Mission Society Church of God - \ud558\ub098\ub2d8\uc758\uad50\ud68c \uc138\uacc4\ubcf5\uc74c\uc120\uad50\ud611\ud68c\",\"url\":\"https:\\\/\\\/watv.org\\\/pt\\\/\",\"logo\":{\"@type\":\"ImageObject\",\"inLanguage\":\"pt-BR\",\"@id\":\"https:\\\/\\\/watv.org\\\/pt\\\/#\\\/schema\\\/logo\\\/image\\\/\",\"url\":\"https:\\\/\\\/watv.org\\\/wp-content\\\/uploads\\\/2022\\\/06\\\/WorldMissionSociety_ChurchofGod_Symbol_Logo.png\",\"contentUrl\":\"https:\\\/\\\/watv.org\\\/wp-content\\\/uploads\\\/2022\\\/06\\\/WorldMissionSociety_ChurchofGod_Symbol_Logo.png\",\"width\":1001,\"height\":1331,\"caption\":\"World Mission Society Church of God - \ud558\ub098\ub2d8\uc758\uad50\ud68c \uc138\uacc4\ubcf5\uc74c\uc120\uad50\ud611\ud68c\"},\"image\":{\"@id\":\"https:\\\/\\\/watv.org\\\/pt\\\/#\\\/schema\\\/logo\\\/image\\\/\"},\"sameAs\":[\"https:\\\/\\\/www.youtube.com\\\/channel\\\/UCioiBk9rS5Dv5j66hUipsuQ\"]},{\"@type\":\"Person\",\"@id\":\"https:\\\/\\\/watv.org\\\/pt\\\/#\\\/schema\\\/person\\\/a58a271de4ef926ff9477cac3b74b5d5\",\"name\":\"ss\"}]}<\/script>\n<!-- \/ Yoast SEO plugin. -->","yoast_head_json":{"title":"Educa\u00e7\u00e3o da Lideran\u00e7a para as Ministras Pastorais de Todo o Mundo - Igreja de Deus Sociedade Mission\u00e1ria Mundial","robots":{"index":"index","follow":"follow","max-snippet":"max-snippet:-1","max-image-preview":"max-image-preview:large","max-video-preview":"max-video-preview:-1"},"canonical":"https:\/\/watv.org\/pt\/global-leadership-conference-for-the-female-pastoral-staff\/","og_locale":"pt_BR","og_type":"article","og_title":"Educa\u00e7\u00e3o da Lideran\u00e7a para as Ministras Pastorais de Todo o Mundo - Igreja de Deus Sociedade Mission\u00e1ria Mundial","og_description":"H\u00e1 ministras pastorais, isto \u00e9, esposas dos ministros pastorais, que est\u00e3o servindo aos membros da Igreja e mantendo a Igreja frugalmente, ao lado dos ministros pastorais da Igreja de Deus no mundo inteiro, juntos est\u00e3o trabalhando duro para o evangelho com o fim de completar o movimento de pregar a sete bilh\u00f5es de pessoas. No...","og_url":"https:\/\/watv.org\/pt\/global-leadership-conference-for-the-female-pastoral-staff\/","og_site_name":"Igreja de Deus Sociedade Mission\u00e1ria Mundial","article_published_time":"2019-04-27T10:16:33+00:00","article_modified_time":"2025-01-02T03:02:33+00:00","og_image":[{"width":2400,"height":1600,"url":"https:\/\/watv.org\/wp-content\/uploads\/2019\/06\/news_190427_02@2x.jpg","type":"image\/jpeg"}],"author":"ss","twitter_card":"summary_large_image","schema":{"@context":"https:\/\/schema.org","@graph":[{"@type":"Article","@id":"https:\/\/watv.org\/pt\/global-leadership-conference-for-the-female-pastoral-staff\/#article","isPartOf":{"@id":"https:\/\/watv.org\/pt\/global-leadership-conference-for-the-female-pastoral-staff\/"},"author":{"name":"ss","@id":"https:\/\/watv.org\/pt\/#\/schema\/person\/a58a271de4ef926ff9477cac3b74b5d5"},"headline":"Educa\u00e7\u00e3o da Lideran\u00e7a para as Ministras Pastorais de Todo o Mundo","datePublished":"2019-04-27T10:16:33+00:00","dateModified":"2025-01-02T03:02:33+00:00","mainEntityOfPage":{"@id":"https:\/\/watv.org\/pt\/global-leadership-conference-for-the-female-pastoral-staff\/"},"wordCount":983,"publisher":{"@id":"https:\/\/watv.org\/pt\/#organization"},"image":{"@id":"https:\/\/watv.org\/pt\/global-leadership-conference-for-the-female-pastoral-staff\/#primaryimage"},"thumbnailUrl":"https:\/\/watv.org\/wp-content\/uploads\/2019\/06\/news_190427_02@2x.jpg","articleSection":["Sede Mundial","Not\u00edcias Globais"],"inLanguage":"pt-BR"},{"@type":"WebPage","@id":"https:\/\/watv.org\/pt\/global-leadership-conference-for-the-female-pastoral-staff\/","url":"https:\/\/watv.org\/pt\/global-leadership-conference-for-the-female-pastoral-staff\/","name":"Educa\u00e7\u00e3o da Lideran\u00e7a para as Ministras Pastorais de Todo o Mundo - Igreja de Deus Sociedade Mission\u00e1ria Mundial","isPartOf":{"@id":"https:\/\/watv.org\/pt\/#website"},"primaryImageOfPage":{"@id":"https:\/\/watv.org\/pt\/global-leadership-conference-for-the-female-pastoral-staff\/#primaryimage"},"image":{"@id":"https:\/\/watv.org\/pt\/global-leadership-conference-for-the-female-pastoral-staff\/#primaryimage"},"thumbnailUrl":"https:\/\/watv.org\/wp-content\/uploads\/2019\/06\/news_190427_02@2x.jpg","datePublished":"2019-04-27T10:16:33+00:00","dateModified":"2025-01-02T03:02:33+00:00","breadcrumb":{"@id":"https:\/\/watv.org\/pt\/global-leadership-conference-for-the-female-pastoral-staff\/#breadcrumb"},"inLanguage":"pt-BR","potentialAction":[{"@type":"ReadAction","target":["https:\/\/watv.org\/pt\/global-leadership-conference-for-the-female-pastoral-staff\/"]}]},{"@type":"ImageObject","inLanguage":"pt-BR","@id":"https:\/\/watv.org\/pt\/global-leadership-conference-for-the-female-pastoral-staff\/#primaryimage","url":"https:\/\/watv.org\/wp-content\/uploads\/2019\/06\/news_190427_02@2x.jpg","contentUrl":"https:\/\/watv.org\/wp-content\/uploads\/2019\/06\/news_190427_02@2x.jpg","width":2400,"height":1600},{"@type":"BreadcrumbList","@id":"https:\/\/watv.org\/pt\/global-leadership-conference-for-the-female-pastoral-staff\/#breadcrumb","itemListElement":[{"@type":"ListItem","position":1,"name":"Home","item":"https:\/\/watv.org\/pt\/"},{"@type":"ListItem","position":2,"name":"Educa\u00e7\u00e3o da Lideran\u00e7a para as Ministras Pastorais de Todo o Mundo"}]},{"@type":"WebSite","@id":"https:\/\/watv.org\/pt\/#website","url":"https:\/\/watv.org\/pt\/","name":"Igreja de Deus Sociedade Mission\u00e1ria Mundial","description":"With Mother\u2019s heartwarming love, we deliver eternal happiness to seven billion people in the world.","publisher":{"@id":"https:\/\/watv.org\/pt\/#organization"},"potentialAction":[{"@type":"SearchAction","target":{"@type":"EntryPoint","urlTemplate":"https:\/\/watv.org\/pt\/?s={search_term_string}"},"query-input":{"@type":"PropertyValueSpecification","valueRequired":true,"valueName":"search_term_string"}}],"inLanguage":"pt-BR"},{"@type":"Organization","@id":"https:\/\/watv.org\/pt\/#organization","name":"World Mission Society Church of God - \ud558\ub098\ub2d8\uc758\uad50\ud68c \uc138\uacc4\ubcf5\uc74c\uc120\uad50\ud611\ud68c","url":"https:\/\/watv.org\/pt\/","logo":{"@type":"ImageObject","inLanguage":"pt-BR","@id":"https:\/\/watv.org\/pt\/#\/schema\/logo\/image\/","url":"https:\/\/watv.org\/wp-content\/uploads\/2022\/06\/WorldMissionSociety_ChurchofGod_Symbol_Logo.png","contentUrl":"https:\/\/watv.org\/wp-content\/uploads\/2022\/06\/WorldMissionSociety_ChurchofGod_Symbol_Logo.png","width":1001,"height":1331,"caption":"World Mission Society Church of God - \ud558\ub098\ub2d8\uc758\uad50\ud68c \uc138\uacc4\ubcf5\uc74c\uc120\uad50\ud611\ud68c"},"image":{"@id":"https:\/\/watv.org\/pt\/#\/schema\/logo\/image\/"},"sameAs":["https:\/\/www.youtube.com\/channel\/UCioiBk9rS5Dv5j66hUipsuQ"]},{"@type":"Person","@id":"https:\/\/watv.org\/pt\/#\/schema\/person\/a58a271de4ef926ff9477cac3b74b5d5","name":"ss"}]}},"_links":{"self":[{"href":"https:\/\/watv.org\/pt\/wp-json\/wp\/v2\/posts\/21236","targetHints":{"allow":["GET"]}}],"collection":[{"href":"https:\/\/watv.org\/pt\/wp-json\/wp\/v2\/posts"}],"about":[{"href":"https:\/\/watv.org\/pt\/wp-json\/wp\/v2\/types\/post"}],"author":[{"embeddable":true,"href":"https:\/\/watv.org\/pt\/wp-json\/wp\/v2\/users\/21"}],"replies":[{"embeddable":true,"href":"https:\/\/watv.org\/pt\/wp-json\/wp\/v2\/comments?post=21236"}],"version-history":[{"count":1,"href":"https:\/\/watv.org\/pt\/wp-json\/wp\/v2\/posts\/21236\/revisions"}],"predecessor-version":[{"id":21238,"href":"https:\/\/watv.org\/pt\/wp-json\/wp\/v2\/posts\/21236\/revisions\/21238"}],"wp:featuredmedia":[{"embeddable":true,"href":"https:\/\/watv.org\/pt\/wp-json\/wp\/v2\/media\/21237"}],"wp:attachment":[{"href":"https:\/\/watv.org\/pt\/wp-json\/wp\/v2\/media?parent=21236"}],"wp:term":[{"taxonomy":"category","embeddable":true,"href":"https:\/\/watv.org\/pt\/wp-json\/wp\/v2\/categories?post=21236"},{"taxonomy":"post_tag","embeddable":true,"href":"https:\/\/watv.org\/pt\/wp-json\/wp\/v2\/tags?post=21236"}],"curies":[{"name":"wp","href":"https:\/\/api.w.org\/{rel}","templated":true}]}}