{"id":21260,"date":"2018-11-22T16:50:53","date_gmt":"2018-11-22T07:50:53","guid":{"rendered":"https:\/\/watv.org\/asez-talk-concert-2018\/"},"modified":"2021-11-25T15:12:05","modified_gmt":"2021-11-25T06:12:05","slug":"asez-talk-concert-2018","status":"publish","type":"post","link":"https:\/\/watv.org\/pt\/asez-talk-concert-2018\/","title":{"rendered":"Concerto de Conversa para as Contramedidas \u00e0s Mudan\u00e7as Clim\u00e1ticas do ASEZ 2018"},"content":{"rendered":"<p>Em outubro, Mami Mizutori, que \u00e9 a representante especial do Escrit\u00f3rio das Na\u00e7\u00f5es Unidas para a Redu\u00e7\u00e3o do Risco de Desastres (UNISDR), disse em um relat\u00f3rio: \u201c[&#8230;] as perdas econ\u00f4micas causadas pela extrema mudan\u00e7a clim\u00e1tica \u00e9 insustent\u00e1vel [&#8230;]\u201d \u00c9 por isso que os especialistas apontam que a comunidade internacional deve estar ativa para resolver os problemas ambientais. <\/p>\n<p>No dia 22 de novembro, o \u201cConcerto de Conversa para as Contramedidas \u00e0s Mudan\u00e7as Clim\u00e1ticas do ASEZ 2018\u201d foi aberto na sala de semin\u00e1rio do Templo da Nova Jerusal\u00e9m em Pangyo, na Coreia, com o fim de atrair aten\u00e7\u00e3o mundial \u00e0s mudan\u00e7as clim\u00e1ticas e compartilhar as opini\u00f5es e pontos de vista criativos dos universit\u00e1rios, os protagonistas da gera\u00e7\u00e3o futura. Duberli Apolinar Rodriguez Tineo, juiz do Supremo Tribunal do Peru, que participou do F\u00f3rum Global do ASEZ realizado no Peru em outubro, visitou a Coreia para dar palestra. E cerca de 600 universit\u00e1rios do ASEZ (Voluntariado Universit\u00e1rio da Igreja de Deus Sociedade Mission\u00e1ria Mundial) da Coreia e do exterior como EUA, Rep. da \u00c1frica do Sul, Filipinas e Peru, compareceram ao local do evento.<\/p>\n<div class=\"divide limit\">\n<figure>\n  <picture class=\"copyright\"><source media=\"(max-width:450px)\" srcset=\"\/wp-content\/themes\/watv\/images\/posts\/news_181122_01.jpg\"><img decoding=\"async\" src=\"\/wp-content\/themes\/watv\/images\/posts\/news_181122_01.jpg\"\n     srcset=\"\/wp-content\/themes\/watv\/images\/posts\/news_181122_01.jpg,\n             \/wp-content\/themes\/watv\/images\/posts\/news_181122_01@2x.jpg 2x\">\n  <\/picture>\n <\/figure>\n<figure>\n  <picture class=\"copyright\"><source media=\"(max-width:450px)\" srcset=\"\/wp-content\/themes\/watv\/images\/posts\/news_181122_02.jpg\"><img decoding=\"async\" src=\"\/wp-content\/themes\/watv\/images\/posts\/news_181122_02.jpg\"\n     srcset=\"\/wp-content\/themes\/watv\/images\/posts\/news_181122_02.jpg,\n             \/wp-content\/themes\/watv\/images\/posts\/news_181122_02@2x.jpg 2x\">\n  <\/picture>\n <\/figure>\n<\/div>\n<p>No come\u00e7o do evento, o Pastor Geral Kim Joo-cheol orou para que a b\u00ean\u00e7\u00e3o de Deus fosse derramada sobre os universit\u00e1rios que se esfor\u00e7am para a terra criada por Deus voltar a ficar linda. E atrav\u00e9s das suas sauda\u00e7\u00f5es de abertura ele os encorajou, dizendo: \u201cH\u00e1 2.000 anos, atrav\u00e9s do sacrif\u00edcio de um s\u00f3 homem, Jesus Cristo, o caminho da salva\u00e7\u00e3o foi aberto a toda a humanidade. Todas as a\u00e7\u00f5es de cada universit\u00e1rio que tem amor humanit\u00e1rio, entusiasmo ardente e intelectualidade semeados por Deus, tornar\u00e3o a aldeia global mais bela e esperan\u00e7osa\u201d. <\/p>\n<p>O tema do concerto de conversa era \u201cContramedidas \u00e0s Mudan\u00e7as Clim\u00e1ticas e o Papel das Universidades\u201d. O juiz do Supremo Tribunal do Peru, Rodriguez, o ex-presidente do Supremo Tribunal de Justi\u00e7a do Peru e atual embaixador ambiental da boa vontade da Organiza\u00e7\u00e3o dos Estados Americanos, apontou que os gases de efeito estufa \u00e9 a principal causa das mudan\u00e7as clim\u00e1ticas na sua palestra; a floresta amaz\u00f4nica, o pulm\u00e3o do mundo, est\u00e1 sendo derrubada drasticamente e isso dificulta a redu\u00e7\u00e3o de di\u00f3xido de carbono no ar, agravando o dano. E referindo aos exemplos dos pa\u00edses da Am\u00e9rica do Sul como Uruguai e Costa Rica, sugeriu a legisla\u00e7\u00e3o para reduzir a emiss\u00e3o de di\u00f3xido do carbono e implementa\u00e7\u00e3o de pol\u00edtica em n\u00edvel governamental. Ele disse detalhadamente sobre os planos de a\u00e7\u00e3o para os universit\u00e1rios: \u201cVoc\u00eas devem se tornar os l\u00edderes que reduzem o uso de combust\u00edveis f\u00f3sseis e se esfor\u00e7am para a pesquisa e o uso de energia nova e renov\u00e1vel\u201d.<\/p>\n<div class=\"divide limit\">\n<figure>\n  <picture class=\"copyright\"><source media=\"(max-width:450px)\" srcset=\"\/wp-content\/themes\/watv\/images\/posts\/news_181122_03.jpg\"><img decoding=\"async\" src=\"\/wp-content\/themes\/watv\/images\/posts\/news_181122_03.jpg\"\n     srcset=\"\/wp-content\/themes\/watv\/images\/posts\/news_181122_03.jpg,\n             \/wp-content\/themes\/watv\/images\/posts\/news_181122_03@2x.jpg 2x\">\n  <\/picture>\n <\/figure>\n<figure>\n  <picture class=\"copyright\"><source media=\"(max-width:450px)\" srcset=\"\/wp-content\/themes\/watv\/images\/posts\/news_181122_04.jpg\"><img decoding=\"async\" src=\"\/wp-content\/themes\/watv\/images\/posts\/news_181122_04.jpg\"\n     srcset=\"\/wp-content\/themes\/watv\/images\/posts\/news_181122_04.jpg,\n             \/wp-content\/themes\/watv\/images\/posts\/news_181122_04@2x.jpg 2x\">\n  <\/picture>\n <\/figure>\n<\/div>\n<p>Em seguida, a apresenta\u00e7\u00e3o dos universit\u00e1rios foi realizada. Os membros do ASEZ dos EUA, Rep. da \u00c1frica do Sul e Peru apresentaram sobre os desastres clim\u00e1ticos como secas, ondas de calor e chuvas fortes, atividades de conscientiza\u00e7\u00e3o (semin\u00e1rios, f\u00f3runs, exposi\u00e7\u00f5es e campanhas relacionadas) para resolver estes desastres e campanhas de limpeza ambiental em coopera\u00e7\u00e3o com organiza\u00e7\u00f5es ambientais, explorando o papel dos universit\u00e1rios. <\/p>\n<p>No local de evento adicional, os pain\u00e9is foram exibidos, mostrando a gravidade das mudan\u00e7as clim\u00e1ticas e apresentando as atividades do ASEZ. Os universit\u00e1rios assistiram \u00e0s exibi\u00e7\u00f5es e trocaram suas ideias escrevendo seus planos de a\u00e7\u00f5es, simples mas espirituosos, em um painel grande, como \u201cPraticar coleta seletiva de lixo\u201d, \u201cN\u00e3o deixe equipamentos em modo stand by. Vamos tirar o plugue da tomada, quando n\u00e3o usamos\u201d, \u201cUsar o transporte p\u00fablico e andar a p\u00e9\u201d, \u201cUsar v\u00e1rias camadas de roupa grossa\u201d, \u201cAssistir bem aula de engenharia ambiental\u201d e \u201cTerra, eu te amo! Eu, n\u00f3s e o ASEZ, iremos te proteger\u201d. <\/p>\n<div class=\"divide limit\">\n<figure>\n  <picture class=\"copyright\"><source media=\"(max-width:450px)\" srcset=\"\/wp-content\/themes\/watv\/images\/posts\/news_181122_05.jpg\"><img decoding=\"async\" src=\"\/wp-content\/themes\/watv\/images\/posts\/news_181122_05.jpg\"\n     srcset=\"\/wp-content\/themes\/watv\/images\/posts\/news_181122_05.jpg,\n             \/wp-content\/themes\/watv\/images\/posts\/news_181122_05@2x.jpg 2x\">\n  <\/picture>\n <\/figure>\n<figure>\n  <picture class=\"copyright\"><source media=\"(max-width:450px)\" srcset=\"\/wp-content\/themes\/watv\/images\/posts\/news_181122_06.jpg\"><img decoding=\"async\" src=\"\/wp-content\/themes\/watv\/images\/posts\/news_181122_06.jpg\"\n     srcset=\"\/wp-content\/themes\/watv\/images\/posts\/news_181122_06.jpg,\n             \/wp-content\/themes\/watv\/images\/posts\/news_181122_06@2x.jpg 2x\">\n  <\/picture>\n <\/figure>\n<figure>\n  <picture class=\"copyright\"><source media=\"(max-width:450px)\" srcset=\"\/wp-content\/themes\/watv\/images\/posts\/news_181122_07.jpg\"><img decoding=\"async\" src=\"\/wp-content\/themes\/watv\/images\/posts\/news_181122_07.jpg\"\n     srcset=\"\/wp-content\/themes\/watv\/images\/posts\/news_181122_07.jpg,\n             \/wp-content\/themes\/watv\/images\/posts\/news_181122_07@2x.jpg 2x\">\n  <\/picture>\n <\/figure>\n<figure>\n  <picture class=\"copyright\"><source media=\"(max-width:450px)\" srcset=\"\/wp-content\/themes\/watv\/images\/posts\/news_181122_08.jpg\"><img decoding=\"async\" src=\"\/wp-content\/themes\/watv\/images\/posts\/news_181122_08.jpg\"\n     srcset=\"\/wp-content\/themes\/watv\/images\/posts\/news_181122_08.jpg,\n             \/wp-content\/themes\/watv\/images\/posts\/news_181122_08@2x.jpg 2x\">\n  <\/picture>\n <\/figure>\n<\/div>\n<p>O irm\u00e3o Alexander (San Diego, CA, EUA), que apresentou o tema \u201cQuest\u00e3o da Gera\u00e7\u00e3o do Mil\u00eanio\u201d, disse: \u201cOs problemas ambientais que enfrentamos hoje n\u00e3o podem ser resolvidos apenas por indiv\u00edduos ou pa\u00edses, mas por todos juntos. J\u00e1 que \u00e9 importante compartilhar informa\u00e7\u00f5es para descobrir qual \u00e9 o problema e encontrar uma solu\u00e7\u00e3o, eu queria transmitir uma mensagem aos universit\u00e1rios para juntar suas for\u00e7as e agir\u201d.<\/p>\n<p>O ASEZ est\u00e1 realizando todo tipo de atividades para o futuro da humanidade e do meio ambiente da Terra com o amor da m\u00e3e que cuida de sua fam\u00edlia. A comunidade internacional est\u00e1 prestando aten\u00e7\u00e3o no pr\u00f3ximo passo do ASEZ que est\u00e1 expandindo suas atividades ao construir parcerias com a ONU, organiza\u00e7\u00f5es governamentais e organiza\u00e7\u00f5es internacionais.<\/p>\n<figure class=\"limit\">\n <picture class=\"copyright\"><source media=\"(max-width:450px)\" srcset=\"\/wp-content\/themes\/watv\/images\/posts\/news_181122_09.jpg\"><img decoding=\"async\" src=\"\/wp-content\/themes\/watv\/images\/posts\/news_181122_09.jpg\"\n    srcset=\"\/wp-content\/themes\/watv\/images\/posts\/news_181122_09.jpg,\n            \/wp-content\/themes\/watv\/images\/posts\/news_181122_09@2x.jpg 2x\">\n <\/picture>\n<\/figure>\n<dl>\n<dt>Os membros do ASEZ participaram do evento do \u201cDia Internacional para a Toler\u00e2ncia\u201d e fizeram discursos na sede das Na\u00e7\u00f5es Unidas.<\/dt>\n<dd>Dia 16 de novembro \u00e9 o \u201cDia Internacional para a Toler\u00e2ncia\u201d institu\u00eddo pela ONU. O objetivo do dia \u00e9 abrir o caminho da paz e da conviv\u00eancia, respeitando e compreendendo um ao outro ultrapassando as barreiras da ra\u00e7a, g\u00eanero, origem, religi\u00e3o e defici\u00eancia.<\/dd>\n<dd>Cerca de 100 membros do ASEZ participaram do evento \u201cCreators for Change (Criadores para a Mudan\u00e7a)\u201d coorganizado pela ONU e pelo YouTube em comemora\u00e7\u00e3o do Dia Internacional para a Toler\u00e2ncia deste ano que marca o 70\u00ba anivers\u00e1rio da Declara\u00e7\u00e3o Universal dos Direitos Humanos. No concurso preliminar do v\u00eddeo promocional da Declara\u00e7\u00e3o Universal dos Direitos Humanos para estudantes de 15 a 24 anos em todo o mundo, quatro obras excelentes foram selecionados e 750 universit\u00e1rios foram convidados para o evento, e os membros do ASEZ que exibiram o v\u00eddeo tamb\u00e9m foram convidados para o evento. O evento contou com a presen\u00e7a do Departamento de Informa\u00e7\u00e3o P\u00fablica (DPI) da ONU, Escrit\u00f3rio do Alto Comissariado das Na\u00e7\u00f5es Unidas para os Direitos Humanos (ACNUDH), funcion\u00e1rios do YouTube e produtores de v\u00eddeo.<\/dd>\n<dd>A irm\u00e3 Aurora Sainez, o membro do ASEZ (San Diego, CA, EUA), que era oradora na ordem de apresenta\u00e7\u00e3o das obras excelentes, destacou a proibi\u00e7\u00e3o de discrimina\u00e7\u00e3o (artigo 2) e o direito de trabalhar livremente (artigo 23) da Declara\u00e7\u00e3o Universal dos Direitos Humanos atrav\u00e9s de um v\u00eddeo que ela e outros membros fizeram. \u201cRevelar e educar sobre os problemas que temos, nos trar\u00e3o mudan\u00e7a\u201d, disse irm\u00e3 Sainez. E apresentando os esfor\u00e7os do ASEZ para criar um mundo sem discrimina\u00e7\u00e3o em termos de direitos humanos, bem-estar e meio ambiente, pediu aos participantes que trabalhassem juntos.<\/dd>\n<\/dl>\n","protected":false},"excerpt":{"rendered":"Em outubro, Mami Mizutori, que \u00e9 a representante especial do Escrit\u00f3rio das Na\u00e7\u00f5es Unidas para a Redu\u00e7\u00e3o do Risco de Desastres (UNISDR), disse em um relat\u00f3rio: \u201c[&#8230;] as perdas econ\u00f4micas causadas pela extrema mudan\u00e7a clim\u00e1tica \u00e9 insustent\u00e1vel [&#8230;]\u201d \u00c9 por isso que os especialistas apontam que a comunidade internacional deve estar ativa para resolver os&#8230;","protected":false},"author":21,"featured_media":21261,"comment_status":"closed","ping_status":"closed","sticky":false,"template":"post-type\/post-type-header-full-screen.php","format":"standard","meta":{"footnotes":""},"categories":[348,347],"tags":[],"class_list":["post-21260","post","type-post","status-publish","format-standard","has-post-thumbnail","hentry","category-news","category-global-news"],"yoast_head":"<!-- This site is optimized with the Yoast SEO plugin v27.4 - https:\/\/yoast.com\/product\/yoast-seo-wordpress\/ -->\n<title>Concerto de Conversa para as Contramedidas \u00e0s Mudan\u00e7as Clim\u00e1ticas do ASEZ 2018 - Igreja de Deus Sociedade Mission\u00e1ria Mundial<\/title>\n<meta name=\"robots\" content=\"index, follow, max-snippet:-1, max-image-preview:large, max-video-preview:-1\" \/>\n<link rel=\"canonical\" href=\"https:\/\/watv.org\/pt\/asez-talk-concert-2018\/\" \/>\n<meta property=\"og:locale\" content=\"pt_BR\" \/>\n<meta property=\"og:type\" content=\"article\" \/>\n<meta property=\"og:title\" content=\"Concerto de Conversa para as Contramedidas \u00e0s Mudan\u00e7as Clim\u00e1ticas do ASEZ 2018 - Igreja de Deus Sociedade Mission\u00e1ria Mundial\" \/>\n<meta property=\"og:description\" content=\"Em outubro, Mami Mizutori, que \u00e9 a representante especial do Escrit\u00f3rio das Na\u00e7\u00f5es Unidas para a Redu\u00e7\u00e3o do Risco de Desastres (UNISDR), disse em um relat\u00f3rio: \u201c[&#8230;] as perdas econ\u00f4micas causadas pela extrema mudan\u00e7a clim\u00e1tica \u00e9 insustent\u00e1vel [&#8230;]\u201d \u00c9 por isso que os especialistas apontam que a comunidade internacional deve estar ativa para resolver os...\" \/>\n<meta property=\"og:url\" content=\"https:\/\/watv.org\/pt\/asez-talk-concert-2018\/\" \/>\n<meta property=\"og:site_name\" content=\"Igreja de Deus Sociedade Mission\u00e1ria Mundial\" \/>\n<meta property=\"article:published_time\" content=\"2018-11-22T07:50:53+00:00\" \/>\n<meta property=\"article:modified_time\" content=\"2021-11-25T06:12:05+00:00\" \/>\n<meta property=\"og:image\" content=\"https:\/\/watv.org\/wp-content\/uploads\/2019\/06\/news_181122_00@2x.jpg\" \/>\n\t<meta property=\"og:image:width\" content=\"2400\" \/>\n\t<meta property=\"og:image:height\" content=\"1550\" \/>\n\t<meta property=\"og:image:type\" content=\"image\/jpeg\" \/>\n<meta name=\"author\" content=\"ss\" \/>\n<meta name=\"twitter:card\" content=\"summary_large_image\" \/>\n<script type=\"application\/ld+json\" class=\"yoast-schema-graph\">{\"@context\":\"https:\\\/\\\/schema.org\",\"@graph\":[{\"@type\":\"Article\",\"@id\":\"https:\\\/\\\/watv.org\\\/pt\\\/asez-talk-concert-2018\\\/#article\",\"isPartOf\":{\"@id\":\"https:\\\/\\\/watv.org\\\/pt\\\/asez-talk-concert-2018\\\/\"},\"author\":{\"name\":\"ss\",\"@id\":\"https:\\\/\\\/watv.org\\\/pt\\\/#\\\/schema\\\/person\\\/a58a271de4ef926ff9477cac3b74b5d5\"},\"headline\":\"Concerto de Conversa para as Contramedidas \u00e0s Mudan\u00e7as Clim\u00e1ticas do ASEZ 2018\",\"datePublished\":\"2018-11-22T07:50:53+00:00\",\"dateModified\":\"2021-11-25T06:12:05+00:00\",\"mainEntityOfPage\":{\"@id\":\"https:\\\/\\\/watv.org\\\/pt\\\/asez-talk-concert-2018\\\/\"},\"wordCount\":1123,\"publisher\":{\"@id\":\"https:\\\/\\\/watv.org\\\/pt\\\/#organization\"},\"image\":{\"@id\":\"https:\\\/\\\/watv.org\\\/pt\\\/asez-talk-concert-2018\\\/#primaryimage\"},\"thumbnailUrl\":\"https:\\\/\\\/watv.org\\\/wp-content\\\/uploads\\\/2019\\\/06\\\/news_181122_00@2x.jpg\",\"articleSection\":[\"Sede Mundial\",\"Not\u00edcias Globais\"],\"inLanguage\":\"pt-BR\"},{\"@type\":\"WebPage\",\"@id\":\"https:\\\/\\\/watv.org\\\/pt\\\/asez-talk-concert-2018\\\/\",\"url\":\"https:\\\/\\\/watv.org\\\/pt\\\/asez-talk-concert-2018\\\/\",\"name\":\"Concerto de Conversa para as Contramedidas \u00e0s Mudan\u00e7as Clim\u00e1ticas do ASEZ 2018 - Igreja de Deus Sociedade Mission\u00e1ria Mundial\",\"isPartOf\":{\"@id\":\"https:\\\/\\\/watv.org\\\/pt\\\/#website\"},\"primaryImageOfPage\":{\"@id\":\"https:\\\/\\\/watv.org\\\/pt\\\/asez-talk-concert-2018\\\/#primaryimage\"},\"image\":{\"@id\":\"https:\\\/\\\/watv.org\\\/pt\\\/asez-talk-concert-2018\\\/#primaryimage\"},\"thumbnailUrl\":\"https:\\\/\\\/watv.org\\\/wp-content\\\/uploads\\\/2019\\\/06\\\/news_181122_00@2x.jpg\",\"datePublished\":\"2018-11-22T07:50:53+00:00\",\"dateModified\":\"2021-11-25T06:12:05+00:00\",\"breadcrumb\":{\"@id\":\"https:\\\/\\\/watv.org\\\/pt\\\/asez-talk-concert-2018\\\/#breadcrumb\"},\"inLanguage\":\"pt-BR\",\"potentialAction\":[{\"@type\":\"ReadAction\",\"target\":[\"https:\\\/\\\/watv.org\\\/pt\\\/asez-talk-concert-2018\\\/\"]}]},{\"@type\":\"ImageObject\",\"inLanguage\":\"pt-BR\",\"@id\":\"https:\\\/\\\/watv.org\\\/pt\\\/asez-talk-concert-2018\\\/#primaryimage\",\"url\":\"https:\\\/\\\/watv.org\\\/wp-content\\\/uploads\\\/2019\\\/06\\\/news_181122_00@2x.jpg\",\"contentUrl\":\"https:\\\/\\\/watv.org\\\/wp-content\\\/uploads\\\/2019\\\/06\\\/news_181122_00@2x.jpg\",\"width\":2400,\"height\":1550},{\"@type\":\"BreadcrumbList\",\"@id\":\"https:\\\/\\\/watv.org\\\/pt\\\/asez-talk-concert-2018\\\/#breadcrumb\",\"itemListElement\":[{\"@type\":\"ListItem\",\"position\":1,\"name\":\"Home\",\"item\":\"https:\\\/\\\/watv.org\\\/pt\\\/\"},{\"@type\":\"ListItem\",\"position\":2,\"name\":\"Concerto de Conversa para as Contramedidas \u00e0s Mudan\u00e7as Clim\u00e1ticas do ASEZ 2018\"}]},{\"@type\":\"WebSite\",\"@id\":\"https:\\\/\\\/watv.org\\\/pt\\\/#website\",\"url\":\"https:\\\/\\\/watv.org\\\/pt\\\/\",\"name\":\"Igreja de Deus Sociedade Mission\u00e1ria Mundial\",\"description\":\"With Mother\u2019s heartwarming love, we deliver eternal happiness to seven billion people in the world.\",\"publisher\":{\"@id\":\"https:\\\/\\\/watv.org\\\/pt\\\/#organization\"},\"potentialAction\":[{\"@type\":\"SearchAction\",\"target\":{\"@type\":\"EntryPoint\",\"urlTemplate\":\"https:\\\/\\\/watv.org\\\/pt\\\/?s={search_term_string}\"},\"query-input\":{\"@type\":\"PropertyValueSpecification\",\"valueRequired\":true,\"valueName\":\"search_term_string\"}}],\"inLanguage\":\"pt-BR\"},{\"@type\":\"Organization\",\"@id\":\"https:\\\/\\\/watv.org\\\/pt\\\/#organization\",\"name\":\"World Mission Society Church of God - \ud558\ub098\ub2d8\uc758\uad50\ud68c \uc138\uacc4\ubcf5\uc74c\uc120\uad50\ud611\ud68c\",\"url\":\"https:\\\/\\\/watv.org\\\/pt\\\/\",\"logo\":{\"@type\":\"ImageObject\",\"inLanguage\":\"pt-BR\",\"@id\":\"https:\\\/\\\/watv.org\\\/pt\\\/#\\\/schema\\\/logo\\\/image\\\/\",\"url\":\"https:\\\/\\\/watv.org\\\/wp-content\\\/uploads\\\/2022\\\/06\\\/WorldMissionSociety_ChurchofGod_Symbol_Logo.png\",\"contentUrl\":\"https:\\\/\\\/watv.org\\\/wp-content\\\/uploads\\\/2022\\\/06\\\/WorldMissionSociety_ChurchofGod_Symbol_Logo.png\",\"width\":1001,\"height\":1331,\"caption\":\"World Mission Society Church of God - \ud558\ub098\ub2d8\uc758\uad50\ud68c \uc138\uacc4\ubcf5\uc74c\uc120\uad50\ud611\ud68c\"},\"image\":{\"@id\":\"https:\\\/\\\/watv.org\\\/pt\\\/#\\\/schema\\\/logo\\\/image\\\/\"},\"sameAs\":[\"https:\\\/\\\/www.youtube.com\\\/channel\\\/UCioiBk9rS5Dv5j66hUipsuQ\"]},{\"@type\":\"Person\",\"@id\":\"https:\\\/\\\/watv.org\\\/pt\\\/#\\\/schema\\\/person\\\/a58a271de4ef926ff9477cac3b74b5d5\",\"name\":\"ss\"}]}<\/script>\n<!-- \/ Yoast SEO plugin. -->","yoast_head_json":{"title":"Concerto de Conversa para as Contramedidas \u00e0s Mudan\u00e7as Clim\u00e1ticas do ASEZ 2018 - Igreja de Deus Sociedade Mission\u00e1ria Mundial","robots":{"index":"index","follow":"follow","max-snippet":"max-snippet:-1","max-image-preview":"max-image-preview:large","max-video-preview":"max-video-preview:-1"},"canonical":"https:\/\/watv.org\/pt\/asez-talk-concert-2018\/","og_locale":"pt_BR","og_type":"article","og_title":"Concerto de Conversa para as Contramedidas \u00e0s Mudan\u00e7as Clim\u00e1ticas do ASEZ 2018 - Igreja de Deus Sociedade Mission\u00e1ria Mundial","og_description":"Em outubro, Mami Mizutori, que \u00e9 a representante especial do Escrit\u00f3rio das Na\u00e7\u00f5es Unidas para a Redu\u00e7\u00e3o do Risco de Desastres (UNISDR), disse em um relat\u00f3rio: \u201c[&#8230;] as perdas econ\u00f4micas causadas pela extrema mudan\u00e7a clim\u00e1tica \u00e9 insustent\u00e1vel [&#8230;]\u201d \u00c9 por isso que os especialistas apontam que a comunidade internacional deve estar ativa para resolver os...","og_url":"https:\/\/watv.org\/pt\/asez-talk-concert-2018\/","og_site_name":"Igreja de Deus Sociedade Mission\u00e1ria Mundial","article_published_time":"2018-11-22T07:50:53+00:00","article_modified_time":"2021-11-25T06:12:05+00:00","og_image":[{"width":2400,"height":1550,"url":"https:\/\/watv.org\/wp-content\/uploads\/2019\/06\/news_181122_00@2x.jpg","type":"image\/jpeg"}],"author":"ss","twitter_card":"summary_large_image","schema":{"@context":"https:\/\/schema.org","@graph":[{"@type":"Article","@id":"https:\/\/watv.org\/pt\/asez-talk-concert-2018\/#article","isPartOf":{"@id":"https:\/\/watv.org\/pt\/asez-talk-concert-2018\/"},"author":{"name":"ss","@id":"https:\/\/watv.org\/pt\/#\/schema\/person\/a58a271de4ef926ff9477cac3b74b5d5"},"headline":"Concerto de Conversa para as Contramedidas \u00e0s Mudan\u00e7as Clim\u00e1ticas do ASEZ 2018","datePublished":"2018-11-22T07:50:53+00:00","dateModified":"2021-11-25T06:12:05+00:00","mainEntityOfPage":{"@id":"https:\/\/watv.org\/pt\/asez-talk-concert-2018\/"},"wordCount":1123,"publisher":{"@id":"https:\/\/watv.org\/pt\/#organization"},"image":{"@id":"https:\/\/watv.org\/pt\/asez-talk-concert-2018\/#primaryimage"},"thumbnailUrl":"https:\/\/watv.org\/wp-content\/uploads\/2019\/06\/news_181122_00@2x.jpg","articleSection":["Sede Mundial","Not\u00edcias Globais"],"inLanguage":"pt-BR"},{"@type":"WebPage","@id":"https:\/\/watv.org\/pt\/asez-talk-concert-2018\/","url":"https:\/\/watv.org\/pt\/asez-talk-concert-2018\/","name":"Concerto de Conversa para as Contramedidas \u00e0s Mudan\u00e7as Clim\u00e1ticas do ASEZ 2018 - Igreja de Deus Sociedade Mission\u00e1ria Mundial","isPartOf":{"@id":"https:\/\/watv.org\/pt\/#website"},"primaryImageOfPage":{"@id":"https:\/\/watv.org\/pt\/asez-talk-concert-2018\/#primaryimage"},"image":{"@id":"https:\/\/watv.org\/pt\/asez-talk-concert-2018\/#primaryimage"},"thumbnailUrl":"https:\/\/watv.org\/wp-content\/uploads\/2019\/06\/news_181122_00@2x.jpg","datePublished":"2018-11-22T07:50:53+00:00","dateModified":"2021-11-25T06:12:05+00:00","breadcrumb":{"@id":"https:\/\/watv.org\/pt\/asez-talk-concert-2018\/#breadcrumb"},"inLanguage":"pt-BR","potentialAction":[{"@type":"ReadAction","target":["https:\/\/watv.org\/pt\/asez-talk-concert-2018\/"]}]},{"@type":"ImageObject","inLanguage":"pt-BR","@id":"https:\/\/watv.org\/pt\/asez-talk-concert-2018\/#primaryimage","url":"https:\/\/watv.org\/wp-content\/uploads\/2019\/06\/news_181122_00@2x.jpg","contentUrl":"https:\/\/watv.org\/wp-content\/uploads\/2019\/06\/news_181122_00@2x.jpg","width":2400,"height":1550},{"@type":"BreadcrumbList","@id":"https:\/\/watv.org\/pt\/asez-talk-concert-2018\/#breadcrumb","itemListElement":[{"@type":"ListItem","position":1,"name":"Home","item":"https:\/\/watv.org\/pt\/"},{"@type":"ListItem","position":2,"name":"Concerto de Conversa para as Contramedidas \u00e0s Mudan\u00e7as Clim\u00e1ticas do ASEZ 2018"}]},{"@type":"WebSite","@id":"https:\/\/watv.org\/pt\/#website","url":"https:\/\/watv.org\/pt\/","name":"Igreja de Deus Sociedade Mission\u00e1ria Mundial","description":"With Mother\u2019s heartwarming love, we deliver eternal happiness to seven billion people in the world.","publisher":{"@id":"https:\/\/watv.org\/pt\/#organization"},"potentialAction":[{"@type":"SearchAction","target":{"@type":"EntryPoint","urlTemplate":"https:\/\/watv.org\/pt\/?s={search_term_string}"},"query-input":{"@type":"PropertyValueSpecification","valueRequired":true,"valueName":"search_term_string"}}],"inLanguage":"pt-BR"},{"@type":"Organization","@id":"https:\/\/watv.org\/pt\/#organization","name":"World Mission Society Church of God - \ud558\ub098\ub2d8\uc758\uad50\ud68c \uc138\uacc4\ubcf5\uc74c\uc120\uad50\ud611\ud68c","url":"https:\/\/watv.org\/pt\/","logo":{"@type":"ImageObject","inLanguage":"pt-BR","@id":"https:\/\/watv.org\/pt\/#\/schema\/logo\/image\/","url":"https:\/\/watv.org\/wp-content\/uploads\/2022\/06\/WorldMissionSociety_ChurchofGod_Symbol_Logo.png","contentUrl":"https:\/\/watv.org\/wp-content\/uploads\/2022\/06\/WorldMissionSociety_ChurchofGod_Symbol_Logo.png","width":1001,"height":1331,"caption":"World Mission Society Church of God - \ud558\ub098\ub2d8\uc758\uad50\ud68c \uc138\uacc4\ubcf5\uc74c\uc120\uad50\ud611\ud68c"},"image":{"@id":"https:\/\/watv.org\/pt\/#\/schema\/logo\/image\/"},"sameAs":["https:\/\/www.youtube.com\/channel\/UCioiBk9rS5Dv5j66hUipsuQ"]},{"@type":"Person","@id":"https:\/\/watv.org\/pt\/#\/schema\/person\/a58a271de4ef926ff9477cac3b74b5d5","name":"ss"}]}},"_links":{"self":[{"href":"https:\/\/watv.org\/pt\/wp-json\/wp\/v2\/posts\/21260","targetHints":{"allow":["GET"]}}],"collection":[{"href":"https:\/\/watv.org\/pt\/wp-json\/wp\/v2\/posts"}],"about":[{"href":"https:\/\/watv.org\/pt\/wp-json\/wp\/v2\/types\/post"}],"author":[{"embeddable":true,"href":"https:\/\/watv.org\/pt\/wp-json\/wp\/v2\/users\/21"}],"replies":[{"embeddable":true,"href":"https:\/\/watv.org\/pt\/wp-json\/wp\/v2\/comments?post=21260"}],"version-history":[{"count":2,"href":"https:\/\/watv.org\/pt\/wp-json\/wp\/v2\/posts\/21260\/revisions"}],"predecessor-version":[{"id":21264,"href":"https:\/\/watv.org\/pt\/wp-json\/wp\/v2\/posts\/21260\/revisions\/21264"}],"wp:featuredmedia":[{"embeddable":true,"href":"https:\/\/watv.org\/pt\/wp-json\/wp\/v2\/media\/21261"}],"wp:attachment":[{"href":"https:\/\/watv.org\/pt\/wp-json\/wp\/v2\/media?parent=21260"}],"wp:term":[{"taxonomy":"category","embeddable":true,"href":"https:\/\/watv.org\/pt\/wp-json\/wp\/v2\/categories?post=21260"},{"taxonomy":"post_tag","embeddable":true,"href":"https:\/\/watv.org\/pt\/wp-json\/wp\/v2\/tags?post=21260"}],"curies":[{"name":"wp","href":"https:\/\/api.w.org\/{rel}","templated":true}]}}