{"id":33201,"date":"2020-12-19T09:00:19","date_gmt":"2020-12-19T00:00:19","guid":{"rendered":"https:\/\/watv.org\/content-awards-2020\/"},"modified":"2021-11-25T15:21:37","modified_gmt":"2021-11-25T06:21:37","slug":"content-awards-2020","status":"publish","type":"post","link":"https:\/\/watv.org\/pt\/content-awards-2020\/","title":{"rendered":"Cerim\u00f4nia de Premia\u00e7\u00e3o do Conte\u00fado Cultural da Nova Jerusal\u00e9m 2020"},"content":{"rendered":"<figure>\n <picture class=\"copyright\"><source media=\"(max-width:450px)\" srcset=\"\/wp-content\/themes\/watv\/images\/posts\/news_201219_1.jpg\"><img decoding=\"async\" src=\"\/wp-content\/themes\/watv\/images\/posts\/news_201219_1.jpg\"\n     srcset=\"\/wp-content\/themes\/watv\/images\/posts\/news_201219_1.jpg,\n             \/wp-content\/themes\/watv\/images\/posts\/news_201219_1@2x.jpg 2x\">\n <\/picture>\n<\/figure>\n<p>A Cerim\u00f4nia de Premia\u00e7\u00e3o do Conte\u00fado Cultural da Nova Jerusal\u00e9m \u00e9 uma cerim\u00f4nia de premia\u00e7\u00e3o integrada a Premia\u00e7\u00e3o de Literatura Melquisedeque, Premia\u00e7\u00e3o do Festival de V\u00eddeos Elohim, Premia\u00e7\u00e3o de Apresenta\u00e7\u00e3o de Semin\u00e1rio B\u00edblico e Premia\u00e7\u00e3o de Concurso de Ideias e Conte\u00fados da Prega\u00e7\u00e3o. Por causa da COVID-19 em todo o mundo em 2020, foi omitida a cerim\u00f4nia de entrega de pr\u00eamios; em seu lugar, os certificados de pr\u00eamios e os presentes s\u00e3o entregues aos ganhadores atrav\u00e9s de suas Igrejas.<\/p>\n<p>Cada concurso foi realizado entre mar\u00e7o e setembro. \u00c0 medida que as atividades n\u00e3o presenciais foram se tornando mais ativas, como aulas online e trabalho remoto, houve uma crescente demanda de plataformas e conte\u00fados online. Por isso, os membros de todo o mundo mostraram grande interesse em produzir conte\u00fado do evangelho. Todos os participantes criaram conte\u00fados, seguindo as regras de preven\u00e7\u00e3o da COVID-19. Quanto \u00e0s equipes, elas colaboravam virtualmente compartilhando suas opini\u00f5es online.<\/p>\n<p>Este ano marca a 21\u00aa Premia\u00e7\u00e3o de Literatura Melquisedeque. Foram enviados mais de mil trabalhos em coreano, ingl\u00eas, espanhol, hindi e outros idiomas. Entre eles, 22 foram selecionados como ganhadores: ensaios que expressam com calma o amor sublime da M\u00e3e, fic\u00e7\u00f5es que retratam a saudade do Pai com c\u00e1lida sensibilidade, roteiros de teatros musicais que descrevem atrav\u00e9s das letras a import\u00e2ncia da considera\u00e7\u00e3o e compreens\u00e3o entre irm\u00e3os e irm\u00e3s, etc.<\/p>\n<p>A 6\u00aa Premia\u00e7\u00e3o do Festival de V\u00eddeos Elohim recebeu trabalhos em diferentes categorias de dura\u00e7\u00e3o: longa, m\u00e9dia, curta e ultracurta. O festival contou com a participa\u00e7\u00e3o de membros de v\u00e1rios pa\u00edses como EUA, Mong\u00f3lia e M\u00e9xico.  Dezesseis equipes de membros adultos e tr\u00eas equipes da \u00e1rea de estudantes receberam pr\u00eamios. A 5\u00aa Premia\u00e7\u00e3o de Apresenta\u00e7\u00e3o de Semin\u00e1rio B\u00edblico recebeu trabalhos que tratavam de temas b\u00edblicos e alguns outros temas como a cortesia e a apresenta\u00e7\u00e3o da Igreja. Os trabalhos, que transmitiram os temas de maneira concisa e clara atrav\u00e9s de dados objetivos e meios visuais, foram selecionados como ganhadores. Membros de diferentes pa\u00edses, como Austr\u00e1lia, Canad\u00e1, Peru, Filipinas e Rep. da \u00c1frica do Sul, enviaram suas inscri\u00e7\u00f5es e oito pessoas e oito equipes receberam pr\u00eamios com alegria.<\/p>\n<figure class=\"limit\">\n <picture class=\"copyright\"><source media=\"(max-width:450px)\" srcset=\"\/wp-content\/themes\/watv\/images\/posts\/news_201219_2.jpg\"><img decoding=\"async\" src=\"\/wp-content\/themes\/watv\/images\/posts\/news_201219_2.jpg\"\n    srcset=\"\/wp-content\/themes\/watv\/images\/posts\/news_201219_2.jpg,\n            \/wp-content\/themes\/watv\/images\/posts\/news_201219_2@2x.jpg 2x\">\n <\/picture>\n<\/figure>\n<div class=\"divide limit\">\n<figure>\n  <picture class=\"copyright\"><source media=\"(max-width:450px)\" srcset=\"\/wp-content\/themes\/watv\/images\/posts\/news_201219_3.jpg\"><img decoding=\"async\" src=\"\/wp-content\/themes\/watv\/images\/posts\/news_201219_3.jpg\"\n     srcset=\"\/wp-content\/themes\/watv\/images\/posts\/news_201219_3.jpg,\n             \/wp-content\/themes\/watv\/images\/posts\/news_201219_3@2x.jpg 2x\">\n  <\/picture>\n <\/figure>\n<figure>\n  <picture class=\"copyright\"><source media=\"(max-width:450px)\" srcset=\"\/wp-content\/themes\/watv\/images\/posts\/news_201219_4.jpg\"><img decoding=\"async\" src=\"\/wp-content\/themes\/watv\/images\/posts\/news_201219_4.jpg\"\n     srcset=\"\/wp-content\/themes\/watv\/images\/posts\/news_201219_4.jpg,\n             \/wp-content\/themes\/watv\/images\/posts\/news_201219_4@2x.jpg 2x\">\n  <\/picture>\n <\/figure>\n<\/div>\n<p>Em 2020, tamb\u00e9m foi realizado o Concurso de Ideias e Conte\u00fados da Prega\u00e7\u00e3o para o desenvolvimento de um brilhante e diversificado conte\u00fado de prega\u00e7\u00e3o, e para coletar grandes ideias. Este concurso foi realizado desde o dia 1\u00ba de mar\u00e7o at\u00e9 o dia 31 de maio. Mais de 1.900 membros de 33 pa\u00edses enviaram seus trabalhos em v\u00e1rias categorias, como novos conte\u00fados de prega\u00e7\u00e3o, apresenta\u00e7\u00f5es de semin\u00e1rios de cura em tr\u00eas idiomas: coreano, ingl\u00eas e espanhol. Todos os trabalhos foram avaliados de acordo com os seguintes padr\u00f5es: design, criatividade e autenticidade, e dezesseis membros receberam pr\u00eamios.<\/p>\n<p>A irm\u00e3 Ji Han-gyeol, ganhadora do pr\u00eamio de prata na se\u00e7\u00e3o de ensaio na Premia\u00e7\u00e3o de Literatura Melquisedeque, disse: \u201cNestes dias, as pessoas se comunicam com algu\u00e9m que est\u00e1 longe n\u00e3o apenas mediante livros, mas tamb\u00e9m pela internet. Em momentos como este, quando \u00e9 dif\u00edcil nos encontrar com os outros pessoalmente, quero confortar muitas pessoas escrevendo hist\u00f3rias emocionantes sobre a vida cotidiana\u201d. <\/p>\n<p>A Igreja de Deus se comunica com os membros de todo o mundo atrav\u00e9s de canais online, incluindo o <a href=\"https:\/\/watv.org\/pt\/\">site oficial (watv.org)<\/a>, aplicativos e YouTube, e prega o amor de Deus e a Nova Alian\u00e7a, a verdade da salva\u00e7\u00e3o, a 7,8 bilh\u00f5es de pessoas. O conte\u00fado diverso, que os membros de todo o mundo criaram com f\u00e9, sinceridade e paix\u00e3o, ser\u00e1 utilizado por v\u00e1rios meios de comunica\u00e7\u00e3o, como o site oficial da Igreja de Deus, revistas mensais, YouTube e semin\u00e1rios b\u00edblicos online.<\/p>\n<div class=\"divide limit\">\n<figure>\n  <picture class=\"copyright\"><source media=\"(max-width:450px)\" srcset=\"\/wp-content\/themes\/watv\/images\/posts\/news_201219_5.jpg\"><img decoding=\"async\" src=\"\/wp-content\/themes\/watv\/images\/posts\/news_201219_5.jpg\"\n     srcset=\"\/wp-content\/themes\/watv\/images\/posts\/news_201219_5.jpg,\n             \/wp-content\/themes\/watv\/images\/posts\/news_201219_5@2x.jpg 2x\">\n  <\/picture>\n <\/figure>\n<figure>\n  <picture class=\"copyright\"><source media=\"(max-width:450px)\" srcset=\"\/wp-content\/themes\/watv\/images\/posts\/news_201219_6.jpg\"><img decoding=\"async\" src=\"\/wp-content\/themes\/watv\/images\/posts\/news_201219_6.jpg\"\n     srcset=\"\/wp-content\/themes\/watv\/images\/posts\/news_201219_6.jpg,\n             \/wp-content\/themes\/watv\/images\/posts\/news_201219_6@2x.jpg 2x\">\n  <\/picture>\n <\/figure>\n<\/div>\n<h3>Entrevista com os Ganhadores de Pr\u00eamios do Conte\u00fado Cultural da Nova Jerusal\u00e9m 2020<\/h3>\n<blockquote><p>Realmente dou gra\u00e7as a Deus por me permitir receber um pr\u00eamio t\u00e3o grande. Para mim, foi um grande desafio escrever roteiros de teatro musical. Como n\u00e3o era um campo comum, com frequ\u00eancia tinha que obter ajuda de livros e v\u00eddeos. Al\u00e9m disso, n\u00e3o era apenas algumas coisas que eu precisava cuidar. Tive que escrever cuidadosamente as falas, a letra da m\u00fasica e tamb\u00e9m preparar cen\u00e1rios. Ainda assim, pude terminar os roteiros por ter o objetivo de compartilhar o entendimento que obtive em minha vida di\u00e1ria com meus irm\u00e3os.<br>\nContinuarei escrevendo com dilig\u00eancia com o objetivo de participar do evangelho anunciando ao mundo as not\u00edcias da salva\u00e7\u00e3o e a esperan\u00e7a atrav\u00e9s dos escritos.\n<small>Pr\u00eamio de Ouro da Premia\u00e7\u00e3o de Literatura Melquisedeque na Se\u00e7\u00e3o de Roteiro de Teatro Musical \/ <br>\nBaek Seung-hye, da Igreja em Gi-heung, Yongin, Coreia<\/small><\/p><\/blockquote>\n<blockquote><p>Devido \u00e0 pandemia de COVID-19, foi adiada a abertura do ano escolar. Eu apenas ia \u00e0 escola a cada duas semanas; por isso tive muito tempo para mim em casa. Sempre que tinha tempo, escrevia hist\u00f3rias. Contudo, quando realmente tentei expressar os pensamentos em minha cabe\u00e7a, n\u00e3o foi f\u00e1cil, mas ao mesmo tempo estava fascinada pelo poder de escrever tanto quanto era dif\u00edcil. Parecia maravilhoso poder transmitir temas aos leitores com mais profundidade do que falar, enquanto pensava cuidadosamente e aprimorava minha escrita. Quero continuar escrevendo hist\u00f3rias sinceras.\n<small>Pr\u00eamio de Ouro da Premia\u00e7\u00e3o de Literatura Melquisedeque na Se\u00e7\u00e3o de Conto Infantil \/ <br>\nLee Seung-yeon, da Igreja em Gumi, Coreia<\/small><\/p><\/blockquote>\n<blockquote><p>Devido \u00e0 pandemia de COVID-19, tornou-se complicado se reunir com outras pessoas. Ent\u00e3o um dia, apresentei a Igreja e a verdade aos meus conhecidos atrav\u00e9s do conte\u00fado online, e eles responderam a isso muito bem. Na verdade, pude sentir qu\u00e3o importante \u00e9 desenvolver o conte\u00fado da prega\u00e7\u00e3o de acordo com a tend\u00eancia desta \u00e9poca. Manterei meu \u00e2nimo e farei o poss\u00edvel para pregar a verdade da vida tamb\u00e9m neste novo ano. Assim, sei que poderei criar um bom conte\u00fado de prega\u00e7\u00e3o baseado em experi\u00eancias reais de prega\u00e7\u00e3o.\n<small>Pr\u00eamio de Ouro em Conte\u00fado de Prega\u00e7\u00e3o e Ideias \/ <br>\nKim Ui-jeong, da Igreja em Dongbaek, Yongin, Coreia<\/small><\/p><\/blockquote>\n<blockquote><p>Na Mong\u00f3lia, conhecida pela pecu\u00e1ria, frequentemente podemos observar o amor paternal do gado que tenta proteger suas crias. Queria expressar o amor de nossos Pais celestiais atrav\u00e9s do gado em um v\u00eddeo. Depois de planejar o v\u00eddeo por cinco anos, finalmente o terminei.\nSeguirei fazendo v\u00eddeos com prud\u00eancia e paix\u00e3o incans\u00e1vel. Quero fazer v\u00eddeos que possam comover aos membros de nossa fam\u00edlia de Si\u00e3o no mundo atrav\u00e9s do amor de Deus incorporado na hist\u00f3ria da Mong\u00f3lia e na vida dos mong\u00f3is, e informar facilmente aos incr\u00e9dulos sobre a exist\u00eancia de Deus.\n<small>Pr\u00eamio de Ouro da Premia\u00e7\u00e3o do Festival de V\u00eddeos Elohim na Se\u00e7\u00e3o de Longa-Metragem \/ <br>\nO. Bayasakh, da Igreja em Zaisan, Ulan Bator, Mong\u00f3lia<\/small><\/p><\/blockquote>\n<blockquote><p>Sempre me interessei pela produ\u00e7\u00e3o cinematogr\u00e1fica, por isso fiz algumas aulas h\u00e1 muitos anos. Contudo, quando realmente comecei a trabalhar na produ\u00e7\u00e3o de v\u00eddeos, houve dificuldades como falhas no computador e software. Por isso, orei com mais entusiasmo que nunca e me animei mais para pregar a verdade ao mundo atrav\u00e9s dos meios de comunica\u00e7\u00e3o. Tamb\u00e9m cheguei a ter uma meta, que \u00e9 fazer v\u00eddeos baseados em serm\u00f5es, j\u00e1 que a verdade est\u00e1 sendo difundida rapidamente por todo o mundo nesta \u00e9poca. Continuarei orando e me esfor\u00e7ando at\u00e9 alcan\u00e7ar a meta.\n<small>Pr\u00eamio de Bronze da Premia\u00e7\u00e3o do Festival de V\u00eddeos Elohim na Se\u00e7\u00e3o de Curta-Metragem \/ <br>\nBisa Delgado, da Igreja em New Windsor, NY, EUA<\/small><\/p><\/blockquote>\n","protected":false},"excerpt":{"rendered":"A Cerim\u00f4nia de Premia\u00e7\u00e3o do Conte\u00fado Cultural da Nova Jerusal\u00e9m \u00e9 uma cerim\u00f4nia de premia\u00e7\u00e3o integrada a Premia\u00e7\u00e3o de Literatura Melquisedeque, Premia\u00e7\u00e3o do Festival de V\u00eddeos Elohim, Premia\u00e7\u00e3o de Apresenta\u00e7\u00e3o de Semin\u00e1rio B\u00edblico e Premia\u00e7\u00e3o de Concurso de Ideias e Conte\u00fados da Prega\u00e7\u00e3o. Por causa da COVID-19 em todo o mundo em 2020, foi omitida&#8230;","protected":false},"author":21,"featured_media":33184,"comment_status":"closed","ping_status":"closed","sticky":false,"template":"","format":"standard","meta":{"footnotes":""},"categories":[348,347],"tags":[],"class_list":["post-33201","post","type-post","status-publish","format-standard","has-post-thumbnail","hentry","category-news","category-global-news"],"yoast_head":"<!-- This site is optimized with the Yoast SEO plugin v27.4 - https:\/\/yoast.com\/product\/yoast-seo-wordpress\/ -->\n<title>Cerim\u00f4nia de Premia\u00e7\u00e3o do Conte\u00fado Cultural da Nova Jerusal\u00e9m 2020 - Igreja de Deus Sociedade Mission\u00e1ria Mundial<\/title>\n<meta name=\"robots\" content=\"index, follow, max-snippet:-1, max-image-preview:large, max-video-preview:-1\" \/>\n<link rel=\"canonical\" href=\"https:\/\/watv.org\/pt\/content-awards-2020\/\" \/>\n<meta property=\"og:locale\" content=\"pt_BR\" \/>\n<meta property=\"og:type\" content=\"article\" \/>\n<meta property=\"og:title\" content=\"Cerim\u00f4nia de Premia\u00e7\u00e3o do Conte\u00fado Cultural da Nova Jerusal\u00e9m 2020 - Igreja de Deus Sociedade Mission\u00e1ria Mundial\" \/>\n<meta property=\"og:description\" content=\"A Cerim\u00f4nia de Premia\u00e7\u00e3o do Conte\u00fado Cultural da Nova Jerusal\u00e9m \u00e9 uma cerim\u00f4nia de premia\u00e7\u00e3o integrada a Premia\u00e7\u00e3o de Literatura Melquisedeque, Premia\u00e7\u00e3o do Festival de V\u00eddeos Elohim, Premia\u00e7\u00e3o de Apresenta\u00e7\u00e3o de Semin\u00e1rio B\u00edblico e Premia\u00e7\u00e3o de Concurso de Ideias e Conte\u00fados da Prega\u00e7\u00e3o. Por causa da COVID-19 em todo o mundo em 2020, foi omitida...\" \/>\n<meta property=\"og:url\" content=\"https:\/\/watv.org\/pt\/content-awards-2020\/\" \/>\n<meta property=\"og:site_name\" content=\"Igreja de Deus Sociedade Mission\u00e1ria Mundial\" \/>\n<meta property=\"article:published_time\" content=\"2020-12-19T00:00:19+00:00\" \/>\n<meta property=\"article:modified_time\" content=\"2021-11-25T06:21:37+00:00\" \/>\n<meta property=\"og:image\" content=\"https:\/\/watv.org\/wp-content\/uploads\/2021\/05\/content-awards-2020.jpg\" \/>\n\t<meta property=\"og:image:width\" content=\"1500\" \/>\n\t<meta property=\"og:image:height\" content=\"1000\" \/>\n\t<meta property=\"og:image:type\" content=\"image\/jpeg\" \/>\n<meta name=\"author\" content=\"ss\" \/>\n<meta name=\"twitter:card\" content=\"summary_large_image\" \/>\n<script type=\"application\/ld+json\" class=\"yoast-schema-graph\">{\"@context\":\"https:\\\/\\\/schema.org\",\"@graph\":[{\"@type\":\"Article\",\"@id\":\"https:\\\/\\\/watv.org\\\/pt\\\/content-awards-2020\\\/#article\",\"isPartOf\":{\"@id\":\"https:\\\/\\\/watv.org\\\/pt\\\/content-awards-2020\\\/\"},\"author\":{\"name\":\"ss\",\"@id\":\"https:\\\/\\\/watv.org\\\/pt\\\/#\\\/schema\\\/person\\\/a58a271de4ef926ff9477cac3b74b5d5\"},\"headline\":\"Cerim\u00f4nia de Premia\u00e7\u00e3o do Conte\u00fado Cultural da Nova Jerusal\u00e9m 2020\",\"datePublished\":\"2020-12-19T00:00:19+00:00\",\"dateModified\":\"2021-11-25T06:21:37+00:00\",\"mainEntityOfPage\":{\"@id\":\"https:\\\/\\\/watv.org\\\/pt\\\/content-awards-2020\\\/\"},\"wordCount\":1352,\"publisher\":{\"@id\":\"https:\\\/\\\/watv.org\\\/pt\\\/#organization\"},\"image\":{\"@id\":\"https:\\\/\\\/watv.org\\\/pt\\\/content-awards-2020\\\/#primaryimage\"},\"thumbnailUrl\":\"https:\\\/\\\/watv.org\\\/wp-content\\\/uploads\\\/2021\\\/05\\\/content-awards-2020.jpg\",\"articleSection\":[\"Sede Mundial\",\"Not\u00edcias Globais\"],\"inLanguage\":\"pt-BR\"},{\"@type\":\"WebPage\",\"@id\":\"https:\\\/\\\/watv.org\\\/pt\\\/content-awards-2020\\\/\",\"url\":\"https:\\\/\\\/watv.org\\\/pt\\\/content-awards-2020\\\/\",\"name\":\"Cerim\u00f4nia de Premia\u00e7\u00e3o do Conte\u00fado Cultural da Nova Jerusal\u00e9m 2020 - Igreja de Deus Sociedade Mission\u00e1ria Mundial\",\"isPartOf\":{\"@id\":\"https:\\\/\\\/watv.org\\\/pt\\\/#website\"},\"primaryImageOfPage\":{\"@id\":\"https:\\\/\\\/watv.org\\\/pt\\\/content-awards-2020\\\/#primaryimage\"},\"image\":{\"@id\":\"https:\\\/\\\/watv.org\\\/pt\\\/content-awards-2020\\\/#primaryimage\"},\"thumbnailUrl\":\"https:\\\/\\\/watv.org\\\/wp-content\\\/uploads\\\/2021\\\/05\\\/content-awards-2020.jpg\",\"datePublished\":\"2020-12-19T00:00:19+00:00\",\"dateModified\":\"2021-11-25T06:21:37+00:00\",\"breadcrumb\":{\"@id\":\"https:\\\/\\\/watv.org\\\/pt\\\/content-awards-2020\\\/#breadcrumb\"},\"inLanguage\":\"pt-BR\",\"potentialAction\":[{\"@type\":\"ReadAction\",\"target\":[\"https:\\\/\\\/watv.org\\\/pt\\\/content-awards-2020\\\/\"]}]},{\"@type\":\"ImageObject\",\"inLanguage\":\"pt-BR\",\"@id\":\"https:\\\/\\\/watv.org\\\/pt\\\/content-awards-2020\\\/#primaryimage\",\"url\":\"https:\\\/\\\/watv.org\\\/wp-content\\\/uploads\\\/2021\\\/05\\\/content-awards-2020.jpg\",\"contentUrl\":\"https:\\\/\\\/watv.org\\\/wp-content\\\/uploads\\\/2021\\\/05\\\/content-awards-2020.jpg\",\"width\":1500,\"height\":1000},{\"@type\":\"BreadcrumbList\",\"@id\":\"https:\\\/\\\/watv.org\\\/pt\\\/content-awards-2020\\\/#breadcrumb\",\"itemListElement\":[{\"@type\":\"ListItem\",\"position\":1,\"name\":\"Home\",\"item\":\"https:\\\/\\\/watv.org\\\/pt\\\/\"},{\"@type\":\"ListItem\",\"position\":2,\"name\":\"Cerim\u00f4nia de Premia\u00e7\u00e3o do Conte\u00fado Cultural da Nova Jerusal\u00e9m 2020\"}]},{\"@type\":\"WebSite\",\"@id\":\"https:\\\/\\\/watv.org\\\/pt\\\/#website\",\"url\":\"https:\\\/\\\/watv.org\\\/pt\\\/\",\"name\":\"Igreja de Deus Sociedade Mission\u00e1ria Mundial\",\"description\":\"With Mother\u2019s heartwarming love, we deliver eternal happiness to seven billion people in the world.\",\"publisher\":{\"@id\":\"https:\\\/\\\/watv.org\\\/pt\\\/#organization\"},\"potentialAction\":[{\"@type\":\"SearchAction\",\"target\":{\"@type\":\"EntryPoint\",\"urlTemplate\":\"https:\\\/\\\/watv.org\\\/pt\\\/?s={search_term_string}\"},\"query-input\":{\"@type\":\"PropertyValueSpecification\",\"valueRequired\":true,\"valueName\":\"search_term_string\"}}],\"inLanguage\":\"pt-BR\"},{\"@type\":\"Organization\",\"@id\":\"https:\\\/\\\/watv.org\\\/pt\\\/#organization\",\"name\":\"World Mission Society Church of God - \ud558\ub098\ub2d8\uc758\uad50\ud68c \uc138\uacc4\ubcf5\uc74c\uc120\uad50\ud611\ud68c\",\"url\":\"https:\\\/\\\/watv.org\\\/pt\\\/\",\"logo\":{\"@type\":\"ImageObject\",\"inLanguage\":\"pt-BR\",\"@id\":\"https:\\\/\\\/watv.org\\\/pt\\\/#\\\/schema\\\/logo\\\/image\\\/\",\"url\":\"https:\\\/\\\/watv.org\\\/wp-content\\\/uploads\\\/2022\\\/06\\\/WorldMissionSociety_ChurchofGod_Symbol_Logo.png\",\"contentUrl\":\"https:\\\/\\\/watv.org\\\/wp-content\\\/uploads\\\/2022\\\/06\\\/WorldMissionSociety_ChurchofGod_Symbol_Logo.png\",\"width\":1001,\"height\":1331,\"caption\":\"World Mission Society Church of God - \ud558\ub098\ub2d8\uc758\uad50\ud68c \uc138\uacc4\ubcf5\uc74c\uc120\uad50\ud611\ud68c\"},\"image\":{\"@id\":\"https:\\\/\\\/watv.org\\\/pt\\\/#\\\/schema\\\/logo\\\/image\\\/\"},\"sameAs\":[\"https:\\\/\\\/www.youtube.com\\\/channel\\\/UCioiBk9rS5Dv5j66hUipsuQ\"]},{\"@type\":\"Person\",\"@id\":\"https:\\\/\\\/watv.org\\\/pt\\\/#\\\/schema\\\/person\\\/a58a271de4ef926ff9477cac3b74b5d5\",\"name\":\"ss\"}]}<\/script>\n<!-- \/ Yoast SEO plugin. -->","yoast_head_json":{"title":"Cerim\u00f4nia de Premia\u00e7\u00e3o do Conte\u00fado Cultural da Nova Jerusal\u00e9m 2020 - Igreja de Deus Sociedade Mission\u00e1ria Mundial","robots":{"index":"index","follow":"follow","max-snippet":"max-snippet:-1","max-image-preview":"max-image-preview:large","max-video-preview":"max-video-preview:-1"},"canonical":"https:\/\/watv.org\/pt\/content-awards-2020\/","og_locale":"pt_BR","og_type":"article","og_title":"Cerim\u00f4nia de Premia\u00e7\u00e3o do Conte\u00fado Cultural da Nova Jerusal\u00e9m 2020 - Igreja de Deus Sociedade Mission\u00e1ria Mundial","og_description":"A Cerim\u00f4nia de Premia\u00e7\u00e3o do Conte\u00fado Cultural da Nova Jerusal\u00e9m \u00e9 uma cerim\u00f4nia de premia\u00e7\u00e3o integrada a Premia\u00e7\u00e3o de Literatura Melquisedeque, Premia\u00e7\u00e3o do Festival de V\u00eddeos Elohim, Premia\u00e7\u00e3o de Apresenta\u00e7\u00e3o de Semin\u00e1rio B\u00edblico e Premia\u00e7\u00e3o de Concurso de Ideias e Conte\u00fados da Prega\u00e7\u00e3o. Por causa da COVID-19 em todo o mundo em 2020, foi omitida...","og_url":"https:\/\/watv.org\/pt\/content-awards-2020\/","og_site_name":"Igreja de Deus Sociedade Mission\u00e1ria Mundial","article_published_time":"2020-12-19T00:00:19+00:00","article_modified_time":"2021-11-25T06:21:37+00:00","og_image":[{"width":1500,"height":1000,"url":"https:\/\/watv.org\/wp-content\/uploads\/2021\/05\/content-awards-2020.jpg","type":"image\/jpeg"}],"author":"ss","twitter_card":"summary_large_image","schema":{"@context":"https:\/\/schema.org","@graph":[{"@type":"Article","@id":"https:\/\/watv.org\/pt\/content-awards-2020\/#article","isPartOf":{"@id":"https:\/\/watv.org\/pt\/content-awards-2020\/"},"author":{"name":"ss","@id":"https:\/\/watv.org\/pt\/#\/schema\/person\/a58a271de4ef926ff9477cac3b74b5d5"},"headline":"Cerim\u00f4nia de Premia\u00e7\u00e3o do Conte\u00fado Cultural da Nova Jerusal\u00e9m 2020","datePublished":"2020-12-19T00:00:19+00:00","dateModified":"2021-11-25T06:21:37+00:00","mainEntityOfPage":{"@id":"https:\/\/watv.org\/pt\/content-awards-2020\/"},"wordCount":1352,"publisher":{"@id":"https:\/\/watv.org\/pt\/#organization"},"image":{"@id":"https:\/\/watv.org\/pt\/content-awards-2020\/#primaryimage"},"thumbnailUrl":"https:\/\/watv.org\/wp-content\/uploads\/2021\/05\/content-awards-2020.jpg","articleSection":["Sede Mundial","Not\u00edcias Globais"],"inLanguage":"pt-BR"},{"@type":"WebPage","@id":"https:\/\/watv.org\/pt\/content-awards-2020\/","url":"https:\/\/watv.org\/pt\/content-awards-2020\/","name":"Cerim\u00f4nia de Premia\u00e7\u00e3o do Conte\u00fado Cultural da Nova Jerusal\u00e9m 2020 - Igreja de Deus Sociedade Mission\u00e1ria Mundial","isPartOf":{"@id":"https:\/\/watv.org\/pt\/#website"},"primaryImageOfPage":{"@id":"https:\/\/watv.org\/pt\/content-awards-2020\/#primaryimage"},"image":{"@id":"https:\/\/watv.org\/pt\/content-awards-2020\/#primaryimage"},"thumbnailUrl":"https:\/\/watv.org\/wp-content\/uploads\/2021\/05\/content-awards-2020.jpg","datePublished":"2020-12-19T00:00:19+00:00","dateModified":"2021-11-25T06:21:37+00:00","breadcrumb":{"@id":"https:\/\/watv.org\/pt\/content-awards-2020\/#breadcrumb"},"inLanguage":"pt-BR","potentialAction":[{"@type":"ReadAction","target":["https:\/\/watv.org\/pt\/content-awards-2020\/"]}]},{"@type":"ImageObject","inLanguage":"pt-BR","@id":"https:\/\/watv.org\/pt\/content-awards-2020\/#primaryimage","url":"https:\/\/watv.org\/wp-content\/uploads\/2021\/05\/content-awards-2020.jpg","contentUrl":"https:\/\/watv.org\/wp-content\/uploads\/2021\/05\/content-awards-2020.jpg","width":1500,"height":1000},{"@type":"BreadcrumbList","@id":"https:\/\/watv.org\/pt\/content-awards-2020\/#breadcrumb","itemListElement":[{"@type":"ListItem","position":1,"name":"Home","item":"https:\/\/watv.org\/pt\/"},{"@type":"ListItem","position":2,"name":"Cerim\u00f4nia de Premia\u00e7\u00e3o do Conte\u00fado Cultural da Nova Jerusal\u00e9m 2020"}]},{"@type":"WebSite","@id":"https:\/\/watv.org\/pt\/#website","url":"https:\/\/watv.org\/pt\/","name":"Igreja de Deus Sociedade Mission\u00e1ria Mundial","description":"With Mother\u2019s heartwarming love, we deliver eternal happiness to seven billion people in the world.","publisher":{"@id":"https:\/\/watv.org\/pt\/#organization"},"potentialAction":[{"@type":"SearchAction","target":{"@type":"EntryPoint","urlTemplate":"https:\/\/watv.org\/pt\/?s={search_term_string}"},"query-input":{"@type":"PropertyValueSpecification","valueRequired":true,"valueName":"search_term_string"}}],"inLanguage":"pt-BR"},{"@type":"Organization","@id":"https:\/\/watv.org\/pt\/#organization","name":"World Mission Society Church of God - \ud558\ub098\ub2d8\uc758\uad50\ud68c \uc138\uacc4\ubcf5\uc74c\uc120\uad50\ud611\ud68c","url":"https:\/\/watv.org\/pt\/","logo":{"@type":"ImageObject","inLanguage":"pt-BR","@id":"https:\/\/watv.org\/pt\/#\/schema\/logo\/image\/","url":"https:\/\/watv.org\/wp-content\/uploads\/2022\/06\/WorldMissionSociety_ChurchofGod_Symbol_Logo.png","contentUrl":"https:\/\/watv.org\/wp-content\/uploads\/2022\/06\/WorldMissionSociety_ChurchofGod_Symbol_Logo.png","width":1001,"height":1331,"caption":"World Mission Society Church of God - \ud558\ub098\ub2d8\uc758\uad50\ud68c \uc138\uacc4\ubcf5\uc74c\uc120\uad50\ud611\ud68c"},"image":{"@id":"https:\/\/watv.org\/pt\/#\/schema\/logo\/image\/"},"sameAs":["https:\/\/www.youtube.com\/channel\/UCioiBk9rS5Dv5j66hUipsuQ"]},{"@type":"Person","@id":"https:\/\/watv.org\/pt\/#\/schema\/person\/a58a271de4ef926ff9477cac3b74b5d5","name":"ss"}]}},"_links":{"self":[{"href":"https:\/\/watv.org\/pt\/wp-json\/wp\/v2\/posts\/33201","targetHints":{"allow":["GET"]}}],"collection":[{"href":"https:\/\/watv.org\/pt\/wp-json\/wp\/v2\/posts"}],"about":[{"href":"https:\/\/watv.org\/pt\/wp-json\/wp\/v2\/types\/post"}],"author":[{"embeddable":true,"href":"https:\/\/watv.org\/pt\/wp-json\/wp\/v2\/users\/21"}],"replies":[{"embeddable":true,"href":"https:\/\/watv.org\/pt\/wp-json\/wp\/v2\/comments?post=33201"}],"version-history":[{"count":2,"href":"https:\/\/watv.org\/pt\/wp-json\/wp\/v2\/posts\/33201\/revisions"}],"predecessor-version":[{"id":33206,"href":"https:\/\/watv.org\/pt\/wp-json\/wp\/v2\/posts\/33201\/revisions\/33206"}],"wp:featuredmedia":[{"embeddable":true,"href":"https:\/\/watv.org\/pt\/wp-json\/wp\/v2\/media\/33184"}],"wp:attachment":[{"href":"https:\/\/watv.org\/pt\/wp-json\/wp\/v2\/media?parent=33201"}],"wp:term":[{"taxonomy":"category","embeddable":true,"href":"https:\/\/watv.org\/pt\/wp-json\/wp\/v2\/categories?post=33201"},{"taxonomy":"post_tag","embeddable":true,"href":"https:\/\/watv.org\/pt\/wp-json\/wp\/v2\/tags?post=33201"}],"curies":[{"name":"wp","href":"https:\/\/api.w.org\/{rel}","templated":true}]}}