{"id":39712,"date":"2019-07-15T09:00:46","date_gmt":"2019-07-15T00:00:46","guid":{"rendered":"https:\/\/watv.org\/asez-global-summit-2019\/"},"modified":"2025-02-07T17:08:27","modified_gmt":"2025-02-07T08:08:27","slug":"asez-global-summit-2019","status":"publish","type":"post","link":"https:\/\/watv.org\/pt\/asez-global-summit-2019\/","title":{"rendered":"C\u00fapula Global do ASEZ de 2019"},"content":{"rendered":"<p>De pequenas infra\u00e7\u00f5es de tr\u00e2nsito a crimes hediondos, todos os crimes s\u00e3o cometidos por \u201chumanos\u201d. \u00c9 por isso que cada indiv\u00edduo precisa mudar a fim de reduzir a taxa de criminalidade e prevenir completamente os crimes. <\/p>\n<p>Os universit\u00e1rios de todo o mundo reuniram-se para a C\u00fapula Global do ASEZ de 2019 com o tema: \u201cUm Salto Qu\u00e2ntico para a Mudan\u00e7a: Rumo ao Crime Zero\u201d, realizada no Templo da Nova Jerusal\u00e9m em Pangyo no dia 15 de julho, com o motivo de construir um mundo pac\u00edfico e seguro sem crime, criando mudan\u00e7as desde o campus. Mais de 2.500 pessoas, incluindo professores, jornalistas e membros do ASEZ de 42 pa\u00edses em 6 continentes participaram do evento para discutir planos de a\u00e7\u00e3o para implementar o projeto \u201cReduzamos o Crime Juntos\u201d com mais efic\u00e1cia.<\/p>\n<p>Os universit\u00e1rios participantes eram da Universidade Nacional de Seul (Coreia), Universidade de Harvard (EUA), Universidade da Cidade do Cabo (Rep. da \u00c1frica do Sul), Universidade da Austr\u00e1lia Ocidental (Austr\u00e1lia), e assim por diante. Figuras influentes enviaram suas mensagens de felicita\u00e7\u00f5es dos EUA, do Reino Unido, do M\u00e9xico e muito mais. \u201cAs atividades do ASEZ valem a pena apreciar\u201d, disse Pratibha Patil, ex-presidente da \u00cdndia, em sua mensagem em v\u00eddeo.<\/p>\n<figure class=\"limit\">\n <picture class=\"copyright\"><source media=\"(max-width:450px)\" srcset=\"\/wp-content\/themes\/watv\/images\/posts\/news_190715_02.jpg\"><img decoding=\"async\" src=\"\/wp-content\/themes\/watv\/images\/posts\/news_190715_02.jpg\"\n    srcset=\"\/wp-content\/themes\/watv\/images\/posts\/news_190715_02.jpg,\n            \/wp-content\/themes\/watv\/images\/posts\/news_190715_02@2x 2x\">\n <\/picture>\n<\/figure>\n<h3>1\u00aa Parte: Palestra dos Especialistas_conselhos de pessoas eminentes de v\u00e1rios c\u00edrculos com base em seus conhecimentos e experi\u00eancias<\/h3>\n<p>A c\u00fapula come\u00e7ou com a ora\u00e7\u00e3o do Pastor-Geral Kim Joo-cheol. Ele orou para que a ben\u00e7\u00e3o de Deus Elohim esteja com os universit\u00e1rios que se esfor\u00e7am para reduzir os crimes que acontecem constantemente. O tema comum das palestras na primeira parte foi \u201cMotiva\u00e7\u00e3o\u201d. David Alberto Marcos Piscoya, administrador do C\u00f3digo de Processo Penal no Poder Judici\u00e1rio do Peru, mencionou a gravidade da delinqu\u00eancia juvenil. \u201cS\u00e3o os jovens quem fazem a sociedade ter equil\u00edbrio. Eles s\u00e3o modelos de vida para crian\u00e7as e adolescentes. Podemos encontrar uma solu\u00e7\u00e3o para a preven\u00e7\u00e3o do crime a partir do papel dos jovens\u201d, disse ele em sua palestra.<\/p>\n<figure class=\"limit\">\n <picture class=\"copyright\"><source media=\"(max-width:450px)\" srcset=\"\/wp-content\/themes\/watv\/images\/posts\/news_190715_03.jpg\"><img decoding=\"async\" src=\"\/wp-content\/themes\/watv\/images\/posts\/news_190715_03.jpg\"\n    srcset=\"\/wp-content\/themes\/watv\/images\/posts\/news_190715_03.jpg,\n            \/wp-content\/themes\/watv\/images\/posts\/news_190715_03@2x.jpg 2x\">\n <\/picture>\n<\/figure>\n<p>Andrushchenko Viktor Petrovich, Reitor da Universidade Nacional Pedag\u00f3gica Dragomanov na Ucr\u00e2nia, enfatizou o papel das universidades na supera\u00e7\u00e3o de crimes, com educa\u00e7\u00e3o e esclarecimento, em sua palestra em v\u00eddeo. Ele desejou que os universit\u00e1rios fizessem sua parte como uma \u201cbrecha para o futuro\u201d. \u201c\u2018Um salto qu\u00e2ntico rumo ao crime zero\u2019 \u00e9 de suma import\u00e2ncia no mundo. Eu apoio totalmente o evento de hoje que incentiva os jovens, que s\u00e3o os futuros l\u00edderes, a reduzirem os crimes do mundo e a fazer uma sociedade mais justa e organizada\u201d, disse Sylvio M\u00e1rio Puga Ferreira, Reitor da Universidade Federal do Amazonas no Brasil. Eduardo Ano, Ministro do Minist\u00e9rio do Interior e do Governo Local das Filipinas, e Jos\u00e9 Manuel de La Fuente, Ministro do Minist\u00e9rio da Seguran\u00e7a do Governo de La Rioja, na Argentina, explicaram como seus pa\u00edses mant\u00eam a ordem p\u00fablica e a seguran\u00e7a, e como os governos e a pol\u00edcia lidam com crimes, e pediram solidariedade e coopera\u00e7\u00e3o dos universit\u00e1rios.<\/p>\n<h3>2\u00aa Parte: C\u00fapula dos Universit\u00e1rios_Representantes de cada continente e de pa\u00eds juntaram suas sabedorias<\/h3>\n<p>A C\u00fapula dos Universit\u00e1rios foi realizada sob o tema \u201cLiderado por jovens\u201d e os universit\u00e1rios expressaram diretamente suas opini\u00f5es e buscaram medidas de preven\u00e7\u00e3o ao crime. Adotando um estilo de encontro das organiza\u00e7\u00f5es internacionais como a ONU, os seis representantes de cada continente apresentaram os principais crimes de cada continente e sugeriram atividades conjuntas. Eles abordaram quest\u00f5es em toda a sociedade em profundidade, desde viola\u00e7\u00f5es da ordem b\u00e1sica na vida cotidiana at\u00e9 crimes violentos, como assassinato, e quest\u00f5es sociais recentes, como crimes de \u00f3dio e crimes cibern\u00e9ticos. Enquanto isso, eles sugeriram muitas ideias sobre como lidar com estas quest\u00f5es.<\/p>\n<div class=\"divide limit\">\n<figure>\n  <picture class=\"copyright\"><source media=\"(max-width:450px)\" srcset=\"\/wp-content\/themes\/watv\/images\/posts\/news_190715_04.jpg\"><img decoding=\"async\" src=\"\/wp-content\/themes\/watv\/images\/posts\/news_190715_04.jpg\"\n     srcset=\"\/wp-content\/themes\/watv\/images\/posts\/news_190715_04.jpg,\n             \/wp-content\/themes\/watv\/images\/posts\/news_190715_04@2x.jpg 2x\">\n  <\/picture>\n <\/figure>\n<figure>\n  <picture class=\"copyright\"><source media=\"(max-width:450px)\" srcset=\"\/wp-content\/themes\/watv\/images\/posts\/news_190715_05.jpg\"><img decoding=\"async\" src=\"\/wp-content\/themes\/watv\/images\/posts\/news_190715_05.jpg\"\n     srcset=\"\/wp-content\/themes\/watv\/images\/posts\/news_190715_05.jpg,\n             \/wp-content\/themes\/watv\/images\/posts\/news_190715_05@2x.jpg 2x\">\n  <\/picture>\n <\/figure>\n<figure>\n  <picture class=\"copyright\"><source media=\"(max-width:450px)\" srcset=\"\/wp-content\/themes\/watv\/images\/posts\/news_190715_06.jpg\"><img decoding=\"async\" src=\"\/wp-content\/themes\/watv\/images\/posts\/news_190715_06.jpg\"\n     srcset=\"\/wp-content\/themes\/watv\/images\/posts\/news_190715_06.jpg,\n             \/wp-content\/themes\/watv\/images\/posts\/news_190715_06@2x.jpg 2x\">\n  <\/picture>\n <\/figure>\n<figure>\n  <picture class=\"copyright\"><source media=\"(max-width:450px)\" srcset=\"\/wp-content\/themes\/watv\/images\/posts\/news_190715_07.jpg\"><img decoding=\"async\" src=\"\/wp-content\/themes\/watv\/images\/posts\/news_190715_07.jpg\"\n     srcset=\"\/wp-content\/themes\/watv\/images\/posts\/news_190715_07.jpg,\n             \/wp-content\/themes\/watv\/images\/posts\/news_190715_07@2x.jpg 2x\">\n  <\/picture>\n <\/figure>\n<\/div>\n<p>A irm\u00e3 Sidney Alyse Rogers (P\u00f3s-gradua\u00e7\u00e3o na Universidade Estadual de Weber, UT, EUA), representante da Am\u00e9rica do Norte, sugeriu uma \u201cZONA WEB CRIME ZERO\u201d para proteger o ciberespa\u00e7o dos crimes, e muitos universit\u00e1rios concordaram com a sua opini\u00e3o. O Irm\u00e3o Bernardo Miller (Universidade T\u00e9cnica de Munique, Alemanha), representante da Europa, apontou a falta de consci\u00eancia dos direitos humanos como uma raz\u00e3o pela qual os crimes violentos aumentam recentemente e sugeriu campanhas para promover a conscientiza\u00e7\u00e3o sobre os direitos humanos a fim de que todos os indiv\u00edduos se tornem sujeitos de mudan\u00e7a.<\/p>\n<p>Os representantes dos pa\u00edses votaram a favor ou contra sobre cada agenda e, com a aprova\u00e7\u00e3o da maioria, a resolu\u00e7\u00e3o foi adotada. Os representantes dos pa\u00edses expressaram suas opini\u00f5es com base em suas experi\u00eancias de projeto RCT (Reduce Crime Together &#8211; REDUZAMOS O CRIME JUNTOS). A irm\u00e3 Daphne Zapanta Jacinto (Universidade Estadual de Tarlac, Filipinas), representante das Filipinas, apresentou como realizaram f\u00f3runs de preven\u00e7\u00e3o ao crime e como fizeram acordo de MOU com a Ag\u00eancia Nacional de Pol\u00edcia. \u201c\u00c9 importante estabelecer redes com os governos centrais e locais para melhorar a conscientiza\u00e7\u00e3o dos cidad\u00e3os sobre a ordem b\u00e1sica e para reduzir os crimes\u201d, disse ela. \u201cFormar solidariedade com as universidades tamb\u00e9m \u00e9 importante. Vamos desenvolver o Relat\u00f3rio de RCT do ASEZ num curr\u00edculo de ensino regular, e recolher ideias dos alunos para a preven\u00e7\u00e3o ao crime para mudarem naturalmente as suas consci\u00eancias\u201d, disse Marinela Da Esperan\u00e7a Jo\u00e3o (Universidade de Eduardo Mondlane, Mo\u00e7ambique), representante de Mo\u00e7ambique.<\/p>\n<figure class=\"limit\">\n <picture class=\"copyright\"><source media=\"(max-width:450px)\" srcset=\"\/wp-content\/themes\/watv\/images\/posts\/news_190715_08.jpg\"><img decoding=\"async\" src=\"\/wp-content\/themes\/watv\/images\/posts\/news_190715_08.jpg\"\n    srcset=\"\/wp-content\/themes\/watv\/images\/posts\/news_190715_08.jpg,\n            \/wp-content\/themes\/watv\/images\/posts\/news_190715_08@2x.jpg 2x\">\n <\/picture>\n<\/figure>\n<p>No final da c\u00fapula, que levou cerca de uma hora e meia, eles alcan\u00e7aram a uma tarefa cooperativa que ser\u00e1 realizada em seis continentes at\u00e9 2021. A \u201cRESOLU\u00c7\u00c3O DOS CHANGE-MAKERS\u201d cont\u00e9m planos de a\u00e7\u00e3o detalhados em tr\u00eas \u00e1reas: educa\u00e7\u00e3o, pr\u00e1tica e solidariedade, e enfatiza o papel e a miss\u00e3o dos universit\u00e1rios para um mundo sem crimes. Os representantes dos continentes leram em voz alta a resolu\u00e7\u00e3o e assinaram. Os participantes expressaram seu apoio e participa\u00e7\u00e3o com grandes aplausos.<\/p>\n<div class=\"divide limit\">\n<figure>\n  <picture class=\"copyright\"><source media=\"(max-width:450px)\" srcset=\"\/wp-content\/themes\/watv\/images\/posts\/news_190715_09.jpg\"><img decoding=\"async\" src=\"\/wp-content\/themes\/watv\/images\/posts\/news_190715_09.jpg\"\n     srcset=\"\/wp-content\/themes\/watv\/images\/posts\/news_190715_09.jpg,\n             \/wp-content\/themes\/watv\/images\/posts\/news_190715_09@2x.jpg 2x\">\n  <\/picture>\n <\/figure>\n<figure>\n  <picture class=\"copyright\"><source media=\"(max-width:450px)\" srcset=\"\/wp-content\/themes\/watv\/images\/posts\/news_190715_10.jpg\"><img decoding=\"async\" src=\"\/wp-content\/themes\/watv\/images\/posts\/news_190715_10.jpg\"\n     srcset=\"\/wp-content\/themes\/watv\/images\/posts\/news_190715_10.jpg,\n             \/wp-content\/themes\/watv\/images\/posts\/news_190715_10@2x.jpg 2x\">\n  <\/picture>\n <\/figure>\n<figure>\n  <picture class=\"copyright\"><source media=\"(max-width:450px)\" srcset=\"\/wp-content\/themes\/watv\/images\/posts\/news_190715_11.jpg\"><img decoding=\"async\" src=\"\/wp-content\/themes\/watv\/images\/posts\/news_190715_11.jpg\"\n     srcset=\"\/wp-content\/themes\/watv\/images\/posts\/news_190715_11.jpg,\n             \/wp-content\/themes\/watv\/images\/posts\/news_190715_11@2x.jpg 2x\">\n  <\/picture>\n <\/figure>\n<figure>\n  <picture class=\"copyright\"><source media=\"(max-width:450px)\" srcset=\"\/wp-content\/themes\/watv\/images\/posts\/news_190715_12.jpg\"><img decoding=\"async\" src=\"\/wp-content\/themes\/watv\/images\/posts\/news_190715_12.jpg\"\n     srcset=\"\/wp-content\/themes\/watv\/images\/posts\/news_190715_12.jpg,\n             \/wp-content\/themes\/watv\/images\/posts\/news_190715_12@2x.jpg 2x\">\n  <\/picture>\n <\/figure>\n<\/div>\n<p>E eles formaram a equipe de conselheiros para ajudar as atividades entusiasmadas do ASEZ com ampla experi\u00eancia e teorias. Muitos especialistas, incluindo Jerome C. Glenn, um futurista e diretor do Projeto Millennium, reitores e professores de universidades, e chefes de governos locais, concordaram em apoiar o ASEZ com entusiasmo.<\/p>\n<p>O ASEZ tem se esfor\u00e7ado para preservar o meio ambiente e encher o mundo com o amor da M\u00e3e. Tomando a c\u00fapula como uma alpondra, o ASEZ realizar\u00e1 as atividades mais sistem\u00e1ticas e globais. Em agosto, durante as f\u00e9rias universit\u00e1rias, os membros do ASEZ em todo o mundo estabelecer\u00e3o redes com organiza\u00e7\u00f5es internacionais, ag\u00eancias governamentais, prefeituras e ONGs e incentivar\u00e3o os cidad\u00e3os a participarem e a terem interesse por meio de eventos e servi\u00e7os volunt\u00e1rios como semin\u00e1rios RCT e limpezas ambientais Green Campus em mais de 30 pa\u00edses para implementar a resolu\u00e7\u00e3o de v\u00e1rias maneiras.<\/p>\n<p>Os universit\u00e1rios do ASEZ est\u00e3o trabalhando diligentemente com seu conhecimento e a\u00e7\u00e3o concentrados. Seu grito ressoa na \u00c1sia, Am\u00e9rica do Norte e do Sul, Europa, Oceania e \u00c1frica.<\/p>\n<p>\u201cN\u00f3s mudaremos o nosso futuro, com voc\u00ea!\u201d<\/p>\n<figure class=\"limit\">\n <picture class=\"copyright\"><source media=\"(max-width:450px)\" srcset=\"\/wp-content\/themes\/watv\/images\/posts\/news_190715_13.jpg\"><img decoding=\"async\" src=\"\/wp-content\/themes\/watv\/images\/posts\/news_190715_13.jpg\"\n    srcset=\"\/wp-content\/themes\/watv\/images\/posts\/news_190715_13.jpg,\n            \/wp-content\/themes\/watv\/images\/posts\/news_190715_13@2x.jpg 2x\">\n <\/picture>\n<\/figure>\n<dl>\n<dt>Resolu\u00e7\u00e3o dos CHANGE-MAKERS<\/dt>\n<dd>Estabelecer programas para construir car\u00e1ter e cultivar emo\u00e7\u00f5es de crian\u00e7as e adolescentes<\/dd>\n<dd>Desenvolver o Relat\u00f3rio de RCT como um curr\u00edculo de educa\u00e7\u00e3o e o fornecer para as escolas<\/dd>\n<dd>Realizar a campanha dos direitos humanos, tanto online quanto offline<\/dd>\n<dd>Desenvolver os programas de servi\u00e7os volunt\u00e1rios baseados na comunidade, considerando a situa\u00e7\u00e3o atual de crimes de cada pa\u00eds<\/dd>\n<dd>Operar a Equipe de Imprensa dos Universit\u00e1rios de RCT, que examinar\u00e1 e informar\u00e1 as causas dos crimes em cada regi\u00e3o<\/dd>\n<dd>Estabelecer RUAS CRIME ZERO e ESCOLAS CRIME ZERO em todas as cidades de 175 pa\u00edses onde o ASEZ est\u00e1 trabalhando<\/dd>\n<dd>Construir redes com ONGs, empresas e governos para realizar f\u00f3runs e desenvolver programas conjuntos<\/dd>\n<dd>Especializar nossas atividades por meio da equipe de conselheiros do ASEZ e fortalecer a capacidade dos universit\u00e1rios por meio da comunica\u00e7\u00e3o cont\u00ednua com l\u00edderes nos v\u00e1rios campos<\/dd>\n<\/dl>\n<div class=\"my-gallery related-photo\">\n<div class=\"gallery-wrap\">\n<figure>\n  <a href=\"\/wp-content\/themes\/watv\/images\/posts\/news_190715_14@2x.jpg\" data-size=\"1400x933\" \n   data-med=\"\/wp-content\/themes\/watv\/images\/posts\/news_190715_14.jpg\" data-med-size=\"700x467\">\n   <img decoding=\"async\" src=\"\/wp-content\/themes\/watv\/images\/posts\/news_190715_14.jpg\" itemprop=\"thumbnail\" alt=\"Image description\" \/>\n  <\/a>\n <\/figure>\n<figure>\n  <a href=\"\/wp-content\/themes\/watv\/images\/posts\/news_190715_15@2x.jpg\" data-size=\"1400x802\" \n   data-med=\"\/wp-content\/themes\/watv\/images\/posts\/news_190715_15.jpg\" data-med-size=\"700x401\">\n   <img decoding=\"async\" src=\"\/wp-content\/themes\/watv\/images\/posts\/news_190715_15.jpg\" itemprop=\"thumbnail\" alt=\"Image description\" \/>\n  <\/a>\n <\/figure>\n<figure>\n  <a href=\"\/wp-content\/themes\/watv\/images\/posts\/news_190715_16@2x.jpg\" data-size=\"1400x933\" \n   data-med=\"\/wp-content\/themes\/watv\/images\/posts\/news_190715_16.jpg\" data-med-size=\"700x467\">\n   <img decoding=\"async\" src=\"\/wp-content\/themes\/watv\/images\/posts\/news_190715_16.jpg\" itemprop=\"thumbnail\" alt=\"Image description\" \/>\n  <\/a>\n <\/figure>\n<figure>\n  <a href=\"\/wp-content\/themes\/watv\/images\/posts\/news_190715_17@2x.jpg\" data-size=\"1400x911\" \n   data-med=\"\/wp-content\/themes\/watv\/images\/posts\/news_190715_17.jpg\" data-med-size=\"700x455\">\n   <img decoding=\"async\" src=\"\/wp-content\/themes\/watv\/images\/posts\/news_190715_17.jpg\" itemprop=\"thumbnail\" alt=\"Image description\" \/>\n  <\/a>\n <\/figure>\n<figure>\n  <a href=\"\/wp-content\/themes\/watv\/images\/posts\/news_190715_18@2x.jpg\" data-size=\"1400x888\" \n   data-med=\"\/wp-content\/themes\/watv\/images\/posts\/news_190715_18.jpg\" data-med-size=\"700x444\">\n   <img decoding=\"async\" src=\"\/wp-content\/themes\/watv\/images\/posts\/news_190715_18.jpg\" itemprop=\"thumbnail\" alt=\"Image description\" \/>\n  <\/a>\n <\/figure>\n<figure>\n  <a href=\"\/wp-content\/themes\/watv\/images\/posts\/news_190715_19@2x.jpg\" data-size=\"1400x884\" \n   data-med=\"\/wp-content\/themes\/watv\/images\/posts\/news_190715_19.jpg\" data-med-size=\"700x442\">\n   <img decoding=\"async\" src=\"\/wp-content\/themes\/watv\/images\/posts\/news_190715_19.jpg\" itemprop=\"thumbnail\" alt=\"Image description\" \/>\n  <\/a>\n <\/figure>\n<figure>\n  <a href=\"\/wp-content\/themes\/watv\/images\/posts\/news_190715_20@2x.jpg\" data-size=\"1400x933\" \n   data-med=\"\/wp-content\/themes\/watv\/images\/posts\/news_190715_20.jpg\" data-med-size=\"700x467\">\n   <img decoding=\"async\" src=\"\/wp-content\/themes\/watv\/images\/posts\/news_190715_20.jpg\" itemprop=\"thumbnail\" alt=\"Image description\" \/>\n  <\/a>\n <\/figure>\n<figure>\n  <a href=\"\/wp-content\/themes\/watv\/images\/posts\/news_190715_21@2x.jpg\" data-size=\"1400x933\" \n   data-med=\"\/wp-content\/themes\/watv\/images\/posts\/news_190715_21.jpg\" data-med-size=\"700x467\">\n   <img decoding=\"async\" src=\"\/wp-content\/themes\/watv\/images\/posts\/news_190715_21.jpg\" itemprop=\"thumbnail\" alt=\"Image description\" \/>\n  <\/a>\n <\/figure>\n<\/div>\n<\/div>\n","protected":false},"excerpt":{"rendered":"De pequenas infra\u00e7\u00f5es de tr\u00e2nsito a crimes hediondos, todos os crimes s\u00e3o cometidos por \u201chumanos\u201d. \u00c9 por isso que cada indiv\u00edduo precisa mudar a fim de reduzir a taxa de criminalidade e prevenir completamente os crimes. Os universit\u00e1rios de todo o mundo reuniram-se para a C\u00fapula Global do ASEZ de 2019 com o tema: \u201cUm&#8230;","protected":false},"author":21,"featured_media":39713,"comment_status":"closed","ping_status":"closed","sticky":false,"template":"post-type\/post-type-header-full-screen.php","format":"standard","meta":{"footnotes":""},"categories":[348,347],"tags":[],"class_list":["post-39712","post","type-post","status-publish","format-standard","has-post-thumbnail","hentry","category-news","category-global-news"],"yoast_head":"<!-- This site is optimized with the Yoast SEO plugin v27.4 - https:\/\/yoast.com\/product\/yoast-seo-wordpress\/ -->\n<title>C\u00fapula Global do ASEZ de 2019 - Igreja de Deus Sociedade Mission\u00e1ria Mundial<\/title>\n<meta name=\"robots\" content=\"index, follow, max-snippet:-1, max-image-preview:large, max-video-preview:-1\" \/>\n<link rel=\"canonical\" href=\"https:\/\/watv.org\/pt\/asez-global-summit-2019\/\" \/>\n<meta property=\"og:locale\" content=\"pt_BR\" \/>\n<meta property=\"og:type\" content=\"article\" \/>\n<meta property=\"og:title\" content=\"C\u00fapula Global do ASEZ de 2019 - Igreja de Deus Sociedade Mission\u00e1ria Mundial\" \/>\n<meta property=\"og:description\" content=\"De pequenas infra\u00e7\u00f5es de tr\u00e2nsito a crimes hediondos, todos os crimes s\u00e3o cometidos por \u201chumanos\u201d. \u00c9 por isso que cada indiv\u00edduo precisa mudar a fim de reduzir a taxa de criminalidade e prevenir completamente os crimes. Os universit\u00e1rios de todo o mundo reuniram-se para a C\u00fapula Global do ASEZ de 2019 com o tema: \u201cUm...\" \/>\n<meta property=\"og:url\" content=\"https:\/\/watv.org\/pt\/asez-global-summit-2019\/\" \/>\n<meta property=\"og:site_name\" content=\"Igreja de Deus Sociedade Mission\u00e1ria Mundial\" \/>\n<meta property=\"article:published_time\" content=\"2019-07-15T00:00:46+00:00\" \/>\n<meta property=\"article:modified_time\" content=\"2025-02-07T08:08:27+00:00\" \/>\n<meta property=\"og:image\" content=\"https:\/\/watv.org\/wp-content\/uploads\/2019\/08\/news_190715_01@2x.jpg\" \/>\n\t<meta property=\"og:image:width\" content=\"3840\" \/>\n\t<meta property=\"og:image:height\" content=\"2400\" \/>\n\t<meta property=\"og:image:type\" content=\"image\/jpeg\" \/>\n<meta name=\"author\" content=\"ss\" \/>\n<meta name=\"twitter:card\" content=\"summary_large_image\" \/>\n<script type=\"application\/ld+json\" class=\"yoast-schema-graph\">{\"@context\":\"https:\\\/\\\/schema.org\",\"@graph\":[{\"@type\":\"Article\",\"@id\":\"https:\\\/\\\/watv.org\\\/pt\\\/asez-global-summit-2019\\\/#article\",\"isPartOf\":{\"@id\":\"https:\\\/\\\/watv.org\\\/pt\\\/asez-global-summit-2019\\\/\"},\"author\":{\"name\":\"ss\",\"@id\":\"https:\\\/\\\/watv.org\\\/pt\\\/#\\\/schema\\\/person\\\/a58a271de4ef926ff9477cac3b74b5d5\"},\"headline\":\"C\u00fapula Global do ASEZ de 2019\",\"datePublished\":\"2019-07-15T00:00:46+00:00\",\"dateModified\":\"2025-02-07T08:08:27+00:00\",\"mainEntityOfPage\":{\"@id\":\"https:\\\/\\\/watv.org\\\/pt\\\/asez-global-summit-2019\\\/\"},\"wordCount\":1393,\"publisher\":{\"@id\":\"https:\\\/\\\/watv.org\\\/pt\\\/#organization\"},\"image\":{\"@id\":\"https:\\\/\\\/watv.org\\\/pt\\\/asez-global-summit-2019\\\/#primaryimage\"},\"thumbnailUrl\":\"https:\\\/\\\/watv.org\\\/wp-content\\\/uploads\\\/2019\\\/08\\\/news_190715_01@2x.jpg\",\"articleSection\":[\"Sede Mundial\",\"Not\u00edcias Globais\"],\"inLanguage\":\"pt-BR\"},{\"@type\":\"WebPage\",\"@id\":\"https:\\\/\\\/watv.org\\\/pt\\\/asez-global-summit-2019\\\/\",\"url\":\"https:\\\/\\\/watv.org\\\/pt\\\/asez-global-summit-2019\\\/\",\"name\":\"C\u00fapula Global do ASEZ de 2019 - Igreja de Deus Sociedade Mission\u00e1ria Mundial\",\"isPartOf\":{\"@id\":\"https:\\\/\\\/watv.org\\\/pt\\\/#website\"},\"primaryImageOfPage\":{\"@id\":\"https:\\\/\\\/watv.org\\\/pt\\\/asez-global-summit-2019\\\/#primaryimage\"},\"image\":{\"@id\":\"https:\\\/\\\/watv.org\\\/pt\\\/asez-global-summit-2019\\\/#primaryimage\"},\"thumbnailUrl\":\"https:\\\/\\\/watv.org\\\/wp-content\\\/uploads\\\/2019\\\/08\\\/news_190715_01@2x.jpg\",\"datePublished\":\"2019-07-15T00:00:46+00:00\",\"dateModified\":\"2025-02-07T08:08:27+00:00\",\"breadcrumb\":{\"@id\":\"https:\\\/\\\/watv.org\\\/pt\\\/asez-global-summit-2019\\\/#breadcrumb\"},\"inLanguage\":\"pt-BR\",\"potentialAction\":[{\"@type\":\"ReadAction\",\"target\":[\"https:\\\/\\\/watv.org\\\/pt\\\/asez-global-summit-2019\\\/\"]}]},{\"@type\":\"ImageObject\",\"inLanguage\":\"pt-BR\",\"@id\":\"https:\\\/\\\/watv.org\\\/pt\\\/asez-global-summit-2019\\\/#primaryimage\",\"url\":\"https:\\\/\\\/watv.org\\\/wp-content\\\/uploads\\\/2019\\\/08\\\/news_190715_01@2x.jpg\",\"contentUrl\":\"https:\\\/\\\/watv.org\\\/wp-content\\\/uploads\\\/2019\\\/08\\\/news_190715_01@2x.jpg\",\"width\":3840,\"height\":2400},{\"@type\":\"BreadcrumbList\",\"@id\":\"https:\\\/\\\/watv.org\\\/pt\\\/asez-global-summit-2019\\\/#breadcrumb\",\"itemListElement\":[{\"@type\":\"ListItem\",\"position\":1,\"name\":\"Home\",\"item\":\"https:\\\/\\\/watv.org\\\/pt\\\/\"},{\"@type\":\"ListItem\",\"position\":2,\"name\":\"C\u00fapula Global do ASEZ de 2019\"}]},{\"@type\":\"WebSite\",\"@id\":\"https:\\\/\\\/watv.org\\\/pt\\\/#website\",\"url\":\"https:\\\/\\\/watv.org\\\/pt\\\/\",\"name\":\"Igreja de Deus Sociedade Mission\u00e1ria Mundial\",\"description\":\"With Mother\u2019s heartwarming love, we deliver eternal happiness to seven billion people in the world.\",\"publisher\":{\"@id\":\"https:\\\/\\\/watv.org\\\/pt\\\/#organization\"},\"potentialAction\":[{\"@type\":\"SearchAction\",\"target\":{\"@type\":\"EntryPoint\",\"urlTemplate\":\"https:\\\/\\\/watv.org\\\/pt\\\/?s={search_term_string}\"},\"query-input\":{\"@type\":\"PropertyValueSpecification\",\"valueRequired\":true,\"valueName\":\"search_term_string\"}}],\"inLanguage\":\"pt-BR\"},{\"@type\":\"Organization\",\"@id\":\"https:\\\/\\\/watv.org\\\/pt\\\/#organization\",\"name\":\"World Mission Society Church of God - \ud558\ub098\ub2d8\uc758\uad50\ud68c \uc138\uacc4\ubcf5\uc74c\uc120\uad50\ud611\ud68c\",\"url\":\"https:\\\/\\\/watv.org\\\/pt\\\/\",\"logo\":{\"@type\":\"ImageObject\",\"inLanguage\":\"pt-BR\",\"@id\":\"https:\\\/\\\/watv.org\\\/pt\\\/#\\\/schema\\\/logo\\\/image\\\/\",\"url\":\"https:\\\/\\\/watv.org\\\/wp-content\\\/uploads\\\/2022\\\/06\\\/WorldMissionSociety_ChurchofGod_Symbol_Logo.png\",\"contentUrl\":\"https:\\\/\\\/watv.org\\\/wp-content\\\/uploads\\\/2022\\\/06\\\/WorldMissionSociety_ChurchofGod_Symbol_Logo.png\",\"width\":1001,\"height\":1331,\"caption\":\"World Mission Society Church of God - \ud558\ub098\ub2d8\uc758\uad50\ud68c \uc138\uacc4\ubcf5\uc74c\uc120\uad50\ud611\ud68c\"},\"image\":{\"@id\":\"https:\\\/\\\/watv.org\\\/pt\\\/#\\\/schema\\\/logo\\\/image\\\/\"},\"sameAs\":[\"https:\\\/\\\/www.youtube.com\\\/channel\\\/UCioiBk9rS5Dv5j66hUipsuQ\"]},{\"@type\":\"Person\",\"@id\":\"https:\\\/\\\/watv.org\\\/pt\\\/#\\\/schema\\\/person\\\/a58a271de4ef926ff9477cac3b74b5d5\",\"name\":\"ss\"}]}<\/script>\n<!-- \/ Yoast SEO plugin. -->","yoast_head_json":{"title":"C\u00fapula Global do ASEZ de 2019 - Igreja de Deus Sociedade Mission\u00e1ria Mundial","robots":{"index":"index","follow":"follow","max-snippet":"max-snippet:-1","max-image-preview":"max-image-preview:large","max-video-preview":"max-video-preview:-1"},"canonical":"https:\/\/watv.org\/pt\/asez-global-summit-2019\/","og_locale":"pt_BR","og_type":"article","og_title":"C\u00fapula Global do ASEZ de 2019 - Igreja de Deus Sociedade Mission\u00e1ria Mundial","og_description":"De pequenas infra\u00e7\u00f5es de tr\u00e2nsito a crimes hediondos, todos os crimes s\u00e3o cometidos por \u201chumanos\u201d. \u00c9 por isso que cada indiv\u00edduo precisa mudar a fim de reduzir a taxa de criminalidade e prevenir completamente os crimes. Os universit\u00e1rios de todo o mundo reuniram-se para a C\u00fapula Global do ASEZ de 2019 com o tema: \u201cUm...","og_url":"https:\/\/watv.org\/pt\/asez-global-summit-2019\/","og_site_name":"Igreja de Deus Sociedade Mission\u00e1ria Mundial","article_published_time":"2019-07-15T00:00:46+00:00","article_modified_time":"2025-02-07T08:08:27+00:00","og_image":[{"width":3840,"height":2400,"url":"https:\/\/watv.org\/wp-content\/uploads\/2019\/08\/news_190715_01@2x.jpg","type":"image\/jpeg"}],"author":"ss","twitter_card":"summary_large_image","schema":{"@context":"https:\/\/schema.org","@graph":[{"@type":"Article","@id":"https:\/\/watv.org\/pt\/asez-global-summit-2019\/#article","isPartOf":{"@id":"https:\/\/watv.org\/pt\/asez-global-summit-2019\/"},"author":{"name":"ss","@id":"https:\/\/watv.org\/pt\/#\/schema\/person\/a58a271de4ef926ff9477cac3b74b5d5"},"headline":"C\u00fapula Global do ASEZ de 2019","datePublished":"2019-07-15T00:00:46+00:00","dateModified":"2025-02-07T08:08:27+00:00","mainEntityOfPage":{"@id":"https:\/\/watv.org\/pt\/asez-global-summit-2019\/"},"wordCount":1393,"publisher":{"@id":"https:\/\/watv.org\/pt\/#organization"},"image":{"@id":"https:\/\/watv.org\/pt\/asez-global-summit-2019\/#primaryimage"},"thumbnailUrl":"https:\/\/watv.org\/wp-content\/uploads\/2019\/08\/news_190715_01@2x.jpg","articleSection":["Sede Mundial","Not\u00edcias Globais"],"inLanguage":"pt-BR"},{"@type":"WebPage","@id":"https:\/\/watv.org\/pt\/asez-global-summit-2019\/","url":"https:\/\/watv.org\/pt\/asez-global-summit-2019\/","name":"C\u00fapula Global do ASEZ de 2019 - Igreja de Deus Sociedade Mission\u00e1ria Mundial","isPartOf":{"@id":"https:\/\/watv.org\/pt\/#website"},"primaryImageOfPage":{"@id":"https:\/\/watv.org\/pt\/asez-global-summit-2019\/#primaryimage"},"image":{"@id":"https:\/\/watv.org\/pt\/asez-global-summit-2019\/#primaryimage"},"thumbnailUrl":"https:\/\/watv.org\/wp-content\/uploads\/2019\/08\/news_190715_01@2x.jpg","datePublished":"2019-07-15T00:00:46+00:00","dateModified":"2025-02-07T08:08:27+00:00","breadcrumb":{"@id":"https:\/\/watv.org\/pt\/asez-global-summit-2019\/#breadcrumb"},"inLanguage":"pt-BR","potentialAction":[{"@type":"ReadAction","target":["https:\/\/watv.org\/pt\/asez-global-summit-2019\/"]}]},{"@type":"ImageObject","inLanguage":"pt-BR","@id":"https:\/\/watv.org\/pt\/asez-global-summit-2019\/#primaryimage","url":"https:\/\/watv.org\/wp-content\/uploads\/2019\/08\/news_190715_01@2x.jpg","contentUrl":"https:\/\/watv.org\/wp-content\/uploads\/2019\/08\/news_190715_01@2x.jpg","width":3840,"height":2400},{"@type":"BreadcrumbList","@id":"https:\/\/watv.org\/pt\/asez-global-summit-2019\/#breadcrumb","itemListElement":[{"@type":"ListItem","position":1,"name":"Home","item":"https:\/\/watv.org\/pt\/"},{"@type":"ListItem","position":2,"name":"C\u00fapula Global do ASEZ de 2019"}]},{"@type":"WebSite","@id":"https:\/\/watv.org\/pt\/#website","url":"https:\/\/watv.org\/pt\/","name":"Igreja de Deus Sociedade Mission\u00e1ria Mundial","description":"With Mother\u2019s heartwarming love, we deliver eternal happiness to seven billion people in the world.","publisher":{"@id":"https:\/\/watv.org\/pt\/#organization"},"potentialAction":[{"@type":"SearchAction","target":{"@type":"EntryPoint","urlTemplate":"https:\/\/watv.org\/pt\/?s={search_term_string}"},"query-input":{"@type":"PropertyValueSpecification","valueRequired":true,"valueName":"search_term_string"}}],"inLanguage":"pt-BR"},{"@type":"Organization","@id":"https:\/\/watv.org\/pt\/#organization","name":"World Mission Society Church of God - \ud558\ub098\ub2d8\uc758\uad50\ud68c \uc138\uacc4\ubcf5\uc74c\uc120\uad50\ud611\ud68c","url":"https:\/\/watv.org\/pt\/","logo":{"@type":"ImageObject","inLanguage":"pt-BR","@id":"https:\/\/watv.org\/pt\/#\/schema\/logo\/image\/","url":"https:\/\/watv.org\/wp-content\/uploads\/2022\/06\/WorldMissionSociety_ChurchofGod_Symbol_Logo.png","contentUrl":"https:\/\/watv.org\/wp-content\/uploads\/2022\/06\/WorldMissionSociety_ChurchofGod_Symbol_Logo.png","width":1001,"height":1331,"caption":"World Mission Society Church of God - \ud558\ub098\ub2d8\uc758\uad50\ud68c \uc138\uacc4\ubcf5\uc74c\uc120\uad50\ud611\ud68c"},"image":{"@id":"https:\/\/watv.org\/pt\/#\/schema\/logo\/image\/"},"sameAs":["https:\/\/www.youtube.com\/channel\/UCioiBk9rS5Dv5j66hUipsuQ"]},{"@type":"Person","@id":"https:\/\/watv.org\/pt\/#\/schema\/person\/a58a271de4ef926ff9477cac3b74b5d5","name":"ss"}]}},"_links":{"self":[{"href":"https:\/\/watv.org\/pt\/wp-json\/wp\/v2\/posts\/39712","targetHints":{"allow":["GET"]}}],"collection":[{"href":"https:\/\/watv.org\/pt\/wp-json\/wp\/v2\/posts"}],"about":[{"href":"https:\/\/watv.org\/pt\/wp-json\/wp\/v2\/types\/post"}],"author":[{"embeddable":true,"href":"https:\/\/watv.org\/pt\/wp-json\/wp\/v2\/users\/21"}],"replies":[{"embeddable":true,"href":"https:\/\/watv.org\/pt\/wp-json\/wp\/v2\/comments?post=39712"}],"version-history":[{"count":3,"href":"https:\/\/watv.org\/pt\/wp-json\/wp\/v2\/posts\/39712\/revisions"}],"predecessor-version":[{"id":129027,"href":"https:\/\/watv.org\/pt\/wp-json\/wp\/v2\/posts\/39712\/revisions\/129027"}],"wp:featuredmedia":[{"embeddable":true,"href":"https:\/\/watv.org\/pt\/wp-json\/wp\/v2\/media\/39713"}],"wp:attachment":[{"href":"https:\/\/watv.org\/pt\/wp-json\/wp\/v2\/media?parent=39712"}],"wp:term":[{"taxonomy":"category","embeddable":true,"href":"https:\/\/watv.org\/pt\/wp-json\/wp\/v2\/categories?post=39712"},{"taxonomy":"post_tag","embeddable":true,"href":"https:\/\/watv.org\/pt\/wp-json\/wp\/v2\/tags?post=39712"}],"curies":[{"name":"wp","href":"https:\/\/api.w.org\/{rel}","templated":true}]}}