{"id":39815,"date":"2019-09-08T20:18:30","date_gmt":"2019-09-08T11:18:30","guid":{"rendered":"https:\/\/watv.org\/work-mission-regular-gathering\/"},"modified":"2021-11-25T15:32:25","modified_gmt":"2021-11-25T06:32:25","slug":"work-mission-regular-gathering","status":"publish","type":"post","link":"https:\/\/watv.org\/pt\/work-mission-regular-gathering\/","title":{"rendered":"Reuni\u00e3o Regular da WM no Segundo Semestre de 2019"},"content":{"rendered":"<p>Os membros jovens trabalhadores da Igreja de Deus est\u00e3o praticando ativamente as atividades mission\u00e1rias e volunt\u00e1rias, estabelecendo WM (Work Mission, Miss\u00e3o de Trabalho) por regi\u00e3o e ocupa\u00e7\u00e3o, seguindo a palavra de Cristo: \u201cAmar\u00e1s o teu pr\u00f3ximo como a ti mesmo\u201d.<\/p>\n<p>No dia 8 de setembro, a Reuni\u00e3o Regular da WM no Segundo Semestre de 2019 foi realizada no Templo da Nova Jerusal\u00e9m em Pangyo. Nessa reuni\u00e3o, os membros jovens trabalhadores da Coreia examinaram sua f\u00e9 com a palavra da B\u00edblia e confirmaram a vis\u00e3o do evangelho atrav\u00e9s de v\u00e1rios programas como apresenta\u00e7\u00e3o dos casos e conversa de simpatia.<\/p>\n<figure class=\"limit\">\n <picture class=\"copyright\"><source media=\"(max-width:450px)\" srcset=\"\/wp-content\/themes\/watv\/images\/posts\/news_190908_02.jpg\"><img decoding=\"async\" src=\"\/wp-content\/themes\/watv\/images\/posts\/news_190908_02.jpg\"\n    srcset=\"\/wp-content\/themes\/watv\/images\/posts\/news_190908_02.jpg,\n            \/wp-content\/themes\/watv\/images\/posts\/news_190908_02@2x 2x\">\n <\/picture>\n<\/figure>\n<p>Durante o culto, a primeira parte do evento, a M\u00e3e elogiou os jovens que seguiram os ensinamentos da B\u00edblia mostrando a gl\u00f3ria de Deus com boas a\u00e7\u00f5es cont\u00ednuas, e desejou que muita b\u00ean\u00e7\u00e3o fosse derramada sobre eles. E ela pediu-lhes para terem orgulho de serem os protagonistas da profecia que cumprem a miss\u00e3o do evangelho sendo aprovados por Deus. Tamb\u00e9m a M\u00e3e lhes deu li\u00e7\u00f5es, dizendo: \u201cDeus teve piedade por seus filhos perdidos e com seu amor abriu o caminho da salva\u00e7\u00e3o deixando at\u00e9 a sua vida. E os antepassados da f\u00e9 seguiram o exemplo dele. N\u00f3s tamb\u00e9m aprendamos a f\u00e9 e a coragem deles e nos esfor\u00e7emos para salvar as almas nas situa\u00e7\u00f5es onde n\u00f3s estamos, para que recebamos o pr\u00eamio preparado no reino dos c\u00e9us\u201d ( 1Ts. 2:3-4, At. 5:38-42, Mt.  27:27-38, Cl. 3:23-25, 2Jo. 1:8).<\/p>\n<div class=\"my-gallery divide limit\">\n<figure>\n  <a href=\"\/wp-content\/themes\/watv\/images\/posts\/news_190908_03@2x.jpg\" data-size=\"1400x1028\" \n   data-med=\"\/wp-content\/themes\/watv\/images\/posts\/news_190908_03.jpg\" data-med-size=\"960x705\">\n   <img decoding=\"async\" src=\"\/wp-content\/themes\/watv\/images\/posts\/news_190908_03.jpg\" itemprop=\"thumbnail\" alt=\"Image description\" \/>\n  <\/a>\n <\/figure>\n<figure>\n  <a href=\"\/wp-content\/themes\/watv\/images\/posts\/news_190908_04@2x.jpg\" data-size=\"1400x1028\" \n   data-med=\"\/wp-content\/themes\/watv\/images\/posts\/news_190908_04.jpg\" data-med-size=\"960x705\">\n   <img decoding=\"async\" src=\"\/wp-content\/themes\/watv\/images\/posts\/news_190908_04.jpg\" itemprop=\"thumbnail\" alt=\"Image description\" \/>\n  <\/a>\n <\/figure>\n<\/div>\n<p>A segunda parte do evento come\u00e7ou com a cerim\u00f4nia de premia\u00e7\u00e3o. As quatorze WMs exemplares que trabalharam diligentemente e praticaram boas a\u00e7\u00f5es nos seus locais de trabalho ganharam alegria de ser premiadas. Em seguida, os jovens trabalhadores apresentaram sobre o resultado das atividades no primeiro semestre, e os casos excelentes das atividades no mundo inteiro de maneira humorada em forma de notici\u00e1rio. O caso que atraiu a aten\u00e7\u00e3o foi \u201cEntrega de marmita de amor\u201d: entregando mensagens de \u00e2nimo ao presentear os colegas que est\u00e3o exaustos por causa do trabalho com marmitas e lanches que prepararam. Al\u00e9m disso, os jovens se esfor\u00e7aram para que o local de trabalho seja preenchido com simpatia e considera\u00e7\u00e3o; eles compartilharam emo\u00e7\u00e3o com seus colegas convidando-os aos eventos como o Semin\u00e1rio de Cura para os Trabalhadores, a Exposi\u00e7\u00e3o \u201cSinceridade: Recitando o Pai\u201d e a Exposi\u00e7\u00e3o Liter\u00e1ria e Fotogr\u00e1fica \u201cNossa M\u00e3e\u201d. E nas suas f\u00e9rias de ver\u00e3o eles viajaram ao exterior e tiveram um tempo significativo junto com os membros locais praticando servi\u00e7os volunt\u00e1rios como limpeza de rua, campanha de doa\u00e7\u00e3o de sangue e aula de l\u00edngua coreana.<\/p>\n<div class=\"divide photo-3\">\n<figure>\n  <picture class=\"copyright\"><source media=\"(max-width:450px)\" srcset=\"\/wp-content\/themes\/watv\/images\/posts\/news_190908_05.jpg\"><img decoding=\"async\" src=\"\/wp-content\/themes\/watv\/images\/posts\/news_190908_05.jpg\"\n     srcset=\"\/wp-content\/themes\/watv\/images\/posts\/news_190908_05.jpg,\n             \/wp-content\/themes\/watv\/images\/posts\/news_190908_05@2x.jpg 2x\">\n  <\/picture>\n <\/figure>\n<figure>\n  <picture class=\"copyright\"><source media=\"(max-width:450px)\" srcset=\"\/wp-content\/themes\/watv\/images\/posts\/news_190908_06.jpg\"><img decoding=\"async\" src=\"\/wp-content\/themes\/watv\/images\/posts\/news_190908_06.jpg\"\n     srcset=\"\/wp-content\/themes\/watv\/images\/posts\/news_190908_06.jpg,\n             \/wp-content\/themes\/watv\/images\/posts\/news_190908_06@2x.jpg 2x\">\n  <\/picture>\n <\/figure>\n<figure>\n  <picture class=\"copyright\"><source media=\"(max-width:450px)\" srcset=\"\/wp-content\/themes\/watv\/images\/posts\/news_190908_07.jpg\"><img decoding=\"async\" src=\"\/wp-content\/themes\/watv\/images\/posts\/news_190908_07.jpg\"\n     srcset=\"\/wp-content\/themes\/watv\/images\/posts\/news_190908_07.jpg,\n             \/wp-content\/themes\/watv\/images\/posts\/news_190908_07@2x.jpg 2x\">\n  <\/picture>\n <\/figure>\n<figure>\n  <picture class=\"copyright\"><source media=\"(max-width:450px)\" srcset=\"\/wp-content\/themes\/watv\/images\/posts\/news_190908_08.jpg\"><img decoding=\"async\" src=\"\/wp-content\/themes\/watv\/images\/posts\/news_190908_08.jpg\"\n     srcset=\"\/wp-content\/themes\/watv\/images\/posts\/news_190908_08.jpg,\n             \/wp-content\/themes\/watv\/images\/posts\/news_190908_08@2x.jpg 2x\">\n  <\/picture>\n <\/figure>\n<figure>\n  <picture class=\"copyright\"><source media=\"(max-width:450px)\" srcset=\"\/wp-content\/themes\/watv\/images\/posts\/news_190908_09.jpg\"><img decoding=\"async\" src=\"\/wp-content\/themes\/watv\/images\/posts\/news_190908_09.jpg\"\n     srcset=\"\/wp-content\/themes\/watv\/images\/posts\/news_190908_09.jpg,\n             \/wp-content\/themes\/watv\/images\/posts\/news_190908_09@2x.jpg 2x\">\n  <\/picture>\n <\/figure>\n<figure>\n  <picture class=\"copyright\"><source media=\"(max-width:450px)\" srcset=\"\/wp-content\/themes\/watv\/images\/posts\/news_190908_10.jpg\"><img decoding=\"async\" src=\"\/wp-content\/themes\/watv\/images\/posts\/news_190908_10.jpg\"\n     srcset=\"\/wp-content\/themes\/watv\/images\/posts\/news_190908_10.jpg,\n             \/wp-content\/themes\/watv\/images\/posts\/news_190908_10@2x.jpg 2x\">\n  <\/picture>\n <\/figure>\n<\/div>\n<p>A M\u00e3e animou os jovens novamente, dizendo: \u201cO Pai est\u00e1 muito emocionado vendo voc\u00eas que est\u00e3o navegando fortemente no mar da profecia subindo num navio feito de sonho. Vamos alcan\u00e7ar nossa esperan\u00e7a e meta andando com Deus que \u00e9 o amor, e gravando a sua palavra: \u2018O maior de todos \u00e9 o amor\u2019 em nossos cora\u00e7\u00f5es\u201d. E o Pastor-Geral Kim Joo-cheol enfatizou sobre o valor da obedi\u00eancia, encorajando os jovens: \u201cQuando sempre dermos ouvidos \u00e0s palavras da M\u00e3e, e as praticarmos compreendendo a vontade e dire\u00e7\u00e3o contidas nelas, poderemos obter um resultado cheio de b\u00ean\u00e7\u00e3o embora estando no mesmo lugar e da mesma maneira. Seguindo as palavras da M\u00e3e, vamos escrever Novos Atos dos Ap\u00f3stolos nos dedicando \u00e0 obra de Deus com alegria\u201d.<\/p>\n<figure class=\"limit\">\n <picture class=\"copyright\"><source media=\"(max-width:450px)\" srcset=\"\/wp-content\/themes\/watv\/images\/posts\/news_190908_11.jpg\"><img decoding=\"async\" src=\"\/wp-content\/themes\/watv\/images\/posts\/news_190908_11.jpg\"\n    srcset=\"\/wp-content\/themes\/watv\/images\/posts\/news_190908_11.jpg,\n            \/wp-content\/themes\/watv\/images\/posts\/news_190908_11@2x 2x\">\n <\/picture>\n<\/figure>\n<p>Ap\u00f3s terminar a reuni\u00e3o regular, os jovens trabalhadores disseram em un\u00edssono: \u201cEsperamos que os locais de trabalho em que passamos o maior tempo do dia, sejam um lugar onde compartilhamos o amor e a b\u00ean\u00e7\u00e3o de Deus\u201d. O irm\u00e3o Kim Han-eol (de Gimhae, Coreia) expressou sua resolu\u00e7\u00e3o, dizendo: \u201cAs palavras da B\u00edblia que estudo junto com os membros cada manh\u00e3 se tornam uma for\u00e7a para passar o dia com bom cora\u00e7\u00e3o e rosto sorridente. Farei o meu melhor para que meus colegas que trabalham duro desde madrugada sejam consolados em Deus\u201d.<\/p>\n<figure class=\"full-width\">\n <picture class=\"copyright\"><source media=\"(max-width:450px)\" srcset=\"\/wp-content\/themes\/watv\/images\/posts\/news_190908_12.jpg\"><img decoding=\"async\" src=\"\/wp-content\/themes\/watv\/images\/posts\/news_190908_12.jpg\"\n    srcset=\"\/wp-content\/themes\/watv\/images\/posts\/news_190908_12.jpg,\n            \/wp-content\/themes\/watv\/images\/posts\/news_190908_12@2x.jpg 2x\">\n <\/picture>\n<\/figure>\n<div class=\"my-gallery related-photo\">\n<div class=\"gallery-wrap\">\n<figure>\n  <a href=\"\/wp-content\/themes\/watv\/images\/posts\/news_190908_13@2x.jpg\" data-size=\"1400x934\" \n   data-med=\"\/wp-content\/themes\/watv\/images\/posts\/news_190908_13.jpg\" data-med-size=\"700x467\">\n   <img decoding=\"async\" src=\"\/wp-content\/themes\/watv\/images\/posts\/news_190908_13.jpg\" itemprop=\"thumbnail\" alt=\"Image description\" \/>\n  <\/a>\n <\/figure>\n<figure>\n  <a href=\"\/wp-content\/themes\/watv\/images\/posts\/news_190908_19@2x.jpg\" data-size=\"1400x934\" \n   data-med=\"\/wp-content\/themes\/watv\/images\/posts\/news_190908_19.jpg\" data-med-size=\"700x467\">\n   <img decoding=\"async\" src=\"\/wp-content\/themes\/watv\/images\/posts\/news_190908_19.jpg\" itemprop=\"thumbnail\" alt=\"Image description\" \/>\n  <\/a>\n <\/figure>\n<figure>\n  <a href=\"\/wp-content\/themes\/watv\/images\/posts\/news_190908_14@2x.jpg\" data-size=\"1400x934\" \n   data-med=\"\/wp-content\/themes\/watv\/images\/posts\/news_190908_14.jpg\" data-med-size=\"700x467\">\n   <img decoding=\"async\" src=\"\/wp-content\/themes\/watv\/images\/posts\/news_190908_14.jpg\" itemprop=\"thumbnail\" alt=\"Image description\" \/>\n  <\/a>\n <\/figure>\n<figure>\n  <a href=\"\/wp-content\/themes\/watv\/images\/posts\/news_190908_15@2x.jpg\" data-size=\"1400x948\" \n   data-med=\"\/wp-content\/themes\/watv\/images\/posts\/news_190908_15.jpg\" data-med-size=\"700x474\">\n   <img decoding=\"async\" src=\"\/wp-content\/themes\/watv\/images\/posts\/news_190908_15.jpg\" itemprop=\"thumbnail\" alt=\"Image description\" \/>\n  <\/a>\n <\/figure>\n<figure>\n  <a href=\"\/wp-content\/themes\/watv\/images\/posts\/news_190908_16@2x.jpg\" data-size=\"1400x934\" \n   data-med=\"\/wp-content\/themes\/watv\/images\/posts\/news_190908_16.jpg\" data-med-size=\"700x467\">\n   <img decoding=\"async\" src=\"\/wp-content\/themes\/watv\/images\/posts\/news_190908_16.jpg\" itemprop=\"thumbnail\" alt=\"Image description\" \/>\n  <\/a>\n <\/figure>\n<figure>\n  <a href=\"\/wp-content\/themes\/watv\/images\/posts\/news_190908_17@2x.jpg\" data-size=\"1400x970\" \n   data-med=\"\/wp-content\/themes\/watv\/images\/posts\/news_190908_17.jpg\" data-med-size=\"700x485\">\n   <img decoding=\"async\" src=\"\/wp-content\/themes\/watv\/images\/posts\/news_190908_17.jpg\" itemprop=\"thumbnail\" alt=\"Image description\" \/>\n  <\/a>\n <\/figure>\n<figure>\n  <a href=\"\/wp-content\/themes\/watv\/images\/posts\/news_190908_18@2x.jpg\" data-size=\"1400x934\" \n   data-med=\"\/wp-content\/themes\/watv\/images\/posts\/news_190908_18.jpg\" data-med-size=\"700x467\">\n   <img decoding=\"async\" src=\"\/wp-content\/themes\/watv\/images\/posts\/news_190908_18.jpg\" itemprop=\"thumbnail\" alt=\"Image description\" \/>\n  <\/a>\n <\/figure>\n<\/div>\n<\/div>\n","protected":false},"excerpt":{"rendered":"Os membros jovens trabalhadores da Igreja de Deus est\u00e3o praticando ativamente as atividades mission\u00e1rias e volunt\u00e1rias, estabelecendo WM (Work Mission, Miss\u00e3o de Trabalho) por regi\u00e3o e ocupa\u00e7\u00e3o, seguindo a palavra de Cristo: \u201cAmar\u00e1s o teu pr\u00f3ximo como a ti mesmo\u201d. No dia 8 de setembro, a Reuni\u00e3o Regular da WM no Segundo Semestre de 2019&#8230;","protected":false},"author":21,"featured_media":39816,"comment_status":"closed","ping_status":"closed","sticky":false,"template":"post-type\/post-type-header-full-screen.php","format":"standard","meta":{"footnotes":""},"categories":[348,347],"tags":[],"class_list":["post-39815","post","type-post","status-publish","format-standard","has-post-thumbnail","hentry","category-news","category-global-news"],"yoast_head":"<!-- This site is optimized with the Yoast SEO plugin v27.4 - https:\/\/yoast.com\/product\/yoast-seo-wordpress\/ -->\n<title>Reuni\u00e3o Regular da WM no Segundo Semestre de 2019 - Igreja de Deus Sociedade Mission\u00e1ria Mundial<\/title>\n<meta name=\"robots\" content=\"index, follow, max-snippet:-1, max-image-preview:large, max-video-preview:-1\" \/>\n<link rel=\"canonical\" href=\"https:\/\/watv.org\/pt\/work-mission-regular-gathering\/\" \/>\n<meta property=\"og:locale\" content=\"pt_BR\" \/>\n<meta property=\"og:type\" content=\"article\" \/>\n<meta property=\"og:title\" content=\"Reuni\u00e3o Regular da WM no Segundo Semestre de 2019 - Igreja de Deus Sociedade Mission\u00e1ria Mundial\" \/>\n<meta property=\"og:description\" content=\"Os membros jovens trabalhadores da Igreja de Deus est\u00e3o praticando ativamente as atividades mission\u00e1rias e volunt\u00e1rias, estabelecendo WM (Work Mission, Miss\u00e3o de Trabalho) por regi\u00e3o e ocupa\u00e7\u00e3o, seguindo a palavra de Cristo: \u201cAmar\u00e1s o teu pr\u00f3ximo como a ti mesmo\u201d. No dia 8 de setembro, a Reuni\u00e3o Regular da WM no Segundo Semestre de 2019...\" \/>\n<meta property=\"og:url\" content=\"https:\/\/watv.org\/pt\/work-mission-regular-gathering\/\" \/>\n<meta property=\"og:site_name\" content=\"Igreja de Deus Sociedade Mission\u00e1ria Mundial\" \/>\n<meta property=\"article:published_time\" content=\"2019-09-08T11:18:30+00:00\" \/>\n<meta property=\"article:modified_time\" content=\"2021-11-25T06:32:25+00:00\" \/>\n<meta property=\"og:image\" content=\"https:\/\/watv.org\/wp-content\/uploads\/2019\/11\/news_190908_01@2x.jpg\" \/>\n\t<meta property=\"og:image:width\" content=\"3840\" \/>\n\t<meta property=\"og:image:height\" content=\"2020\" \/>\n\t<meta property=\"og:image:type\" content=\"image\/jpeg\" \/>\n<meta name=\"author\" content=\"ss\" \/>\n<meta name=\"twitter:card\" content=\"summary_large_image\" \/>\n<script type=\"application\/ld+json\" class=\"yoast-schema-graph\">{\"@context\":\"https:\\\/\\\/schema.org\",\"@graph\":[{\"@type\":\"Article\",\"@id\":\"https:\\\/\\\/watv.org\\\/pt\\\/work-mission-regular-gathering\\\/#article\",\"isPartOf\":{\"@id\":\"https:\\\/\\\/watv.org\\\/pt\\\/work-mission-regular-gathering\\\/\"},\"author\":{\"name\":\"ss\",\"@id\":\"https:\\\/\\\/watv.org\\\/pt\\\/#\\\/schema\\\/person\\\/a58a271de4ef926ff9477cac3b74b5d5\"},\"headline\":\"Reuni\u00e3o Regular da WM no Segundo Semestre de 2019\",\"datePublished\":\"2019-09-08T11:18:30+00:00\",\"dateModified\":\"2021-11-25T06:32:25+00:00\",\"mainEntityOfPage\":{\"@id\":\"https:\\\/\\\/watv.org\\\/pt\\\/work-mission-regular-gathering\\\/\"},\"wordCount\":714,\"publisher\":{\"@id\":\"https:\\\/\\\/watv.org\\\/pt\\\/#organization\"},\"image\":{\"@id\":\"https:\\\/\\\/watv.org\\\/pt\\\/work-mission-regular-gathering\\\/#primaryimage\"},\"thumbnailUrl\":\"https:\\\/\\\/watv.org\\\/wp-content\\\/uploads\\\/2019\\\/11\\\/news_190908_01@2x.jpg\",\"articleSection\":[\"Sede Mundial\",\"Not\u00edcias Globais\"],\"inLanguage\":\"pt-BR\"},{\"@type\":\"WebPage\",\"@id\":\"https:\\\/\\\/watv.org\\\/pt\\\/work-mission-regular-gathering\\\/\",\"url\":\"https:\\\/\\\/watv.org\\\/pt\\\/work-mission-regular-gathering\\\/\",\"name\":\"Reuni\u00e3o Regular da WM no Segundo Semestre de 2019 - Igreja de Deus Sociedade Mission\u00e1ria Mundial\",\"isPartOf\":{\"@id\":\"https:\\\/\\\/watv.org\\\/pt\\\/#website\"},\"primaryImageOfPage\":{\"@id\":\"https:\\\/\\\/watv.org\\\/pt\\\/work-mission-regular-gathering\\\/#primaryimage\"},\"image\":{\"@id\":\"https:\\\/\\\/watv.org\\\/pt\\\/work-mission-regular-gathering\\\/#primaryimage\"},\"thumbnailUrl\":\"https:\\\/\\\/watv.org\\\/wp-content\\\/uploads\\\/2019\\\/11\\\/news_190908_01@2x.jpg\",\"datePublished\":\"2019-09-08T11:18:30+00:00\",\"dateModified\":\"2021-11-25T06:32:25+00:00\",\"breadcrumb\":{\"@id\":\"https:\\\/\\\/watv.org\\\/pt\\\/work-mission-regular-gathering\\\/#breadcrumb\"},\"inLanguage\":\"pt-BR\",\"potentialAction\":[{\"@type\":\"ReadAction\",\"target\":[\"https:\\\/\\\/watv.org\\\/pt\\\/work-mission-regular-gathering\\\/\"]}]},{\"@type\":\"ImageObject\",\"inLanguage\":\"pt-BR\",\"@id\":\"https:\\\/\\\/watv.org\\\/pt\\\/work-mission-regular-gathering\\\/#primaryimage\",\"url\":\"https:\\\/\\\/watv.org\\\/wp-content\\\/uploads\\\/2019\\\/11\\\/news_190908_01@2x.jpg\",\"contentUrl\":\"https:\\\/\\\/watv.org\\\/wp-content\\\/uploads\\\/2019\\\/11\\\/news_190908_01@2x.jpg\",\"width\":3840,\"height\":2020},{\"@type\":\"BreadcrumbList\",\"@id\":\"https:\\\/\\\/watv.org\\\/pt\\\/work-mission-regular-gathering\\\/#breadcrumb\",\"itemListElement\":[{\"@type\":\"ListItem\",\"position\":1,\"name\":\"Home\",\"item\":\"https:\\\/\\\/watv.org\\\/pt\\\/\"},{\"@type\":\"ListItem\",\"position\":2,\"name\":\"Reuni\u00e3o Regular da WM no Segundo Semestre de 2019\"}]},{\"@type\":\"WebSite\",\"@id\":\"https:\\\/\\\/watv.org\\\/pt\\\/#website\",\"url\":\"https:\\\/\\\/watv.org\\\/pt\\\/\",\"name\":\"Igreja de Deus Sociedade Mission\u00e1ria Mundial\",\"description\":\"With Mother\u2019s heartwarming love, we deliver eternal happiness to seven billion people in the world.\",\"publisher\":{\"@id\":\"https:\\\/\\\/watv.org\\\/pt\\\/#organization\"},\"potentialAction\":[{\"@type\":\"SearchAction\",\"target\":{\"@type\":\"EntryPoint\",\"urlTemplate\":\"https:\\\/\\\/watv.org\\\/pt\\\/?s={search_term_string}\"},\"query-input\":{\"@type\":\"PropertyValueSpecification\",\"valueRequired\":true,\"valueName\":\"search_term_string\"}}],\"inLanguage\":\"pt-BR\"},{\"@type\":\"Organization\",\"@id\":\"https:\\\/\\\/watv.org\\\/pt\\\/#organization\",\"name\":\"World Mission Society Church of God - \ud558\ub098\ub2d8\uc758\uad50\ud68c \uc138\uacc4\ubcf5\uc74c\uc120\uad50\ud611\ud68c\",\"url\":\"https:\\\/\\\/watv.org\\\/pt\\\/\",\"logo\":{\"@type\":\"ImageObject\",\"inLanguage\":\"pt-BR\",\"@id\":\"https:\\\/\\\/watv.org\\\/pt\\\/#\\\/schema\\\/logo\\\/image\\\/\",\"url\":\"https:\\\/\\\/watv.org\\\/wp-content\\\/uploads\\\/2022\\\/06\\\/WorldMissionSociety_ChurchofGod_Symbol_Logo.png\",\"contentUrl\":\"https:\\\/\\\/watv.org\\\/wp-content\\\/uploads\\\/2022\\\/06\\\/WorldMissionSociety_ChurchofGod_Symbol_Logo.png\",\"width\":1001,\"height\":1331,\"caption\":\"World Mission Society Church of God - \ud558\ub098\ub2d8\uc758\uad50\ud68c \uc138\uacc4\ubcf5\uc74c\uc120\uad50\ud611\ud68c\"},\"image\":{\"@id\":\"https:\\\/\\\/watv.org\\\/pt\\\/#\\\/schema\\\/logo\\\/image\\\/\"},\"sameAs\":[\"https:\\\/\\\/www.youtube.com\\\/channel\\\/UCioiBk9rS5Dv5j66hUipsuQ\"]},{\"@type\":\"Person\",\"@id\":\"https:\\\/\\\/watv.org\\\/pt\\\/#\\\/schema\\\/person\\\/a58a271de4ef926ff9477cac3b74b5d5\",\"name\":\"ss\"}]}<\/script>\n<!-- \/ Yoast SEO plugin. -->","yoast_head_json":{"title":"Reuni\u00e3o Regular da WM no Segundo Semestre de 2019 - Igreja de Deus Sociedade Mission\u00e1ria Mundial","robots":{"index":"index","follow":"follow","max-snippet":"max-snippet:-1","max-image-preview":"max-image-preview:large","max-video-preview":"max-video-preview:-1"},"canonical":"https:\/\/watv.org\/pt\/work-mission-regular-gathering\/","og_locale":"pt_BR","og_type":"article","og_title":"Reuni\u00e3o Regular da WM no Segundo Semestre de 2019 - Igreja de Deus Sociedade Mission\u00e1ria Mundial","og_description":"Os membros jovens trabalhadores da Igreja de Deus est\u00e3o praticando ativamente as atividades mission\u00e1rias e volunt\u00e1rias, estabelecendo WM (Work Mission, Miss\u00e3o de Trabalho) por regi\u00e3o e ocupa\u00e7\u00e3o, seguindo a palavra de Cristo: \u201cAmar\u00e1s o teu pr\u00f3ximo como a ti mesmo\u201d. No dia 8 de setembro, a Reuni\u00e3o Regular da WM no Segundo Semestre de 2019...","og_url":"https:\/\/watv.org\/pt\/work-mission-regular-gathering\/","og_site_name":"Igreja de Deus Sociedade Mission\u00e1ria Mundial","article_published_time":"2019-09-08T11:18:30+00:00","article_modified_time":"2021-11-25T06:32:25+00:00","og_image":[{"width":3840,"height":2020,"url":"https:\/\/watv.org\/wp-content\/uploads\/2019\/11\/news_190908_01@2x.jpg","type":"image\/jpeg"}],"author":"ss","twitter_card":"summary_large_image","schema":{"@context":"https:\/\/schema.org","@graph":[{"@type":"Article","@id":"https:\/\/watv.org\/pt\/work-mission-regular-gathering\/#article","isPartOf":{"@id":"https:\/\/watv.org\/pt\/work-mission-regular-gathering\/"},"author":{"name":"ss","@id":"https:\/\/watv.org\/pt\/#\/schema\/person\/a58a271de4ef926ff9477cac3b74b5d5"},"headline":"Reuni\u00e3o Regular da WM no Segundo Semestre de 2019","datePublished":"2019-09-08T11:18:30+00:00","dateModified":"2021-11-25T06:32:25+00:00","mainEntityOfPage":{"@id":"https:\/\/watv.org\/pt\/work-mission-regular-gathering\/"},"wordCount":714,"publisher":{"@id":"https:\/\/watv.org\/pt\/#organization"},"image":{"@id":"https:\/\/watv.org\/pt\/work-mission-regular-gathering\/#primaryimage"},"thumbnailUrl":"https:\/\/watv.org\/wp-content\/uploads\/2019\/11\/news_190908_01@2x.jpg","articleSection":["Sede Mundial","Not\u00edcias Globais"],"inLanguage":"pt-BR"},{"@type":"WebPage","@id":"https:\/\/watv.org\/pt\/work-mission-regular-gathering\/","url":"https:\/\/watv.org\/pt\/work-mission-regular-gathering\/","name":"Reuni\u00e3o Regular da WM no Segundo Semestre de 2019 - Igreja de Deus Sociedade Mission\u00e1ria Mundial","isPartOf":{"@id":"https:\/\/watv.org\/pt\/#website"},"primaryImageOfPage":{"@id":"https:\/\/watv.org\/pt\/work-mission-regular-gathering\/#primaryimage"},"image":{"@id":"https:\/\/watv.org\/pt\/work-mission-regular-gathering\/#primaryimage"},"thumbnailUrl":"https:\/\/watv.org\/wp-content\/uploads\/2019\/11\/news_190908_01@2x.jpg","datePublished":"2019-09-08T11:18:30+00:00","dateModified":"2021-11-25T06:32:25+00:00","breadcrumb":{"@id":"https:\/\/watv.org\/pt\/work-mission-regular-gathering\/#breadcrumb"},"inLanguage":"pt-BR","potentialAction":[{"@type":"ReadAction","target":["https:\/\/watv.org\/pt\/work-mission-regular-gathering\/"]}]},{"@type":"ImageObject","inLanguage":"pt-BR","@id":"https:\/\/watv.org\/pt\/work-mission-regular-gathering\/#primaryimage","url":"https:\/\/watv.org\/wp-content\/uploads\/2019\/11\/news_190908_01@2x.jpg","contentUrl":"https:\/\/watv.org\/wp-content\/uploads\/2019\/11\/news_190908_01@2x.jpg","width":3840,"height":2020},{"@type":"BreadcrumbList","@id":"https:\/\/watv.org\/pt\/work-mission-regular-gathering\/#breadcrumb","itemListElement":[{"@type":"ListItem","position":1,"name":"Home","item":"https:\/\/watv.org\/pt\/"},{"@type":"ListItem","position":2,"name":"Reuni\u00e3o Regular da WM no Segundo Semestre de 2019"}]},{"@type":"WebSite","@id":"https:\/\/watv.org\/pt\/#website","url":"https:\/\/watv.org\/pt\/","name":"Igreja de Deus Sociedade Mission\u00e1ria Mundial","description":"With Mother\u2019s heartwarming love, we deliver eternal happiness to seven billion people in the world.","publisher":{"@id":"https:\/\/watv.org\/pt\/#organization"},"potentialAction":[{"@type":"SearchAction","target":{"@type":"EntryPoint","urlTemplate":"https:\/\/watv.org\/pt\/?s={search_term_string}"},"query-input":{"@type":"PropertyValueSpecification","valueRequired":true,"valueName":"search_term_string"}}],"inLanguage":"pt-BR"},{"@type":"Organization","@id":"https:\/\/watv.org\/pt\/#organization","name":"World Mission Society Church of God - \ud558\ub098\ub2d8\uc758\uad50\ud68c \uc138\uacc4\ubcf5\uc74c\uc120\uad50\ud611\ud68c","url":"https:\/\/watv.org\/pt\/","logo":{"@type":"ImageObject","inLanguage":"pt-BR","@id":"https:\/\/watv.org\/pt\/#\/schema\/logo\/image\/","url":"https:\/\/watv.org\/wp-content\/uploads\/2022\/06\/WorldMissionSociety_ChurchofGod_Symbol_Logo.png","contentUrl":"https:\/\/watv.org\/wp-content\/uploads\/2022\/06\/WorldMissionSociety_ChurchofGod_Symbol_Logo.png","width":1001,"height":1331,"caption":"World Mission Society Church of God - \ud558\ub098\ub2d8\uc758\uad50\ud68c \uc138\uacc4\ubcf5\uc74c\uc120\uad50\ud611\ud68c"},"image":{"@id":"https:\/\/watv.org\/pt\/#\/schema\/logo\/image\/"},"sameAs":["https:\/\/www.youtube.com\/channel\/UCioiBk9rS5Dv5j66hUipsuQ"]},{"@type":"Person","@id":"https:\/\/watv.org\/pt\/#\/schema\/person\/a58a271de4ef926ff9477cac3b74b5d5","name":"ss"}]}},"_links":{"self":[{"href":"https:\/\/watv.org\/pt\/wp-json\/wp\/v2\/posts\/39815","targetHints":{"allow":["GET"]}}],"collection":[{"href":"https:\/\/watv.org\/pt\/wp-json\/wp\/v2\/posts"}],"about":[{"href":"https:\/\/watv.org\/pt\/wp-json\/wp\/v2\/types\/post"}],"author":[{"embeddable":true,"href":"https:\/\/watv.org\/pt\/wp-json\/wp\/v2\/users\/21"}],"replies":[{"embeddable":true,"href":"https:\/\/watv.org\/pt\/wp-json\/wp\/v2\/comments?post=39815"}],"version-history":[{"count":2,"href":"https:\/\/watv.org\/pt\/wp-json\/wp\/v2\/posts\/39815\/revisions"}],"predecessor-version":[{"id":39818,"href":"https:\/\/watv.org\/pt\/wp-json\/wp\/v2\/posts\/39815\/revisions\/39818"}],"wp:featuredmedia":[{"embeddable":true,"href":"https:\/\/watv.org\/pt\/wp-json\/wp\/v2\/media\/39816"}],"wp:attachment":[{"href":"https:\/\/watv.org\/pt\/wp-json\/wp\/v2\/media?parent=39815"}],"wp:term":[{"taxonomy":"category","embeddable":true,"href":"https:\/\/watv.org\/pt\/wp-json\/wp\/v2\/categories?post=39815"},{"taxonomy":"post_tag","embeddable":true,"href":"https:\/\/watv.org\/pt\/wp-json\/wp\/v2\/tags?post=39815"}],"curies":[{"name":"wp","href":"https:\/\/api.w.org\/{rel}","templated":true}]}}