{"id":72138,"date":"2022-06-17T09:00:49","date_gmt":"2022-06-17T00:00:49","guid":{"rendered":"http:\/\/watvdev.org\/unccd-executive-secretarys-award\/"},"modified":"2023-01-16T14:46:08","modified_gmt":"2023-01-16T05:46:08","slug":"unccd-executive-secretarys-award","status":"publish","type":"post","link":"https:\/\/watv.org\/pt\/unccd-executive-secretarys-award\/","title":{"rendered":"ASEZ Honrado com o Pr\u00eamio do Secret\u00e1rio Executivo da \u200bConven\u00e7\u00e3o das Na\u00e7\u00f5es Unidas para o Combate \u00e0 Desertifica\u00e7\u00e3o (UNCDD)"},"content":{"rendered":"<p><a href=\"https:\/\/asez.org\/about-asez\/\">ASEZ, o Voluntariado Universit\u00e1rio<\/a> da Igreja de Deus Sociedade Mission\u00e1ria Mundial, foi premiado com o Pr\u00eamio do Secret\u00e1rio Executivo da <a href=\"https:\/\/www.unccd.int\">Conven\u00e7\u00e3o das Na\u00e7\u00f5es Unidas para o Combate \u00e0 Desertifica\u00e7\u00e3o<\/a> (CNUCD, ou UNCCD em sua sigla em ingl\u00eas; doravante, UNCDD) em 17 de junho. O ASEZ participou da \u201ccompeti\u00e7\u00e3o de canto coral virtual para marcar os 10 anos da Iniciativa Changwon da UNCDD\u201d, e recebeu o maior pr\u00eamio.<\/p>\n<p>A Conven\u00e7\u00e3o das Na\u00e7\u00f5es Unidas para o Combate \u00e0 Desertifica\u00e7\u00e3o \u00e9 uma conven\u00e7\u00e3o assinada pela sociedade internacional em 17 de junho de 1994, objetivando prevenir a desertifica\u00e7\u00e3o causada pelo crescimento indiscriminado e para ajudar as \u00e1reas afetadas pela desertifica\u00e7\u00e3o. 194 pa\u00edses s\u00e3o partes nesta conven\u00e7\u00e3o, e a sua secretaria est\u00e1 localizada em Bonn, Alemanha. Em 2011, a 10\u00aa Confer\u00eancia das Partes (COP10) da UNCCD foi realizada em Changwon, Coreia do Sul, e adotou a \u201cIniciativa Changwon\u201d que cont\u00e9m planos para a implementa\u00e7\u00e3o da conven\u00e7\u00e3o.<\/p>\n<p>Em 2021 a secretaria da UNCCD e o <a href=\"https:\/\/english.forest.go.kr\/kfsweb\/kfs\/subIdx\/Index.do?mn=UENG\">Servi\u00e7o Florestal da Coreia<\/a> organizaram uma competi\u00e7\u00e3o mundial de canto coral virtual para combater a desertifica\u00e7\u00e3o em celebra\u00e7\u00e3o ao d\u00e9cimo anivers\u00e1rio do lan\u00e7amento do plano Iniciativa Changwon. O ASEZ submeteu duas can\u00e7\u00f5es. A primeira can\u00e7\u00e3o foi a m\u00fasica-tema da UNCCD intitulada \u201c<a href=\"https:\/\/watvmedia.org\/ko\/media\/born-from-the-land\">Presente da Terra<\/a> (em vers\u00e3o coreano; e sua vers\u00e3o original em ingl\u00eas \u00e9 <i>Born from the Land<\/i>)\u201d e a segunda foi a m\u00fasica pr\u00f3pria do ASEZ intitulada \u201c<a href=\"https:\/\/watvmedia.org\/ko\/media\/into-the-forest\">Na Floresta<\/a>\u201d que tem uma mensagem: \u201cVamos restaurar as florestas para entreg\u00e1-las \u00e0s futuras gera\u00e7\u00f5es como um legado saud\u00e1vel e bonito\u201d.<\/p>\n<figure class=\"limit\">\n <picture class=\"copyright\"><source media=\"(max-width:450px)\" srcset=\"\/wp-content\/themes\/watv\/images\/posts\/news_220617_01.jpg\"><img decoding=\"async\" src=\"\/wp-content\/themes\/watv\/images\/posts\/news_220617_01.jpg\"\n    srcset=\"\/wp-content\/themes\/watv\/images\/posts\/news_220617_01.jpg,\n            \/wp-content\/themes\/watv\/images\/posts\/news_220617_01@2x.jpg 2x\">\n <\/picture>\n<\/figure>\n<p>A UNCCD anunciou os vencedores do pr\u00eamio na COP15 que se realizou na Rep\u00fablica da C\u00f4te d&#8217;Ivoire, em maio de 2022. Os anfitri\u00f5es selecionaram a longa lista baseada no n\u00famero de visualiza\u00e7\u00f5es e de curtidas no YouTube, e avaliaram a express\u00e3o musical, mensagem e a arte de cada time. O ASEZ recebeu o maior pr\u00eamio, o Pr\u00eamio do Secret\u00e1rio Executivo da UNCDD, e um time das Filipinas e outro time da Coreia receberam o Pr\u00eamio do Ministro de Servi\u00e7o Florestal da Coreia e o Pr\u00eamio do Governador da Prov\u00edncia de Gyeongsang da Coreia do Sul, respectivamente.<\/p>\n<p>A cerim\u00f4nia de premia\u00e7\u00e3o foi realizada no Arboreto Nacional Sejong, Coreia do Sul, em 17 de junho, junto com o evento comemorativo do \u201cDia Mundial de Combate \u00e0 Desertifica\u00e7\u00e3o e \u00e0 Seca\u201d. A cerim\u00f4nia foi assistida pelo ministro de Servi\u00e7o Florestal da Coreia, Nam Sung-hyun, pelo embaixador da Mong\u00f3lia na Coreia, H.E. Erdenetsogtin Sarantogos, pelo diretor executivo do Instituto Arboreto e Jardins, Ryu Kwang-soo, pela diretora executiva do Arboreto Nacional Sejong, Lee Yoo-mi, e pelos outros oficiais de ONGs que trabalham para prevenir a desertifica\u00e7\u00e3o.<\/p>\n<div class=\"divide limit\">\n<figure>\n  <picture class=\"copyright\"><source media=\"(max-width:450px)\" srcset=\"\/wp-content\/themes\/watv\/images\/posts\/news_220617_02.jpg\"><img decoding=\"async\" src=\"\/wp-content\/themes\/watv\/images\/posts\/news_220617_02.jpg\"\n     srcset=\"\/wp-content\/themes\/watv\/images\/posts\/news_220617_02.jpg,\n             \/wp-content\/themes\/watv\/images\/posts\/news_220617_02@2x.jpg 2x\">\n  <\/picture>\n <\/figure>\n<figure>\n  <picture class=\"copyright\"><source media=\"(max-width:450px)\" srcset=\"\/wp-content\/themes\/watv\/images\/posts\/news_220617_03.jpg\"><img decoding=\"async\" src=\"\/wp-content\/themes\/watv\/images\/posts\/news_220617_03.jpg\"\n     srcset=\"\/wp-content\/themes\/watv\/images\/posts\/news_220617_03.jpg,\n             \/wp-content\/themes\/watv\/images\/posts\/news_220617_03@2x.jpg 2x\">\n  <\/picture>\n <\/figure>\n<figure>\n  <picture class=\"copyright\"><source media=\"(max-width:450px)\" srcset=\"\/wp-content\/themes\/watv\/images\/posts\/news_220617_04.jpg\"><img decoding=\"async\" src=\"\/wp-content\/themes\/watv\/images\/posts\/news_220617_04.jpg\"\n     srcset=\"\/wp-content\/themes\/watv\/images\/posts\/news_220617_04.jpg,\n             \/wp-content\/themes\/watv\/images\/posts\/news_220617_04@2x.jpg 2x\">\n  <\/picture>\n <\/figure>\n<figure>\n  <picture class=\"copyright\"><source media=\"(max-width:450px)\" srcset=\"\/wp-content\/themes\/watv\/images\/posts\/news_220617_05.jpg\"><img decoding=\"async\" src=\"\/wp-content\/themes\/watv\/images\/posts\/news_220617_05.jpg\"\n     srcset=\"\/wp-content\/themes\/watv\/images\/posts\/news_220617_05.jpg,\n             \/wp-content\/themes\/watv\/images\/posts\/news_220617_05@2x.jpg 2x\">\n  <\/picture>\n <\/figure>\n<\/div>\n<p>Nam Sung-hyun, o ministro de Servi\u00e7o Florestal da Coreia, disse: \u201cSe n\u00e3o prevenirmos a desertifica\u00e7\u00e3o e seca agora, v\u00e1rios problemas v\u00e3o ocorrer, n\u00e3o apenas na Coreia, mas em todo o mundo. Agora \u00e9 a hora de tomar atitude\u201d. Ele acrescentou: \u201cAs florestas que s\u00e3o nosso sustento e a fonte de nosso ecossistema, est\u00e3o sendo devastadas mais rapidamente por todo o mundo. O Servi\u00e7o Florestal tamb\u00e9m far\u00e1 todos os esfor\u00e7os pela Coreia verde e pela Terra verde\u201d. O embaixador H.E. Erdenetsogtin Sarantogos explicou a situa\u00e7\u00e3o na Mong\u00f3lia que j\u00e1 est\u00e1 passando pela desertifica\u00e7\u00e3o, dizendo: \u201cA desertifica\u00e7\u00e3o \u00e9 agora um desastre em todos os aspectos da vida. N\u00f3s precisamos de esfor\u00e7os coletivos para responder a isso. Vamos trabalhar juntos para alcan\u00e7ar nosso objetivo comum\u201d.<\/p>\n<div class=\"divide limit\">\n<figure>\n  <picture class=\"copyright\"><source media=\"(max-width:450px)\" srcset=\"\/wp-content\/themes\/watv\/images\/posts\/news_220617_06.jpg\"><img decoding=\"async\" src=\"\/wp-content\/themes\/watv\/images\/posts\/news_220617_06.jpg\"\n     srcset=\"\/wp-content\/themes\/watv\/images\/posts\/news_220617_06.jpg,\n             \/wp-content\/themes\/watv\/images\/posts\/news_220617_06@2x.jpg 2x\">\n  <\/picture>\n <\/figure>\n<figure>\n  <picture class=\"copyright\"><source media=\"(max-width:450px)\" srcset=\"\/wp-content\/themes\/watv\/images\/posts\/news_220617_07.jpg\"><img decoding=\"async\" src=\"\/wp-content\/themes\/watv\/images\/posts\/news_220617_07.jpg\"\n     srcset=\"\/wp-content\/themes\/watv\/images\/posts\/news_220617_07.jpg,\n             \/wp-content\/themes\/watv\/images\/posts\/news_220617_07@2x.jpg 2x\">\n  <\/picture>\n <\/figure>\n<\/div>\n<p>O ministro de Servi\u00e7o Florestal, Nam Sung-hyun, entregou o pr\u00eamio ao ASEZ. Ent\u00e3o, os oradores representantes da futura gera\u00e7\u00e3o recitaram a \u201cDeclara\u00e7\u00e3o para Combater a Desertifica\u00e7\u00e3o e a Seca\u201d. A declara\u00e7\u00e3o chamou para a\u00e7\u00e3o de restaurar as florestas e os ecossistemas, para prevenir a desertifica\u00e7\u00e3o que est\u00e1 diretamente ligada com a sobreviv\u00eancia da humanidade. No final da cerim\u00f4nia, o ASEZ cantou tr\u00eas can\u00e7\u00f5es, incluindo \u201cNa Floresta\u201d e \u201cPresente da Terra\u201d, as quais s\u00e3o sobre a preciosidade da natureza verde e esperan\u00e7a para o futuro, em celebra\u00e7\u00e3o ao pr\u00eamio; e com isso foi encerrada a cerim\u00f4nia de premia\u00e7\u00e3o.<\/p>\n<figure class=\"limit\">\n <picture class=\"copyright\"><source media=\"(max-width:450px)\" srcset=\"\/wp-content\/themes\/watv\/images\/posts\/news_220617_08.jpg\"><img decoding=\"async\" src=\"\/wp-content\/themes\/watv\/images\/posts\/news_220617_08.jpg\"\n    srcset=\"\/wp-content\/themes\/watv\/images\/posts\/news_220617_08.jpg,\n            \/wp-content\/themes\/watv\/images\/posts\/news_220617_08@2x.jpg 2x\">\n <\/picture>\n<\/figure>\n<p>O ASEZ est\u00e1 trabalhando ativamente em melhorar os assuntos ambientais; por exemplo, prevenir a desertifica\u00e7\u00e3o atrav\u00e9s do projeto \u201cRede da Greenship\u201d. Eles constantemente realizam campanhas ambientais, semin\u00e1rios e f\u00f3runs em coopera\u00e7\u00e3o com ag\u00eancias governamentais e universidades ao redor do mundo a fim de promover a import\u00e2ncia da floresta. Nos primeiros cinco anos de 2016 a 2021 desde seu estabelecimento, o ASEZ plantou mais de 11.000 \u00e1rvores nos Estados Unidos, Austr\u00e1lia, Filipinas, Camboja, \u00cdndia, Argentina, Peru e Rep\u00fablica Dominicana.<\/p>\n<p>Durante a pandemia da COVID-19, o ASEZ tem trabalhado, enquanto cumpriam as diretrizes de preven\u00e7\u00e3o da COVID-19. Al\u00e9m do mais, com as m\u00fasicas submetidas na competi\u00e7\u00e3o de coro tamb\u00e9m, o ASEZ promoveu a consci\u00eancia ambiental dos cidad\u00e3os e aumentou a conscientiza\u00e7\u00e3o deles sobre a desertifica\u00e7\u00e3o. Neste ano, no 15\u00ba Congresso Florestal Mundial realizado no COEX, Seul, Coreia, entre os dias 2 a 6 de maio, o ASEZ aprendeu com l\u00edderes dom\u00e9sticos e estrangeiros e com especialistas sobre as pol\u00edticas e teorias necess\u00e1rias para proteger as florestas, e discutiram em como aplic\u00e1-las em cada campus. Isso forneceu uma oportunidade para <a href=\"\/pt\/ecuador-ministry-of-environment\/\">a vice-ministra do Meio Ambiente do Equador, Bianca Dager Jervis, dar uma palestra especial para os membros do ASEZ no Templo da Nova Jerusal\u00e9m em Pangyo, Coreia, em 5 de maio<\/a>.<\/p>\n<figure class=\"limit\">\n <picture class=\"copyright\"><source media=\"(max-width:450px)\" srcset=\"\/wp-content\/themes\/watv\/images\/posts\/news_220617_09.jpg\"><img decoding=\"async\" src=\"\/wp-content\/themes\/watv\/images\/posts\/news_220617_09.jpg\"\n    srcset=\"\/wp-content\/themes\/watv\/images\/posts\/news_220617_09.jpg,\n            \/wp-content\/themes\/watv\/images\/posts\/news_220617_09@2x.jpg 2x\">\n <\/picture>\n<\/figure>\n<p>O ASEZ realizar\u00e1 atividades pr\u00e1ticas para o planeta Terra, como criar florestas de mangue e plantar \u00e1rvores para reduzir o carbono, e construir solidariedade com v\u00e1rios grupos e cidad\u00e3os, bem como universit\u00e1rios. O membro Lee Eun-ji (Estudante calouro de horticultura, da Universidade Nacional de Chungnam), que est\u00e1 interessado no meio ambiente, expressou sua resolu\u00e7\u00e3o, dizendo: \u201cMinha classe cultiva planta\u00e7\u00f5es, e meus av\u00f3s s\u00e3o agricultores, assim tenho experimentado os enormes danos causados pelas recentes secas. Gra\u00e7as ao evento de hoje, eu reafirmei a seriedade da desertifica\u00e7\u00e3o. Como membro do ASEZ, assumirei a lideran\u00e7a no combate \u00e0 desertifica\u00e7\u00e3o na minha escola\u201d.<\/p>\n<figure class=\"full-width\">\n <picture class=\"copyright\"><source media=\"(max-width:450px)\" srcset=\"\/wp-content\/themes\/watv\/images\/posts\/news_220617_10.jpg\"><img decoding=\"async\" src=\"\/wp-content\/themes\/watv\/images\/posts\/news_220617_10.jpg\"\n    srcset=\"\/wp-content\/themes\/watv\/images\/posts\/news_220617_10.jpg,\n            \/wp-content\/themes\/watv\/images\/posts\/news_220617_10@2x.jpg 2x\">\n <\/picture>\n<\/figure>\n","protected":false},"excerpt":{"rendered":"ASEZ, o Voluntariado Universit\u00e1rio da Igreja de Deus Sociedade Mission\u00e1ria Mundial, foi premiado com o Pr\u00eamio do Secret\u00e1rio Executivo da Conven\u00e7\u00e3o das Na\u00e7\u00f5es Unidas para o Combate \u00e0 Desertifica\u00e7\u00e3o (CNUCD, ou UNCCD em sua sigla em ingl\u00eas; doravante, UNCDD) em 17 de junho. O ASEZ participou da \u201ccompeti\u00e7\u00e3o de canto coral virtual para marcar os&#8230;","protected":false},"author":21,"featured_media":68089,"comment_status":"closed","ping_status":"closed","sticky":false,"template":"post-type\/post-type-header-full-screen.php","format":"standard","meta":{"footnotes":""},"categories":[348,347],"tags":[],"class_list":["post-72138","post","type-post","status-publish","format-standard","has-post-thumbnail","hentry","category-news","category-global-news"],"yoast_head":"<!-- This site is optimized with the Yoast SEO plugin v27.4 - https:\/\/yoast.com\/product\/yoast-seo-wordpress\/ -->\n<title>ASEZ Honrado com o Pr\u00eamio do Secret\u00e1rio Executivo da \u200bConven\u00e7\u00e3o das Na\u00e7\u00f5es Unidas para o Combate \u00e0 Desertifica\u00e7\u00e3o (UNCDD) - Igreja de Deus Sociedade Mission\u00e1ria Mundial<\/title>\n<meta name=\"robots\" content=\"index, follow, max-snippet:-1, max-image-preview:large, max-video-preview:-1\" \/>\n<link rel=\"canonical\" href=\"https:\/\/watv.org\/pt\/unccd-executive-secretarys-award\/\" \/>\n<meta property=\"og:locale\" content=\"pt_BR\" \/>\n<meta property=\"og:type\" content=\"article\" \/>\n<meta property=\"og:title\" content=\"ASEZ Honrado com o Pr\u00eamio do Secret\u00e1rio Executivo da \u200bConven\u00e7\u00e3o das Na\u00e7\u00f5es Unidas para o Combate \u00e0 Desertifica\u00e7\u00e3o (UNCDD) - Igreja de Deus Sociedade Mission\u00e1ria Mundial\" \/>\n<meta property=\"og:description\" content=\"ASEZ, o Voluntariado Universit\u00e1rio da Igreja de Deus Sociedade Mission\u00e1ria Mundial, foi premiado com o Pr\u00eamio do Secret\u00e1rio Executivo da Conven\u00e7\u00e3o das Na\u00e7\u00f5es Unidas para o Combate \u00e0 Desertifica\u00e7\u00e3o (CNUCD, ou UNCCD em sua sigla em ingl\u00eas; doravante, UNCDD) em 17 de junho. O ASEZ participou da \u201ccompeti\u00e7\u00e3o de canto coral virtual para marcar os...\" \/>\n<meta property=\"og:url\" content=\"https:\/\/watv.org\/pt\/unccd-executive-secretarys-award\/\" \/>\n<meta property=\"og:site_name\" content=\"Igreja de Deus Sociedade Mission\u00e1ria Mundial\" \/>\n<meta property=\"article:published_time\" content=\"2022-06-17T00:00:49+00:00\" \/>\n<meta property=\"article:modified_time\" content=\"2023-01-16T05:46:08+00:00\" \/>\n<meta property=\"og:image\" content=\"https:\/\/watv.org\/wp-content\/uploads\/2022\/07\/unccd-executive-secretarys-award-1.jpg\" \/>\n\t<meta property=\"og:image:width\" content=\"3840\" \/>\n\t<meta property=\"og:image:height\" content=\"2000\" \/>\n\t<meta property=\"og:image:type\" content=\"image\/jpeg\" \/>\n<meta name=\"author\" content=\"ss\" \/>\n<meta name=\"twitter:card\" content=\"summary_large_image\" \/>\n<script type=\"application\/ld+json\" class=\"yoast-schema-graph\">{\"@context\":\"https:\\\/\\\/schema.org\",\"@graph\":[{\"@type\":\"Article\",\"@id\":\"https:\\\/\\\/watv.org\\\/pt\\\/unccd-executive-secretarys-award\\\/#article\",\"isPartOf\":{\"@id\":\"https:\\\/\\\/watv.org\\\/pt\\\/unccd-executive-secretarys-award\\\/\"},\"author\":{\"name\":\"ss\",\"@id\":\"https:\\\/\\\/watv.org\\\/pt\\\/#\\\/schema\\\/person\\\/a58a271de4ef926ff9477cac3b74b5d5\"},\"headline\":\"ASEZ Honrado com o Pr\u00eamio do Secret\u00e1rio Executivo da \u200bConven\u00e7\u00e3o das Na\u00e7\u00f5es Unidas para o Combate \u00e0 Desertifica\u00e7\u00e3o (UNCDD)\",\"datePublished\":\"2022-06-17T00:00:49+00:00\",\"dateModified\":\"2023-01-16T05:46:08+00:00\",\"mainEntityOfPage\":{\"@id\":\"https:\\\/\\\/watv.org\\\/pt\\\/unccd-executive-secretarys-award\\\/\"},\"wordCount\":1090,\"publisher\":{\"@id\":\"https:\\\/\\\/watv.org\\\/pt\\\/#organization\"},\"image\":{\"@id\":\"https:\\\/\\\/watv.org\\\/pt\\\/unccd-executive-secretarys-award\\\/#primaryimage\"},\"thumbnailUrl\":\"https:\\\/\\\/watv.org\\\/wp-content\\\/uploads\\\/2022\\\/07\\\/unccd-executive-secretarys-award-1.jpg\",\"articleSection\":[\"Sede Mundial\",\"Not\u00edcias Globais\"],\"inLanguage\":\"pt-BR\"},{\"@type\":\"WebPage\",\"@id\":\"https:\\\/\\\/watv.org\\\/pt\\\/unccd-executive-secretarys-award\\\/\",\"url\":\"https:\\\/\\\/watv.org\\\/pt\\\/unccd-executive-secretarys-award\\\/\",\"name\":\"ASEZ Honrado com o Pr\u00eamio do Secret\u00e1rio Executivo da \u200bConven\u00e7\u00e3o das Na\u00e7\u00f5es Unidas para o Combate \u00e0 Desertifica\u00e7\u00e3o (UNCDD) - Igreja de Deus Sociedade Mission\u00e1ria Mundial\",\"isPartOf\":{\"@id\":\"https:\\\/\\\/watv.org\\\/pt\\\/#website\"},\"primaryImageOfPage\":{\"@id\":\"https:\\\/\\\/watv.org\\\/pt\\\/unccd-executive-secretarys-award\\\/#primaryimage\"},\"image\":{\"@id\":\"https:\\\/\\\/watv.org\\\/pt\\\/unccd-executive-secretarys-award\\\/#primaryimage\"},\"thumbnailUrl\":\"https:\\\/\\\/watv.org\\\/wp-content\\\/uploads\\\/2022\\\/07\\\/unccd-executive-secretarys-award-1.jpg\",\"datePublished\":\"2022-06-17T00:00:49+00:00\",\"dateModified\":\"2023-01-16T05:46:08+00:00\",\"breadcrumb\":{\"@id\":\"https:\\\/\\\/watv.org\\\/pt\\\/unccd-executive-secretarys-award\\\/#breadcrumb\"},\"inLanguage\":\"pt-BR\",\"potentialAction\":[{\"@type\":\"ReadAction\",\"target\":[\"https:\\\/\\\/watv.org\\\/pt\\\/unccd-executive-secretarys-award\\\/\"]}]},{\"@type\":\"ImageObject\",\"inLanguage\":\"pt-BR\",\"@id\":\"https:\\\/\\\/watv.org\\\/pt\\\/unccd-executive-secretarys-award\\\/#primaryimage\",\"url\":\"https:\\\/\\\/watv.org\\\/wp-content\\\/uploads\\\/2022\\\/07\\\/unccd-executive-secretarys-award-1.jpg\",\"contentUrl\":\"https:\\\/\\\/watv.org\\\/wp-content\\\/uploads\\\/2022\\\/07\\\/unccd-executive-secretarys-award-1.jpg\",\"width\":3840,\"height\":2000},{\"@type\":\"BreadcrumbList\",\"@id\":\"https:\\\/\\\/watv.org\\\/pt\\\/unccd-executive-secretarys-award\\\/#breadcrumb\",\"itemListElement\":[{\"@type\":\"ListItem\",\"position\":1,\"name\":\"Home\",\"item\":\"https:\\\/\\\/watv.org\\\/pt\\\/\"},{\"@type\":\"ListItem\",\"position\":2,\"name\":\"ASEZ Honrado com o Pr\u00eamio do Secret\u00e1rio Executivo da \u200bConven\u00e7\u00e3o das Na\u00e7\u00f5es Unidas para o Combate \u00e0 Desertifica\u00e7\u00e3o (UNCDD)\"}]},{\"@type\":\"WebSite\",\"@id\":\"https:\\\/\\\/watv.org\\\/pt\\\/#website\",\"url\":\"https:\\\/\\\/watv.org\\\/pt\\\/\",\"name\":\"Igreja de Deus Sociedade Mission\u00e1ria Mundial\",\"description\":\"With Mother\u2019s heartwarming love, we deliver eternal happiness to seven billion people in the world.\",\"publisher\":{\"@id\":\"https:\\\/\\\/watv.org\\\/pt\\\/#organization\"},\"potentialAction\":[{\"@type\":\"SearchAction\",\"target\":{\"@type\":\"EntryPoint\",\"urlTemplate\":\"https:\\\/\\\/watv.org\\\/pt\\\/?s={search_term_string}\"},\"query-input\":{\"@type\":\"PropertyValueSpecification\",\"valueRequired\":true,\"valueName\":\"search_term_string\"}}],\"inLanguage\":\"pt-BR\"},{\"@type\":\"Organization\",\"@id\":\"https:\\\/\\\/watv.org\\\/pt\\\/#organization\",\"name\":\"World Mission Society Church of God - \ud558\ub098\ub2d8\uc758\uad50\ud68c \uc138\uacc4\ubcf5\uc74c\uc120\uad50\ud611\ud68c\",\"url\":\"https:\\\/\\\/watv.org\\\/pt\\\/\",\"logo\":{\"@type\":\"ImageObject\",\"inLanguage\":\"pt-BR\",\"@id\":\"https:\\\/\\\/watv.org\\\/pt\\\/#\\\/schema\\\/logo\\\/image\\\/\",\"url\":\"https:\\\/\\\/watv.org\\\/wp-content\\\/uploads\\\/2022\\\/06\\\/WorldMissionSociety_ChurchofGod_Symbol_Logo.png\",\"contentUrl\":\"https:\\\/\\\/watv.org\\\/wp-content\\\/uploads\\\/2022\\\/06\\\/WorldMissionSociety_ChurchofGod_Symbol_Logo.png\",\"width\":1001,\"height\":1331,\"caption\":\"World Mission Society Church of God - \ud558\ub098\ub2d8\uc758\uad50\ud68c \uc138\uacc4\ubcf5\uc74c\uc120\uad50\ud611\ud68c\"},\"image\":{\"@id\":\"https:\\\/\\\/watv.org\\\/pt\\\/#\\\/schema\\\/logo\\\/image\\\/\"},\"sameAs\":[\"https:\\\/\\\/www.youtube.com\\\/channel\\\/UCioiBk9rS5Dv5j66hUipsuQ\"]},{\"@type\":\"Person\",\"@id\":\"https:\\\/\\\/watv.org\\\/pt\\\/#\\\/schema\\\/person\\\/a58a271de4ef926ff9477cac3b74b5d5\",\"name\":\"ss\"}]}<\/script>\n<!-- \/ Yoast SEO plugin. -->","yoast_head_json":{"title":"ASEZ Honrado com o Pr\u00eamio do Secret\u00e1rio Executivo da \u200bConven\u00e7\u00e3o das Na\u00e7\u00f5es Unidas para o Combate \u00e0 Desertifica\u00e7\u00e3o (UNCDD) - Igreja de Deus Sociedade Mission\u00e1ria Mundial","robots":{"index":"index","follow":"follow","max-snippet":"max-snippet:-1","max-image-preview":"max-image-preview:large","max-video-preview":"max-video-preview:-1"},"canonical":"https:\/\/watv.org\/pt\/unccd-executive-secretarys-award\/","og_locale":"pt_BR","og_type":"article","og_title":"ASEZ Honrado com o Pr\u00eamio do Secret\u00e1rio Executivo da \u200bConven\u00e7\u00e3o das Na\u00e7\u00f5es Unidas para o Combate \u00e0 Desertifica\u00e7\u00e3o (UNCDD) - Igreja de Deus Sociedade Mission\u00e1ria Mundial","og_description":"ASEZ, o Voluntariado Universit\u00e1rio da Igreja de Deus Sociedade Mission\u00e1ria Mundial, foi premiado com o Pr\u00eamio do Secret\u00e1rio Executivo da Conven\u00e7\u00e3o das Na\u00e7\u00f5es Unidas para o Combate \u00e0 Desertifica\u00e7\u00e3o (CNUCD, ou UNCCD em sua sigla em ingl\u00eas; doravante, UNCDD) em 17 de junho. O ASEZ participou da \u201ccompeti\u00e7\u00e3o de canto coral virtual para marcar os...","og_url":"https:\/\/watv.org\/pt\/unccd-executive-secretarys-award\/","og_site_name":"Igreja de Deus Sociedade Mission\u00e1ria Mundial","article_published_time":"2022-06-17T00:00:49+00:00","article_modified_time":"2023-01-16T05:46:08+00:00","og_image":[{"width":3840,"height":2000,"url":"https:\/\/watv.org\/wp-content\/uploads\/2022\/07\/unccd-executive-secretarys-award-1.jpg","type":"image\/jpeg"}],"author":"ss","twitter_card":"summary_large_image","schema":{"@context":"https:\/\/schema.org","@graph":[{"@type":"Article","@id":"https:\/\/watv.org\/pt\/unccd-executive-secretarys-award\/#article","isPartOf":{"@id":"https:\/\/watv.org\/pt\/unccd-executive-secretarys-award\/"},"author":{"name":"ss","@id":"https:\/\/watv.org\/pt\/#\/schema\/person\/a58a271de4ef926ff9477cac3b74b5d5"},"headline":"ASEZ Honrado com o Pr\u00eamio do Secret\u00e1rio Executivo da \u200bConven\u00e7\u00e3o das Na\u00e7\u00f5es Unidas para o Combate \u00e0 Desertifica\u00e7\u00e3o (UNCDD)","datePublished":"2022-06-17T00:00:49+00:00","dateModified":"2023-01-16T05:46:08+00:00","mainEntityOfPage":{"@id":"https:\/\/watv.org\/pt\/unccd-executive-secretarys-award\/"},"wordCount":1090,"publisher":{"@id":"https:\/\/watv.org\/pt\/#organization"},"image":{"@id":"https:\/\/watv.org\/pt\/unccd-executive-secretarys-award\/#primaryimage"},"thumbnailUrl":"https:\/\/watv.org\/wp-content\/uploads\/2022\/07\/unccd-executive-secretarys-award-1.jpg","articleSection":["Sede Mundial","Not\u00edcias Globais"],"inLanguage":"pt-BR"},{"@type":"WebPage","@id":"https:\/\/watv.org\/pt\/unccd-executive-secretarys-award\/","url":"https:\/\/watv.org\/pt\/unccd-executive-secretarys-award\/","name":"ASEZ Honrado com o Pr\u00eamio do Secret\u00e1rio Executivo da \u200bConven\u00e7\u00e3o das Na\u00e7\u00f5es Unidas para o Combate \u00e0 Desertifica\u00e7\u00e3o (UNCDD) - Igreja de Deus Sociedade Mission\u00e1ria Mundial","isPartOf":{"@id":"https:\/\/watv.org\/pt\/#website"},"primaryImageOfPage":{"@id":"https:\/\/watv.org\/pt\/unccd-executive-secretarys-award\/#primaryimage"},"image":{"@id":"https:\/\/watv.org\/pt\/unccd-executive-secretarys-award\/#primaryimage"},"thumbnailUrl":"https:\/\/watv.org\/wp-content\/uploads\/2022\/07\/unccd-executive-secretarys-award-1.jpg","datePublished":"2022-06-17T00:00:49+00:00","dateModified":"2023-01-16T05:46:08+00:00","breadcrumb":{"@id":"https:\/\/watv.org\/pt\/unccd-executive-secretarys-award\/#breadcrumb"},"inLanguage":"pt-BR","potentialAction":[{"@type":"ReadAction","target":["https:\/\/watv.org\/pt\/unccd-executive-secretarys-award\/"]}]},{"@type":"ImageObject","inLanguage":"pt-BR","@id":"https:\/\/watv.org\/pt\/unccd-executive-secretarys-award\/#primaryimage","url":"https:\/\/watv.org\/wp-content\/uploads\/2022\/07\/unccd-executive-secretarys-award-1.jpg","contentUrl":"https:\/\/watv.org\/wp-content\/uploads\/2022\/07\/unccd-executive-secretarys-award-1.jpg","width":3840,"height":2000},{"@type":"BreadcrumbList","@id":"https:\/\/watv.org\/pt\/unccd-executive-secretarys-award\/#breadcrumb","itemListElement":[{"@type":"ListItem","position":1,"name":"Home","item":"https:\/\/watv.org\/pt\/"},{"@type":"ListItem","position":2,"name":"ASEZ Honrado com o Pr\u00eamio do Secret\u00e1rio Executivo da \u200bConven\u00e7\u00e3o das Na\u00e7\u00f5es Unidas para o Combate \u00e0 Desertifica\u00e7\u00e3o (UNCDD)"}]},{"@type":"WebSite","@id":"https:\/\/watv.org\/pt\/#website","url":"https:\/\/watv.org\/pt\/","name":"Igreja de Deus Sociedade Mission\u00e1ria Mundial","description":"With Mother\u2019s heartwarming love, we deliver eternal happiness to seven billion people in the world.","publisher":{"@id":"https:\/\/watv.org\/pt\/#organization"},"potentialAction":[{"@type":"SearchAction","target":{"@type":"EntryPoint","urlTemplate":"https:\/\/watv.org\/pt\/?s={search_term_string}"},"query-input":{"@type":"PropertyValueSpecification","valueRequired":true,"valueName":"search_term_string"}}],"inLanguage":"pt-BR"},{"@type":"Organization","@id":"https:\/\/watv.org\/pt\/#organization","name":"World Mission Society Church of God - \ud558\ub098\ub2d8\uc758\uad50\ud68c \uc138\uacc4\ubcf5\uc74c\uc120\uad50\ud611\ud68c","url":"https:\/\/watv.org\/pt\/","logo":{"@type":"ImageObject","inLanguage":"pt-BR","@id":"https:\/\/watv.org\/pt\/#\/schema\/logo\/image\/","url":"https:\/\/watv.org\/wp-content\/uploads\/2022\/06\/WorldMissionSociety_ChurchofGod_Symbol_Logo.png","contentUrl":"https:\/\/watv.org\/wp-content\/uploads\/2022\/06\/WorldMissionSociety_ChurchofGod_Symbol_Logo.png","width":1001,"height":1331,"caption":"World Mission Society Church of God - \ud558\ub098\ub2d8\uc758\uad50\ud68c \uc138\uacc4\ubcf5\uc74c\uc120\uad50\ud611\ud68c"},"image":{"@id":"https:\/\/watv.org\/pt\/#\/schema\/logo\/image\/"},"sameAs":["https:\/\/www.youtube.com\/channel\/UCioiBk9rS5Dv5j66hUipsuQ"]},{"@type":"Person","@id":"https:\/\/watv.org\/pt\/#\/schema\/person\/a58a271de4ef926ff9477cac3b74b5d5","name":"ss"}]}},"_links":{"self":[{"href":"https:\/\/watv.org\/pt\/wp-json\/wp\/v2\/posts\/72138","targetHints":{"allow":["GET"]}}],"collection":[{"href":"https:\/\/watv.org\/pt\/wp-json\/wp\/v2\/posts"}],"about":[{"href":"https:\/\/watv.org\/pt\/wp-json\/wp\/v2\/types\/post"}],"author":[{"embeddable":true,"href":"https:\/\/watv.org\/pt\/wp-json\/wp\/v2\/users\/21"}],"replies":[{"embeddable":true,"href":"https:\/\/watv.org\/pt\/wp-json\/wp\/v2\/comments?post=72138"}],"version-history":[{"count":5,"href":"https:\/\/watv.org\/pt\/wp-json\/wp\/v2\/posts\/72138\/revisions"}],"predecessor-version":[{"id":72250,"href":"https:\/\/watv.org\/pt\/wp-json\/wp\/v2\/posts\/72138\/revisions\/72250"}],"wp:featuredmedia":[{"embeddable":true,"href":"https:\/\/watv.org\/pt\/wp-json\/wp\/v2\/media\/68089"}],"wp:attachment":[{"href":"https:\/\/watv.org\/pt\/wp-json\/wp\/v2\/media?parent=72138"}],"wp:term":[{"taxonomy":"category","embeddable":true,"href":"https:\/\/watv.org\/pt\/wp-json\/wp\/v2\/categories?post=72138"},{"taxonomy":"post_tag","embeddable":true,"href":"https:\/\/watv.org\/pt\/wp-json\/wp\/v2\/tags?post=72138"}],"curies":[{"name":"wp","href":"https:\/\/api.w.org\/{rel}","templated":true}]}}