{"id":72190,"date":"2022-07-10T09:00:19","date_gmt":"2022-07-10T00:00:19","guid":{"rendered":"http:\/\/watvdev.org\/1st-environmental-talk-concert\/"},"modified":"2023-01-16T14:43:04","modified_gmt":"2023-01-16T05:43:04","slug":"1st-environmental-talk-concert","status":"publish","type":"post","link":"https:\/\/watv.org\/pt\/1st-environmental-talk-concert\/","title":{"rendered":"1\u00ba Concerto de Conversa para o Meio Ambiente do ASEZ WAO"},"content":{"rendered":"<p><a href=\"https:\/\/asezwao.org\/green-workplace\/\">\u200bASEZ WAO, o Voluntariado dos Jovens Trabalhadores da Igreja de Deus Sociedade Mission\u00e1ria Mundial<\/a>, que tem tomado a iniciativa de encorajar os trabalhadores a participarem da prote\u00e7\u00e3o ambiental atrav\u00e9s do projeto <a href=\"https:\/\/asezwao.org\">Local de Trabalho Verde (estas s\u00e3o as atividades ecol\u00f3gicas no local de trabalho)<\/a>, realizou um concerto de conversa com o tema: \u201cVoc\u00ea est\u00e1 respondendo bem \u00e0s mudan\u00e7as clim\u00e1ticas?\u201d, com o fim de buscar as medidas que os trabalhadores podem adotar para melhorar as condi\u00e7\u00f5es ambientais, e tamb\u00e9m para escutarem os conselhos dos especialistas sobre a crise clim\u00e1tica que gera impactos diretos e indiretos ao meio ambiental e \u00e0 sociedade.<\/p>\n<figure class=\"limit\">\n <picture class=\"copyright\"><source media=\"(max-width:450px)\" srcset=\"\/wp-content\/themes\/watv\/images\/posts\/news_220710_01.jpg\"><img decoding=\"async\" src=\"\/wp-content\/themes\/watv\/images\/posts\/news_220710_01.jpg\"\n    srcset=\"\/wp-content\/themes\/watv\/images\/posts\/news_220710_01.jpg,\n            \/wp-content\/themes\/watv\/images\/posts\/news_220710_01@2x.jpg 2x\">\n <\/picture>\n<\/figure>\n<p>No dia 10 de julho, mais de 1.100 pessoas, incluindo nossos membros, jovens trabalhadores nas \u00e1reas metropolitanas e cidad\u00e3os interessados em temas ambientais, assistiram ao 1\u00ba Concerto de Conversa para o Meio Ambiente do ASEZ WAO realizado no Templo da Nova Jerusal\u00e9m em Imae, Coreia do Sul. O evento foi transmitido ao vivo no Youtube e mais de 4.000 pessoas se uniram para discutir como abordar a quest\u00e3o comum da sociedade internacional.<\/p>\n<div class=\"divide limit\">\n<figure>\n  <picture class=\"copyright\"><source media=\"(max-width:450px)\" srcset=\"\/wp-content\/themes\/watv\/images\/posts\/news_220710_02.jpg\"><img decoding=\"async\" src=\"\/wp-content\/themes\/watv\/images\/posts\/news_220710_02.jpg\"\n     srcset=\"\/wp-content\/themes\/watv\/images\/posts\/news_220710_02.jpg,\n             \/wp-content\/themes\/watv\/images\/posts\/news_220710_02@2x.jpg 2x\">\n  <\/picture>\n <\/figure>\n<figure>\n  <picture class=\"copyright\"><source media=\"(max-width:450px)\" srcset=\"\/wp-content\/themes\/watv\/images\/posts\/news_220710_03.jpg\"><img decoding=\"async\" src=\"\/wp-content\/themes\/watv\/images\/posts\/news_220710_03.jpg\"\n     srcset=\"\/wp-content\/themes\/watv\/images\/posts\/news_220710_03.jpg,\n             \/wp-content\/themes\/watv\/images\/posts\/news_220710_03@2x.jpg 2x\">\n  <\/picture>\n <\/figure>\n<\/div>\n<p>Por volta do meio-dia, foi realizada a primeira parte do evento: cerim\u00f4nia de abertura. Kim Yong-gap, secret\u00e1rio-geral do ASEZ WAO, disse em seu discurso de abertura: \u201cDesde a revolu\u00e7\u00e3o industrial, a temperatura m\u00e9dia global aumentou 1,09 \u2103 at\u00e9 hoje. \u00c9 preciso fazer todo o poss\u00edvel para reduzir os efeitos das mudan\u00e7as clim\u00e1ticas antes de o ponto de inflex\u00e3o exceder 1,5 \u2103, antes que a humanidade n\u00e3o possa mais controlar a Terra. Para isso, \u00e9 importante \u2018falar\u2019 para compartilhar sobre os problemas, \u2018agir\u2019 para colocar em pr\u00e1ticas e \u2018trabalhar juntos\u2019 para cooperar\u201d. Tamb\u00e9m solicitou que os jovens tomem a iniciativa em temas ambientais. Figuras influentes de diversos pa\u00edses do mundo como Roger Wolens (Fundador e CEO de The Green Organisation), Edna Vasquez Perez (Ju\u00edza da Corte de Puebla, M\u00e9xico) e Reginald Allen Greenwell (Diretor S\u00eanior em engenharia de SecOps, Microsoft) enviaram mensagens de felicita\u00e7\u00e3o e encorajamento ao ASEZ WAO atrav\u00e9s de um v\u00eddeo.<\/p>\n<figure class=\"full-width\">\n <picture class=\"copyright\"><source media=\"(max-width:450px)\" srcset=\"\/wp-content\/themes\/watv\/images\/posts\/news_220710_04.jpg\"><img decoding=\"async\" src=\"\/wp-content\/themes\/watv\/images\/posts\/news_220710_04.jpg\"\n    srcset=\"\/wp-content\/themes\/watv\/images\/posts\/news_220710_04.jpg,\n            \/wp-content\/themes\/watv\/images\/posts\/news_220710_04@2x.jpg 2x\">\n <\/picture>\n<\/figure>\n<p>A segunda parte do concerto de conversa foi aberta pelo coro da Igreja de Deus. O coro cantou can\u00e7\u00f5es originais sobre o tema, como \u201c<a href=\"https:\/\/asezwao.org\/no-more-gpgp\/\">N\u00e3o Mais GPLP<\/a>\u201d e \u201c<a href=\"https:\/\/asezwao.org\/mothers-forest\/\">A Floresta da M\u00e3e<\/a>\u201d que s\u00e3o os projetos do ASEZ WAO, expressando a determina\u00e7\u00e3o dos jovens trabalhadores de melhorar as condi\u00e7\u00f5es ambientais.<\/p>\n<figure class=\"limit\">\n <picture class=\"copyright\"><source media=\"(max-width:450px)\" srcset=\"\/wp-content\/themes\/watv\/images\/posts\/news_220710_05.jpg\"><img decoding=\"async\" src=\"\/wp-content\/themes\/watv\/images\/posts\/news_220710_05.jpg\"\n    srcset=\"\/wp-content\/themes\/watv\/images\/posts\/news_220710_05.jpg,\n            \/wp-content\/themes\/watv\/images\/posts\/news_220710_05@2x.jpg 2x\">\n <\/picture>\n<\/figure>\n<p>Em seguida, os ativistas do ASEZ WAO explicaram o projeto Local de Trabalho Verde e encorajaram a participa\u00e7\u00e3o e o interesse das pessoas, dizendo: \u201c\u00c9 imposs\u00edvel para um indiv\u00edduo lidar com as mudan\u00e7as clim\u00e1ticas sozinho, por\u00e9m podemos combat\u00ea-las de maneira efetiva se todos os trabalhadores, a metade da popula\u00e7\u00e3o total do mundo, agirem juntos\u201d.<\/p>\n<p>Depois, seguiram as apresenta\u00e7\u00f5es dos especialistas. Han Seon-mi, membro do Comit\u00ea do Prefeito de Seongnam, explicou a gravidade da crise clim\u00e1tica, enfatizou as a\u00e7\u00f5es para super\u00e1-la e respondeu \u00e0s perguntas dos participantes. Depois de terminar sua palestra em um ambiente agrad\u00e1vel, encorajou os espectadores, dizendo: &#8220;Voc\u00eas j\u00e1 s\u00e3o \u2018ambientalistas\u2019 que est\u00e3o trabalhando arduamente pelo meio ambiente global e por um futuro melhor. Espero que estejam orgulhosos deste fato e se animem uns aos outros\u201d.<\/p>\n<div class=\"divide limit\">\n<figure>\n  <picture class=\"copyright\"><source media=\"(max-width:450px)\" srcset=\"\/wp-content\/themes\/watv\/images\/posts\/news_220710_06.jpg\"><img decoding=\"async\" src=\"\/wp-content\/themes\/watv\/images\/posts\/news_220710_06.jpg\"\n     srcset=\"\/wp-content\/themes\/watv\/images\/posts\/news_220710_06.jpg,\n             \/wp-content\/themes\/watv\/images\/posts\/news_220710_06@2x.jpg 2x\">\n  <\/picture>\n <\/figure>\n<figure>\n  <picture class=\"copyright\"><source media=\"(max-width:450px)\" srcset=\"\/wp-content\/themes\/watv\/images\/posts\/news_220710_07.jpg\"><img decoding=\"async\" src=\"\/wp-content\/themes\/watv\/images\/posts\/news_220710_07.jpg\"\n     srcset=\"\/wp-content\/themes\/watv\/images\/posts\/news_220710_07.jpg,\n             \/wp-content\/themes\/watv\/images\/posts\/news_220710_07@2x.jpg 2x\">\n  <\/picture>\n <\/figure>\n<figure>\n  <picture class=\"copyright\"><source media=\"(max-width:450px)\" srcset=\"\/wp-content\/themes\/watv\/images\/posts\/news_220710_08.jpg\"><img decoding=\"async\" src=\"\/wp-content\/themes\/watv\/images\/posts\/news_220710_08.jpg\"\n     srcset=\"\/wp-content\/themes\/watv\/images\/posts\/news_220710_08.jpg,\n             \/wp-content\/themes\/watv\/images\/posts\/news_220710_08@2x.jpg 2x\">\n  <\/picture>\n <\/figure>\n<figure>\n  <picture class=\"copyright\"><source media=\"(max-width:450px)\" srcset=\"\/wp-content\/themes\/watv\/images\/posts\/news_220710_09.jpg\"><img decoding=\"async\" src=\"\/wp-content\/themes\/watv\/images\/posts\/news_220710_09.jpg\"\n     srcset=\"\/wp-content\/themes\/watv\/images\/posts\/news_220710_09.jpg,\n             \/wp-content\/themes\/watv\/images\/posts\/news_220710_09@2x.jpg 2x\">\n  <\/picture>\n <\/figure>\n<\/div>\n<p>Choi Hyeon-sik, secret\u00e1rio-geral da Associa\u00e7\u00e3o de Campi Sustent\u00e1veis da Coreia, animou aos participantes: \u201cH\u00e1 muitos clubes universit\u00e1rios ambientais nas universidades e faculdades, por\u00e9m esta \u00e9 a primeira vez que vejo uma organiza\u00e7\u00e3o em que trabalhadores de diversas \u00e1reas participam. Os espectadores parecem ter a capacidade de agir como l\u00edderes ambientais profissionais que fomentar\u00e3o uma cultura ecol\u00f3gica em seus locais de trabalho\u201d. Em sua palestra, ele expressou que a intelig\u00eancia e a capacidade de praticar dos jovens \u00e9 importante nesta \u00e9poca em que as pessoas optam por investir em empresas que respeitam o ESG (a Governan\u00e7a Socioambiental).<\/p>\n<p>Abel Paxe, o primeiro secret\u00e1rio da Embaixada da Rep\u00fablica de Angola na Coreia, apresentou as pol\u00edticas relacionadas com as crises clim\u00e1ticas de Angola, como o projeto Canal do Cafu para resolver secas e o projeto Sonangol Carbono Azul onde se restauram florestas de mangais para reduzir as emiss\u00f5es de gases de efeito estufa; e mostrou a sua expectativa de que o ASEZ WAO tamb\u00e9m desempenhe um papel ativo em Angola. Pelo \u00faltimo, todos os participantes viram uma palestra virtual feita pela professora universit\u00e1ria, Helena Hodge, uma ambientalista ecol\u00f3gica sueca. Ela enfatizou que os jovens necessitam olhar o panorama geral para enfrentar os problemas relacionados com a escassez e a distribui\u00e7\u00e3o de alimentos, causados por problemas ambientais.<\/p>\n<div class=\"my-gallery divide limit\">\n<figure>\n  <a href=\"\/wp-content\/themes\/watv\/images\/posts\/news_220710_10@2x.jpg\" data-size=\"1400x933\" \n   data-med=\"\/wp-content\/themes\/watv\/images\/posts\/news_220710_10.jpg\" data-med-size=\"960x640\">\n   <img decoding=\"async\" src=\"\/wp-content\/themes\/watv\/images\/posts\/news_220710_10.jpg\" itemprop=\"thumbnail\" alt=\"Image description\" \/>\n  <\/a>\n <\/figure>\n<figure>\n  <a href=\"\/wp-content\/themes\/watv\/images\/posts\/news_220710_11@2x.jpg\" data-size=\"1400x933\" \n   data-med=\"\/wp-content\/themes\/watv\/images\/posts\/news_220710_11.jpg\" data-med-size=\"960x640\">\n   <img decoding=\"async\" src=\"\/wp-content\/themes\/watv\/images\/posts\/news_220710_11.jpg\" itemprop=\"thumbnail\" alt=\"Image description\" \/>\n  <\/a>\n <\/figure>\n<figure>\n  <a href=\"\/wp-content\/themes\/watv\/images\/posts\/news_220710_12@2x.jpg\" data-size=\"1400x933\" \n   data-med=\"\/wp-content\/themes\/watv\/images\/posts\/news_220710_12.jpg\" data-med-size=\"960x640\">\n   <img decoding=\"async\" src=\"\/wp-content\/themes\/watv\/images\/posts\/news_220710_12.jpg\" itemprop=\"thumbnail\" alt=\"Image description\" \/>\n  <\/a>\n <\/figure>\n<figure>\n  <a href=\"\/wp-content\/themes\/watv\/images\/posts\/news_220710_13@2x.jpg\" data-size=\"1400x933\" \n   data-med=\"\/wp-content\/themes\/watv\/images\/posts\/news_220710_13.jpg\" data-med-size=\"960x640\">\n   <img decoding=\"async\" src=\"\/wp-content\/themes\/watv\/images\/posts\/news_220710_13.jpg\" itemprop=\"thumbnail\" alt=\"Image description\" \/>\n  <\/a>\n <\/figure>\n<figure>\n  <a href=\"\/wp-content\/themes\/watv\/images\/posts\/news_220710_14@2x.jpg\" data-size=\"1400x933\" \n   data-med=\"\/wp-content\/themes\/watv\/images\/posts\/news_220710_14.jpg\" data-med-size=\"960x640\">\n   <img decoding=\"async\" src=\"\/wp-content\/themes\/watv\/images\/posts\/news_220710_14.jpg\" itemprop=\"thumbnail\" alt=\"Image description\" \/>\n  <\/a>\n <\/figure>\n<figure>\n  <a href=\"\/wp-content\/themes\/watv\/images\/posts\/news_220710_15@2x.jpg\" data-size=\"1400x933\" \n   data-med=\"\/wp-content\/themes\/watv\/images\/posts\/news_220710_15.jpg\" data-med-size=\"960x640\">\n   <img decoding=\"async\" src=\"\/wp-content\/themes\/watv\/images\/posts\/news_220710_15.jpg\" itemprop=\"thumbnail\" alt=\"Image description\" \/>\n  <\/a>\n <\/figure>\n<\/div>\n<p>Entre tudo isto, o ASEZ WAO realizou eventos adicionais, como a exibi\u00e7\u00e3o de pain\u00e9is e a elabora\u00e7\u00e3o de len\u00e7os ecol\u00f3gicos, ajudando os participantes a comprovar os efeitos da crise clim\u00e1tica e a compreender o papel que as pessoas devem desempenhar nesta \u00e9poca, de uma maneira f\u00e1cil e divertida. Tanuj Sharma (de Incheon, Coreia), que veio da \u00cdndia e trabalha na Coreia como investidor s\u00eanior no campo do desenho farmac\u00eautico ecol\u00f3gico, disse: \u201cA crise clim\u00e1tica se converteu em um grave problema que podemos sentir todos os dias. Sobretudo, \u00e9 necess\u00e1rio a participa\u00e7\u00e3o de muitas pessoas para resolver o problema. Realmente espero que este evento seja de grande ajuda para gerar impactos positivos em todos os pa\u00edses membros da aldeia global, como a Coreia e a \u00cdndia, em resposta \u00e0s mudan\u00e7as clim\u00e1ticas\u201d. Jang Eun-byol (de Gwangju, Coreia), funcion\u00e1ria de uma empresa p\u00fablica relacionada ao meio ambiente, disse: \u201cMesmo que eu trabalhe em um campo relacionado, o tema do meio ambiente frequentemente me parecia dif\u00edcil e pesado, por\u00e9m depois de interagir com os palestrantes hoje, ficou claro para mim o que posso fazer. Se os jovens trabalhadores como eu, agirem juntos, poderemos gerar mudan\u00e7as significativas\u201d.<\/p>\n<figure class=\"full-width\">\n <picture class=\"copyright\"><source media=\"(max-width:450px)\" srcset=\"\/wp-content\/themes\/watv\/images\/posts\/news_220710_16.jpg\"><img decoding=\"async\" src=\"\/wp-content\/themes\/watv\/images\/posts\/news_220710_16.jpg\"\n    srcset=\"\/wp-content\/themes\/watv\/images\/posts\/news_220710_16.jpg,\n            \/wp-content\/themes\/watv\/images\/posts\/news_220710_16@2x.jpg 2x\">\n <\/picture>\n<\/figure>\n<div class=\"my-gallery related-photo\">\n<div class=\"gallery-wrap\">\n<figure>\n  <a href=\"\/wp-content\/themes\/watv\/images\/posts\/news_220710_17@2x.jpg\" data-size=\"2400x1597\" \n   data-med=\"\/wp-content\/themes\/watv\/images\/posts\/news_220710_17.jpg\" data-med-size=\"1200x798\">\n   <img decoding=\"async\" src=\"\/wp-content\/themes\/watv\/images\/posts\/news_220710_17.jpg\" itemprop=\"thumbnail\" alt=\"Image description\" \/>\n  <\/a>\n <\/figure>\n<figure>\n  <a href=\"\/wp-content\/themes\/watv\/images\/posts\/news_220710_18@2x.jpg\" data-size=\"2400x1597\" \n   data-med=\"\/wp-content\/themes\/watv\/images\/posts\/news_220710_18.jpg\" data-med-size=\"1200x798\">\n   <img decoding=\"async\" src=\"\/wp-content\/themes\/watv\/images\/posts\/news_220710_18.jpg\" itemprop=\"thumbnail\" alt=\"Image description\" \/>\n  <\/a>\n <\/figure>\n<figure>\n  <a href=\"\/wp-content\/themes\/watv\/images\/posts\/news_220710_19@2x.jpg\" data-size=\"2400x1597\" \n   data-med=\"\/wp-content\/themes\/watv\/images\/posts\/news_220710_19.jpg\" data-med-size=\"1200x798\">\n   <img decoding=\"async\" src=\"\/wp-content\/themes\/watv\/images\/posts\/news_220710_19.jpg\" itemprop=\"thumbnail\" alt=\"Image description\" \/>\n  <\/a>\n <\/figure>\n<figure>\n  <a href=\"\/wp-content\/themes\/watv\/images\/posts\/news_220710_20@2x.jpg\" data-size=\"2400x1600\" \n   data-med=\"\/wp-content\/themes\/watv\/images\/posts\/news_220710_20.jpg\" data-med-size=\"1200x800\">\n   <img decoding=\"async\" src=\"\/wp-content\/themes\/watv\/images\/posts\/news_220710_20.jpg\" itemprop=\"thumbnail\" alt=\"Image description\" \/>\n  <\/a>\n <\/figure>\n<figure>\n  <a href=\"\/wp-content\/themes\/watv\/images\/posts\/news_220710_21@2x.jpg\" data-size=\"2400x1600\" \n   data-med=\"\/wp-content\/themes\/watv\/images\/posts\/news_220710_21.jpg\" data-med-size=\"1200x800\">\n   <img decoding=\"async\" src=\"\/wp-content\/themes\/watv\/images\/posts\/news_220710_21.jpg\" itemprop=\"thumbnail\" alt=\"Image description\" \/>\n  <\/a>\n <\/figure>\n<figure>\n  <a href=\"\/wp-content\/themes\/watv\/images\/posts\/news_220710_22@2x.jpg\" data-size=\"2400x1600\" \n   data-med=\"\/wp-content\/themes\/watv\/images\/posts\/news_220710_22.jpg\" data-med-size=\"1200x800\">\n   <img decoding=\"async\" src=\"\/wp-content\/themes\/watv\/images\/posts\/news_220710_22.jpg\" itemprop=\"thumbnail\" alt=\"Image description\" \/>\n  <\/a>\n <\/figure>\n<figure>\n  <a href=\"\/wp-content\/themes\/watv\/images\/posts\/news_220710_23@2x.jpg\" data-size=\"2400x1600\" \n   data-med=\"\/wp-content\/themes\/watv\/images\/posts\/news_220710_23.jpg\" data-med-size=\"1200x800\">\n   <img decoding=\"async\" src=\"\/wp-content\/themes\/watv\/images\/posts\/news_220710_23.jpg\" itemprop=\"thumbnail\" alt=\"Image description\" \/>\n  <\/a>\n <\/figure>\n<figure>\n  <a href=\"\/wp-content\/themes\/watv\/images\/posts\/news_220710_24@2x.jpg\" data-size=\"2400x1600\" \n   data-med=\"\/wp-content\/themes\/watv\/images\/posts\/news_220710_24.jpg\" data-med-size=\"1200x800\">\n   <img decoding=\"async\" src=\"\/wp-content\/themes\/watv\/images\/posts\/news_220710_24.jpg\" itemprop=\"thumbnail\" alt=\"Image description\" \/>\n  <\/a>\n <\/figure>\n<figure>\n  <a href=\"\/wp-content\/themes\/watv\/images\/posts\/news_220710_25@2x.jpg\" data-size=\"2400x1600\" \n   data-med=\"\/wp-content\/themes\/watv\/images\/posts\/news_220710_25.jpg\" data-med-size=\"1200x800\">\n   <img decoding=\"async\" src=\"\/wp-content\/themes\/watv\/images\/posts\/news_220710_25.jpg\" itemprop=\"thumbnail\" alt=\"Image description\" \/>\n  <\/a>\n <\/figure>\n<figure>\n  <a href=\"\/wp-content\/themes\/watv\/images\/posts\/news_220710_26@2x.jpg\" data-size=\"2400x1600\" \n   data-med=\"\/wp-content\/themes\/watv\/images\/posts\/news_220710_26.jpg\" data-med-size=\"1200x800\">\n   <img decoding=\"async\" src=\"\/wp-content\/themes\/watv\/images\/posts\/news_220710_26.jpg\" itemprop=\"thumbnail\" alt=\"Image description\" \/>\n  <\/a>\n <\/figure>\n<figure>\n  <a href=\"\/wp-content\/themes\/watv\/images\/posts\/news_220710_27@2x.jpg\" data-size=\"2400x1600\" \n   data-med=\"\/wp-content\/themes\/watv\/images\/posts\/news_220710_27.jpg\" data-med-size=\"1200x800\">\n   <img decoding=\"async\" src=\"\/wp-content\/themes\/watv\/images\/posts\/news_220710_27.jpg\" itemprop=\"thumbnail\" alt=\"Image description\" \/>\n  <\/a>\n <\/figure>\n<\/div>\n<\/div>\n","protected":false},"excerpt":{"rendered":"\u200bASEZ WAO, o Voluntariado dos Jovens Trabalhadores da Igreja de Deus Sociedade Mission\u00e1ria Mundial, que tem tomado a iniciativa de encorajar os trabalhadores a participarem da prote\u00e7\u00e3o ambiental atrav\u00e9s do projeto Local de Trabalho Verde (estas s\u00e3o as atividades ecol\u00f3gicas no local de trabalho), realizou um concerto de conversa com o tema: \u201cVoc\u00ea est\u00e1 respondendo&#8230;","protected":false},"author":21,"featured_media":69217,"comment_status":"closed","ping_status":"closed","sticky":false,"template":"post-type\/post-type-header-full-screen.php","format":"standard","meta":{"footnotes":""},"categories":[348,347],"tags":[],"class_list":["post-72190","post","type-post","status-publish","format-standard","has-post-thumbnail","hentry","category-news","category-global-news"],"yoast_head":"<!-- This site is optimized with the Yoast SEO plugin v27.4 - https:\/\/yoast.com\/product\/yoast-seo-wordpress\/ -->\n<title>1\u00ba Concerto de Conversa para o Meio Ambiente do ASEZ WAO - Igreja de Deus Sociedade Mission\u00e1ria Mundial<\/title>\n<meta name=\"robots\" content=\"index, follow, max-snippet:-1, max-image-preview:large, max-video-preview:-1\" \/>\n<link rel=\"canonical\" href=\"https:\/\/watv.org\/pt\/1st-environmental-talk-concert\/\" \/>\n<meta property=\"og:locale\" content=\"pt_BR\" \/>\n<meta property=\"og:type\" content=\"article\" \/>\n<meta property=\"og:title\" content=\"1\u00ba Concerto de Conversa para o Meio Ambiente do ASEZ WAO - Igreja de Deus Sociedade Mission\u00e1ria Mundial\" \/>\n<meta property=\"og:description\" content=\"\u200bASEZ WAO, o Voluntariado dos Jovens Trabalhadores da Igreja de Deus Sociedade Mission\u00e1ria Mundial, que tem tomado a iniciativa de encorajar os trabalhadores a participarem da prote\u00e7\u00e3o ambiental atrav\u00e9s do projeto Local de Trabalho Verde (estas s\u00e3o as atividades ecol\u00f3gicas no local de trabalho), realizou um concerto de conversa com o tema: \u201cVoc\u00ea est\u00e1 respondendo...\" \/>\n<meta property=\"og:url\" content=\"https:\/\/watv.org\/pt\/1st-environmental-talk-concert\/\" \/>\n<meta property=\"og:site_name\" content=\"Igreja de Deus Sociedade Mission\u00e1ria Mundial\" \/>\n<meta property=\"article:published_time\" content=\"2022-07-10T00:00:19+00:00\" \/>\n<meta property=\"article:modified_time\" content=\"2023-01-16T05:43:04+00:00\" \/>\n<meta property=\"og:image\" content=\"https:\/\/watv.org\/wp-content\/uploads\/2022\/08\/1st-environmental-talk-concert.jpg\" \/>\n\t<meta property=\"og:image:width\" content=\"3840\" \/>\n\t<meta property=\"og:image:height\" content=\"2000\" \/>\n\t<meta property=\"og:image:type\" content=\"image\/jpeg\" \/>\n<meta name=\"author\" content=\"ss\" \/>\n<meta name=\"twitter:card\" content=\"summary_large_image\" \/>\n<script type=\"application\/ld+json\" class=\"yoast-schema-graph\">{\"@context\":\"https:\\\/\\\/schema.org\",\"@graph\":[{\"@type\":\"Article\",\"@id\":\"https:\\\/\\\/watv.org\\\/pt\\\/1st-environmental-talk-concert\\\/#article\",\"isPartOf\":{\"@id\":\"https:\\\/\\\/watv.org\\\/pt\\\/1st-environmental-talk-concert\\\/\"},\"author\":{\"name\":\"ss\",\"@id\":\"https:\\\/\\\/watv.org\\\/pt\\\/#\\\/schema\\\/person\\\/a58a271de4ef926ff9477cac3b74b5d5\"},\"headline\":\"1\u00ba Concerto de Conversa para o Meio Ambiente do ASEZ WAO\",\"datePublished\":\"2022-07-10T00:00:19+00:00\",\"dateModified\":\"2023-01-16T05:43:04+00:00\",\"mainEntityOfPage\":{\"@id\":\"https:\\\/\\\/watv.org\\\/pt\\\/1st-environmental-talk-concert\\\/\"},\"wordCount\":995,\"publisher\":{\"@id\":\"https:\\\/\\\/watv.org\\\/pt\\\/#organization\"},\"image\":{\"@id\":\"https:\\\/\\\/watv.org\\\/pt\\\/1st-environmental-talk-concert\\\/#primaryimage\"},\"thumbnailUrl\":\"https:\\\/\\\/watv.org\\\/wp-content\\\/uploads\\\/2022\\\/08\\\/1st-environmental-talk-concert.jpg\",\"articleSection\":[\"Sede Mundial\",\"Not\u00edcias Globais\"],\"inLanguage\":\"pt-BR\"},{\"@type\":\"WebPage\",\"@id\":\"https:\\\/\\\/watv.org\\\/pt\\\/1st-environmental-talk-concert\\\/\",\"url\":\"https:\\\/\\\/watv.org\\\/pt\\\/1st-environmental-talk-concert\\\/\",\"name\":\"1\u00ba Concerto de Conversa para o Meio Ambiente do ASEZ WAO - Igreja de Deus Sociedade Mission\u00e1ria Mundial\",\"isPartOf\":{\"@id\":\"https:\\\/\\\/watv.org\\\/pt\\\/#website\"},\"primaryImageOfPage\":{\"@id\":\"https:\\\/\\\/watv.org\\\/pt\\\/1st-environmental-talk-concert\\\/#primaryimage\"},\"image\":{\"@id\":\"https:\\\/\\\/watv.org\\\/pt\\\/1st-environmental-talk-concert\\\/#primaryimage\"},\"thumbnailUrl\":\"https:\\\/\\\/watv.org\\\/wp-content\\\/uploads\\\/2022\\\/08\\\/1st-environmental-talk-concert.jpg\",\"datePublished\":\"2022-07-10T00:00:19+00:00\",\"dateModified\":\"2023-01-16T05:43:04+00:00\",\"breadcrumb\":{\"@id\":\"https:\\\/\\\/watv.org\\\/pt\\\/1st-environmental-talk-concert\\\/#breadcrumb\"},\"inLanguage\":\"pt-BR\",\"potentialAction\":[{\"@type\":\"ReadAction\",\"target\":[\"https:\\\/\\\/watv.org\\\/pt\\\/1st-environmental-talk-concert\\\/\"]}]},{\"@type\":\"ImageObject\",\"inLanguage\":\"pt-BR\",\"@id\":\"https:\\\/\\\/watv.org\\\/pt\\\/1st-environmental-talk-concert\\\/#primaryimage\",\"url\":\"https:\\\/\\\/watv.org\\\/wp-content\\\/uploads\\\/2022\\\/08\\\/1st-environmental-talk-concert.jpg\",\"contentUrl\":\"https:\\\/\\\/watv.org\\\/wp-content\\\/uploads\\\/2022\\\/08\\\/1st-environmental-talk-concert.jpg\",\"width\":3840,\"height\":2000},{\"@type\":\"BreadcrumbList\",\"@id\":\"https:\\\/\\\/watv.org\\\/pt\\\/1st-environmental-talk-concert\\\/#breadcrumb\",\"itemListElement\":[{\"@type\":\"ListItem\",\"position\":1,\"name\":\"Home\",\"item\":\"https:\\\/\\\/watv.org\\\/pt\\\/\"},{\"@type\":\"ListItem\",\"position\":2,\"name\":\"1\u00ba Concerto de Conversa para o Meio Ambiente do ASEZ WAO\"}]},{\"@type\":\"WebSite\",\"@id\":\"https:\\\/\\\/watv.org\\\/pt\\\/#website\",\"url\":\"https:\\\/\\\/watv.org\\\/pt\\\/\",\"name\":\"Igreja de Deus Sociedade Mission\u00e1ria Mundial\",\"description\":\"With Mother\u2019s heartwarming love, we deliver eternal happiness to seven billion people in the world.\",\"publisher\":{\"@id\":\"https:\\\/\\\/watv.org\\\/pt\\\/#organization\"},\"potentialAction\":[{\"@type\":\"SearchAction\",\"target\":{\"@type\":\"EntryPoint\",\"urlTemplate\":\"https:\\\/\\\/watv.org\\\/pt\\\/?s={search_term_string}\"},\"query-input\":{\"@type\":\"PropertyValueSpecification\",\"valueRequired\":true,\"valueName\":\"search_term_string\"}}],\"inLanguage\":\"pt-BR\"},{\"@type\":\"Organization\",\"@id\":\"https:\\\/\\\/watv.org\\\/pt\\\/#organization\",\"name\":\"World Mission Society Church of God - \ud558\ub098\ub2d8\uc758\uad50\ud68c \uc138\uacc4\ubcf5\uc74c\uc120\uad50\ud611\ud68c\",\"url\":\"https:\\\/\\\/watv.org\\\/pt\\\/\",\"logo\":{\"@type\":\"ImageObject\",\"inLanguage\":\"pt-BR\",\"@id\":\"https:\\\/\\\/watv.org\\\/pt\\\/#\\\/schema\\\/logo\\\/image\\\/\",\"url\":\"https:\\\/\\\/watv.org\\\/wp-content\\\/uploads\\\/2022\\\/06\\\/WorldMissionSociety_ChurchofGod_Symbol_Logo.png\",\"contentUrl\":\"https:\\\/\\\/watv.org\\\/wp-content\\\/uploads\\\/2022\\\/06\\\/WorldMissionSociety_ChurchofGod_Symbol_Logo.png\",\"width\":1001,\"height\":1331,\"caption\":\"World Mission Society Church of God - \ud558\ub098\ub2d8\uc758\uad50\ud68c \uc138\uacc4\ubcf5\uc74c\uc120\uad50\ud611\ud68c\"},\"image\":{\"@id\":\"https:\\\/\\\/watv.org\\\/pt\\\/#\\\/schema\\\/logo\\\/image\\\/\"},\"sameAs\":[\"https:\\\/\\\/www.youtube.com\\\/channel\\\/UCioiBk9rS5Dv5j66hUipsuQ\"]},{\"@type\":\"Person\",\"@id\":\"https:\\\/\\\/watv.org\\\/pt\\\/#\\\/schema\\\/person\\\/a58a271de4ef926ff9477cac3b74b5d5\",\"name\":\"ss\"}]}<\/script>\n<!-- \/ Yoast SEO plugin. -->","yoast_head_json":{"title":"1\u00ba Concerto de Conversa para o Meio Ambiente do ASEZ WAO - Igreja de Deus Sociedade Mission\u00e1ria Mundial","robots":{"index":"index","follow":"follow","max-snippet":"max-snippet:-1","max-image-preview":"max-image-preview:large","max-video-preview":"max-video-preview:-1"},"canonical":"https:\/\/watv.org\/pt\/1st-environmental-talk-concert\/","og_locale":"pt_BR","og_type":"article","og_title":"1\u00ba Concerto de Conversa para o Meio Ambiente do ASEZ WAO - Igreja de Deus Sociedade Mission\u00e1ria Mundial","og_description":"\u200bASEZ WAO, o Voluntariado dos Jovens Trabalhadores da Igreja de Deus Sociedade Mission\u00e1ria Mundial, que tem tomado a iniciativa de encorajar os trabalhadores a participarem da prote\u00e7\u00e3o ambiental atrav\u00e9s do projeto Local de Trabalho Verde (estas s\u00e3o as atividades ecol\u00f3gicas no local de trabalho), realizou um concerto de conversa com o tema: \u201cVoc\u00ea est\u00e1 respondendo...","og_url":"https:\/\/watv.org\/pt\/1st-environmental-talk-concert\/","og_site_name":"Igreja de Deus Sociedade Mission\u00e1ria Mundial","article_published_time":"2022-07-10T00:00:19+00:00","article_modified_time":"2023-01-16T05:43:04+00:00","og_image":[{"width":3840,"height":2000,"url":"https:\/\/watv.org\/wp-content\/uploads\/2022\/08\/1st-environmental-talk-concert.jpg","type":"image\/jpeg"}],"author":"ss","twitter_card":"summary_large_image","schema":{"@context":"https:\/\/schema.org","@graph":[{"@type":"Article","@id":"https:\/\/watv.org\/pt\/1st-environmental-talk-concert\/#article","isPartOf":{"@id":"https:\/\/watv.org\/pt\/1st-environmental-talk-concert\/"},"author":{"name":"ss","@id":"https:\/\/watv.org\/pt\/#\/schema\/person\/a58a271de4ef926ff9477cac3b74b5d5"},"headline":"1\u00ba Concerto de Conversa para o Meio Ambiente do ASEZ WAO","datePublished":"2022-07-10T00:00:19+00:00","dateModified":"2023-01-16T05:43:04+00:00","mainEntityOfPage":{"@id":"https:\/\/watv.org\/pt\/1st-environmental-talk-concert\/"},"wordCount":995,"publisher":{"@id":"https:\/\/watv.org\/pt\/#organization"},"image":{"@id":"https:\/\/watv.org\/pt\/1st-environmental-talk-concert\/#primaryimage"},"thumbnailUrl":"https:\/\/watv.org\/wp-content\/uploads\/2022\/08\/1st-environmental-talk-concert.jpg","articleSection":["Sede Mundial","Not\u00edcias Globais"],"inLanguage":"pt-BR"},{"@type":"WebPage","@id":"https:\/\/watv.org\/pt\/1st-environmental-talk-concert\/","url":"https:\/\/watv.org\/pt\/1st-environmental-talk-concert\/","name":"1\u00ba Concerto de Conversa para o Meio Ambiente do ASEZ WAO - Igreja de Deus Sociedade Mission\u00e1ria Mundial","isPartOf":{"@id":"https:\/\/watv.org\/pt\/#website"},"primaryImageOfPage":{"@id":"https:\/\/watv.org\/pt\/1st-environmental-talk-concert\/#primaryimage"},"image":{"@id":"https:\/\/watv.org\/pt\/1st-environmental-talk-concert\/#primaryimage"},"thumbnailUrl":"https:\/\/watv.org\/wp-content\/uploads\/2022\/08\/1st-environmental-talk-concert.jpg","datePublished":"2022-07-10T00:00:19+00:00","dateModified":"2023-01-16T05:43:04+00:00","breadcrumb":{"@id":"https:\/\/watv.org\/pt\/1st-environmental-talk-concert\/#breadcrumb"},"inLanguage":"pt-BR","potentialAction":[{"@type":"ReadAction","target":["https:\/\/watv.org\/pt\/1st-environmental-talk-concert\/"]}]},{"@type":"ImageObject","inLanguage":"pt-BR","@id":"https:\/\/watv.org\/pt\/1st-environmental-talk-concert\/#primaryimage","url":"https:\/\/watv.org\/wp-content\/uploads\/2022\/08\/1st-environmental-talk-concert.jpg","contentUrl":"https:\/\/watv.org\/wp-content\/uploads\/2022\/08\/1st-environmental-talk-concert.jpg","width":3840,"height":2000},{"@type":"BreadcrumbList","@id":"https:\/\/watv.org\/pt\/1st-environmental-talk-concert\/#breadcrumb","itemListElement":[{"@type":"ListItem","position":1,"name":"Home","item":"https:\/\/watv.org\/pt\/"},{"@type":"ListItem","position":2,"name":"1\u00ba Concerto de Conversa para o Meio Ambiente do ASEZ WAO"}]},{"@type":"WebSite","@id":"https:\/\/watv.org\/pt\/#website","url":"https:\/\/watv.org\/pt\/","name":"Igreja de Deus Sociedade Mission\u00e1ria Mundial","description":"With Mother\u2019s heartwarming love, we deliver eternal happiness to seven billion people in the world.","publisher":{"@id":"https:\/\/watv.org\/pt\/#organization"},"potentialAction":[{"@type":"SearchAction","target":{"@type":"EntryPoint","urlTemplate":"https:\/\/watv.org\/pt\/?s={search_term_string}"},"query-input":{"@type":"PropertyValueSpecification","valueRequired":true,"valueName":"search_term_string"}}],"inLanguage":"pt-BR"},{"@type":"Organization","@id":"https:\/\/watv.org\/pt\/#organization","name":"World Mission Society Church of God - \ud558\ub098\ub2d8\uc758\uad50\ud68c \uc138\uacc4\ubcf5\uc74c\uc120\uad50\ud611\ud68c","url":"https:\/\/watv.org\/pt\/","logo":{"@type":"ImageObject","inLanguage":"pt-BR","@id":"https:\/\/watv.org\/pt\/#\/schema\/logo\/image\/","url":"https:\/\/watv.org\/wp-content\/uploads\/2022\/06\/WorldMissionSociety_ChurchofGod_Symbol_Logo.png","contentUrl":"https:\/\/watv.org\/wp-content\/uploads\/2022\/06\/WorldMissionSociety_ChurchofGod_Symbol_Logo.png","width":1001,"height":1331,"caption":"World Mission Society Church of God - \ud558\ub098\ub2d8\uc758\uad50\ud68c \uc138\uacc4\ubcf5\uc74c\uc120\uad50\ud611\ud68c"},"image":{"@id":"https:\/\/watv.org\/pt\/#\/schema\/logo\/image\/"},"sameAs":["https:\/\/www.youtube.com\/channel\/UCioiBk9rS5Dv5j66hUipsuQ"]},{"@type":"Person","@id":"https:\/\/watv.org\/pt\/#\/schema\/person\/a58a271de4ef926ff9477cac3b74b5d5","name":"ss"}]}},"_links":{"self":[{"href":"https:\/\/watv.org\/pt\/wp-json\/wp\/v2\/posts\/72190","targetHints":{"allow":["GET"]}}],"collection":[{"href":"https:\/\/watv.org\/pt\/wp-json\/wp\/v2\/posts"}],"about":[{"href":"https:\/\/watv.org\/pt\/wp-json\/wp\/v2\/types\/post"}],"author":[{"embeddable":true,"href":"https:\/\/watv.org\/pt\/wp-json\/wp\/v2\/users\/21"}],"replies":[{"embeddable":true,"href":"https:\/\/watv.org\/pt\/wp-json\/wp\/v2\/comments?post=72190"}],"version-history":[{"count":4,"href":"https:\/\/watv.org\/pt\/wp-json\/wp\/v2\/posts\/72190\/revisions"}],"predecessor-version":[{"id":79867,"href":"https:\/\/watv.org\/pt\/wp-json\/wp\/v2\/posts\/72190\/revisions\/79867"}],"wp:featuredmedia":[{"embeddable":true,"href":"https:\/\/watv.org\/pt\/wp-json\/wp\/v2\/media\/69217"}],"wp:attachment":[{"href":"https:\/\/watv.org\/pt\/wp-json\/wp\/v2\/media?parent=72190"}],"wp:term":[{"taxonomy":"category","embeddable":true,"href":"https:\/\/watv.org\/pt\/wp-json\/wp\/v2\/categories?post=72190"},{"taxonomy":"post_tag","embeddable":true,"href":"https:\/\/watv.org\/pt\/wp-json\/wp\/v2\/tags?post=72190"}],"curies":[{"name":"wp","href":"https:\/\/api.w.org\/{rel}","templated":true}]}}