{"id":78531,"date":"2022-08-20T09:00:38","date_gmt":"2022-08-20T00:00:38","guid":{"rendered":"http:\/\/watvdev.org\/church-dedication-service-moran\/"},"modified":"2024-01-19T16:16:29","modified_gmt":"2024-01-19T07:16:29","slug":"church-dedication-service-moran","status":"publish","type":"post","link":"https:\/\/watv.org\/pt\/church-dedication-service-moran\/","title":{"rendered":"Culto Comemorativo de Inaugura\u00e7\u00e3o das Igrejas de Deus em Moran, Cheoin e Giheung, Coreia do Sul"},"content":{"rendered":"<p>Em 20 e 27 de agosto, tr\u00eas igrejas realizaram um culto de dedica\u00e7\u00e3o em duas cidades vizinhas na prov\u00edncia de Gyeonggi, Rep\u00fablica da Coreia. S\u00e3o a Igreja de Deus em Moran, Seongnam, que tem se desenvolvido como um local importante para habita\u00e7\u00e3o e transporte na regi\u00e3o metropolitana; e a Igreja de Deus em Cheoin e a Igreja de Deus em Giheung, Yongin, que foi promovida como uma cidade de caso especial em 2022.<\/p>\n<p>Atrav\u00e9s do culto de inaugura\u00e7\u00e3o que foi realizado junto com o culto do dia de s\u00e1bado de cada igreja, a M\u00e3e orou para que o templo que o Pai concedeu a eles salve muitas almas e se torne um lugar de gra\u00e7a para reunir os membros da nossa fam\u00edlia separados do c\u00e9u. A M\u00e3e encorajou os membros que t\u00eam guardado sua f\u00e9 apesar da pandemia da COVID-19 e as dificuldades econ\u00f4micas e disse: \u201cVamos pensar no Pai celestial que se sacrificou para n\u00f3s irmos ao reino dos c\u00e9us onde n\u00e3o h\u00e1 morte nem dor. Tenhamos \u00e2nimo! Vamos dar esperan\u00e7a celestial \u00e0s almas que est\u00e3o vivendo sem esperan\u00e7a e assim vamos ao c\u00e9u juntamente com elas, segurando as suas m\u00e3os\u201d.<\/p>\n<p>O Pastor-Geral Kim Joo-cheol orou para que a igreja ilumine a luz da verdade sobre seus vizinhos e comunidade. Na cerim\u00f4nia de inaugura\u00e7\u00e3o da Igreja de Deus em Moran, Seongnam, em 20 de agosto, ele transmitiu um serm\u00e3o, dizendo: \u201cDeus que v\u00ea e planeja tudo desde o princ\u00edpio chama: \u2018Venha e receba a \u00e1gua da vida\u2019 nesta \u00e9poca. Pregar fortemente a voz de Deus \u00e9 o papel da igreja e \u00e9 a vontade de Deus que estabeleceu Si\u00e3o aqui\u201d (Mt. 24:3-7, Jr. 4:5-6, Ap. 22:17).<\/p>\n<p>No culto de inaugura\u00e7\u00e3o da Igreja de Deus em Cheoin, Yongin, e da Igreja de Deus de Giheung, Yongin, em 27 de agosto, ele enfatizou: \u201cAqueles que creem e obedecem \u00e0 palavra de Deus, que \u00e9 cumprida sem falta, receber\u00e3o a b\u00ean\u00e7\u00e3o do cumprimento do evangelho e as recompensas transbordantes do c\u00e9u. Com o amor do Pai e da M\u00e3e que querem salvar as almas moribundas, vamos pregar diligentemente a verdade da Nova Alian\u00e7a e apresentar um futuro brilhante cheio de b\u00ean\u00e7\u00e3os a 1,1 milh\u00e3o de cidad\u00e3os de Yongin e at\u00e9 mesmo \u00e0 toda a humanidade\u201d (2Ts. 1:7-9, Os. 6:3 e 6, Jr. 31:31-34, Sl. 132:13-16, Is. 55:8-11, Mt. 24:14, Is. 46:10).<\/p>\n<h3>Igreja de Deus em Moran, Seongnam<\/h3>\n<figure class=\"limit\">\n <picture class=\"copyright\"><source media=\"(max-width:450px)\" srcset=\"\/wp-content\/themes\/watv\/images\/posts\/news_220820_01.jpg\"><img decoding=\"async\" src=\"\/wp-content\/themes\/watv\/images\/posts\/news_220820_01.jpg\"\n    srcset=\"\/wp-content\/themes\/watv\/images\/posts\/news_220820_01.jpg,\n            \/wp-content\/themes\/watv\/images\/posts\/news_220820_01@2x.jpg 2x\">\n <\/picture><figcaption>\n Igreja de Deus em Moran, Seongnam\n <\/figcaption><\/figure>\n<p>A \u00e1rea em que a Igreja de Moran foi estabelecida \u00e9 o centro original de neg\u00f3cios na cidade de Seongnam que est\u00e1 rapidamente se desenvolvendo. \u00c9 perto da Prefeitura de Seongnam, o Mercado Tradicional de Moran e o Est\u00e1dio Seongnam, assim a \u00e1rea est\u00e1 sempre lotada de cidad\u00e3os e com os meios de transporte muito conveniente. A igreja foi constru\u00edda de quatro andares acima do t\u00e9rreo e dois subterr\u00e2neos. \u00c9 esperado ela servir como um lugar de descanso n\u00e3o apenas para os membros da igreja, mas tamb\u00e9m para os cidad\u00e3os que vivem uma vida ocupada.<\/p>\n<div class=\"divide limit\">\n<figure>\n  <picture class=\"copyright\"><source media=\"(max-width:450px)\" srcset=\"\/wp-content\/themes\/watv\/images\/posts\/news_220820_02.jpg\"><img decoding=\"async\" src=\"\/wp-content\/themes\/watv\/images\/posts\/news_220820_02.jpg\"\n     srcset=\"\/wp-content\/themes\/watv\/images\/posts\/news_220820_02.jpg,\n             \/wp-content\/themes\/watv\/images\/posts\/news_220820_02@2x.jpg 2x\">\n  <\/picture>\n <\/figure>\n<figure>\n  <picture class=\"copyright\"><source media=\"(max-width:450px)\" srcset=\"\/wp-content\/themes\/watv\/images\/posts\/news_220820_03.jpg\"><img decoding=\"async\" src=\"\/wp-content\/themes\/watv\/images\/posts\/news_220820_03.jpg\"\n     srcset=\"\/wp-content\/themes\/watv\/images\/posts\/news_220820_03.jpg,\n             \/wp-content\/themes\/watv\/images\/posts\/news_220820_03@2x.jpg 2x\">\n  <\/picture>\n <\/figure>\n<\/div>\n<p>O membro Neoh Wai Yoong (de Kuala Lampur, Mal\u00e1sia) que participou do culto de inaugura\u00e7\u00e3o durante sua visita \u00e0 Coreia, disse: \u201cEu estava feliz em dar o culto com a M\u00e3e e com muitos membros reunidos no templo. Na Mal\u00e1sia, onde h\u00e1 muitas igrejas filiais, eu gostaria de dedicar um novo templo a Deus em uni\u00e3o com os irm\u00e3os e irm\u00e3s e compartilhar a alegria com eles\u201d.<\/p>\n<h3>Igreja de Deus em Cheoin, Yongin<\/h3>\n<figure class=\"limit\">\n <picture class=\"copyright\"><source media=\"(max-width:450px)\" srcset=\"\/wp-content\/themes\/watv\/images\/posts\/news_220820_04.jpg\"><img decoding=\"async\" src=\"\/wp-content\/themes\/watv\/images\/posts\/news_220820_04.jpg\"\n    srcset=\"\/wp-content\/themes\/watv\/images\/posts\/news_220820_04.jpg,\n            \/wp-content\/themes\/watv\/images\/posts\/news_220820_04@2x.jpg 2x\">\n <\/picture><figcaption>\n  Igreja de Deus em Cheoin, Yongin\n <\/figcaption><\/figure>\n<p>Em Cheoin-gu, est\u00e1 localizada a Prefeitura de Yongin. Al\u00e9m disso, h\u00e1 o Everland, que \u00e9 o maior parque de divers\u00f5es na Coreia, o Terminal de \u00d4nibus de Yongin e o Mercado Central de Yongin, assim moradores e turistas continuamente circulam na \u00e1rea. H\u00e1 tamb\u00e9m muitos campi universit\u00e1rios como a Universidade Yongin.<\/p>\n<div class=\"divide limit\">\n<figure>\n  <picture class=\"copyright\"><source media=\"(max-width:450px)\" srcset=\"\/wp-content\/themes\/watv\/images\/posts\/news_220820_05.jpg\"><img decoding=\"async\" src=\"\/wp-content\/themes\/watv\/images\/posts\/news_220820_05.jpg\"\n     srcset=\"\/wp-content\/themes\/watv\/images\/posts\/news_220820_05.jpg,\n             \/wp-content\/themes\/watv\/images\/posts\/news_220820_05@2x.jpg 2x\">\n  <\/picture>\n <\/figure>\n<figure>\n  <picture class=\"copyright\"><source media=\"(max-width:450px)\" srcset=\"\/wp-content\/themes\/watv\/images\/posts\/news_220820_06.jpg\"><img decoding=\"async\" src=\"\/wp-content\/themes\/watv\/images\/posts\/news_220820_06.jpg\"\n     srcset=\"\/wp-content\/themes\/watv\/images\/posts\/news_220820_06.jpg,\n             \/wp-content\/themes\/watv\/images\/posts\/news_220820_06@2x.jpg 2x\">\n  <\/picture>\n <\/figure>\n<\/div>\n<p>A Igreja de Cheoin se destaca de longe com sua parede externa branca e a parte central da igreja imponente. Nesta \u00e1rea animada, os membros est\u00e3o realizando diversas atividades volunt\u00e1rias, como campanha de limpeza nas ruas, ajuda ao pr\u00f3ximo em comemora\u00e7\u00e3o aos feriados nacionais e entrega de briquetes de carv\u00e3o para idosos que moram sozinhos.<\/p>\n<h3>Igreja de Deus em Giheung, Yongin<\/h3>\n<figure class=\"limit\">\n <picture class=\"copyright\"><source media=\"(max-width:450px)\" srcset=\"\/wp-content\/themes\/watv\/images\/posts\/news_220820_07.jpg\"><img decoding=\"async\" src=\"\/wp-content\/themes\/watv\/images\/posts\/news_220820_07.jpg\"\n    srcset=\"\/wp-content\/themes\/watv\/images\/posts\/news_220820_07.jpg,\n            \/wp-content\/themes\/watv\/images\/posts\/news_220820_07@2x.jpg 2x\">\n <\/picture><figcaption>\n  Igreja de Deus em Giheung, Yongin\n <\/figcaption><\/figure>\n<p>Na cidade de Yongin que est\u00e1 crescendo rapidamente, Giheung-gu \u00e9 um dos seus distritos, que se desenvolveu notavelmente gra\u00e7as ao desenvolvimento habitacional em grande escala, a constru\u00e7\u00e3o de complexo industrial e a expans\u00e3o da infraestrutura de transporte. A Igreja de Giheung, que foi constru\u00edda de quatro andares acima do solo e de um subterr\u00e2neo, se destaca por sua arquitetura tridimensional. Cada andar tem um espa\u00e7o confortante como um anexo, que \u00e9 usado n\u00e3o apenas para cultivar a f\u00e9 dos membros, mas tamb\u00e9m como um local para comunica\u00e7\u00e3o com os vizinhos.<\/p>\n<p>Nossos membros da regi\u00e3o expressaram sua ambi\u00e7\u00e3o: \u201cNossa Igreja de Deus em Giheung, Yongin, que est\u00e1 crescendo dia a dia, pregar\u00e1 diligentemente o amor de Deus aos cidad\u00e3os. Faremos nosso melhor para alcan\u00e7ar o seu grande crescimento do evangelho\u201d. <\/p>\n","protected":false},"excerpt":{"rendered":"Em 20 e 27 de agosto, tr\u00eas igrejas realizaram um culto de dedica\u00e7\u00e3o em duas cidades vizinhas na prov\u00edncia de Gyeonggi, Rep\u00fablica da Coreia. S\u00e3o a Igreja de Deus em Moran, Seongnam, que tem se desenvolvido como um local importante para habita\u00e7\u00e3o e transporte na regi\u00e3o metropolitana; e a Igreja de Deus em Cheoin e&#8230;","protected":false},"author":21,"featured_media":73432,"comment_status":"closed","ping_status":"closed","sticky":false,"template":"","format":"standard","meta":{"footnotes":""},"categories":[901,347],"tags":[],"class_list":["post-78531","post","type-post","status-publish","format-standard","has-post-thumbnail","hentry","category-local-churches","category-global-news"],"yoast_head":"<!-- This site is optimized with the Yoast SEO plugin v27.4 - https:\/\/yoast.com\/product\/yoast-seo-wordpress\/ -->\n<title>Culto Comemorativo de Inaugura\u00e7\u00e3o das Igrejas de Deus em Moran, Cheoin e Giheung, Coreia do Sul - Igreja de Deus Sociedade Mission\u00e1ria Mundial<\/title>\n<meta name=\"robots\" content=\"index, follow, max-snippet:-1, max-image-preview:large, max-video-preview:-1\" \/>\n<link rel=\"canonical\" href=\"https:\/\/watv.org\/pt\/church-dedication-service-moran\/\" \/>\n<meta property=\"og:locale\" content=\"pt_BR\" \/>\n<meta property=\"og:type\" content=\"article\" \/>\n<meta property=\"og:title\" content=\"Culto Comemorativo de Inaugura\u00e7\u00e3o das Igrejas de Deus em Moran, Cheoin e Giheung, Coreia do Sul - Igreja de Deus Sociedade Mission\u00e1ria Mundial\" \/>\n<meta property=\"og:description\" content=\"Em 20 e 27 de agosto, tr\u00eas igrejas realizaram um culto de dedica\u00e7\u00e3o em duas cidades vizinhas na prov\u00edncia de Gyeonggi, Rep\u00fablica da Coreia. S\u00e3o a Igreja de Deus em Moran, Seongnam, que tem se desenvolvido como um local importante para habita\u00e7\u00e3o e transporte na regi\u00e3o metropolitana; e a Igreja de Deus em Cheoin e...\" \/>\n<meta property=\"og:url\" content=\"https:\/\/watv.org\/pt\/church-dedication-service-moran\/\" \/>\n<meta property=\"og:site_name\" content=\"Igreja de Deus Sociedade Mission\u00e1ria Mundial\" \/>\n<meta property=\"article:published_time\" content=\"2022-08-20T00:00:38+00:00\" \/>\n<meta property=\"article:modified_time\" content=\"2024-01-19T07:16:29+00:00\" \/>\n<meta property=\"og:image\" content=\"https:\/\/watv.org\/wp-content\/uploads\/2022\/08\/church-dedication-service-moran.jpg\" \/>\n\t<meta property=\"og:image:width\" content=\"1500\" \/>\n\t<meta property=\"og:image:height\" content=\"1000\" \/>\n\t<meta property=\"og:image:type\" content=\"image\/jpeg\" \/>\n<meta name=\"author\" content=\"ss\" \/>\n<meta name=\"twitter:card\" content=\"summary_large_image\" \/>\n<script type=\"application\/ld+json\" class=\"yoast-schema-graph\">{\"@context\":\"https:\\\/\\\/schema.org\",\"@graph\":[{\"@type\":\"Article\",\"@id\":\"https:\\\/\\\/watv.org\\\/pt\\\/church-dedication-service-moran\\\/#article\",\"isPartOf\":{\"@id\":\"https:\\\/\\\/watv.org\\\/pt\\\/church-dedication-service-moran\\\/\"},\"author\":{\"name\":\"ss\",\"@id\":\"https:\\\/\\\/watv.org\\\/pt\\\/#\\\/schema\\\/person\\\/a58a271de4ef926ff9477cac3b74b5d5\"},\"headline\":\"Culto Comemorativo de Inaugura\u00e7\u00e3o das Igrejas de Deus em Moran, Cheoin e Giheung, Coreia do Sul\",\"datePublished\":\"2022-08-20T00:00:38+00:00\",\"dateModified\":\"2024-01-19T07:16:29+00:00\",\"mainEntityOfPage\":{\"@id\":\"https:\\\/\\\/watv.org\\\/pt\\\/church-dedication-service-moran\\\/\"},\"wordCount\":895,\"publisher\":{\"@id\":\"https:\\\/\\\/watv.org\\\/pt\\\/#organization\"},\"image\":{\"@id\":\"https:\\\/\\\/watv.org\\\/pt\\\/church-dedication-service-moran\\\/#primaryimage\"},\"thumbnailUrl\":\"https:\\\/\\\/watv.org\\\/wp-content\\\/uploads\\\/2022\\\/08\\\/church-dedication-service-moran.jpg\",\"articleSection\":[\"Igrejas Locais\",\"Not\u00edcias Globais\"],\"inLanguage\":\"pt-BR\"},{\"@type\":\"WebPage\",\"@id\":\"https:\\\/\\\/watv.org\\\/pt\\\/church-dedication-service-moran\\\/\",\"url\":\"https:\\\/\\\/watv.org\\\/pt\\\/church-dedication-service-moran\\\/\",\"name\":\"Culto Comemorativo de Inaugura\u00e7\u00e3o das Igrejas de Deus em Moran, Cheoin e Giheung, Coreia do Sul - Igreja de Deus Sociedade Mission\u00e1ria Mundial\",\"isPartOf\":{\"@id\":\"https:\\\/\\\/watv.org\\\/pt\\\/#website\"},\"primaryImageOfPage\":{\"@id\":\"https:\\\/\\\/watv.org\\\/pt\\\/church-dedication-service-moran\\\/#primaryimage\"},\"image\":{\"@id\":\"https:\\\/\\\/watv.org\\\/pt\\\/church-dedication-service-moran\\\/#primaryimage\"},\"thumbnailUrl\":\"https:\\\/\\\/watv.org\\\/wp-content\\\/uploads\\\/2022\\\/08\\\/church-dedication-service-moran.jpg\",\"datePublished\":\"2022-08-20T00:00:38+00:00\",\"dateModified\":\"2024-01-19T07:16:29+00:00\",\"breadcrumb\":{\"@id\":\"https:\\\/\\\/watv.org\\\/pt\\\/church-dedication-service-moran\\\/#breadcrumb\"},\"inLanguage\":\"pt-BR\",\"potentialAction\":[{\"@type\":\"ReadAction\",\"target\":[\"https:\\\/\\\/watv.org\\\/pt\\\/church-dedication-service-moran\\\/\"]}]},{\"@type\":\"ImageObject\",\"inLanguage\":\"pt-BR\",\"@id\":\"https:\\\/\\\/watv.org\\\/pt\\\/church-dedication-service-moran\\\/#primaryimage\",\"url\":\"https:\\\/\\\/watv.org\\\/wp-content\\\/uploads\\\/2022\\\/08\\\/church-dedication-service-moran.jpg\",\"contentUrl\":\"https:\\\/\\\/watv.org\\\/wp-content\\\/uploads\\\/2022\\\/08\\\/church-dedication-service-moran.jpg\",\"width\":1500,\"height\":1000},{\"@type\":\"BreadcrumbList\",\"@id\":\"https:\\\/\\\/watv.org\\\/pt\\\/church-dedication-service-moran\\\/#breadcrumb\",\"itemListElement\":[{\"@type\":\"ListItem\",\"position\":1,\"name\":\"Home\",\"item\":\"https:\\\/\\\/watv.org\\\/pt\\\/\"},{\"@type\":\"ListItem\",\"position\":2,\"name\":\"Culto Comemorativo de Inaugura\u00e7\u00e3o das Igrejas de Deus em Moran, Cheoin e Giheung, Coreia do Sul\"}]},{\"@type\":\"WebSite\",\"@id\":\"https:\\\/\\\/watv.org\\\/pt\\\/#website\",\"url\":\"https:\\\/\\\/watv.org\\\/pt\\\/\",\"name\":\"Igreja de Deus Sociedade Mission\u00e1ria Mundial\",\"description\":\"With Mother\u2019s heartwarming love, we deliver eternal happiness to seven billion people in the world.\",\"publisher\":{\"@id\":\"https:\\\/\\\/watv.org\\\/pt\\\/#organization\"},\"potentialAction\":[{\"@type\":\"SearchAction\",\"target\":{\"@type\":\"EntryPoint\",\"urlTemplate\":\"https:\\\/\\\/watv.org\\\/pt\\\/?s={search_term_string}\"},\"query-input\":{\"@type\":\"PropertyValueSpecification\",\"valueRequired\":true,\"valueName\":\"search_term_string\"}}],\"inLanguage\":\"pt-BR\"},{\"@type\":\"Organization\",\"@id\":\"https:\\\/\\\/watv.org\\\/pt\\\/#organization\",\"name\":\"World Mission Society Church of God - \ud558\ub098\ub2d8\uc758\uad50\ud68c \uc138\uacc4\ubcf5\uc74c\uc120\uad50\ud611\ud68c\",\"url\":\"https:\\\/\\\/watv.org\\\/pt\\\/\",\"logo\":{\"@type\":\"ImageObject\",\"inLanguage\":\"pt-BR\",\"@id\":\"https:\\\/\\\/watv.org\\\/pt\\\/#\\\/schema\\\/logo\\\/image\\\/\",\"url\":\"https:\\\/\\\/watv.org\\\/wp-content\\\/uploads\\\/2022\\\/06\\\/WorldMissionSociety_ChurchofGod_Symbol_Logo.png\",\"contentUrl\":\"https:\\\/\\\/watv.org\\\/wp-content\\\/uploads\\\/2022\\\/06\\\/WorldMissionSociety_ChurchofGod_Symbol_Logo.png\",\"width\":1001,\"height\":1331,\"caption\":\"World Mission Society Church of God - \ud558\ub098\ub2d8\uc758\uad50\ud68c \uc138\uacc4\ubcf5\uc74c\uc120\uad50\ud611\ud68c\"},\"image\":{\"@id\":\"https:\\\/\\\/watv.org\\\/pt\\\/#\\\/schema\\\/logo\\\/image\\\/\"},\"sameAs\":[\"https:\\\/\\\/www.youtube.com\\\/channel\\\/UCioiBk9rS5Dv5j66hUipsuQ\"]},{\"@type\":\"Person\",\"@id\":\"https:\\\/\\\/watv.org\\\/pt\\\/#\\\/schema\\\/person\\\/a58a271de4ef926ff9477cac3b74b5d5\",\"name\":\"ss\"}]}<\/script>\n<!-- \/ Yoast SEO plugin. -->","yoast_head_json":{"title":"Culto Comemorativo de Inaugura\u00e7\u00e3o das Igrejas de Deus em Moran, Cheoin e Giheung, Coreia do Sul - Igreja de Deus Sociedade Mission\u00e1ria Mundial","robots":{"index":"index","follow":"follow","max-snippet":"max-snippet:-1","max-image-preview":"max-image-preview:large","max-video-preview":"max-video-preview:-1"},"canonical":"https:\/\/watv.org\/pt\/church-dedication-service-moran\/","og_locale":"pt_BR","og_type":"article","og_title":"Culto Comemorativo de Inaugura\u00e7\u00e3o das Igrejas de Deus em Moran, Cheoin e Giheung, Coreia do Sul - Igreja de Deus Sociedade Mission\u00e1ria Mundial","og_description":"Em 20 e 27 de agosto, tr\u00eas igrejas realizaram um culto de dedica\u00e7\u00e3o em duas cidades vizinhas na prov\u00edncia de Gyeonggi, Rep\u00fablica da Coreia. S\u00e3o a Igreja de Deus em Moran, Seongnam, que tem se desenvolvido como um local importante para habita\u00e7\u00e3o e transporte na regi\u00e3o metropolitana; e a Igreja de Deus em Cheoin e...","og_url":"https:\/\/watv.org\/pt\/church-dedication-service-moran\/","og_site_name":"Igreja de Deus Sociedade Mission\u00e1ria Mundial","article_published_time":"2022-08-20T00:00:38+00:00","article_modified_time":"2024-01-19T07:16:29+00:00","og_image":[{"width":1500,"height":1000,"url":"https:\/\/watv.org\/wp-content\/uploads\/2022\/08\/church-dedication-service-moran.jpg","type":"image\/jpeg"}],"author":"ss","twitter_card":"summary_large_image","schema":{"@context":"https:\/\/schema.org","@graph":[{"@type":"Article","@id":"https:\/\/watv.org\/pt\/church-dedication-service-moran\/#article","isPartOf":{"@id":"https:\/\/watv.org\/pt\/church-dedication-service-moran\/"},"author":{"name":"ss","@id":"https:\/\/watv.org\/pt\/#\/schema\/person\/a58a271de4ef926ff9477cac3b74b5d5"},"headline":"Culto Comemorativo de Inaugura\u00e7\u00e3o das Igrejas de Deus em Moran, Cheoin e Giheung, Coreia do Sul","datePublished":"2022-08-20T00:00:38+00:00","dateModified":"2024-01-19T07:16:29+00:00","mainEntityOfPage":{"@id":"https:\/\/watv.org\/pt\/church-dedication-service-moran\/"},"wordCount":895,"publisher":{"@id":"https:\/\/watv.org\/pt\/#organization"},"image":{"@id":"https:\/\/watv.org\/pt\/church-dedication-service-moran\/#primaryimage"},"thumbnailUrl":"https:\/\/watv.org\/wp-content\/uploads\/2022\/08\/church-dedication-service-moran.jpg","articleSection":["Igrejas Locais","Not\u00edcias Globais"],"inLanguage":"pt-BR"},{"@type":"WebPage","@id":"https:\/\/watv.org\/pt\/church-dedication-service-moran\/","url":"https:\/\/watv.org\/pt\/church-dedication-service-moran\/","name":"Culto Comemorativo de Inaugura\u00e7\u00e3o das Igrejas de Deus em Moran, Cheoin e Giheung, Coreia do Sul - Igreja de Deus Sociedade Mission\u00e1ria Mundial","isPartOf":{"@id":"https:\/\/watv.org\/pt\/#website"},"primaryImageOfPage":{"@id":"https:\/\/watv.org\/pt\/church-dedication-service-moran\/#primaryimage"},"image":{"@id":"https:\/\/watv.org\/pt\/church-dedication-service-moran\/#primaryimage"},"thumbnailUrl":"https:\/\/watv.org\/wp-content\/uploads\/2022\/08\/church-dedication-service-moran.jpg","datePublished":"2022-08-20T00:00:38+00:00","dateModified":"2024-01-19T07:16:29+00:00","breadcrumb":{"@id":"https:\/\/watv.org\/pt\/church-dedication-service-moran\/#breadcrumb"},"inLanguage":"pt-BR","potentialAction":[{"@type":"ReadAction","target":["https:\/\/watv.org\/pt\/church-dedication-service-moran\/"]}]},{"@type":"ImageObject","inLanguage":"pt-BR","@id":"https:\/\/watv.org\/pt\/church-dedication-service-moran\/#primaryimage","url":"https:\/\/watv.org\/wp-content\/uploads\/2022\/08\/church-dedication-service-moran.jpg","contentUrl":"https:\/\/watv.org\/wp-content\/uploads\/2022\/08\/church-dedication-service-moran.jpg","width":1500,"height":1000},{"@type":"BreadcrumbList","@id":"https:\/\/watv.org\/pt\/church-dedication-service-moran\/#breadcrumb","itemListElement":[{"@type":"ListItem","position":1,"name":"Home","item":"https:\/\/watv.org\/pt\/"},{"@type":"ListItem","position":2,"name":"Culto Comemorativo de Inaugura\u00e7\u00e3o das Igrejas de Deus em Moran, Cheoin e Giheung, Coreia do Sul"}]},{"@type":"WebSite","@id":"https:\/\/watv.org\/pt\/#website","url":"https:\/\/watv.org\/pt\/","name":"Igreja de Deus Sociedade Mission\u00e1ria Mundial","description":"With Mother\u2019s heartwarming love, we deliver eternal happiness to seven billion people in the world.","publisher":{"@id":"https:\/\/watv.org\/pt\/#organization"},"potentialAction":[{"@type":"SearchAction","target":{"@type":"EntryPoint","urlTemplate":"https:\/\/watv.org\/pt\/?s={search_term_string}"},"query-input":{"@type":"PropertyValueSpecification","valueRequired":true,"valueName":"search_term_string"}}],"inLanguage":"pt-BR"},{"@type":"Organization","@id":"https:\/\/watv.org\/pt\/#organization","name":"World Mission Society Church of God - \ud558\ub098\ub2d8\uc758\uad50\ud68c \uc138\uacc4\ubcf5\uc74c\uc120\uad50\ud611\ud68c","url":"https:\/\/watv.org\/pt\/","logo":{"@type":"ImageObject","inLanguage":"pt-BR","@id":"https:\/\/watv.org\/pt\/#\/schema\/logo\/image\/","url":"https:\/\/watv.org\/wp-content\/uploads\/2022\/06\/WorldMissionSociety_ChurchofGod_Symbol_Logo.png","contentUrl":"https:\/\/watv.org\/wp-content\/uploads\/2022\/06\/WorldMissionSociety_ChurchofGod_Symbol_Logo.png","width":1001,"height":1331,"caption":"World Mission Society Church of God - \ud558\ub098\ub2d8\uc758\uad50\ud68c \uc138\uacc4\ubcf5\uc74c\uc120\uad50\ud611\ud68c"},"image":{"@id":"https:\/\/watv.org\/pt\/#\/schema\/logo\/image\/"},"sameAs":["https:\/\/www.youtube.com\/channel\/UCioiBk9rS5Dv5j66hUipsuQ"]},{"@type":"Person","@id":"https:\/\/watv.org\/pt\/#\/schema\/person\/a58a271de4ef926ff9477cac3b74b5d5","name":"ss"}]}},"_links":{"self":[{"href":"https:\/\/watv.org\/pt\/wp-json\/wp\/v2\/posts\/78531","targetHints":{"allow":["GET"]}}],"collection":[{"href":"https:\/\/watv.org\/pt\/wp-json\/wp\/v2\/posts"}],"about":[{"href":"https:\/\/watv.org\/pt\/wp-json\/wp\/v2\/types\/post"}],"author":[{"embeddable":true,"href":"https:\/\/watv.org\/pt\/wp-json\/wp\/v2\/users\/21"}],"replies":[{"embeddable":true,"href":"https:\/\/watv.org\/pt\/wp-json\/wp\/v2\/comments?post=78531"}],"version-history":[{"count":3,"href":"https:\/\/watv.org\/pt\/wp-json\/wp\/v2\/posts\/78531\/revisions"}],"predecessor-version":[{"id":78534,"href":"https:\/\/watv.org\/pt\/wp-json\/wp\/v2\/posts\/78531\/revisions\/78534"}],"wp:featuredmedia":[{"embeddable":true,"href":"https:\/\/watv.org\/pt\/wp-json\/wp\/v2\/media\/73432"}],"wp:attachment":[{"href":"https:\/\/watv.org\/pt\/wp-json\/wp\/v2\/media?parent=78531"}],"wp:term":[{"taxonomy":"category","embeddable":true,"href":"https:\/\/watv.org\/pt\/wp-json\/wp\/v2\/categories?post=78531"},{"taxonomy":"post_tag","embeddable":true,"href":"https:\/\/watv.org\/pt\/wp-json\/wp\/v2\/tags?post=78531"}],"curies":[{"name":"wp","href":"https:\/\/api.w.org\/{rel}","templated":true}]}}