{"id":87037,"date":"2021-06-05T16:22:00","date_gmt":"2021-06-05T07:22:00","guid":{"rendered":"http:\/\/watvdev.org\/environment-day-campaign\/"},"modified":"2023-03-14T15:40:53","modified_gmt":"2023-03-14T06:40:53","slug":"environment-day-campaign","status":"publish","type":"post","link":"https:\/\/watv.org\/pt\/environment-day-campaign\/","title":{"rendered":"ASEZ, o Voluntariado Universit\u00e1rio, P\u00f4s em A\u00e7\u00e3o uma Campanha para o Dia Mundial do Meio Ambiente"},"content":{"rendered":"<p>O dia 5 de junho \u00e9 o Dia Mundial do Meio Ambiente. O <a href=\"https:\/\/asez.org\">ASEZ, o Voluntariado Universit\u00e1rio da Igreja de Deus<\/a>, desenvolveu a campanha \u201cO Custo\u201d durante o m\u00eas de junho para comemorar o Dia Mundial do Meio Ambiente. Esta campanha tem como objetivo gerar consci\u00eancia sobre as graves consequ\u00eancias que a Terra e a humanidade devem pagar pelo consumo di\u00e1rio.<\/p>\n<p>As fibras sint\u00e9ticas, usadas geralmente como mat\u00e9ria prima de roupas, emitem 5,5 kg mais gases de efeito estufa, por camiseta, que as fibras naturais, o que acelera a mudan\u00e7a clim\u00e1tica. As f\u00e1bricas de tingimento t\u00eaxtil utilizam 20.000 subst\u00e2ncias qu\u00edmicas, e a \u00e1gua industrial descartada neste momento representa 20 % da contamina\u00e7\u00e3o de \u00e1gua industrial do mundo. Os micropl\u00e1sticos e as fibras liberadas por uma s\u00f3 lavagem dom\u00e9stica de uma camiseta amea\u00e7a o ecossistema marinho. S\u00e3o necess\u00e1rios, pelo menos, 200 anos para que uma camiseta se decomponha na natureza. Neste processo, s\u00e3o gerados contaminantes t\u00f3xicos como o metano, o di\u00f3xido de carbono e as dioxinas, que contaminam o ar.<\/p>\n<div class=\"divide\">\n<figure>\n  <picture class=\"copyright\"><source media=\"(max-width:450px)\" srcset=\"\/wp-content\/themes\/watv\/images\/posts\/news_210605_02.jpg\"><img decoding=\"async\" src=\"\/wp-content\/themes\/watv\/images\/posts\/news_210605_02.jpg\"\n     srcset=\"\/wp-content\/themes\/watv\/images\/posts\/news_210605_02.jpg,\n             \/wp-content\/themes\/watv\/images\/posts\/news_210605_02@2x.jpg 2x\">\n  <\/picture>\n <\/figure>\n<figure>\n  <picture class=\"copyright\"><source media=\"(max-width:450px)\" srcset=\"\/wp-content\/themes\/watv\/images\/posts\/news_210605_03.jpg\"><img decoding=\"async\" src=\"\/wp-content\/themes\/watv\/images\/posts\/news_210605_03.jpg\"\n     srcset=\"\/wp-content\/themes\/watv\/images\/posts\/news_210605_03.jpg,\n             \/wp-content\/themes\/watv\/images\/posts\/news_210605_03@2x.jpg 2x\">\n  <\/picture>\n <\/figure>\n<figure>\n  <picture class=\"copyright\"><source media=\"(max-width:450px)\" srcset=\"\/wp-content\/themes\/watv\/images\/posts\/news_210605_04.jpg\"><img decoding=\"async\" src=\"\/wp-content\/themes\/watv\/images\/posts\/news_210605_04.jpg\"\n     srcset=\"\/wp-content\/themes\/watv\/images\/posts\/news_210605_04.jpg,\n             \/wp-content\/themes\/watv\/images\/posts\/news_210605_04@2x.jpg 2x\">\n  <\/picture>\n <\/figure>\n<figure>\n  <picture class=\"copyright\"><source media=\"(max-width:450px)\" srcset=\"\/wp-content\/themes\/watv\/images\/posts\/news_210605_05.jpg\"><img decoding=\"async\" src=\"\/wp-content\/themes\/watv\/images\/posts\/news_210605_05.jpg\"\n     srcset=\"\/wp-content\/themes\/watv\/images\/posts\/news_210605_05.jpg,\n             \/wp-content\/themes\/watv\/images\/posts\/news_210605_05@2x.jpg 2x\">\n  <\/picture>\n <\/figure>\n<\/div>\n<p>O ASEZ elaborou not\u00edcias em cart\u00f5es e informou \u00e0 popula\u00e7\u00e3o sobre a gravidade do impacto no ecossistema e ao ser humano, desde a produ\u00e7\u00e3o de roupa e sua lavagem at\u00e9 o seu descarte, atrav\u00e9s de sites e m\u00eddia online. Desta maneira, introduziu meios pr\u00e1ticos para conter o consumo desenfreado, como reduzir compras de roupas, reciclar roupas e reduzir o uso de m\u00e1quinas de lavar e secadoras.<\/p>\n<p>Os membros do ASEZ e outros participantes da campanha realizaram o \u201cProjeto 7&#215;7\u201d, que consiste em usar 7 pe\u00e7as de roupas durante 7 dias, em vez de comprar roupas novas. Tamb\u00e9m fizeram capas de cadeira, esfreg\u00f5es e fitas para cabelo, mediante o upcycle, que revaloriza as roupas velhas ao reform\u00e1-las para outros fins.<\/p>\n<figure class=\"compact\">\n <picture><source media=\"(max-width:450px)\" srcset=\"\/wp-content\/themes\/watv\/images\/posts\/news_210605_06_pt.jpg\"><img decoding=\"async\" src=\"\/wp-content\/themes\/watv\/images\/posts\/news_210605_06_pt.jpg\"\n    srcset=\"\/wp-content\/themes\/watv\/images\/posts\/news_210605_06_pt.jpg,\n            \/wp-content\/themes\/watv\/images\/posts\/news_210605_06_pt@2x.jpg 2x\">\n <\/picture>\n<\/figure>\n<p>Os membros e cidad\u00e3os doaram ou compartilharam um total de 2793 pe\u00e7as durante a campanha. O n\u00famero de uso de lavadoras e secadoras foi reduzido em 1637 vezes, reduzindo cerca de 6,9 toneladas de di\u00f3xido de carbono. Isto \u00e9 o mesmo efeito que plantar 10.448 \u00e1rvores.<\/p>\n<p>A irm\u00e3 Lee Yu-jin (da Universidade de Seojeong) disse: \u201cAntes eu comprava roupas pensando simplesmente: \u2018Algum dia irei us\u00e1-la\u2019, por\u00e9m depois de saber do problema da contamina\u00e7\u00e3o ambiental, deixei de fazer assim. Senti que os pequenos compromissos e a\u00e7\u00f5es podem ter um bom impacto e, gra\u00e7as \u00e0 campanha, cheguei a ter h\u00e1bitos de consumo corretos\u201d.<\/p>\n","protected":false},"excerpt":{"rendered":"O dia 5 de junho \u00e9 o Dia Mundial do Meio Ambiente. O ASEZ, o Voluntariado Universit\u00e1rio da Igreja de Deus, desenvolveu a campanha \u201cO Custo\u201d durante o m\u00eas de junho para comemorar o Dia Mundial do Meio Ambiente. Esta campanha tem como objetivo gerar consci\u00eancia sobre as graves consequ\u00eancias que a Terra e a&#8230;","protected":false},"author":21,"featured_media":39427,"comment_status":"closed","ping_status":"closed","sticky":false,"template":"","format":"standard","meta":{"footnotes":""},"categories":[348,347],"tags":[],"class_list":["post-87037","post","type-post","status-publish","format-standard","has-post-thumbnail","hentry","category-news","category-global-news"],"yoast_head":"<!-- This site is optimized with the Yoast SEO plugin v27.4 - https:\/\/yoast.com\/product\/yoast-seo-wordpress\/ -->\n<title>ASEZ, o Voluntariado Universit\u00e1rio, P\u00f4s em A\u00e7\u00e3o uma Campanha para o Dia Mundial do Meio Ambiente - Igreja de Deus Sociedade Mission\u00e1ria Mundial<\/title>\n<meta name=\"robots\" content=\"index, follow, max-snippet:-1, max-image-preview:large, max-video-preview:-1\" \/>\n<link rel=\"canonical\" href=\"https:\/\/watv.org\/pt\/environment-day-campaign\/\" \/>\n<meta property=\"og:locale\" content=\"pt_BR\" \/>\n<meta property=\"og:type\" content=\"article\" \/>\n<meta property=\"og:title\" content=\"ASEZ, o Voluntariado Universit\u00e1rio, P\u00f4s em A\u00e7\u00e3o uma Campanha para o Dia Mundial do Meio Ambiente - Igreja de Deus Sociedade Mission\u00e1ria Mundial\" \/>\n<meta property=\"og:description\" content=\"O dia 5 de junho \u00e9 o Dia Mundial do Meio Ambiente. O ASEZ, o Voluntariado Universit\u00e1rio da Igreja de Deus, desenvolveu a campanha \u201cO Custo\u201d durante o m\u00eas de junho para comemorar o Dia Mundial do Meio Ambiente. Esta campanha tem como objetivo gerar consci\u00eancia sobre as graves consequ\u00eancias que a Terra e a...\" \/>\n<meta property=\"og:url\" content=\"https:\/\/watv.org\/pt\/environment-day-campaign\/\" \/>\n<meta property=\"og:site_name\" content=\"Igreja de Deus Sociedade Mission\u00e1ria Mundial\" \/>\n<meta property=\"article:published_time\" content=\"2021-06-05T07:22:00+00:00\" \/>\n<meta property=\"article:modified_time\" content=\"2023-03-14T06:40:53+00:00\" \/>\n<meta property=\"og:image\" content=\"https:\/\/watv.org\/wp-content\/uploads\/2021\/08\/news_210605_01.jpg\" \/>\n\t<meta property=\"og:image:width\" content=\"1500\" \/>\n\t<meta property=\"og:image:height\" content=\"929\" \/>\n\t<meta property=\"og:image:type\" content=\"image\/jpeg\" \/>\n<meta name=\"author\" content=\"ss\" \/>\n<meta name=\"twitter:card\" content=\"summary_large_image\" \/>\n<script type=\"application\/ld+json\" class=\"yoast-schema-graph\">{\"@context\":\"https:\\\/\\\/schema.org\",\"@graph\":[{\"@type\":\"Article\",\"@id\":\"https:\\\/\\\/watv.org\\\/pt\\\/environment-day-campaign\\\/#article\",\"isPartOf\":{\"@id\":\"https:\\\/\\\/watv.org\\\/pt\\\/environment-day-campaign\\\/\"},\"author\":{\"name\":\"ss\",\"@id\":\"https:\\\/\\\/watv.org\\\/pt\\\/#\\\/schema\\\/person\\\/a58a271de4ef926ff9477cac3b74b5d5\"},\"headline\":\"ASEZ, o Voluntariado Universit\u00e1rio, P\u00f4s em A\u00e7\u00e3o uma Campanha para o Dia Mundial do Meio Ambiente\",\"datePublished\":\"2021-06-05T07:22:00+00:00\",\"dateModified\":\"2023-03-14T06:40:53+00:00\",\"mainEntityOfPage\":{\"@id\":\"https:\\\/\\\/watv.org\\\/pt\\\/environment-day-campaign\\\/\"},\"wordCount\":436,\"publisher\":{\"@id\":\"https:\\\/\\\/watv.org\\\/pt\\\/#organization\"},\"image\":{\"@id\":\"https:\\\/\\\/watv.org\\\/pt\\\/environment-day-campaign\\\/#primaryimage\"},\"thumbnailUrl\":\"https:\\\/\\\/watv.org\\\/wp-content\\\/uploads\\\/2021\\\/08\\\/news_210605_01.jpg\",\"articleSection\":[\"Sede Mundial\",\"Not\u00edcias Globais\"],\"inLanguage\":\"pt-BR\"},{\"@type\":\"WebPage\",\"@id\":\"https:\\\/\\\/watv.org\\\/pt\\\/environment-day-campaign\\\/\",\"url\":\"https:\\\/\\\/watv.org\\\/pt\\\/environment-day-campaign\\\/\",\"name\":\"ASEZ, o Voluntariado Universit\u00e1rio, P\u00f4s em A\u00e7\u00e3o uma Campanha para o Dia Mundial do Meio Ambiente - Igreja de Deus Sociedade Mission\u00e1ria Mundial\",\"isPartOf\":{\"@id\":\"https:\\\/\\\/watv.org\\\/pt\\\/#website\"},\"primaryImageOfPage\":{\"@id\":\"https:\\\/\\\/watv.org\\\/pt\\\/environment-day-campaign\\\/#primaryimage\"},\"image\":{\"@id\":\"https:\\\/\\\/watv.org\\\/pt\\\/environment-day-campaign\\\/#primaryimage\"},\"thumbnailUrl\":\"https:\\\/\\\/watv.org\\\/wp-content\\\/uploads\\\/2021\\\/08\\\/news_210605_01.jpg\",\"datePublished\":\"2021-06-05T07:22:00+00:00\",\"dateModified\":\"2023-03-14T06:40:53+00:00\",\"breadcrumb\":{\"@id\":\"https:\\\/\\\/watv.org\\\/pt\\\/environment-day-campaign\\\/#breadcrumb\"},\"inLanguage\":\"pt-BR\",\"potentialAction\":[{\"@type\":\"ReadAction\",\"target\":[\"https:\\\/\\\/watv.org\\\/pt\\\/environment-day-campaign\\\/\"]}]},{\"@type\":\"ImageObject\",\"inLanguage\":\"pt-BR\",\"@id\":\"https:\\\/\\\/watv.org\\\/pt\\\/environment-day-campaign\\\/#primaryimage\",\"url\":\"https:\\\/\\\/watv.org\\\/wp-content\\\/uploads\\\/2021\\\/08\\\/news_210605_01.jpg\",\"contentUrl\":\"https:\\\/\\\/watv.org\\\/wp-content\\\/uploads\\\/2021\\\/08\\\/news_210605_01.jpg\",\"width\":1500,\"height\":929},{\"@type\":\"BreadcrumbList\",\"@id\":\"https:\\\/\\\/watv.org\\\/pt\\\/environment-day-campaign\\\/#breadcrumb\",\"itemListElement\":[{\"@type\":\"ListItem\",\"position\":1,\"name\":\"Home\",\"item\":\"https:\\\/\\\/watv.org\\\/pt\\\/\"},{\"@type\":\"ListItem\",\"position\":2,\"name\":\"ASEZ, o Voluntariado Universit\u00e1rio, P\u00f4s em A\u00e7\u00e3o uma Campanha para o Dia Mundial do Meio Ambiente\"}]},{\"@type\":\"WebSite\",\"@id\":\"https:\\\/\\\/watv.org\\\/pt\\\/#website\",\"url\":\"https:\\\/\\\/watv.org\\\/pt\\\/\",\"name\":\"Igreja de Deus Sociedade Mission\u00e1ria Mundial\",\"description\":\"With Mother\u2019s heartwarming love, we deliver eternal happiness to seven billion people in the world.\",\"publisher\":{\"@id\":\"https:\\\/\\\/watv.org\\\/pt\\\/#organization\"},\"potentialAction\":[{\"@type\":\"SearchAction\",\"target\":{\"@type\":\"EntryPoint\",\"urlTemplate\":\"https:\\\/\\\/watv.org\\\/pt\\\/?s={search_term_string}\"},\"query-input\":{\"@type\":\"PropertyValueSpecification\",\"valueRequired\":true,\"valueName\":\"search_term_string\"}}],\"inLanguage\":\"pt-BR\"},{\"@type\":\"Organization\",\"@id\":\"https:\\\/\\\/watv.org\\\/pt\\\/#organization\",\"name\":\"World Mission Society Church of God - \ud558\ub098\ub2d8\uc758\uad50\ud68c \uc138\uacc4\ubcf5\uc74c\uc120\uad50\ud611\ud68c\",\"url\":\"https:\\\/\\\/watv.org\\\/pt\\\/\",\"logo\":{\"@type\":\"ImageObject\",\"inLanguage\":\"pt-BR\",\"@id\":\"https:\\\/\\\/watv.org\\\/pt\\\/#\\\/schema\\\/logo\\\/image\\\/\",\"url\":\"https:\\\/\\\/watv.org\\\/wp-content\\\/uploads\\\/2022\\\/06\\\/WorldMissionSociety_ChurchofGod_Symbol_Logo.png\",\"contentUrl\":\"https:\\\/\\\/watv.org\\\/wp-content\\\/uploads\\\/2022\\\/06\\\/WorldMissionSociety_ChurchofGod_Symbol_Logo.png\",\"width\":1001,\"height\":1331,\"caption\":\"World Mission Society Church of God - \ud558\ub098\ub2d8\uc758\uad50\ud68c \uc138\uacc4\ubcf5\uc74c\uc120\uad50\ud611\ud68c\"},\"image\":{\"@id\":\"https:\\\/\\\/watv.org\\\/pt\\\/#\\\/schema\\\/logo\\\/image\\\/\"},\"sameAs\":[\"https:\\\/\\\/www.youtube.com\\\/channel\\\/UCioiBk9rS5Dv5j66hUipsuQ\"]},{\"@type\":\"Person\",\"@id\":\"https:\\\/\\\/watv.org\\\/pt\\\/#\\\/schema\\\/person\\\/a58a271de4ef926ff9477cac3b74b5d5\",\"name\":\"ss\"}]}<\/script>\n<!-- \/ Yoast SEO plugin. -->","yoast_head_json":{"title":"ASEZ, o Voluntariado Universit\u00e1rio, P\u00f4s em A\u00e7\u00e3o uma Campanha para o Dia Mundial do Meio Ambiente - Igreja de Deus Sociedade Mission\u00e1ria Mundial","robots":{"index":"index","follow":"follow","max-snippet":"max-snippet:-1","max-image-preview":"max-image-preview:large","max-video-preview":"max-video-preview:-1"},"canonical":"https:\/\/watv.org\/pt\/environment-day-campaign\/","og_locale":"pt_BR","og_type":"article","og_title":"ASEZ, o Voluntariado Universit\u00e1rio, P\u00f4s em A\u00e7\u00e3o uma Campanha para o Dia Mundial do Meio Ambiente - Igreja de Deus Sociedade Mission\u00e1ria Mundial","og_description":"O dia 5 de junho \u00e9 o Dia Mundial do Meio Ambiente. O ASEZ, o Voluntariado Universit\u00e1rio da Igreja de Deus, desenvolveu a campanha \u201cO Custo\u201d durante o m\u00eas de junho para comemorar o Dia Mundial do Meio Ambiente. Esta campanha tem como objetivo gerar consci\u00eancia sobre as graves consequ\u00eancias que a Terra e a...","og_url":"https:\/\/watv.org\/pt\/environment-day-campaign\/","og_site_name":"Igreja de Deus Sociedade Mission\u00e1ria Mundial","article_published_time":"2021-06-05T07:22:00+00:00","article_modified_time":"2023-03-14T06:40:53+00:00","og_image":[{"width":1500,"height":929,"url":"https:\/\/watv.org\/wp-content\/uploads\/2021\/08\/news_210605_01.jpg","type":"image\/jpeg"}],"author":"ss","twitter_card":"summary_large_image","schema":{"@context":"https:\/\/schema.org","@graph":[{"@type":"Article","@id":"https:\/\/watv.org\/pt\/environment-day-campaign\/#article","isPartOf":{"@id":"https:\/\/watv.org\/pt\/environment-day-campaign\/"},"author":{"name":"ss","@id":"https:\/\/watv.org\/pt\/#\/schema\/person\/a58a271de4ef926ff9477cac3b74b5d5"},"headline":"ASEZ, o Voluntariado Universit\u00e1rio, P\u00f4s em A\u00e7\u00e3o uma Campanha para o Dia Mundial do Meio Ambiente","datePublished":"2021-06-05T07:22:00+00:00","dateModified":"2023-03-14T06:40:53+00:00","mainEntityOfPage":{"@id":"https:\/\/watv.org\/pt\/environment-day-campaign\/"},"wordCount":436,"publisher":{"@id":"https:\/\/watv.org\/pt\/#organization"},"image":{"@id":"https:\/\/watv.org\/pt\/environment-day-campaign\/#primaryimage"},"thumbnailUrl":"https:\/\/watv.org\/wp-content\/uploads\/2021\/08\/news_210605_01.jpg","articleSection":["Sede Mundial","Not\u00edcias Globais"],"inLanguage":"pt-BR"},{"@type":"WebPage","@id":"https:\/\/watv.org\/pt\/environment-day-campaign\/","url":"https:\/\/watv.org\/pt\/environment-day-campaign\/","name":"ASEZ, o Voluntariado Universit\u00e1rio, P\u00f4s em A\u00e7\u00e3o uma Campanha para o Dia Mundial do Meio Ambiente - Igreja de Deus Sociedade Mission\u00e1ria Mundial","isPartOf":{"@id":"https:\/\/watv.org\/pt\/#website"},"primaryImageOfPage":{"@id":"https:\/\/watv.org\/pt\/environment-day-campaign\/#primaryimage"},"image":{"@id":"https:\/\/watv.org\/pt\/environment-day-campaign\/#primaryimage"},"thumbnailUrl":"https:\/\/watv.org\/wp-content\/uploads\/2021\/08\/news_210605_01.jpg","datePublished":"2021-06-05T07:22:00+00:00","dateModified":"2023-03-14T06:40:53+00:00","breadcrumb":{"@id":"https:\/\/watv.org\/pt\/environment-day-campaign\/#breadcrumb"},"inLanguage":"pt-BR","potentialAction":[{"@type":"ReadAction","target":["https:\/\/watv.org\/pt\/environment-day-campaign\/"]}]},{"@type":"ImageObject","inLanguage":"pt-BR","@id":"https:\/\/watv.org\/pt\/environment-day-campaign\/#primaryimage","url":"https:\/\/watv.org\/wp-content\/uploads\/2021\/08\/news_210605_01.jpg","contentUrl":"https:\/\/watv.org\/wp-content\/uploads\/2021\/08\/news_210605_01.jpg","width":1500,"height":929},{"@type":"BreadcrumbList","@id":"https:\/\/watv.org\/pt\/environment-day-campaign\/#breadcrumb","itemListElement":[{"@type":"ListItem","position":1,"name":"Home","item":"https:\/\/watv.org\/pt\/"},{"@type":"ListItem","position":2,"name":"ASEZ, o Voluntariado Universit\u00e1rio, P\u00f4s em A\u00e7\u00e3o uma Campanha para o Dia Mundial do Meio Ambiente"}]},{"@type":"WebSite","@id":"https:\/\/watv.org\/pt\/#website","url":"https:\/\/watv.org\/pt\/","name":"Igreja de Deus Sociedade Mission\u00e1ria Mundial","description":"With Mother\u2019s heartwarming love, we deliver eternal happiness to seven billion people in the world.","publisher":{"@id":"https:\/\/watv.org\/pt\/#organization"},"potentialAction":[{"@type":"SearchAction","target":{"@type":"EntryPoint","urlTemplate":"https:\/\/watv.org\/pt\/?s={search_term_string}"},"query-input":{"@type":"PropertyValueSpecification","valueRequired":true,"valueName":"search_term_string"}}],"inLanguage":"pt-BR"},{"@type":"Organization","@id":"https:\/\/watv.org\/pt\/#organization","name":"World Mission Society Church of God - \ud558\ub098\ub2d8\uc758\uad50\ud68c \uc138\uacc4\ubcf5\uc74c\uc120\uad50\ud611\ud68c","url":"https:\/\/watv.org\/pt\/","logo":{"@type":"ImageObject","inLanguage":"pt-BR","@id":"https:\/\/watv.org\/pt\/#\/schema\/logo\/image\/","url":"https:\/\/watv.org\/wp-content\/uploads\/2022\/06\/WorldMissionSociety_ChurchofGod_Symbol_Logo.png","contentUrl":"https:\/\/watv.org\/wp-content\/uploads\/2022\/06\/WorldMissionSociety_ChurchofGod_Symbol_Logo.png","width":1001,"height":1331,"caption":"World Mission Society Church of God - \ud558\ub098\ub2d8\uc758\uad50\ud68c \uc138\uacc4\ubcf5\uc74c\uc120\uad50\ud611\ud68c"},"image":{"@id":"https:\/\/watv.org\/pt\/#\/schema\/logo\/image\/"},"sameAs":["https:\/\/www.youtube.com\/channel\/UCioiBk9rS5Dv5j66hUipsuQ"]},{"@type":"Person","@id":"https:\/\/watv.org\/pt\/#\/schema\/person\/a58a271de4ef926ff9477cac3b74b5d5","name":"ss"}]}},"_links":{"self":[{"href":"https:\/\/watv.org\/pt\/wp-json\/wp\/v2\/posts\/87037","targetHints":{"allow":["GET"]}}],"collection":[{"href":"https:\/\/watv.org\/pt\/wp-json\/wp\/v2\/posts"}],"about":[{"href":"https:\/\/watv.org\/pt\/wp-json\/wp\/v2\/types\/post"}],"author":[{"embeddable":true,"href":"https:\/\/watv.org\/pt\/wp-json\/wp\/v2\/users\/21"}],"replies":[{"embeddable":true,"href":"https:\/\/watv.org\/pt\/wp-json\/wp\/v2\/comments?post=87037"}],"version-history":[{"count":5,"href":"https:\/\/watv.org\/pt\/wp-json\/wp\/v2\/posts\/87037\/revisions"}],"predecessor-version":[{"id":87043,"href":"https:\/\/watv.org\/pt\/wp-json\/wp\/v2\/posts\/87037\/revisions\/87043"}],"wp:featuredmedia":[{"embeddable":true,"href":"https:\/\/watv.org\/pt\/wp-json\/wp\/v2\/media\/39427"}],"wp:attachment":[{"href":"https:\/\/watv.org\/pt\/wp-json\/wp\/v2\/media?parent=87037"}],"wp:term":[{"taxonomy":"category","embeddable":true,"href":"https:\/\/watv.org\/pt\/wp-json\/wp\/v2\/categories?post=87037"},{"taxonomy":"post_tag","embeddable":true,"href":"https:\/\/watv.org\/pt\/wp-json\/wp\/v2\/tags?post=87037"}],"curies":[{"name":"wp","href":"https:\/\/api.w.org\/{rel}","templated":true}]}}